{"id":21502,"date":"2020-09-02T12:39:35","date_gmt":"2020-09-02T10:39:35","guid":{"rendered":"https:\/\/klasmann-deilmann.com\/?p=21502"},"modified":"2024-09-27T12:14:01","modified_gmt":"2024-09-27T10:14:01","slug":"federal-minister-julia-kloeckner-invited","status":"publish","type":"post","link":"https:\/\/klasmann-deilmann.com\/en\/federal-minister-julia-kloeckner-invited\/","title":{"rendered":"Federal Minister Julia Kl\u00f6ckner invited"},"content":{"rendered":"<h2>Round table to be held at Klasmann-Deilmann<\/h2>\n<p><strong>Klasmann-Deilmann has invited Julia Kl\u00f6ckner, German Federal Minister of Food and Agriculture (BMEL), to our company headquarters in Gro\u00df Hesepe. The background is the current debate on reducing the amount of peat in growing media and potting soils. Managing Director Moritz B\u00f6cking commented on this in an interview.<\/strong><\/p>\n<p><img loading=\"lazy\" decoding=\"async\" width=\"2500\" height=\"1070\" class=\"alignright size-full wp-image-21484\" src=\"\/wp-content\/uploads\/2020-09-04-Julia-Kl\u00f6ckner-eingeladen-Foto-Herr-Boecking_quer.jpg\" alt=\"\" srcset=\"https:\/\/klasmann-deilmann.com\/wp-content\/uploads\/2020-09-04-Julia-Kl\u00f6ckner-eingeladen-Foto-Herr-Boecking_quer.jpg 2500w, https:\/\/klasmann-deilmann.com\/wp-content\/uploads\/2020-09-04-Julia-Kl\u00f6ckner-eingeladen-Foto-Herr-Boecking_quer-300x128.jpg 300w, https:\/\/klasmann-deilmann.com\/wp-content\/uploads\/2020-09-04-Julia-Kl\u00f6ckner-eingeladen-Foto-Herr-Boecking_quer-1024x438.jpg 1024w, https:\/\/klasmann-deilmann.com\/wp-content\/uploads\/2020-09-04-Julia-Kl\u00f6ckner-eingeladen-Foto-Herr-Boecking_quer-768x329.jpg 768w, https:\/\/klasmann-deilmann.com\/wp-content\/uploads\/2020-09-04-Julia-Kl\u00f6ckner-eingeladen-Foto-Herr-Boecking_quer-1536x657.jpg 1536w, https:\/\/klasmann-deilmann.com\/wp-content\/uploads\/2020-09-04-Julia-Kl\u00f6ckner-eingeladen-Foto-Herr-Boecking_quer-2048x877.jpg 2048w, https:\/\/klasmann-deilmann.com\/wp-content\/uploads\/2020-09-04-Julia-Kl\u00f6ckner-eingeladen-Foto-Herr-Boecking_quer-125x54.jpg 125w\" sizes=\"auto, (max-width: 2500px) 100vw, 2500px\" \/><\/p>\n<p><strong>Mr B\u00f6cking, let us once again describe the events chronologically. How did the invitation of the Federal Minister Julia Kl\u00f6ckner come about?<\/strong><\/p>\n<p><strong>Moritz B\u00f6cking:<\/strong> Europe wants to be climate-neutral by 2050. Against this background, the German government wants to significantly reduce emissions in Germany already by 2030. In this context, Federal Minister Julia Kl\u00f6ckner demands that less peat be used in growing media and potting soils. This is a concern that we support in principle, also because peat supplies in Germany will be exhausted in the foreseeable future.<\/p>\n<p>&nbsp;<\/p>\n<p><strong>For example through our 15 % target by 2020 and the 30 % target by 2025?<\/strong><\/p>\n<p><strong>Moritz B\u00f6cking:<\/strong> Yes, we are adding more and more alternative constituents to our growing media. This puts us on the absolute right track. Our competitors also know that this direction is irreversible. Last winter, the German substrate manufacturers met and agreed on a voluntary commitment. This was a big step for all involved and a far-reaching offer to politicians.<\/p>\n<p>&nbsp;<\/p>\n<p><strong>What is the voluntary commitment?<\/strong><\/p>\n<p><strong>Moritz B\u00f6cking:<\/strong> In potting soils for hobby gardeners, the share of peat is to be reduced by 50 % by 2025 and by 70 % by 2030. At the same time, we are reducing the peat content in growing media for commercial horticulture by 20% by 2025 and 30% by 2030.<\/p>\n<p>&nbsp;<\/p>\n<p><strong>From Klasmann-Deilmann&#8217;s perspective, this sounds feasible.<\/strong><\/p>\n<p><strong>Moritz B\u00f6cking:<\/strong> Yes, it is feasible. But it is a huge challenge for our company, because we will not accept any loss of quality for our customers and the necessary renewable raw materials will be difficult to obtain. Our scenarios with 15 % and 30 % refer to our own worldwide sales and are accordingly even more ambitious. The voluntary commitment of the German substrate manufacturers refers to Germany alone. It was necessary to formulate targets that are feasible for the entire industry &#8211; even if Klasmann-Deilmann is already a little further along in this country. We consider the voluntary commitment to be fair and realistic.<\/p>\n<p>&nbsp;<\/p>\n<p><strong>So far, the whole thing sounds like a desirable development.<\/strong><\/p>\n<p><strong>Moritz B\u00f6cking:<\/strong> Unfortunately, the Ministry immediately issued a statement that the goals of the German substrate industry are not ambitious enough. Julia Kl\u00f6ckner calls for further measures, i.e. even less peat in growing media and especially in potting soils. The main argument here is the erroneous assumption that peat causes 2% of German emissions. Shortly thereafter, she wrote to important trading partners in our industry asking them to support them in achieving their goals against us.<\/p>\n<p>&nbsp;<\/p>\n<p><strong>And then came the summer break.<\/strong><\/p>\n<p><strong>Moritz B\u00f6cking<\/strong>: Much has happened behind the scenes in the past weeks. However, the substrate manufacturers, who are organized in the German Horticultural Industry Association (Industrieverband Gartenbau, IVG), are still in the process of coordinating with other associations on how to proceed. That is why Klasmann-Deilmann has taken the initiative and invited Julia Kl\u00f6ckner personally to join us at the Innovation Center. Our approach is very much welcomed by the IVG.<\/p>\n<div id=\"attachment_21466\" style=\"width: 690px\" class=\"wp-caption aligncenter\"><img loading=\"lazy\" decoding=\"async\" aria-describedby=\"caption-attachment-21466\" class=\"wp-image-21466 size-large\" src=\"https:\/\/klasmann-deilmann.com\/wp-content\/uploads\/2020-09-04-Julia-Kl\u00f6ckner-eingeladen-Foto-Herr-Boecking-1024x681.jpg\" alt=\"\" width=\"680\" height=\"452\" srcset=\"https:\/\/klasmann-deilmann.com\/wp-content\/uploads\/2020-09-04-Julia-Kl\u00f6ckner-eingeladen-Foto-Herr-Boecking-1024x681.jpg 1024w, https:\/\/klasmann-deilmann.com\/wp-content\/uploads\/2020-09-04-Julia-Kl\u00f6ckner-eingeladen-Foto-Herr-Boecking-300x200.jpg 300w, https:\/\/klasmann-deilmann.com\/wp-content\/uploads\/2020-09-04-Julia-Kl\u00f6ckner-eingeladen-Foto-Herr-Boecking-768x511.jpg 768w, https:\/\/klasmann-deilmann.com\/wp-content\/uploads\/2020-09-04-Julia-Kl\u00f6ckner-eingeladen-Foto-Herr-Boecking-1536x1022.jpg 1536w, https:\/\/klasmann-deilmann.com\/wp-content\/uploads\/2020-09-04-Julia-Kl\u00f6ckner-eingeladen-Foto-Herr-Boecking-2048x1362.jpg 2048w, https:\/\/klasmann-deilmann.com\/wp-content\/uploads\/2020-09-04-Julia-Kl\u00f6ckner-eingeladen-Foto-Herr-Boecking-125x83.jpg 125w\" sizes=\"auto, (max-width: 680px) 100vw, 680px\" \/><\/p>\n<p id=\"caption-attachment-21466\" class=\"wp-caption-text\">Managing Director Moritz B\u00f6cking in an interview<\/p>\n<\/div>\n<p><strong>What exactly is the idea behind the invitation?<\/strong><\/p>\n<p><strong>Moritz B\u00f6cking:<\/strong> We would like to organize a &#8220;round table&#8221; where the debate on peat reduction strategy will be continued. We have informed representatives of state politics, including the Minister of Economics of Lower Saxony, Bernd Althusmann, as well as politicians from the region and at EU level. Invited are also the IVG, the Central Association for Horticulture in Germany (Zentralverband Gartenbau, ZVG) and the German Scientific Association for Moors and Peat (Deutsche Gesellschaft f\u00fcr Moor- und Torfkunde, DGMT) as well as of course representatives of the other substrate manufacturers. Ideally, we would have a very high-caliber discussion panel as our guests.<\/p>\n<p>&nbsp;<\/p>\n<p><strong>What arguments will Klasmann-Deilmann use?<\/strong><\/p>\n<p><strong>Moritz B\u00f6cking:<\/strong> We are currently developing a position paper on this topic. For this purpose, we have calculated the share of peat extraction and use in German emissions. A key basis was the climate report from Julia Kl\u00f6ckner&#8217;s ministry, the so-called &#8220;National Inventory Report 2020&#8221;. If you take its figures as a basis, peat is responsible for a maximum of 0.3% of German emissions &#8211; and not for 2%. Someone in the BMEL has made a huge miscalculation. Another argument is the fact that peat is still the best raw material for high-quality growing media. In addition, we fear increasing shortages of wood fibers, green compost, bark, etc., if too high a proportion is to be added to potting soils and growing media in too short a time. Especially during the Corona crisis, the horticultural industry has proven how robust it is and how important substrates are for a secure vegetable and ornamental plant supply in Europe. Peat is a local raw material that makes Europe independent, even if international transport routes are sometimes disrupted.<\/p>\n<p>&nbsp;<\/p>\n<p><strong>What demands would we make?<\/strong><\/p>\n<p><strong>Moritz B\u00f6cking:<\/strong> We support the German government&#8217;s climate protection policy. At the same time, we must ensure that the quality of our products is maintained. The voluntary commitment provides a realistic framework for both goals. We want to defend this framework. Our demands that go beyond this relate, among other things, to secure access to alternative raw materials, to promote research projects, to be very careful with peat substitutes in the food industry segment and in ornamental plant cultivation &#8211; and that the use of peat remains possible.<\/p>\n<p>&nbsp;<\/p>\n<p><strong>But isn&#8217;t peat utilization the critical point?<\/strong><\/p>\n<p><strong>Moritz B\u00f6cking:<\/strong> Klasmann-Deilmann supports the European Sustainability Initiative <a href=\"https:\/\/www.responsiblyproducedpeat.org\/\" target=\"_blank\" rel=\"noopener noreferrer\">&#8220;Responsibly Produced Peat&#8221; (RPP)<\/a>, whose aim is the responsible use of peat extraction areas and the protection of natural moors. To this end, RPP has established a certification scheme that demonstrably combines the selection, use and restoration of extraction areas with strict requirements. If all parties agree on RPP-certified peat, we use a raw material that fits into the sustainable development of our country, the substrate industry and our products.<\/p>\n<p>&nbsp;<\/p>\n<p><strong>Is there any feedback from Berlin yet?<\/strong><\/p>\n<p><strong>Moritz B\u00f6cking:<\/strong> The invitation has only been out for a few days. Now the matter must be thoroughly examined in Berlin and an opinion developed. We assume that it will take a little longer with the answer, we are curious!<\/p>\n<p>&nbsp;<\/p>\n<p><strong>Thanks a lot, Herr B\u00f6cking.<\/strong><\/p>\n<p><strong>Moritz B\u00f6cking:<\/strong> You\u2019re welcome. We keep you up to date.<\/p>\n<p>&nbsp;<\/p>\n","protected":false},"excerpt":{"rendered":"<p>Round table to be held at Klasmann-Deilmann Klasmann-Deilmann has invited Julia Kl\u00f6ckner, German Federal Minister of Food and Agriculture (BMEL), to our company headquarters in Gro\u00df Hesepe. The background is the current debate on reducing the amount of peat in growing media and potting soils. Managing Director Moritz B\u00f6cking commented on this in an interview. Mr B\u00f6cking, let us once again describe the events chronologically. How did the invitation of the Federal Minister Julia Kl\u00f6ckner come about? Moritz B\u00f6cking: Europe<\/p>\n","protected":false},"author":8,"featured_media":0,"comment_status":"open","ping_status":"closed","sticky":false,"template":"","format":"standard","meta":{"_acf_changed":false,"inline_featured_image":false,"footnotes":""},"categories":[757],"tags":[],"class_list":["post-21502","post","type-post","status-publish","format-standard","hentry","category-unternehmen-2-2"],"acf":[],"yoast_head":"<!-- This site is optimized with the Yoast SEO plugin v27.5 - https:\/\/yoast.com\/product\/yoast-seo-wordpress\/ -->\n<title>Federal Minister Julia Kl\u00f6ckner invited - Klasmann-Deilmann<\/title>\n<meta name=\"robots\" content=\"index, follow, max-snippet:-1, max-image-preview:large, max-video-preview:-1\" \/>\n<link rel=\"canonical\" href=\"https:\/\/klasmann-deilmann.com\/en\/federal-minister-julia-kloeckner-invited\/\" \/>\n<meta property=\"og:locale\" content=\"en_GB\" \/>\n<meta property=\"og:type\" content=\"article\" \/>\n<meta property=\"og:title\" content=\"Federal Minister Julia Kl\u00f6ckner invited - Klasmann-Deilmann\" \/>\n<meta property=\"og:description\" content=\"Round table to be held at Klasmann-Deilmann Klasmann-Deilmann has invited Julia Kl\u00f6ckner, German Federal Minister of Food and Agriculture (BMEL), to our company headquarters in Gro\u00df Hesepe. The background is the current debate on reducing the amount of peat in growing media and potting soils. Managing Director Moritz B\u00f6cking commented on this in an interview. Mr B\u00f6cking, let us once again describe the events chronologically. How did the invitation of the Federal Minister Julia Kl\u00f6ckner come about? Moritz B\u00f6cking: Europe\" \/>\n<meta property=\"og:url\" content=\"https:\/\/klasmann-deilmann.com\/en\/federal-minister-julia-kloeckner-invited\/\" \/>\n<meta property=\"og:site_name\" content=\"Klasmann-Deilmann\" \/>\n<meta property=\"article:published_time\" content=\"2020-09-02T10:39:35+00:00\" \/>\n<meta property=\"article:modified_time\" content=\"2024-09-27T10:14:01+00:00\" \/>\n<meta name=\"author\" content=\"Dirk R\u00f6se\" \/>\n<meta name=\"twitter:card\" content=\"summary_large_image\" \/>\n<meta name=\"twitter:label1\" content=\"Written by\" \/>\n\t<meta name=\"twitter:data1\" content=\"Dirk R\u00f6se\" \/>\n\t<meta name=\"twitter:label2\" content=\"Estimated reading time\" \/>\n\t<meta name=\"twitter:data2\" content=\"6 minutes\" \/>\n<script type=\"application\/ld+json\" class=\"yoast-schema-graph\">{\"@context\":\"https:\\\/\\\/schema.org\",\"@graph\":[{\"@type\":\"Article\",\"@id\":\"https:\\\/\\\/klasmann-deilmann.com\\\/en\\\/federal-minister-julia-kloeckner-invited\\\/#article\",\"isPartOf\":{\"@id\":\"https:\\\/\\\/klasmann-deilmann.com\\\/en\\\/federal-minister-julia-kloeckner-invited\\\/\"},\"author\":{\"name\":\"Dirk R\u00f6se\",\"@id\":\"https:\\\/\\\/klasmann-deilmann.com\\\/en\\\/#\\\/schema\\\/person\\\/2502425feab4548f9995e2f1fa23fb3d\"},\"headline\":\"Federal Minister Julia Kl\u00f6ckner invited\",\"datePublished\":\"2020-09-02T10:39:35+00:00\",\"dateModified\":\"2024-09-27T10:14:01+00:00\",\"mainEntityOfPage\":{\"@id\":\"https:\\\/\\\/klasmann-deilmann.com\\\/en\\\/federal-minister-julia-kloeckner-invited\\\/\"},\"wordCount\":1113,\"commentCount\":0,\"articleSection\":[\"Unternehmen\"],\"inLanguage\":\"en-GB\",\"potentialAction\":[{\"@type\":\"CommentAction\",\"name\":\"Comment\",\"target\":[\"https:\\\/\\\/klasmann-deilmann.com\\\/en\\\/federal-minister-julia-kloeckner-invited\\\/#respond\"]}]},{\"@type\":\"WebPage\",\"@id\":\"https:\\\/\\\/klasmann-deilmann.com\\\/en\\\/federal-minister-julia-kloeckner-invited\\\/\",\"url\":\"https:\\\/\\\/klasmann-deilmann.com\\\/en\\\/federal-minister-julia-kloeckner-invited\\\/\",\"name\":\"Federal Minister Julia Kl\u00f6ckner invited - Klasmann-Deilmann\",\"isPartOf\":{\"@id\":\"https:\\\/\\\/klasmann-deilmann.com\\\/en\\\/#website\"},\"datePublished\":\"2020-09-02T10:39:35+00:00\",\"dateModified\":\"2024-09-27T10:14:01+00:00\",\"author\":{\"@id\":\"https:\\\/\\\/klasmann-deilmann.com\\\/en\\\/#\\\/schema\\\/person\\\/2502425feab4548f9995e2f1fa23fb3d\"},\"breadcrumb\":{\"@id\":\"https:\\\/\\\/klasmann-deilmann.com\\\/en\\\/federal-minister-julia-kloeckner-invited\\\/#breadcrumb\"},\"inLanguage\":\"en-GB\",\"potentialAction\":[{\"@type\":\"ReadAction\",\"target\":[\"https:\\\/\\\/klasmann-deilmann.com\\\/en\\\/federal-minister-julia-kloeckner-invited\\\/\"]}]},{\"@type\":\"BreadcrumbList\",\"@id\":\"https:\\\/\\\/klasmann-deilmann.com\\\/en\\\/federal-minister-julia-kloeckner-invited\\\/#breadcrumb\",\"itemListElement\":[{\"@type\":\"ListItem\",\"position\":1,\"name\":\"Home\",\"item\":\"https:\\\/\\\/klasmann-deilmann.com\\\/en\\\/\"},{\"@type\":\"ListItem\",\"position\":2,\"name\":\"Federal Minister Julia Kl\u00f6ckner invited\"}]},{\"@type\":\"WebSite\",\"@id\":\"https:\\\/\\\/klasmann-deilmann.com\\\/en\\\/#website\",\"url\":\"https:\\\/\\\/klasmann-deilmann.com\\\/en\\\/\",\"name\":\"Klasmann-Deilmann\",\"description\":\"\",\"potentialAction\":[{\"@type\":\"SearchAction\",\"target\":{\"@type\":\"EntryPoint\",\"urlTemplate\":\"https:\\\/\\\/klasmann-deilmann.com\\\/en\\\/?s={search_term_string}\"},\"query-input\":{\"@type\":\"PropertyValueSpecification\",\"valueRequired\":true,\"valueName\":\"search_term_string\"}}],\"inLanguage\":\"en-GB\"},{\"@type\":\"Person\",\"@id\":\"https:\\\/\\\/klasmann-deilmann.com\\\/en\\\/#\\\/schema\\\/person\\\/2502425feab4548f9995e2f1fa23fb3d\",\"name\":\"Dirk R\u00f6se\",\"image\":{\"@type\":\"ImageObject\",\"inLanguage\":\"en-GB\",\"@id\":\"https:\\\/\\\/secure.gravatar.com\\\/avatar\\\/850ab4c80e0a5eca25933f2ee062a09ec1d50f1fa10d0057f65f04b9827f102f?s=96&d=mm&r=g\",\"url\":\"https:\\\/\\\/secure.gravatar.com\\\/avatar\\\/850ab4c80e0a5eca25933f2ee062a09ec1d50f1fa10d0057f65f04b9827f102f?s=96&d=mm&r=g\",\"contentUrl\":\"https:\\\/\\\/secure.gravatar.com\\\/avatar\\\/850ab4c80e0a5eca25933f2ee062a09ec1d50f1fa10d0057f65f04b9827f102f?s=96&d=mm&r=g\",\"caption\":\"Dirk R\u00f6se\"},\"sameAs\":[\"http:\\\/\\\/klasmann-deilmann.com\"],\"url\":\"https:\\\/\\\/klasmann-deilmann.com\\\/en\\\/author\\\/dirk-roese\\\/\"}]}<\/script>\n<!-- \/ Yoast SEO plugin. -->","yoast_head_json":{"title":"Federal Minister Julia Kl\u00f6ckner invited - Klasmann-Deilmann","robots":{"index":"index","follow":"follow","max-snippet":"max-snippet:-1","max-image-preview":"max-image-preview:large","max-video-preview":"max-video-preview:-1"},"canonical":"https:\/\/klasmann-deilmann.com\/en\/federal-minister-julia-kloeckner-invited\/","og_locale":"en_GB","og_type":"article","og_title":"Federal Minister Julia Kl\u00f6ckner invited - Klasmann-Deilmann","og_description":"Round table to be held at Klasmann-Deilmann Klasmann-Deilmann has invited Julia Kl\u00f6ckner, German Federal Minister of Food and Agriculture (BMEL), to our company headquarters in Gro\u00df Hesepe. The background is the current debate on reducing the amount of peat in growing media and potting soils. Managing Director Moritz B\u00f6cking commented on this in an interview. Mr B\u00f6cking, let us once again describe the events chronologically. How did the invitation of the Federal Minister Julia Kl\u00f6ckner come about? Moritz B\u00f6cking: Europe","og_url":"https:\/\/klasmann-deilmann.com\/en\/federal-minister-julia-kloeckner-invited\/","og_site_name":"Klasmann-Deilmann","article_published_time":"2020-09-02T10:39:35+00:00","article_modified_time":"2024-09-27T10:14:01+00:00","author":"Dirk R\u00f6se","twitter_card":"summary_large_image","twitter_misc":{"Written by":"Dirk R\u00f6se","Estimated reading time":"6 minutes"},"schema":{"@context":"https:\/\/schema.org","@graph":[{"@type":"Article","@id":"https:\/\/klasmann-deilmann.com\/en\/federal-minister-julia-kloeckner-invited\/#article","isPartOf":{"@id":"https:\/\/klasmann-deilmann.com\/en\/federal-minister-julia-kloeckner-invited\/"},"author":{"name":"Dirk R\u00f6se","@id":"https:\/\/klasmann-deilmann.com\/en\/#\/schema\/person\/2502425feab4548f9995e2f1fa23fb3d"},"headline":"Federal Minister Julia Kl\u00f6ckner invited","datePublished":"2020-09-02T10:39:35+00:00","dateModified":"2024-09-27T10:14:01+00:00","mainEntityOfPage":{"@id":"https:\/\/klasmann-deilmann.com\/en\/federal-minister-julia-kloeckner-invited\/"},"wordCount":1113,"commentCount":0,"articleSection":["Unternehmen"],"inLanguage":"en-GB","potentialAction":[{"@type":"CommentAction","name":"Comment","target":["https:\/\/klasmann-deilmann.com\/en\/federal-minister-julia-kloeckner-invited\/#respond"]}]},{"@type":"WebPage","@id":"https:\/\/klasmann-deilmann.com\/en\/federal-minister-julia-kloeckner-invited\/","url":"https:\/\/klasmann-deilmann.com\/en\/federal-minister-julia-kloeckner-invited\/","name":"Federal Minister Julia Kl\u00f6ckner invited - Klasmann-Deilmann","isPartOf":{"@id":"https:\/\/klasmann-deilmann.com\/en\/#website"},"datePublished":"2020-09-02T10:39:35+00:00","dateModified":"2024-09-27T10:14:01+00:00","author":{"@id":"https:\/\/klasmann-deilmann.com\/en\/#\/schema\/person\/2502425feab4548f9995e2f1fa23fb3d"},"breadcrumb":{"@id":"https:\/\/klasmann-deilmann.com\/en\/federal-minister-julia-kloeckner-invited\/#breadcrumb"},"inLanguage":"en-GB","potentialAction":[{"@type":"ReadAction","target":["https:\/\/klasmann-deilmann.com\/en\/federal-minister-julia-kloeckner-invited\/"]}]},{"@type":"BreadcrumbList","@id":"https:\/\/klasmann-deilmann.com\/en\/federal-minister-julia-kloeckner-invited\/#breadcrumb","itemListElement":[{"@type":"ListItem","position":1,"name":"Home","item":"https:\/\/klasmann-deilmann.com\/en\/"},{"@type":"ListItem","position":2,"name":"Federal Minister Julia Kl\u00f6ckner invited"}]},{"@type":"WebSite","@id":"https:\/\/klasmann-deilmann.com\/en\/#website","url":"https:\/\/klasmann-deilmann.com\/en\/","name":"Klasmann-Deilmann","description":"","potentialAction":[{"@type":"SearchAction","target":{"@type":"EntryPoint","urlTemplate":"https:\/\/klasmann-deilmann.com\/en\/?s={search_term_string}"},"query-input":{"@type":"PropertyValueSpecification","valueRequired":true,"valueName":"search_term_string"}}],"inLanguage":"en-GB"},{"@type":"Person","@id":"https:\/\/klasmann-deilmann.com\/en\/#\/schema\/person\/2502425feab4548f9995e2f1fa23fb3d","name":"Dirk R\u00f6se","image":{"@type":"ImageObject","inLanguage":"en-GB","@id":"https:\/\/secure.gravatar.com\/avatar\/850ab4c80e0a5eca25933f2ee062a09ec1d50f1fa10d0057f65f04b9827f102f?s=96&d=mm&r=g","url":"https:\/\/secure.gravatar.com\/avatar\/850ab4c80e0a5eca25933f2ee062a09ec1d50f1fa10d0057f65f04b9827f102f?s=96&d=mm&r=g","contentUrl":"https:\/\/secure.gravatar.com\/avatar\/850ab4c80e0a5eca25933f2ee062a09ec1d50f1fa10d0057f65f04b9827f102f?s=96&d=mm&r=g","caption":"Dirk R\u00f6se"},"sameAs":["http:\/\/klasmann-deilmann.com"],"url":"https:\/\/klasmann-deilmann.com\/en\/author\/dirk-roese\/"}]}},"_links":{"self":[{"href":"https:\/\/klasmann-deilmann.com\/en\/wp-json\/wp\/v2\/posts\/21502","targetHints":{"allow":["GET"]}}],"collection":[{"href":"https:\/\/klasmann-deilmann.com\/en\/wp-json\/wp\/v2\/posts"}],"about":[{"href":"https:\/\/klasmann-deilmann.com\/en\/wp-json\/wp\/v2\/types\/post"}],"author":[{"embeddable":true,"href":"https:\/\/klasmann-deilmann.com\/en\/wp-json\/wp\/v2\/users\/8"}],"replies":[{"embeddable":true,"href":"https:\/\/klasmann-deilmann.com\/en\/wp-json\/wp\/v2\/comments?post=21502"}],"version-history":[{"count":2,"href":"https:\/\/klasmann-deilmann.com\/en\/wp-json\/wp\/v2\/posts\/21502\/revisions"}],"predecessor-version":[{"id":21504,"href":"https:\/\/klasmann-deilmann.com\/en\/wp-json\/wp\/v2\/posts\/21502\/revisions\/21504"}],"wp:attachment":[{"href":"https:\/\/klasmann-deilmann.com\/en\/wp-json\/wp\/v2\/media?parent=21502"}],"wp:term":[{"taxonomy":"category","embeddable":true,"href":"https:\/\/klasmann-deilmann.com\/en\/wp-json\/wp\/v2\/categories?post=21502"},{"taxonomy":"post_tag","embeddable":true,"href":"https:\/\/klasmann-deilmann.com\/en\/wp-json\/wp\/v2\/tags?post=21502"}],"curies":[{"name":"wp","href":"https:\/\/api.w.org\/{rel}","templated":true}]}}