{"id":15519,"date":"2019-08-27T07:32:51","date_gmt":"2019-08-27T05:32:51","guid":{"rendered":"https:\/\/klasmann-deilmann.com\/?p=15519"},"modified":"2019-08-27T07:32:51","modified_gmt":"2019-08-27T05:32:51","slug":"the-positive-route-to-more-sustainability","status":"publish","type":"post","link":"https:\/\/klasmann-deilmann.com\/en\/the-positive-route-to-more-sustainability\/","title":{"rendered":"The positive route to more sustainability"},"content":{"rendered":"<h2>Klasmann-Deilmann hosts Industry Dialogue with IAV and IHK<\/h2>\n<p><strong>No consensus could be achieved on the issue who is responsible for sustainability. One appeal was to make sustainability the responsibility of the government, another believed it was the duty of each and every citizen, and yet another put the industry in the front line. One of the outcomes of the recent \u201cIndustry Dialogue\u201d hosted by the Industry Employers\u2019 Association (IAV) and the Chamber of Industry and Commerce (IHK) of Osnabr\u00fcck-Emsland-Grafschaft Bentheim Region concluded that ideally, all these parties should recognise their own responsibility and act accordingly.<\/strong><\/p>\n<p>The IAV and IHK of Osnabr\u00fcck-Emsland-Grafschaft Bentheim Region had invited people to their annual joint \u201cIndustry Dialogue\u201d. Last year\u2019s keynote topic, \u201cDigitisation\u201d, was now followed by \u201cSustainability\u201d. In view of the second extremely dry summer in succession, the \u201cFridays for Future\u201d movement and the increasing popularity of \u201cgreen\u201d issues with public and politicians alike, the event made its own contribution to this highly topical debate.<\/p>\n<p>This year\u2019s Industry Dialogue was hosted by Klasmann-Deilmann GmbH, which is greatly concerned with the idea of sustainable development, an attitude which has earned the company its leading position in the international growing media industry. Managing Director Moritz B\u00f6cking reminded the attendees that \u201cjust ten years ago, it would have been unthinkable to discuss matters of nature and climate protection with a company that produces and uses peat.\u201d He was therefore all the more pleased to have the opportunity to examine this essentially important topic with the IAV and IHK representatives.<\/p>\n<p>Matthias Hopster, Vice-President of the regional Chamber of Industry and Commerce welcomed the roughly sixty guests, and Dr Tobias Romberg, journalist and teacher, chaired the event. Members of the audience included Reinhard Winter, the Emsland District\u2019s Chief Executive Officer, Sabine St\u00f6hr, Managing Director of the IAV, and Albert Stegemann, Member of the German Federal Parliament for the CDU party.<\/p>\n<p>Dr Jan K\u00f6bbing, Sustainability Manager at Klasmann-Deilmann, introduced the subject and informed the audience about the issues that Klasmann-Deilmann had to resolve in order to promote sustainable development at the company. He explained that the three pillars \u2013 ecology, economy and corporate social responsibility \u2013 all had to be combined in order to achieve sustainable development. He added that it was also important to foster the dialogue with political and business stakeholder groups, the company\u2019s own staff and shareholders and, in the special case of Klasmann-Deilmann, environmental and climate protection organisations, as that was the only way that the company could acquire specific information about these players\u2019 expectations and the only way that Klasmann-Deilmann could identify and address the key issues facing the company.<\/p>\n<p>Theresa Eyerund from the German Economic Institute in Cologne provided in-depth information about the subject, inclusive of statistical findings. She told the audience that environmental and climate protection currently enjoys high priority because of the immense popularity of the \u201cFridays for Future\u201d movement. Green issues had not been played such an important role since the Fukushima disaster. However, she also pointed out that economic issues, for example, are rated more important at times of economic crisis, while questions of internal security appear particularly urgent following acts of terrorism. People\u2019s perception of a major crisis therefore always depends on current events. Nevertheless, she said, these modifying factors did not mean that sustainability should be relegated to the category of a mere passing issue which happened to be \u2018fashionable\u2019. She believed that sustainability would probably become permanently established as a major issue because more and more people were permanently taking it seriously and that as soon as the \u201ccritical mass\u201d of seriously interested people had been reached, the rest of the population would simply follow suit.<\/p>\n<p>A lively debate then ensued on the basis of these remarks during the subsequent panel discussion. The participants considered the extent to which sustainability would remain a serious and permanent issue and who should assume responsibility for ensuring sustainable development on as wide a basis as possible. In that connection, Moritz B\u00f6cking pointed out that it was industry which had put in the preliminary spadework and presented numerous ideas for protecting the environment and the climate. In the case of Klasmann-Deilmann, for instance, this included an innovative procedure for the restoration of former peat extraction sites. It was now up to the government to give such projects a chance and actively support them. He believed that providing incentives was definitely a \u201cmore positive route\u201d towards achieving nature and climate protection than instruments such as a carbon tax.<\/p>\n<p>The event closed with the official presentation of the prizes for a photography competition. Olaf Piepenbrock, President of the IAV, and Matthias Hopster awarded prizes to several young people for their outstanding entries. The closing remarks were made by Olaf Piepenbrock, who stressed once again that it was industry that generated innovations \u2026<\/p>\n<style type=\"text\/css\">\n\t\t\t#gallery-1 {\n\t\t\t\tmargin: auto;\n\t\t\t}\n\t\t\t#gallery-1 .gallery-item {\n\t\t\t\tfloat: left;\n\t\t\t\tmargin-top: 10px;\n\t\t\t\ttext-align: center;\n\t\t\t\twidth: 33%;\n\t\t\t}\n\t\t\t#gallery-1 img {\n\t\t\t\tborder: 2px solid #cfcfcf;\n\t\t\t}\n\t\t\t#gallery-1 .gallery-caption {\n\t\t\t\tmargin-left: 0;\n\t\t\t}\n\t\t\t\/* see gallery_shortcode() in wp-includes\/media.php *\/\n\t\t<\/style>\n<div id='gallery-1' class='gallery galleryid-15519 gallery-columns-3 gallery-size-thumbnail'>\n<dl class='gallery-item'>\n<dt class='gallery-icon landscape'>\n\t\t\t\t<a href='https:\/\/klasmann-deilmann.com\/en\/the-positive-route-to-more-sustainability\/2019-08-27-industriedialog-iav-ihk-gruppenbild-2\/'><img loading=\"lazy\" decoding=\"async\" width=\"150\" height=\"150\" src=\"https:\/\/klasmann-deilmann.com\/wp-content\/uploads\/2019-08-27-Industriedialog-IAV-IHK-Gruppenbild-150x150.jpg\" class=\"attachment-thumbnail size-thumbnail\" alt=\"\" aria-describedby=\"gallery-1-15461\" \/><\/a>\n\t\t\t<\/dt>\n<dd class='wp-caption-text gallery-caption' id='gallery-1-15461'>\n\t\t\t\tGemeinsames Gruppenbild\n\t\t\t\t<\/dd>\n<\/dl>\n<dl class='gallery-item'>\n<dt class='gallery-icon landscape'>\n\t\t\t\t<a href='https:\/\/klasmann-deilmann.com\/en\/the-positive-route-to-more-sustainability\/2019-08-27-industriedialog-iav-ihk-olaf-piepenbrock-moritz-boecking-ruediger-koehler-2\/'><img loading=\"lazy\" decoding=\"async\" width=\"150\" height=\"150\" src=\"https:\/\/klasmann-deilmann.com\/wp-content\/uploads\/2019-08-27-Industriedialog-IAV-IHK-Olaf-Piepenbrock-Moritz-B\u00f6cking-R\u00fcdiger-K\u00f6hler-150x150.jpg\" class=\"attachment-thumbnail size-thumbnail\" alt=\"\" aria-describedby=\"gallery-1-15477\" \/><\/a>\n\t\t\t<\/dt>\n<dd class='wp-caption-text gallery-caption' id='gallery-1-15477'>\n\t\t\t\tOlaf Piepenbrock, Moritz B\u00f6cking und R\u00fcdiger K\u00f6hler\n\t\t\t\t<\/dd>\n<\/dl>\n<dl class='gallery-item'>\n<dt class='gallery-icon landscape'>\n\t\t\t\t<a href='https:\/\/klasmann-deilmann.com\/en\/the-positive-route-to-more-sustainability\/2019-08-27-industriedialog-iav-ihk-veranstalter-und-gastgeber-2\/'><img loading=\"lazy\" decoding=\"async\" width=\"150\" height=\"150\" src=\"https:\/\/klasmann-deilmann.com\/wp-content\/uploads\/2019-08-27-Industriedialog-IAV-IHK-Veranstalter-und-Gastgeber-150x150.jpg\" class=\"attachment-thumbnail size-thumbnail\" alt=\"\" \/><\/a>\n\t\t\t<\/dt>\n<\/dl>\n<p><br style=\"clear: both\" \/><\/p>\n<dl class='gallery-item'>\n<dt class='gallery-icon landscape'>\n\t\t\t\t<a href='https:\/\/klasmann-deilmann.com\/en\/the-positive-route-to-more-sustainability\/2019-08-27-industriedialog-iav-ihk-preisverleihung-foto-wettbewerb-2\/'><img loading=\"lazy\" decoding=\"async\" width=\"150\" height=\"150\" src=\"https:\/\/klasmann-deilmann.com\/wp-content\/uploads\/2019-08-27-Industriedialog-IAV-IHK-Preisverleihung-Foto-Wettbewerb-150x150.jpg\" class=\"attachment-thumbnail size-thumbnail\" alt=\"\" aria-describedby=\"gallery-1-15485\" \/><\/a>\n\t\t\t<\/dt>\n<dd class='wp-caption-text gallery-caption' id='gallery-1-15485'>\n\t\t\t\tPreisverleihung Foto-Wettbewerb\n\t\t\t\t<\/dd>\n<\/dl>\n<dl class='gallery-item'>\n<dt class='gallery-icon landscape'>\n\t\t\t\t<a href='https:\/\/klasmann-deilmann.com\/en\/the-positive-route-to-more-sustainability\/2019-08-27-industriedialog-iav-ihk-jan-koebbing-2\/'><img loading=\"lazy\" decoding=\"async\" width=\"150\" height=\"150\" src=\"https:\/\/klasmann-deilmann.com\/wp-content\/uploads\/2019-08-27-Industriedialog-IAV-IHK-Jan-K\u00f6bbing-150x150.jpg\" class=\"attachment-thumbnail size-thumbnail\" alt=\"\" aria-describedby=\"gallery-1-15469\" \/><\/a>\n\t\t\t<\/dt>\n<dd class='wp-caption-text gallery-caption' id='gallery-1-15469'>\n\t\t\t\tJan K\u00f6bbing (Nachhaltigkeitsmanager bei Klasmann-Deilmann)\n\t\t\t\t<\/dd>\n<\/dl>\n<dl class='gallery-item'>\n<dt class='gallery-icon landscape'>\n\t\t\t\t<a href='https:\/\/klasmann-deilmann.com\/en\/the-positive-route-to-more-sustainability\/2019-08-27-industriedialog-iav-ihk-theresa-eyerund-ruediger-koehler-tobias-romberg-moritz-boecking-jan-koebbing-02-2\/'><img loading=\"lazy\" decoding=\"async\" width=\"150\" height=\"150\" src=\"https:\/\/klasmann-deilmann.com\/wp-content\/uploads\/2019-08-27-Industriedialog-IAV-IHK-Theresa-Eyerund-R\u00fcdiger-K\u00f6hler-Tobias-Romberg-Moritz-B\u00f6cking-Jan-K\u00f6bbing-02-150x150.jpg\" class=\"attachment-thumbnail size-thumbnail\" alt=\"\" \/><\/a>\n\t\t\t<\/dt>\n<\/dl>\n<p><br style=\"clear: both\" \/>\n\t\t<\/div>\n<p>&nbsp;<\/p>\n","protected":false},"excerpt":{"rendered":"<p>Klasmann-Deilmann hosts Industry Dialogue with IAV and IHK No consensus could be achieved on the issue who is responsible for sustainability. One appeal was to make sustainability the responsibility of the government, another believed it was the duty of each and every citizen, and yet another put the industry in the front line. One of the outcomes of the recent \u201cIndustry Dialogue\u201d hosted by the Industry Employers\u2019 Association (IAV) and the Chamber of Industry and Commerce (IHK) of Osnabr\u00fcck-Emsland-Grafschaft Bentheim<\/p>\n","protected":false},"author":20,"featured_media":0,"comment_status":"open","ping_status":"closed","sticky":false,"template":"","format":"standard","meta":{"_acf_changed":false,"inline_featured_image":false,"footnotes":""},"categories":[290],"tags":[],"class_list":["post-15519","post","type-post","status-publish","format-standard","hentry","category-company"],"acf":[],"yoast_head":"<!-- This site is optimized with the Yoast SEO plugin v27.5 - https:\/\/yoast.com\/product\/yoast-seo-wordpress\/ -->\n<title>The positive route to more sustainability - Klasmann-Deilmann<\/title>\n<meta name=\"robots\" content=\"index, follow, max-snippet:-1, max-image-preview:large, max-video-preview:-1\" \/>\n<link rel=\"canonical\" href=\"https:\/\/klasmann-deilmann.com\/en\/the-positive-route-to-more-sustainability\/\" \/>\n<meta property=\"og:locale\" content=\"en_GB\" \/>\n<meta property=\"og:type\" content=\"article\" \/>\n<meta property=\"og:title\" content=\"The positive route to more sustainability - Klasmann-Deilmann\" \/>\n<meta property=\"og:description\" content=\"Klasmann-Deilmann hosts Industry Dialogue with IAV and IHK No consensus could be achieved on the issue who is responsible for sustainability. One appeal was to make sustainability the responsibility of the government, another believed it was the duty of each and every citizen, and yet another put the industry in the front line. One of the outcomes of the recent \u201cIndustry Dialogue\u201d hosted by the Industry Employers\u2019 Association (IAV) and the Chamber of Industry and Commerce (IHK) of Osnabr\u00fcck-Emsland-Grafschaft Bentheim\" \/>\n<meta property=\"og:url\" content=\"https:\/\/klasmann-deilmann.com\/en\/the-positive-route-to-more-sustainability\/\" \/>\n<meta property=\"og:site_name\" content=\"Klasmann-Deilmann\" \/>\n<meta property=\"article:published_time\" content=\"2019-08-27T05:32:51+00:00\" \/>\n<meta property=\"og:image\" content=\"https:\/\/klasmann-deilmann.com\/wp-content\/uploads\/2019-08-27-Industriedialog-IAV-IHK-Gruppenbild-150x150.jpg\" \/>\n<meta name=\"twitter:card\" content=\"summary_large_image\" \/>\n<meta name=\"twitter:label1\" content=\"Written by\" \/>\n\t<meta name=\"twitter:data1\" content=\"\" \/>\n\t<meta name=\"twitter:label2\" content=\"Estimated reading time\" \/>\n\t<meta name=\"twitter:data2\" content=\"4 minutes\" \/>\n<script type=\"application\/ld+json\" class=\"yoast-schema-graph\">{\"@context\":\"https:\\\/\\\/schema.org\",\"@graph\":[{\"@type\":\"Article\",\"@id\":\"https:\\\/\\\/klasmann-deilmann.com\\\/en\\\/the-positive-route-to-more-sustainability\\\/#article\",\"isPartOf\":{\"@id\":\"https:\\\/\\\/klasmann-deilmann.com\\\/en\\\/the-positive-route-to-more-sustainability\\\/\"},\"author\":{\"name\":\"\",\"@id\":\"\"},\"headline\":\"The positive route to more sustainability\",\"datePublished\":\"2019-08-27T05:32:51+00:00\",\"mainEntityOfPage\":{\"@id\":\"https:\\\/\\\/klasmann-deilmann.com\\\/en\\\/the-positive-route-to-more-sustainability\\\/\"},\"wordCount\":815,\"commentCount\":0,\"articleSection\":[\"Company\"],\"inLanguage\":\"en-GB\",\"potentialAction\":[{\"@type\":\"CommentAction\",\"name\":\"Comment\",\"target\":[\"https:\\\/\\\/klasmann-deilmann.com\\\/en\\\/the-positive-route-to-more-sustainability\\\/#respond\"]}]},{\"@type\":\"WebPage\",\"@id\":\"https:\\\/\\\/klasmann-deilmann.com\\\/en\\\/the-positive-route-to-more-sustainability\\\/\",\"url\":\"https:\\\/\\\/klasmann-deilmann.com\\\/en\\\/the-positive-route-to-more-sustainability\\\/\",\"name\":\"The positive route to more sustainability - Klasmann-Deilmann\",\"isPartOf\":{\"@id\":\"https:\\\/\\\/klasmann-deilmann.com\\\/en\\\/#website\"},\"datePublished\":\"2019-08-27T05:32:51+00:00\",\"author\":{\"@id\":\"\"},\"breadcrumb\":{\"@id\":\"https:\\\/\\\/klasmann-deilmann.com\\\/en\\\/the-positive-route-to-more-sustainability\\\/#breadcrumb\"},\"inLanguage\":\"en-GB\",\"potentialAction\":[{\"@type\":\"ReadAction\",\"target\":[\"https:\\\/\\\/klasmann-deilmann.com\\\/en\\\/the-positive-route-to-more-sustainability\\\/\"]}]},{\"@type\":\"BreadcrumbList\",\"@id\":\"https:\\\/\\\/klasmann-deilmann.com\\\/en\\\/the-positive-route-to-more-sustainability\\\/#breadcrumb\",\"itemListElement\":[{\"@type\":\"ListItem\",\"position\":1,\"name\":\"Home\",\"item\":\"https:\\\/\\\/klasmann-deilmann.com\\\/en\\\/\"},{\"@type\":\"ListItem\",\"position\":2,\"name\":\"The positive route to more sustainability\"}]},{\"@type\":\"WebSite\",\"@id\":\"https:\\\/\\\/klasmann-deilmann.com\\\/en\\\/#website\",\"url\":\"https:\\\/\\\/klasmann-deilmann.com\\\/en\\\/\",\"name\":\"Klasmann-Deilmann\",\"description\":\"\",\"potentialAction\":[{\"@type\":\"SearchAction\",\"target\":{\"@type\":\"EntryPoint\",\"urlTemplate\":\"https:\\\/\\\/klasmann-deilmann.com\\\/en\\\/?s={search_term_string}\"},\"query-input\":{\"@type\":\"PropertyValueSpecification\",\"valueRequired\":true,\"valueName\":\"search_term_string\"}}],\"inLanguage\":\"en-GB\"},{\"@type\":\"Person\",\"@id\":\"\",\"url\":\"https:\\\/\\\/klasmann-deilmann.com\\\/en\\\/author\\\/\"}]}<\/script>\n<!-- \/ Yoast SEO plugin. -->","yoast_head_json":{"title":"The positive route to more sustainability - Klasmann-Deilmann","robots":{"index":"index","follow":"follow","max-snippet":"max-snippet:-1","max-image-preview":"max-image-preview:large","max-video-preview":"max-video-preview:-1"},"canonical":"https:\/\/klasmann-deilmann.com\/en\/the-positive-route-to-more-sustainability\/","og_locale":"en_GB","og_type":"article","og_title":"The positive route to more sustainability - Klasmann-Deilmann","og_description":"Klasmann-Deilmann hosts Industry Dialogue with IAV and IHK No consensus could be achieved on the issue who is responsible for sustainability. One appeal was to make sustainability the responsibility of the government, another believed it was the duty of each and every citizen, and yet another put the industry in the front line. One of the outcomes of the recent \u201cIndustry Dialogue\u201d hosted by the Industry Employers\u2019 Association (IAV) and the Chamber of Industry and Commerce (IHK) of Osnabr\u00fcck-Emsland-Grafschaft Bentheim","og_url":"https:\/\/klasmann-deilmann.com\/en\/the-positive-route-to-more-sustainability\/","og_site_name":"Klasmann-Deilmann","article_published_time":"2019-08-27T05:32:51+00:00","og_image":[{"url":"https:\/\/klasmann-deilmann.com\/wp-content\/uploads\/2019-08-27-Industriedialog-IAV-IHK-Gruppenbild-150x150.jpg","type":"","width":"","height":""}],"twitter_card":"summary_large_image","twitter_misc":{"Written by":"","Estimated reading time":"4 minutes"},"schema":{"@context":"https:\/\/schema.org","@graph":[{"@type":"Article","@id":"https:\/\/klasmann-deilmann.com\/en\/the-positive-route-to-more-sustainability\/#article","isPartOf":{"@id":"https:\/\/klasmann-deilmann.com\/en\/the-positive-route-to-more-sustainability\/"},"author":{"name":"","@id":""},"headline":"The positive route to more sustainability","datePublished":"2019-08-27T05:32:51+00:00","mainEntityOfPage":{"@id":"https:\/\/klasmann-deilmann.com\/en\/the-positive-route-to-more-sustainability\/"},"wordCount":815,"commentCount":0,"articleSection":["Company"],"inLanguage":"en-GB","potentialAction":[{"@type":"CommentAction","name":"Comment","target":["https:\/\/klasmann-deilmann.com\/en\/the-positive-route-to-more-sustainability\/#respond"]}]},{"@type":"WebPage","@id":"https:\/\/klasmann-deilmann.com\/en\/the-positive-route-to-more-sustainability\/","url":"https:\/\/klasmann-deilmann.com\/en\/the-positive-route-to-more-sustainability\/","name":"The positive route to more sustainability - Klasmann-Deilmann","isPartOf":{"@id":"https:\/\/klasmann-deilmann.com\/en\/#website"},"datePublished":"2019-08-27T05:32:51+00:00","author":{"@id":""},"breadcrumb":{"@id":"https:\/\/klasmann-deilmann.com\/en\/the-positive-route-to-more-sustainability\/#breadcrumb"},"inLanguage":"en-GB","potentialAction":[{"@type":"ReadAction","target":["https:\/\/klasmann-deilmann.com\/en\/the-positive-route-to-more-sustainability\/"]}]},{"@type":"BreadcrumbList","@id":"https:\/\/klasmann-deilmann.com\/en\/the-positive-route-to-more-sustainability\/#breadcrumb","itemListElement":[{"@type":"ListItem","position":1,"name":"Home","item":"https:\/\/klasmann-deilmann.com\/en\/"},{"@type":"ListItem","position":2,"name":"The positive route to more sustainability"}]},{"@type":"WebSite","@id":"https:\/\/klasmann-deilmann.com\/en\/#website","url":"https:\/\/klasmann-deilmann.com\/en\/","name":"Klasmann-Deilmann","description":"","potentialAction":[{"@type":"SearchAction","target":{"@type":"EntryPoint","urlTemplate":"https:\/\/klasmann-deilmann.com\/en\/?s={search_term_string}"},"query-input":{"@type":"PropertyValueSpecification","valueRequired":true,"valueName":"search_term_string"}}],"inLanguage":"en-GB"},{"@type":"Person","@id":"","url":"https:\/\/klasmann-deilmann.com\/en\/author\/"}]}},"_links":{"self":[{"href":"https:\/\/klasmann-deilmann.com\/en\/wp-json\/wp\/v2\/posts\/15519","targetHints":{"allow":["GET"]}}],"collection":[{"href":"https:\/\/klasmann-deilmann.com\/en\/wp-json\/wp\/v2\/posts"}],"about":[{"href":"https:\/\/klasmann-deilmann.com\/en\/wp-json\/wp\/v2\/types\/post"}],"author":[{"embeddable":true,"href":"https:\/\/klasmann-deilmann.com\/en\/wp-json\/wp\/v2\/users\/20"}],"replies":[{"embeddable":true,"href":"https:\/\/klasmann-deilmann.com\/en\/wp-json\/wp\/v2\/comments?post=15519"}],"version-history":[{"count":1,"href":"https:\/\/klasmann-deilmann.com\/en\/wp-json\/wp\/v2\/posts\/15519\/revisions"}],"predecessor-version":[{"id":15520,"href":"https:\/\/klasmann-deilmann.com\/en\/wp-json\/wp\/v2\/posts\/15519\/revisions\/15520"}],"wp:attachment":[{"href":"https:\/\/klasmann-deilmann.com\/en\/wp-json\/wp\/v2\/media?parent=15519"}],"wp:term":[{"taxonomy":"category","embeddable":true,"href":"https:\/\/klasmann-deilmann.com\/en\/wp-json\/wp\/v2\/categories?post=15519"},{"taxonomy":"post_tag","embeddable":true,"href":"https:\/\/klasmann-deilmann.com\/en\/wp-json\/wp\/v2\/tags?post=15519"}],"curies":[{"name":"wp","href":"https:\/\/api.w.org\/{rel}","templated":true}]}}