{"id":9246,"date":"2019-03-08T00:01:39","date_gmt":"2019-03-07T23:01:39","guid":{"rendered":"http:\/\/klasmann-deilmann.com\/?p=9246"},"modified":"2024-10-09T10:43:39","modified_gmt":"2024-10-09T08:43:39","slug":"substratkonzept-gegen-trauermueckenbefall-2","status":"publish","type":"post","link":"https:\/\/klasmann-deilmann.com\/de\/substratkonzept-gegen-trauermueckenbefall-2\/","title":{"rendered":"Substratkonzept gegen den Trauerm\u00fcckenbefall"},"content":{"rendered":"<h2>Eckhard Schl\u00fcter im Interview \u00fcber wichtige Fortschritte im Bereich der Bio-Substrate<\/h2>\n<p><strong>Eckhard Schl\u00fcter arbeitet bei Klasmann-Deilmann im Bereich Advisory Services &amp; Quality Management mit besonderem Schwerpunkt im Bereich Bio-Substrate. Im Interview spricht er \u00fcber ein Substrat- und D\u00fcngerkonzept f\u00fcr Bio-Substrate, das gemeinsam mit der Hochschule Osnabr\u00fcck entwickelt wurde und mit dem der Trauerm\u00fcckendruck um bis zu 80 Prozent reduziert werden kann.<\/strong><\/p>\n<p><strong>Frage: Eckhard, wo treten Trauerm\u00fccken auf und welche Folgen hat das?<\/strong><\/p>\n<p><strong>Eckhard Schl\u00fcter:<\/strong> Trauerm\u00fccken sind weit verbreitet. Einige wenige der insgesamt 1.800 Arten finden in Gew\u00e4chsh\u00e4usern ideale Lebensbedingungen vor. Sie besiedeln dort die Substrate von Zier- und Nutzpflanzen oder leben auf Algen- und Moosbel\u00e4gen, die sich in feuchten Bereichen bilden. An den Pflanzen k\u00f6nnen die Larven Wurzelsch\u00e4den verursachen. Die M\u00fccken sind f\u00fcr die Pflanzen zwar unsch\u00e4dlich, werden aber vom Handel als Verunreinigung angesehen, was zur Annahmeverweigerung f\u00fchren kann. Bei der Produktion von Biotopfkr\u00e4utern stellen Trauerm\u00fccken eines der zentralen Pflanzenschutzprobleme dar: Den Betrieben entstehen hohe Kosten f\u00fcr die Bek\u00e4mpfung mit biologischen Ma\u00dfnahmen.<\/p>\n<p><strong>Frage: Wie kommt es, dass der Befallsdruck gerade im Bio-Anbau so hoch ist?<\/strong><\/p>\n<p><strong>Eckhard Schl\u00fcter:<\/strong> Wir haben herausgefunden, dass das vor allem an den besonderen Rezepturen der Bio-Substrate liegt. Sie enthalten derzeit mindestens 30 Prozent alternative Ausgangsstoffe wie Kompost, Holzfasern oder Kokos sowie feste organische D\u00fcnger. Darin spiegelt sich der Wunsch der Bio-Verb\u00e4nde nach einem m\u00f6glichst hohen Torfersatz wieder. Diese Zusammensetzung bietet jedoch auch den Trauerm\u00fcckenlarven ideale Lebensbedingungen. Das hat mehrere Gr\u00fcnde. Einerseits geben diese Substratmischungen offensichtlich Stoffe ab, die Trauerm\u00fccken anziehen. Andererseits bieten sie den Larven eine hervorragende direkte Nahrungsquelle.<\/p>\n<p><strong>Frage: Welche Stoffe sind es genau, die den Trauerm\u00fccken als Nahrung dienen?<\/strong><\/p>\n<p><strong>Eckhard Schl\u00fcter:<\/strong> Das haben wir auf Laborebene systematisch f\u00fcr alle Komponenten untersucht. Dabei kam heraus, dass die aus der Kompostierung stammenden Komponenten eine besondere Herausforderung darstellen, wenn sie nicht optimal verrottet sind und noch einen zu hohen Anteil leicht abbaubare organische Substanz enthalten. Es wurde auch deutlich, dass die verwendeten organischen D\u00fcnger offensichtlich eine noch gr\u00f6\u00dfere Rolle spielen. Sie sind je nach Zusammensetzung und Struktur direkte Futterquellen f\u00fcr Larven. Unsere GreenFibre-Holzfasern und die von uns genutzten Kokos-Produkte haben sich in den Versuchen hingegen als schlecht nutzbare Nahrungsquellen erwiesen.<\/p>\n<p><strong>Frage: Welche Schl\u00fcsse haben Sie daraus gezogen?<\/strong><\/p>\n<p><strong>Eckhard Schl\u00fcter:<\/strong> Als Konsequenz aus unseren Studienergebnissen ver\u00e4ndern wir die Auswahl der Substratausgangsstoffe, so dass den Larven ihre nat\u00fcrliche Nahrungsgrundlage entzogen wird. Das hei\u00dft konkret: Wir setzen ausschlie\u00dflich einen perfekt gerotteten und abgelagerten Gr\u00fcnkompost aus eigener Herstellung ein. Unter der Marke TerrAktiv genie\u00dft dieser Gr\u00fcnkompost im \u00f6kologischen Gartenbau einen sehr hohen Stellenwert. Bei den organischen D\u00fcngern scheiden nach unseren Untersuchungen so gut wie alle handels\u00fcblichen festen D\u00fcnger aus.<\/p>\n<p>Wir haben daher mit einem namhaften niederl\u00e4ndischen D\u00fcngerproduzenten eine neuartige D\u00fcngerformulierung auf Gel-Basis entwickelt. Der D\u00fcnger wird feinverteilt in das Substrat gemischt und ist aufgrund seiner speziellen Verkapselung f\u00fcr Trauerm\u00fcckenlarven nur schwer nutzbar. Unsere technische Abteilung hat in diesem Zusammenhang eine spezielle Dosiertechnik f\u00fcr die Substratmischanlagen entwickelt, mit der eine mikrofeine D\u00fcngerverteilung m\u00f6glich ist.<\/p>\n<p><strong>Frage: Was ist das Besondere an diesem Konzept?<\/strong><\/p>\n<p><strong>Eckhard Schl\u00fcter:<\/strong> Zwei Dinge sind besonders. Zum einen die Idee, dass verschiedene Bausteine je nach den speziellen Anforderungen der Betriebe in einem Substrat kombiniert werden k\u00f6nnen. Diese Bausteine sind Wei\u00dftorf, Kokos, Holzfasern und, was uns besonders wichtig ist, wir k\u00f6nnen in Bio-Substraten immer mit einem Anteil von wertvollem Gr\u00fcnkompost weiterarbeiten. Der TerrAktiv-Gr\u00fcnkompost belebt das Substrat, unterdr\u00fcckt Krankheitserreger und f\u00f6rdert die Mineralisierung von organischem D\u00fcnger.<\/p>\n<p>Die zweite Besonderheit ist unsere neue D\u00fcngerformulierung aus fermentierten pflanzlichen oder hydrolysierten tierischen Bestandteilen. Die D\u00fcnger sind hocheffizient in Ihrer N\u00e4hrstoffwirkung und zudem reich an Aminos\u00e4uren, die pflanzenst\u00e4rkend wirken. Sie k\u00f6nnen von Trauerm\u00fcckenlarven nicht direkt genutzt werden und erm\u00f6glichen es den Betrieben, wieder Bio-Substrate mit einer deutlich h\u00f6heren Grundd\u00fcngung einzusetzen.<\/p>\n<p><strong>Frage: Und dieses Substratkonzept ist ein echter Fortschritt?<\/strong><\/p>\n<p><strong>Eckhard Schl\u00fcter:<\/strong> Ja, wir setzen das Konzept jetzt schon seit einigen Jahren bei immer mehr Kunden um und die Ergebnisse sind sehr positiv. Aufgrund der bisherigen Erfahrungen sind wir in der Lage f\u00fcr jeden Betrieb ein ma\u00dfgeschneidertes D\u00fcngekonzept anzubieten.<\/p>\n<p>Aufgrund der steigenden Nachfrage aus Benelux und Frankreich installieren wir derzeit auch in unserem niederl\u00e4ndischen Produktionswerk eine D\u00fcngerdosierung f\u00fcr Bio-Substrate.<\/p>\n<p><strong>Frage: F\u00fcr wen eignet sich das Substratkonzept?<\/strong><\/p>\n<p><strong>Eckhard Schl\u00fcter:<\/strong> Vor allem f\u00fcr Gartenbaubetriebe, die Bio-Kr\u00e4utersubstrate mit einer geringen bis mittleren Grundd\u00fcngung einsetzen und mit betrieblicher fl\u00fcssiger Nachd\u00fcngung kombinieren. Diese Kombination ist die derzeit effizienteste Ma\u00dfnahme zur Kontrolle des Trauerm\u00fcckendruckes.<\/p>\n<p>Es zeigen sich aber auch weitere interessante Einsatzm\u00f6glichkeiten in Gem\u00fcseanzuchtsubstraten f\u00fcr empfindliche Kulturen. Hier zeigen die D\u00fcnger eine schonende Freisetzung und wir verzeichnen durch freie Aminos\u00e4uren dar\u00fcber hinaus pflanzenst\u00e4rkende Effekte.<\/p>\n<p><strong>Eckhard, vielen Dank f\u00fcr das Gespr\u00e4ch!<\/strong><\/p>\n<style type=\"text\/css\">\n\t\t\t#gallery-1 {\n\t\t\t\tmargin: auto;\n\t\t\t}\n\t\t\t#gallery-1 .gallery-item {\n\t\t\t\tfloat: left;\n\t\t\t\tmargin-top: 10px;\n\t\t\t\ttext-align: center;\n\t\t\t\twidth: 33%;\n\t\t\t}\n\t\t\t#gallery-1 img {\n\t\t\t\tborder: 2px solid #cfcfcf;\n\t\t\t}\n\t\t\t#gallery-1 .gallery-caption {\n\t\t\t\tmargin-left: 0;\n\t\t\t}\n\t\t\t\/* see gallery_shortcode() in wp-includes\/media.php *\/\n\t\t<\/style>\n<div id='gallery-1' class='gallery galleryid-9246 gallery-columns-3 gallery-size-thumbnail'>\n<dl class='gallery-item'>\n<dt class='gallery-icon landscape'>\n\t\t\t\t<a href='https:\/\/klasmann-deilmann.com\/de\/substratkonzept-gegen-trauermueckenbefall-2\/olympus-digital-camera-6\/'><img loading=\"lazy\" decoding=\"async\" width=\"150\" height=\"150\" src=\"https:\/\/klasmann-deilmann.com\/wp-content\/uploads\/2019-03-08-Blogbeitrag-Trauerm\u00fccken-Schl\u00fcter-08-150x150.jpg\" class=\"attachment-thumbnail size-thumbnail\" alt=\"\" \/><\/a>\n\t\t\t<\/dt>\n<\/dl>\n<dl class='gallery-item'>\n<dt class='gallery-icon landscape'>\n\t\t\t\t<a href='https:\/\/klasmann-deilmann.com\/de\/substratkonzept-gegen-trauermueckenbefall-2\/2019-03-08-blogbeitrag-trauermuecken-schlueter-01\/'><img loading=\"lazy\" decoding=\"async\" width=\"150\" height=\"150\" src=\"https:\/\/klasmann-deilmann.com\/wp-content\/uploads\/2019-03-08-Blogbeitrag-Trauerm\u00fccken-Schl\u00fcter-01-150x150.jpg\" class=\"attachment-thumbnail size-thumbnail\" alt=\"\" \/><\/a>\n\t\t\t<\/dt>\n<\/dl>\n<dl class='gallery-item'>\n<dt class='gallery-icon landscape'>\n\t\t\t\t<a href='https:\/\/klasmann-deilmann.com\/de\/substratkonzept-gegen-trauermueckenbefall-2\/olympus-digital-camera-5\/'><img loading=\"lazy\" decoding=\"async\" width=\"150\" height=\"150\" src=\"https:\/\/klasmann-deilmann.com\/wp-content\/uploads\/2019-03-08-Blogbeitrag-Trauerm\u00fccken-Schl\u00fcter-04-150x150.jpg\" class=\"attachment-thumbnail size-thumbnail\" alt=\"\" \/><\/a>\n\t\t\t<\/dt>\n<\/dl>\n<p><br style=\"clear: both\" \/>\n\t\t<\/div>\n","protected":false},"excerpt":{"rendered":"<p>Eckhard Schl\u00fcter im Interview \u00fcber wichtige Fortschritte im Bereich der Bio-Substrate Eckhard Schl\u00fcter arbeitet bei Klasmann-Deilmann im Bereich Advisory Services &amp; Quality Management mit besonderem Schwerpunkt im Bereich Bio-Substrate. Im Interview spricht er \u00fcber ein Substrat- und D\u00fcngerkonzept f\u00fcr Bio-Substrate, das gemeinsam mit der Hochschule Osnabr\u00fcck entwickelt wurde und mit dem der Trauerm\u00fcckendruck um bis zu 80 Prozent reduziert werden kann. Frage: Eckhard, wo treten Trauerm\u00fccken auf und welche Folgen hat das? Eckhard Schl\u00fcter: Trauerm\u00fccken sind weit verbreitet. Einige wenige<\/p>\n","protected":false},"author":8,"featured_media":0,"comment_status":"open","ping_status":"closed","sticky":false,"template":"","format":"standard","meta":{"_acf_changed":false,"inline_featured_image":false,"footnotes":""},"categories":[135],"tags":[],"class_list":["post-9246","post","type-post","status-publish","format-standard","hentry","category-kompetenzen"],"acf":[],"yoast_head":"<!-- This site is optimized with the Yoast SEO plugin v27.5 - https:\/\/yoast.com\/product\/yoast-seo-wordpress\/ -->\n<title>Substratkonzept gegen den Trauerm\u00fcckenbefall - Klasmann-Deilmann<\/title>\n<meta name=\"robots\" content=\"index, follow, max-snippet:-1, max-image-preview:large, max-video-preview:-1\" \/>\n<link rel=\"canonical\" href=\"https:\/\/klasmann-deilmann.com\/de\/substratkonzept-gegen-trauermueckenbefall-2\/\" \/>\n<meta property=\"og:locale\" content=\"de_DE\" \/>\n<meta property=\"og:type\" content=\"article\" \/>\n<meta property=\"og:title\" content=\"Substratkonzept gegen den Trauerm\u00fcckenbefall - Klasmann-Deilmann\" \/>\n<meta property=\"og:description\" content=\"Eckhard Schl\u00fcter im Interview \u00fcber wichtige Fortschritte im Bereich der Bio-Substrate Eckhard Schl\u00fcter arbeitet bei Klasmann-Deilmann im Bereich Advisory Services &amp; Quality Management mit besonderem Schwerpunkt im Bereich Bio-Substrate. Im Interview spricht er \u00fcber ein Substrat- und D\u00fcngerkonzept f\u00fcr Bio-Substrate, das gemeinsam mit der Hochschule Osnabr\u00fcck entwickelt wurde und mit dem der Trauerm\u00fcckendruck um bis zu 80 Prozent reduziert werden kann. Frage: Eckhard, wo treten Trauerm\u00fccken auf und welche Folgen hat das? Eckhard Schl\u00fcter: Trauerm\u00fccken sind weit verbreitet. Einige wenige\" \/>\n<meta property=\"og:url\" content=\"https:\/\/klasmann-deilmann.com\/de\/substratkonzept-gegen-trauermueckenbefall-2\/\" \/>\n<meta property=\"og:site_name\" content=\"Klasmann-Deilmann\" \/>\n<meta property=\"article:published_time\" content=\"2019-03-07T23:01:39+00:00\" \/>\n<meta property=\"article:modified_time\" content=\"2024-10-09T08:43:39+00:00\" \/>\n<meta property=\"og:image\" content=\"https:\/\/klasmann-deilmann.com\/wp-content\/uploads\/2019-03-08-Blogbeitrag-Trauerm\u00fccken-Schl\u00fcter-01-150x150.jpg\" \/>\n<meta name=\"author\" content=\"Dirk R\u00f6se\" \/>\n<meta name=\"twitter:card\" content=\"summary_large_image\" \/>\n<meta name=\"twitter:label1\" content=\"Verfasst von\" \/>\n\t<meta name=\"twitter:data1\" content=\"Dirk R\u00f6se\" \/>\n\t<meta name=\"twitter:label2\" content=\"Gesch\u00e4tzte Lesezeit\" \/>\n\t<meta name=\"twitter:data2\" content=\"4\u00a0Minuten\" \/>\n<script type=\"application\/ld+json\" class=\"yoast-schema-graph\">{\"@context\":\"https:\\\/\\\/schema.org\",\"@graph\":[{\"@type\":\"Article\",\"@id\":\"https:\\\/\\\/klasmann-deilmann.com\\\/de\\\/substratkonzept-gegen-trauermueckenbefall-2\\\/#article\",\"isPartOf\":{\"@id\":\"https:\\\/\\\/klasmann-deilmann.com\\\/de\\\/substratkonzept-gegen-trauermueckenbefall-2\\\/\"},\"author\":{\"name\":\"Dirk R\u00f6se\",\"@id\":\"https:\\\/\\\/klasmann-deilmann.com\\\/en\\\/#\\\/schema\\\/person\\\/2502425feab4548f9995e2f1fa23fb3d\"},\"headline\":\"Substratkonzept gegen den Trauerm\u00fcckenbefall\",\"datePublished\":\"2019-03-07T23:01:39+00:00\",\"dateModified\":\"2024-10-09T08:43:39+00:00\",\"mainEntityOfPage\":{\"@id\":\"https:\\\/\\\/klasmann-deilmann.com\\\/de\\\/substratkonzept-gegen-trauermueckenbefall-2\\\/\"},\"wordCount\":851,\"commentCount\":0,\"articleSection\":[\"Kompetenzen\"],\"inLanguage\":\"de\",\"potentialAction\":[{\"@type\":\"CommentAction\",\"name\":\"Comment\",\"target\":[\"https:\\\/\\\/klasmann-deilmann.com\\\/de\\\/substratkonzept-gegen-trauermueckenbefall-2\\\/#respond\"]}]},{\"@type\":\"WebPage\",\"@id\":\"https:\\\/\\\/klasmann-deilmann.com\\\/de\\\/substratkonzept-gegen-trauermueckenbefall-2\\\/\",\"url\":\"https:\\\/\\\/klasmann-deilmann.com\\\/de\\\/substratkonzept-gegen-trauermueckenbefall-2\\\/\",\"name\":\"Substratkonzept gegen den Trauerm\u00fcckenbefall - Klasmann-Deilmann\",\"isPartOf\":{\"@id\":\"https:\\\/\\\/klasmann-deilmann.com\\\/en\\\/#website\"},\"datePublished\":\"2019-03-07T23:01:39+00:00\",\"dateModified\":\"2024-10-09T08:43:39+00:00\",\"author\":{\"@id\":\"https:\\\/\\\/klasmann-deilmann.com\\\/en\\\/#\\\/schema\\\/person\\\/2502425feab4548f9995e2f1fa23fb3d\"},\"breadcrumb\":{\"@id\":\"https:\\\/\\\/klasmann-deilmann.com\\\/de\\\/substratkonzept-gegen-trauermueckenbefall-2\\\/#breadcrumb\"},\"inLanguage\":\"de\",\"potentialAction\":[{\"@type\":\"ReadAction\",\"target\":[\"https:\\\/\\\/klasmann-deilmann.com\\\/de\\\/substratkonzept-gegen-trauermueckenbefall-2\\\/\"]}]},{\"@type\":\"BreadcrumbList\",\"@id\":\"https:\\\/\\\/klasmann-deilmann.com\\\/de\\\/substratkonzept-gegen-trauermueckenbefall-2\\\/#breadcrumb\",\"itemListElement\":[{\"@type\":\"ListItem\",\"position\":1,\"name\":\"Home\",\"item\":\"https:\\\/\\\/klasmann-deilmann.com\\\/de\\\/\"},{\"@type\":\"ListItem\",\"position\":2,\"name\":\"Substratkonzept gegen den Trauerm\u00fcckenbefall\"}]},{\"@type\":\"WebSite\",\"@id\":\"https:\\\/\\\/klasmann-deilmann.com\\\/en\\\/#website\",\"url\":\"https:\\\/\\\/klasmann-deilmann.com\\\/en\\\/\",\"name\":\"Klasmann-Deilmann\",\"description\":\"\",\"potentialAction\":[{\"@type\":\"SearchAction\",\"target\":{\"@type\":\"EntryPoint\",\"urlTemplate\":\"https:\\\/\\\/klasmann-deilmann.com\\\/en\\\/?s={search_term_string}\"},\"query-input\":{\"@type\":\"PropertyValueSpecification\",\"valueRequired\":true,\"valueName\":\"search_term_string\"}}],\"inLanguage\":\"de\"},{\"@type\":\"Person\",\"@id\":\"https:\\\/\\\/klasmann-deilmann.com\\\/en\\\/#\\\/schema\\\/person\\\/2502425feab4548f9995e2f1fa23fb3d\",\"name\":\"Dirk R\u00f6se\",\"image\":{\"@type\":\"ImageObject\",\"inLanguage\":\"de\",\"@id\":\"https:\\\/\\\/secure.gravatar.com\\\/avatar\\\/850ab4c80e0a5eca25933f2ee062a09ec1d50f1fa10d0057f65f04b9827f102f?s=96&d=mm&r=g\",\"url\":\"https:\\\/\\\/secure.gravatar.com\\\/avatar\\\/850ab4c80e0a5eca25933f2ee062a09ec1d50f1fa10d0057f65f04b9827f102f?s=96&d=mm&r=g\",\"contentUrl\":\"https:\\\/\\\/secure.gravatar.com\\\/avatar\\\/850ab4c80e0a5eca25933f2ee062a09ec1d50f1fa10d0057f65f04b9827f102f?s=96&d=mm&r=g\",\"caption\":\"Dirk R\u00f6se\"},\"sameAs\":[\"http:\\\/\\\/klasmann-deilmann.com\"],\"url\":\"https:\\\/\\\/klasmann-deilmann.com\\\/de\\\/author\\\/dirk-roese\\\/\"}]}<\/script>\n<!-- \/ Yoast SEO plugin. -->","yoast_head_json":{"title":"Substratkonzept gegen den Trauerm\u00fcckenbefall - Klasmann-Deilmann","robots":{"index":"index","follow":"follow","max-snippet":"max-snippet:-1","max-image-preview":"max-image-preview:large","max-video-preview":"max-video-preview:-1"},"canonical":"https:\/\/klasmann-deilmann.com\/de\/substratkonzept-gegen-trauermueckenbefall-2\/","og_locale":"de_DE","og_type":"article","og_title":"Substratkonzept gegen den Trauerm\u00fcckenbefall - Klasmann-Deilmann","og_description":"Eckhard Schl\u00fcter im Interview \u00fcber wichtige Fortschritte im Bereich der Bio-Substrate Eckhard Schl\u00fcter arbeitet bei Klasmann-Deilmann im Bereich Advisory Services &amp; Quality Management mit besonderem Schwerpunkt im Bereich Bio-Substrate. Im Interview spricht er \u00fcber ein Substrat- und D\u00fcngerkonzept f\u00fcr Bio-Substrate, das gemeinsam mit der Hochschule Osnabr\u00fcck entwickelt wurde und mit dem der Trauerm\u00fcckendruck um bis zu 80 Prozent reduziert werden kann. Frage: Eckhard, wo treten Trauerm\u00fccken auf und welche Folgen hat das? Eckhard Schl\u00fcter: Trauerm\u00fccken sind weit verbreitet. Einige wenige","og_url":"https:\/\/klasmann-deilmann.com\/de\/substratkonzept-gegen-trauermueckenbefall-2\/","og_site_name":"Klasmann-Deilmann","article_published_time":"2019-03-07T23:01:39+00:00","article_modified_time":"2024-10-09T08:43:39+00:00","og_image":[{"url":"https:\/\/klasmann-deilmann.com\/wp-content\/uploads\/2019-03-08-Blogbeitrag-Trauerm\u00fccken-Schl\u00fcter-01-150x150.jpg","type":"","width":"","height":""}],"author":"Dirk R\u00f6se","twitter_card":"summary_large_image","twitter_misc":{"Verfasst von":"Dirk R\u00f6se","Gesch\u00e4tzte Lesezeit":"4\u00a0Minuten"},"schema":{"@context":"https:\/\/schema.org","@graph":[{"@type":"Article","@id":"https:\/\/klasmann-deilmann.com\/de\/substratkonzept-gegen-trauermueckenbefall-2\/#article","isPartOf":{"@id":"https:\/\/klasmann-deilmann.com\/de\/substratkonzept-gegen-trauermueckenbefall-2\/"},"author":{"name":"Dirk R\u00f6se","@id":"https:\/\/klasmann-deilmann.com\/en\/#\/schema\/person\/2502425feab4548f9995e2f1fa23fb3d"},"headline":"Substratkonzept gegen den Trauerm\u00fcckenbefall","datePublished":"2019-03-07T23:01:39+00:00","dateModified":"2024-10-09T08:43:39+00:00","mainEntityOfPage":{"@id":"https:\/\/klasmann-deilmann.com\/de\/substratkonzept-gegen-trauermueckenbefall-2\/"},"wordCount":851,"commentCount":0,"articleSection":["Kompetenzen"],"inLanguage":"de","potentialAction":[{"@type":"CommentAction","name":"Comment","target":["https:\/\/klasmann-deilmann.com\/de\/substratkonzept-gegen-trauermueckenbefall-2\/#respond"]}]},{"@type":"WebPage","@id":"https:\/\/klasmann-deilmann.com\/de\/substratkonzept-gegen-trauermueckenbefall-2\/","url":"https:\/\/klasmann-deilmann.com\/de\/substratkonzept-gegen-trauermueckenbefall-2\/","name":"Substratkonzept gegen den Trauerm\u00fcckenbefall - Klasmann-Deilmann","isPartOf":{"@id":"https:\/\/klasmann-deilmann.com\/en\/#website"},"datePublished":"2019-03-07T23:01:39+00:00","dateModified":"2024-10-09T08:43:39+00:00","author":{"@id":"https:\/\/klasmann-deilmann.com\/en\/#\/schema\/person\/2502425feab4548f9995e2f1fa23fb3d"},"breadcrumb":{"@id":"https:\/\/klasmann-deilmann.com\/de\/substratkonzept-gegen-trauermueckenbefall-2\/#breadcrumb"},"inLanguage":"de","potentialAction":[{"@type":"ReadAction","target":["https:\/\/klasmann-deilmann.com\/de\/substratkonzept-gegen-trauermueckenbefall-2\/"]}]},{"@type":"BreadcrumbList","@id":"https:\/\/klasmann-deilmann.com\/de\/substratkonzept-gegen-trauermueckenbefall-2\/#breadcrumb","itemListElement":[{"@type":"ListItem","position":1,"name":"Home","item":"https:\/\/klasmann-deilmann.com\/de\/"},{"@type":"ListItem","position":2,"name":"Substratkonzept gegen den Trauerm\u00fcckenbefall"}]},{"@type":"WebSite","@id":"https:\/\/klasmann-deilmann.com\/en\/#website","url":"https:\/\/klasmann-deilmann.com\/en\/","name":"Klasmann-Deilmann","description":"","potentialAction":[{"@type":"SearchAction","target":{"@type":"EntryPoint","urlTemplate":"https:\/\/klasmann-deilmann.com\/en\/?s={search_term_string}"},"query-input":{"@type":"PropertyValueSpecification","valueRequired":true,"valueName":"search_term_string"}}],"inLanguage":"de"},{"@type":"Person","@id":"https:\/\/klasmann-deilmann.com\/en\/#\/schema\/person\/2502425feab4548f9995e2f1fa23fb3d","name":"Dirk R\u00f6se","image":{"@type":"ImageObject","inLanguage":"de","@id":"https:\/\/secure.gravatar.com\/avatar\/850ab4c80e0a5eca25933f2ee062a09ec1d50f1fa10d0057f65f04b9827f102f?s=96&d=mm&r=g","url":"https:\/\/secure.gravatar.com\/avatar\/850ab4c80e0a5eca25933f2ee062a09ec1d50f1fa10d0057f65f04b9827f102f?s=96&d=mm&r=g","contentUrl":"https:\/\/secure.gravatar.com\/avatar\/850ab4c80e0a5eca25933f2ee062a09ec1d50f1fa10d0057f65f04b9827f102f?s=96&d=mm&r=g","caption":"Dirk R\u00f6se"},"sameAs":["http:\/\/klasmann-deilmann.com"],"url":"https:\/\/klasmann-deilmann.com\/de\/author\/dirk-roese\/"}]}},"_links":{"self":[{"href":"https:\/\/klasmann-deilmann.com\/de\/wp-json\/wp\/v2\/posts\/9246","targetHints":{"allow":["GET"]}}],"collection":[{"href":"https:\/\/klasmann-deilmann.com\/de\/wp-json\/wp\/v2\/posts"}],"about":[{"href":"https:\/\/klasmann-deilmann.com\/de\/wp-json\/wp\/v2\/types\/post"}],"author":[{"embeddable":true,"href":"https:\/\/klasmann-deilmann.com\/de\/wp-json\/wp\/v2\/users\/8"}],"replies":[{"embeddable":true,"href":"https:\/\/klasmann-deilmann.com\/de\/wp-json\/wp\/v2\/comments?post=9246"}],"version-history":[{"count":4,"href":"https:\/\/klasmann-deilmann.com\/de\/wp-json\/wp\/v2\/posts\/9246\/revisions"}],"predecessor-version":[{"id":87177,"href":"https:\/\/klasmann-deilmann.com\/de\/wp-json\/wp\/v2\/posts\/9246\/revisions\/87177"}],"wp:attachment":[{"href":"https:\/\/klasmann-deilmann.com\/de\/wp-json\/wp\/v2\/media?parent=9246"}],"wp:term":[{"taxonomy":"category","embeddable":true,"href":"https:\/\/klasmann-deilmann.com\/de\/wp-json\/wp\/v2\/categories?post=9246"},{"taxonomy":"post_tag","embeddable":true,"href":"https:\/\/klasmann-deilmann.com\/de\/wp-json\/wp\/v2\/tags?post=9246"}],"curies":[{"name":"wp","href":"https:\/\/api.w.org\/{rel}","templated":true}]}}