{"id":91053,"date":"2025-08-12T15:09:48","date_gmt":"2025-08-12T13:09:48","guid":{"rendered":"https:\/\/klasmann-deilmann.com\/?p=91053"},"modified":"2025-08-12T15:09:48","modified_gmt":"2025-08-12T13:09:48","slug":"resilienter-paprikaanbau-in-der-praxis-sehen-sie-es-sich-noch-vor-ende-august-an","status":"publish","type":"post","link":"https:\/\/klasmann-deilmann.com\/de\/resilienter-paprikaanbau-in-der-praxis-sehen-sie-es-sich-noch-vor-ende-august-an\/","title":{"rendered":"Resilienter Paprikaanbau in der Praxis \u2013 sehen Sie es sich noch vor Ende August an!"},"content":{"rendered":"<p><strong><img loading=\"lazy\" decoding=\"async\" width=\"2560\" height=\"1707\" class=\"aligncenter size-full wp-image-91037\" src=\"\/wp-content\/uploads\/Botany_Event_Pepper_Trial_00070-scaled.jpg\" alt=\"\" srcset=\"https:\/\/klasmann-deilmann.com\/wp-content\/uploads\/Botany_Event_Pepper_Trial_00070-scaled.jpg 2560w, https:\/\/klasmann-deilmann.com\/wp-content\/uploads\/Botany_Event_Pepper_Trial_00070-300x200.jpg 300w, https:\/\/klasmann-deilmann.com\/wp-content\/uploads\/Botany_Event_Pepper_Trial_00070-1024x683.jpg 1024w, https:\/\/klasmann-deilmann.com\/wp-content\/uploads\/Botany_Event_Pepper_Trial_00070-768x512.jpg 768w, https:\/\/klasmann-deilmann.com\/wp-content\/uploads\/Botany_Event_Pepper_Trial_00070-1536x1024.jpg 1536w, https:\/\/klasmann-deilmann.com\/wp-content\/uploads\/Botany_Event_Pepper_Trial_00070-2048x1365.jpg 2048w\" sizes=\"auto, (max-width: 2560px) 100vw, 2560px\" \/><\/strong><\/p>\n<p>Am 6. August \u00f6ffneten wir die T\u00fcren der Forschungsstation Botany in Meterik f\u00fcr Erwerbsg\u00e4rtner, F\u00fchrungskr\u00e4fte und Gew\u00e4chshausfachleute, um mit ihnen einen inspirierenden Nachmittag zum Thema \u201eResilienter Anbau\u201d zu verbringen. Gemeinsam mit den Experten von RHP und Kytos haben wir er\u00f6rtert, wie zukunftsf\u00e4hige Substratl\u00f6sungen dabei helfen k\u00f6nnen, die Herausforderungen der heutigen Kultivierung zu bew\u00e4ltigen und sich gleichzeitig auf die Anforderungen von morgen vorzubereiten.<\/p>\n<p>Der Nachmittag verband wertvolles Wissen mit praktischen Erfahrungen. Die Besucher konnten unseren laufenden Paprika-Growbag-Versuch besichtigen, Ergebnisse vergleichen und sich im Gew\u00e4chshaus austauschen. Die Atmosph\u00e4re war lebhaft und die Reaktionen der Teilnehmer positiv: Sie fanden sowohl die Pr\u00e4sentationen als auch den Versuch selbst aufschlussreich und inspirierend.<\/p>\n<p>Nachhaltigkeit war ein zentrales Thema. Durch Ma\u00dfnahmen wie die \u00d6kobilanz (LCA) und die Produktkategorie-Regeln f\u00fcr den \u00f6kologischen Fu\u00dfabdruck (PEFCR), die zunehmend an Einfluss gewinnen, wird die Auswahl von Substraten immer mehr anhand ihres \u00f6kologischen Fu\u00dfabdrucks beurteilt. Gleichzeitig er\u00f6ffnet die Forschung zum Mikrobiom \u2013 der Gemeinschaft von Mikroorganismen im Substrat \u2013 neue M\u00f6glichkeiten, die Gesundheit und Widerstandsf\u00e4higkeit von Pflanzen zu verbessern. Kytos ist f\u00fchrend in der Entwicklung von Tools zur \u00dcberwachung und Verwaltung dieser mikrobiellen Gemeinschaften. Wir haben gezeigt, welche entscheidende Ver\u00e4nderung dies f\u00fcr G\u00e4rtner bedeuten kann.<\/p>\n<p>Ein weiterer wichtiger Trend ist der Wechsel von passiven zu aktiven Kultursubstraten. Diese f\u00f6rdern die Gesundheit der Wurzeln und helfen Pflanzen, Stress besser zu widerstehen. In unserem Paprika-Versuch hat Growbag Advanced sowohl in unserem eigenen Bew\u00e4sserungssystem als auch in einem System f\u00fcr Steinwollegranulat beeindruckende Ergebnisse erzielt und das h\u00f6chste Fruchtgewicht sowie die h\u00f6chste Fruchtzahl erreicht. Der Erfolg liegt in der pr\u00e4zisen Mischung aus Greenfibre\u00ae und Kokosfasern, die eine hervorragende Wasserf\u00fchrung und -kontrolle erm\u00f6glicht.<\/p>\n<p>Au\u00dferdem haben wir unseren Klimaneutral Growbag vorgestellt, der zusammen mit TerraCoal\u00ae entwickelt wurde. Obwohl er sich noch in der Entwicklung befindet, zeigt er bereits eine starke Leistung. Der Growbag hat den zus\u00e4tzlichen Vorteil, dass die CO\u2082-Emissionen aus seiner Produktion, Verpackung und seinem Transport ausgeglichen werden.<\/p>\n<p>F\u00fcr alle, die \u00fcber eine Umstellung auf \u00f6kologischen Anbau nachdenken, haben unsere Partner von RHP betont, dass organische Substrate einen anderen Ansatz erfordern. Das Verst\u00e4ndnis der pH-Pufferung, die Beherrschung der Feuchtedynamik und die Anpassung der Bew\u00e4sserungsstrategien sind entscheidend, um ihr volles Potenzial auszusch\u00f6pfen. Mit unserem jahrzehntelangen Know-how und der engagierten Unterst\u00fctzung unseres technischen Beraterteams begleiten wir Sie bei jedem Schritt dieser Umstellung, damit Sie vom ersten Tag an das Beste aus Ihrem organischen Substrat herausholen k\u00f6nnen.<\/p>\n<p>Dieser Testlauf bietet eine einmalige Gelegenheit, diese Entwicklungen in der Praxis zu erleben, doch die Zeit ist knapp. Er l\u00e4uft nur bis Ende August, daher ist jetzt der richtige Zeitpunkt, um sich selbst zu \u00fcberzeugen.<\/p>\n<p>Wenn Sie vorbeikommen m\u00f6chten, wenden Sie sich bitte an Jesse Clemens, um die praktischen Details zu kl\u00e4ren.<\/p>\n<p>F\u00fcr weitere technische Informationen steht Ihnen Jan Vanoverschelde zur Verf\u00fcgung. Ganz gleich, ob Sie bereits Growbags einsetzen oder neue L\u00f6sungen f\u00fcr Ihren Paprikaanbau suchen: Das ist Ihre Chance, die Zukunft des widerstandsf\u00e4higen Anbaus zu erleben, kennenzulernen und zu diskutieren.<\/p>\n<p>RELAX! It\u2019s Klasmann-Deilmann \u2013 Wir unterst\u00fctzen Sie mit verl\u00e4sslichen, nachhaltigen Substraten und innovativen L\u00f6sungen, damit Sie mit Zuversicht auf Wachstum setzen k\u00f6nnen.<\/p>\n<p><strong>Kontakt:<\/strong><br \/>\nJesse Clemens, <a href=\"mailto:jesse.clemens@klasmann-deilmann.com\">jesse.clemens@klasmann-deilmann.com<\/a><br \/>\nJan Vanoverschelde, <a href=\"mailto:jan.vanoverschelde@klasmann-deilmann.com\">jan.vanoverschelde@klasmann-deilmann.com<\/a><\/p>\n<p><img loading=\"lazy\" decoding=\"async\" width=\"2560\" height=\"1707\" class=\"aligncenter size-full wp-image-91037\" src=\"\/wp-content\/uploads\/Botany_Event_Pepper_Trial_00070-scaled.jpg\" alt=\"\" srcset=\"https:\/\/klasmann-deilmann.com\/wp-content\/uploads\/Botany_Event_Pepper_Trial_00070-scaled.jpg 2560w, https:\/\/klasmann-deilmann.com\/wp-content\/uploads\/Botany_Event_Pepper_Trial_00070-300x200.jpg 300w, https:\/\/klasmann-deilmann.com\/wp-content\/uploads\/Botany_Event_Pepper_Trial_00070-1024x683.jpg 1024w, https:\/\/klasmann-deilmann.com\/wp-content\/uploads\/Botany_Event_Pepper_Trial_00070-768x512.jpg 768w, https:\/\/klasmann-deilmann.com\/wp-content\/uploads\/Botany_Event_Pepper_Trial_00070-1536x1024.jpg 1536w, https:\/\/klasmann-deilmann.com\/wp-content\/uploads\/Botany_Event_Pepper_Trial_00070-2048x1365.jpg 2048w\" sizes=\"auto, (max-width: 2560px) 100vw, 2560px\" \/><\/p>\n","protected":false},"excerpt":{"rendered":"<p>Am 6. August \u00f6ffneten wir die T\u00fcren der Forschungsstation Botany in Meterik f\u00fcr Erwerbsg\u00e4rtner, F\u00fchrungskr\u00e4fte und Gew\u00e4chshausfachleute, um mit ihnen einen inspirierenden Nachmittag zum Thema \u201eResilienter Anbau\u201d zu verbringen. Gemeinsam mit den Experten von RHP und Kytos haben wir er\u00f6rtert, wie zukunftsf\u00e4hige Substratl\u00f6sungen dabei helfen k\u00f6nnen, die Herausforderungen der heutigen Kultivierung zu bew\u00e4ltigen und sich gleichzeitig auf die Anforderungen von morgen vorzubereiten. Der Nachmittag verband wertvolles Wissen mit praktischen Erfahrungen. Die Besucher konnten unseren laufenden Paprika-Growbag-Versuch besichtigen, Ergebnisse vergleichen und<\/p>\n","protected":false},"author":14,"featured_media":0,"comment_status":"open","ping_status":"open","sticky":false,"template":"","format":"standard","meta":{"_acf_changed":false,"inline_featured_image":false,"footnotes":""},"categories":[135],"tags":[],"class_list":["post-91053","post","type-post","status-publish","format-standard","hentry","category-kompetenzen"],"acf":[],"yoast_head":"<!-- This site is optimized with the Yoast SEO plugin v27.5 - https:\/\/yoast.com\/product\/yoast-seo-wordpress\/ -->\n<title>Resilienter Paprikaanbau in der Praxis \u2013 sehen Sie es sich noch vor Ende August an! - Klasmann-Deilmann<\/title>\n<meta name=\"description\" content=\"Resilienten Paprika-Anbau live erleben: Innovative Substrate, nachhaltige Strategien und Praxistest-Ergebnisse \u2013 Besuchen Sie uns bis Ende August.\" \/>\n<meta name=\"robots\" content=\"index, follow, max-snippet:-1, max-image-preview:large, max-video-preview:-1\" \/>\n<link rel=\"canonical\" href=\"https:\/\/klasmann-deilmann.com\/de\/resilienter-paprikaanbau-in-der-praxis-sehen-sie-es-sich-noch-vor-ende-august-an\/\" \/>\n<meta property=\"og:locale\" content=\"de_DE\" \/>\n<meta property=\"og:type\" content=\"article\" \/>\n<meta property=\"og:title\" content=\"Resilienter Paprikaanbau in der Praxis \u2013 sehen Sie es sich noch vor Ende August an! - Klasmann-Deilmann\" \/>\n<meta property=\"og:description\" content=\"Resilienten Paprika-Anbau live erleben: Innovative Substrate, nachhaltige Strategien und Praxistest-Ergebnisse \u2013 Besuchen Sie uns bis Ende August.\" \/>\n<meta property=\"og:url\" content=\"https:\/\/klasmann-deilmann.com\/de\/resilienter-paprikaanbau-in-der-praxis-sehen-sie-es-sich-noch-vor-ende-august-an\/\" \/>\n<meta property=\"og:site_name\" content=\"Klasmann-Deilmann\" \/>\n<meta property=\"article:published_time\" content=\"2025-08-12T13:09:48+00:00\" \/>\n<meta name=\"author\" content=\"Annette Schindler\" \/>\n<meta name=\"twitter:card\" content=\"summary_large_image\" \/>\n<meta name=\"twitter:label1\" content=\"Verfasst von\" \/>\n\t<meta name=\"twitter:data1\" content=\"Annette Schindler\" \/>\n\t<meta name=\"twitter:label2\" content=\"Gesch\u00e4tzte Lesezeit\" \/>\n\t<meta name=\"twitter:data2\" content=\"3\u00a0Minuten\" \/>\n<script type=\"application\/ld+json\" class=\"yoast-schema-graph\">{\"@context\":\"https:\\\/\\\/schema.org\",\"@graph\":[{\"@type\":\"Article\",\"@id\":\"https:\\\/\\\/klasmann-deilmann.com\\\/de\\\/resilienter-paprikaanbau-in-der-praxis-sehen-sie-es-sich-noch-vor-ende-august-an\\\/#article\",\"isPartOf\":{\"@id\":\"https:\\\/\\\/klasmann-deilmann.com\\\/de\\\/resilienter-paprikaanbau-in-der-praxis-sehen-sie-es-sich-noch-vor-ende-august-an\\\/\"},\"author\":{\"name\":\"Annette Schindler\",\"@id\":\"https:\\\/\\\/klasmann-deilmann.com\\\/en\\\/#\\\/schema\\\/person\\\/8d49f7c13f73b7ed2a379b67860ca862\"},\"headline\":\"Resilienter Paprikaanbau in der Praxis \u2013 sehen Sie es sich noch vor Ende August an!\",\"datePublished\":\"2025-08-12T13:09:48+00:00\",\"mainEntityOfPage\":{\"@id\":\"https:\\\/\\\/klasmann-deilmann.com\\\/de\\\/resilienter-paprikaanbau-in-der-praxis-sehen-sie-es-sich-noch-vor-ende-august-an\\\/\"},\"wordCount\":578,\"commentCount\":0,\"articleSection\":[\"Kompetenzen\"],\"inLanguage\":\"de\",\"potentialAction\":[{\"@type\":\"CommentAction\",\"name\":\"Comment\",\"target\":[\"https:\\\/\\\/klasmann-deilmann.com\\\/de\\\/resilienter-paprikaanbau-in-der-praxis-sehen-sie-es-sich-noch-vor-ende-august-an\\\/#respond\"]}]},{\"@type\":\"WebPage\",\"@id\":\"https:\\\/\\\/klasmann-deilmann.com\\\/de\\\/resilienter-paprikaanbau-in-der-praxis-sehen-sie-es-sich-noch-vor-ende-august-an\\\/\",\"url\":\"https:\\\/\\\/klasmann-deilmann.com\\\/de\\\/resilienter-paprikaanbau-in-der-praxis-sehen-sie-es-sich-noch-vor-ende-august-an\\\/\",\"name\":\"Resilienter Paprikaanbau in der Praxis \u2013 sehen Sie es sich noch vor Ende August an! - Klasmann-Deilmann\",\"isPartOf\":{\"@id\":\"https:\\\/\\\/klasmann-deilmann.com\\\/en\\\/#website\"},\"datePublished\":\"2025-08-12T13:09:48+00:00\",\"author\":{\"@id\":\"https:\\\/\\\/klasmann-deilmann.com\\\/en\\\/#\\\/schema\\\/person\\\/8d49f7c13f73b7ed2a379b67860ca862\"},\"description\":\"Resilienten Paprika-Anbau live erleben: Innovative Substrate, nachhaltige Strategien und Praxistest-Ergebnisse \u2013 Besuchen Sie uns bis Ende August.\",\"breadcrumb\":{\"@id\":\"https:\\\/\\\/klasmann-deilmann.com\\\/de\\\/resilienter-paprikaanbau-in-der-praxis-sehen-sie-es-sich-noch-vor-ende-august-an\\\/#breadcrumb\"},\"inLanguage\":\"de\",\"potentialAction\":[{\"@type\":\"ReadAction\",\"target\":[\"https:\\\/\\\/klasmann-deilmann.com\\\/de\\\/resilienter-paprikaanbau-in-der-praxis-sehen-sie-es-sich-noch-vor-ende-august-an\\\/\"]}]},{\"@type\":\"BreadcrumbList\",\"@id\":\"https:\\\/\\\/klasmann-deilmann.com\\\/de\\\/resilienter-paprikaanbau-in-der-praxis-sehen-sie-es-sich-noch-vor-ende-august-an\\\/#breadcrumb\",\"itemListElement\":[{\"@type\":\"ListItem\",\"position\":1,\"name\":\"Home\",\"item\":\"https:\\\/\\\/klasmann-deilmann.com\\\/de\\\/\"},{\"@type\":\"ListItem\",\"position\":2,\"name\":\"Resilienter Paprikaanbau in der Praxis \u2013 sehen Sie es sich noch vor Ende August an!\"}]},{\"@type\":\"WebSite\",\"@id\":\"https:\\\/\\\/klasmann-deilmann.com\\\/en\\\/#website\",\"url\":\"https:\\\/\\\/klasmann-deilmann.com\\\/en\\\/\",\"name\":\"Klasmann-Deilmann\",\"description\":\"\",\"potentialAction\":[{\"@type\":\"SearchAction\",\"target\":{\"@type\":\"EntryPoint\",\"urlTemplate\":\"https:\\\/\\\/klasmann-deilmann.com\\\/en\\\/?s={search_term_string}\"},\"query-input\":{\"@type\":\"PropertyValueSpecification\",\"valueRequired\":true,\"valueName\":\"search_term_string\"}}],\"inLanguage\":\"de\"},{\"@type\":\"Person\",\"@id\":\"https:\\\/\\\/klasmann-deilmann.com\\\/en\\\/#\\\/schema\\\/person\\\/8d49f7c13f73b7ed2a379b67860ca862\",\"name\":\"Annette Schindler\",\"image\":{\"@type\":\"ImageObject\",\"inLanguage\":\"de\",\"@id\":\"https:\\\/\\\/secure.gravatar.com\\\/avatar\\\/c6187481f9efb3f35697c7e6a8994c8eca86b16438b2a0cd1125c6ade3ff297e?s=96&d=mm&r=g\",\"url\":\"https:\\\/\\\/secure.gravatar.com\\\/avatar\\\/c6187481f9efb3f35697c7e6a8994c8eca86b16438b2a0cd1125c6ade3ff297e?s=96&d=mm&r=g\",\"contentUrl\":\"https:\\\/\\\/secure.gravatar.com\\\/avatar\\\/c6187481f9efb3f35697c7e6a8994c8eca86b16438b2a0cd1125c6ade3ff297e?s=96&d=mm&r=g\",\"caption\":\"Annette Schindler\"},\"sameAs\":[\"http:\\\/\\\/klasmann-deilmann.com\"],\"url\":\"https:\\\/\\\/klasmann-deilmann.com\\\/de\\\/author\\\/annette-schindler\\\/\"}]}<\/script>\n<!-- \/ Yoast SEO plugin. -->","yoast_head_json":{"title":"Resilienter Paprikaanbau in der Praxis \u2013 sehen Sie es sich noch vor Ende August an! - Klasmann-Deilmann","description":"Resilienten Paprika-Anbau live erleben: Innovative Substrate, nachhaltige Strategien und Praxistest-Ergebnisse \u2013 Besuchen Sie uns bis Ende August.","robots":{"index":"index","follow":"follow","max-snippet":"max-snippet:-1","max-image-preview":"max-image-preview:large","max-video-preview":"max-video-preview:-1"},"canonical":"https:\/\/klasmann-deilmann.com\/de\/resilienter-paprikaanbau-in-der-praxis-sehen-sie-es-sich-noch-vor-ende-august-an\/","og_locale":"de_DE","og_type":"article","og_title":"Resilienter Paprikaanbau in der Praxis \u2013 sehen Sie es sich noch vor Ende August an! - Klasmann-Deilmann","og_description":"Resilienten Paprika-Anbau live erleben: Innovative Substrate, nachhaltige Strategien und Praxistest-Ergebnisse \u2013 Besuchen Sie uns bis Ende August.","og_url":"https:\/\/klasmann-deilmann.com\/de\/resilienter-paprikaanbau-in-der-praxis-sehen-sie-es-sich-noch-vor-ende-august-an\/","og_site_name":"Klasmann-Deilmann","article_published_time":"2025-08-12T13:09:48+00:00","author":"Annette Schindler","twitter_card":"summary_large_image","twitter_misc":{"Verfasst von":"Annette Schindler","Gesch\u00e4tzte Lesezeit":"3\u00a0Minuten"},"schema":{"@context":"https:\/\/schema.org","@graph":[{"@type":"Article","@id":"https:\/\/klasmann-deilmann.com\/de\/resilienter-paprikaanbau-in-der-praxis-sehen-sie-es-sich-noch-vor-ende-august-an\/#article","isPartOf":{"@id":"https:\/\/klasmann-deilmann.com\/de\/resilienter-paprikaanbau-in-der-praxis-sehen-sie-es-sich-noch-vor-ende-august-an\/"},"author":{"name":"Annette Schindler","@id":"https:\/\/klasmann-deilmann.com\/en\/#\/schema\/person\/8d49f7c13f73b7ed2a379b67860ca862"},"headline":"Resilienter Paprikaanbau in der Praxis \u2013 sehen Sie es sich noch vor Ende August an!","datePublished":"2025-08-12T13:09:48+00:00","mainEntityOfPage":{"@id":"https:\/\/klasmann-deilmann.com\/de\/resilienter-paprikaanbau-in-der-praxis-sehen-sie-es-sich-noch-vor-ende-august-an\/"},"wordCount":578,"commentCount":0,"articleSection":["Kompetenzen"],"inLanguage":"de","potentialAction":[{"@type":"CommentAction","name":"Comment","target":["https:\/\/klasmann-deilmann.com\/de\/resilienter-paprikaanbau-in-der-praxis-sehen-sie-es-sich-noch-vor-ende-august-an\/#respond"]}]},{"@type":"WebPage","@id":"https:\/\/klasmann-deilmann.com\/de\/resilienter-paprikaanbau-in-der-praxis-sehen-sie-es-sich-noch-vor-ende-august-an\/","url":"https:\/\/klasmann-deilmann.com\/de\/resilienter-paprikaanbau-in-der-praxis-sehen-sie-es-sich-noch-vor-ende-august-an\/","name":"Resilienter Paprikaanbau in der Praxis \u2013 sehen Sie es sich noch vor Ende August an! - Klasmann-Deilmann","isPartOf":{"@id":"https:\/\/klasmann-deilmann.com\/en\/#website"},"datePublished":"2025-08-12T13:09:48+00:00","author":{"@id":"https:\/\/klasmann-deilmann.com\/en\/#\/schema\/person\/8d49f7c13f73b7ed2a379b67860ca862"},"description":"Resilienten Paprika-Anbau live erleben: Innovative Substrate, nachhaltige Strategien und Praxistest-Ergebnisse \u2013 Besuchen Sie uns bis Ende August.","breadcrumb":{"@id":"https:\/\/klasmann-deilmann.com\/de\/resilienter-paprikaanbau-in-der-praxis-sehen-sie-es-sich-noch-vor-ende-august-an\/#breadcrumb"},"inLanguage":"de","potentialAction":[{"@type":"ReadAction","target":["https:\/\/klasmann-deilmann.com\/de\/resilienter-paprikaanbau-in-der-praxis-sehen-sie-es-sich-noch-vor-ende-august-an\/"]}]},{"@type":"BreadcrumbList","@id":"https:\/\/klasmann-deilmann.com\/de\/resilienter-paprikaanbau-in-der-praxis-sehen-sie-es-sich-noch-vor-ende-august-an\/#breadcrumb","itemListElement":[{"@type":"ListItem","position":1,"name":"Home","item":"https:\/\/klasmann-deilmann.com\/de\/"},{"@type":"ListItem","position":2,"name":"Resilienter Paprikaanbau in der Praxis \u2013 sehen Sie es sich noch vor Ende August an!"}]},{"@type":"WebSite","@id":"https:\/\/klasmann-deilmann.com\/en\/#website","url":"https:\/\/klasmann-deilmann.com\/en\/","name":"Klasmann-Deilmann","description":"","potentialAction":[{"@type":"SearchAction","target":{"@type":"EntryPoint","urlTemplate":"https:\/\/klasmann-deilmann.com\/en\/?s={search_term_string}"},"query-input":{"@type":"PropertyValueSpecification","valueRequired":true,"valueName":"search_term_string"}}],"inLanguage":"de"},{"@type":"Person","@id":"https:\/\/klasmann-deilmann.com\/en\/#\/schema\/person\/8d49f7c13f73b7ed2a379b67860ca862","name":"Annette Schindler","image":{"@type":"ImageObject","inLanguage":"de","@id":"https:\/\/secure.gravatar.com\/avatar\/c6187481f9efb3f35697c7e6a8994c8eca86b16438b2a0cd1125c6ade3ff297e?s=96&d=mm&r=g","url":"https:\/\/secure.gravatar.com\/avatar\/c6187481f9efb3f35697c7e6a8994c8eca86b16438b2a0cd1125c6ade3ff297e?s=96&d=mm&r=g","contentUrl":"https:\/\/secure.gravatar.com\/avatar\/c6187481f9efb3f35697c7e6a8994c8eca86b16438b2a0cd1125c6ade3ff297e?s=96&d=mm&r=g","caption":"Annette Schindler"},"sameAs":["http:\/\/klasmann-deilmann.com"],"url":"https:\/\/klasmann-deilmann.com\/de\/author\/annette-schindler\/"}]}},"_links":{"self":[{"href":"https:\/\/klasmann-deilmann.com\/de\/wp-json\/wp\/v2\/posts\/91053","targetHints":{"allow":["GET"]}}],"collection":[{"href":"https:\/\/klasmann-deilmann.com\/de\/wp-json\/wp\/v2\/posts"}],"about":[{"href":"https:\/\/klasmann-deilmann.com\/de\/wp-json\/wp\/v2\/types\/post"}],"author":[{"embeddable":true,"href":"https:\/\/klasmann-deilmann.com\/de\/wp-json\/wp\/v2\/users\/14"}],"replies":[{"embeddable":true,"href":"https:\/\/klasmann-deilmann.com\/de\/wp-json\/wp\/v2\/comments?post=91053"}],"version-history":[{"count":1,"href":"https:\/\/klasmann-deilmann.com\/de\/wp-json\/wp\/v2\/posts\/91053\/revisions"}],"predecessor-version":[{"id":91054,"href":"https:\/\/klasmann-deilmann.com\/de\/wp-json\/wp\/v2\/posts\/91053\/revisions\/91054"}],"wp:attachment":[{"href":"https:\/\/klasmann-deilmann.com\/de\/wp-json\/wp\/v2\/media?parent=91053"}],"wp:term":[{"taxonomy":"category","embeddable":true,"href":"https:\/\/klasmann-deilmann.com\/de\/wp-json\/wp\/v2\/categories?post=91053"},{"taxonomy":"post_tag","embeddable":true,"href":"https:\/\/klasmann-deilmann.com\/de\/wp-json\/wp\/v2\/tags?post=91053"}],"curies":[{"name":"wp","href":"https:\/\/api.w.org\/{rel}","templated":true}]}}