{"id":90633,"date":"2025-07-14T13:35:28","date_gmt":"2025-07-14T11:35:28","guid":{"rendered":"https:\/\/klasmann-deilmann.com\/?p=90633"},"modified":"2025-07-14T13:35:28","modified_gmt":"2025-07-14T11:35:28","slug":"rueckenwind-fuer-den-gartenbau","status":"publish","type":"post","link":"https:\/\/klasmann-deilmann.com\/de\/rueckenwind-fuer-den-gartenbau\/","title":{"rendered":"R\u00fcckenwind f\u00fcr den Gartenbau"},"content":{"rendered":"<p><strong><img loading=\"lazy\" decoding=\"async\" width=\"1800\" height=\"1350\" class=\"aligncenter size-full wp-image-90620\" src=\"\/wp-content\/uploads\/2025-07-14-TASPO-Erden-und-Substarte_BLOG.jpg\" alt=\"\" srcset=\"https:\/\/klasmann-deilmann.com\/wp-content\/uploads\/2025-07-14-TASPO-Erden-und-Substarte_BLOG.jpg 1800w, https:\/\/klasmann-deilmann.com\/wp-content\/uploads\/2025-07-14-TASPO-Erden-und-Substarte_BLOG-300x225.jpg 300w, https:\/\/klasmann-deilmann.com\/wp-content\/uploads\/2025-07-14-TASPO-Erden-und-Substarte_BLOG-1024x768.jpg 1024w, https:\/\/klasmann-deilmann.com\/wp-content\/uploads\/2025-07-14-TASPO-Erden-und-Substarte_BLOG-768x576.jpg 768w, https:\/\/klasmann-deilmann.com\/wp-content\/uploads\/2025-07-14-TASPO-Erden-und-Substarte_BLOG-1536x1152.jpg 1536w\" sizes=\"auto, (max-width: 1800px) 100vw, 1800px\" \/><\/strong><\/p>\n<p><strong>Moritz B\u00f6cking in der TASPO<\/strong><\/p>\n<p>Im Sonderteil \u201eErden &amp; Substrate\u201c der Fachzeitschrift TASPO war Klasmann-Deilmann Ende Juni gleich mehrfach vertreten. Unter der \u00dcberschrift \u201eDie Substratbranche braucht Planungssicherheit\u201c gab Gesch\u00e4ftsf\u00fchrer Moritz B\u00f6cking einen ausf\u00fchrlichen Kommentar zu wichtigen gartenbaulichen Entwicklungen. Er sprach sich f\u00fcr verl\u00e4ssliche Rahmenbedingungen und mehr Unterst\u00fctzung durch die Politik aus. Angesichts hoher Energiepreise, zunehmender B\u00fcrokratie und des internationalen Wettbewerbs brauche der Gartenbau dringend neuen R\u00fcckenwind. Zudem betonte er die Notwendigkeit eines Runden Tisches mit allen relevanten Akteuren, um verbindliche Leitplanken f\u00fcr den Einsatz von Torf und alternativen Ausgangsstoffen zu schaffen.<\/p>\n<p>Neben dem Kommentar erschien auch ein Beitrag zu TerraCoal. Darin wurde deutlich, dass unsere innovative Pflanzenkohle nicht nur die Strukturstabilit\u00e4t von Substraten verbessert, sondern auch aktiv zum Klimaschutz beitr\u00e4gt.&nbsp;<\/p>\n<p><strong><br \/>\nMoritz B\u00f6cking: Die Substratbranche braucht Planungssicherheit<\/strong><\/p>\n<p><strong>Politik:<\/strong> Der Gartenbau in Deutschland braucht ebenso frischen R\u00fcckenwind wie die gesamte Wirtschaft. Hohe Energiepreise, hohe Steuern, hohe L\u00f6hne, zu viel B\u00fcrokratie und starker Wettbewerb aus dem Ausland bremsen auch die Gr\u00fcne Branche aus. Wir hoffen, dass die neue Bundesregierung den gesamten Apparat drastisch verschlankt und der Wirtschaft samt Gartenbau wieder Bewegungsfreiheit verschafft. Wir sind eine Branche, die anpacken will. Die Politik kann daf\u00fcr das Umfeld schaffen.<\/p>\n<p><strong>Torfminderung:<\/strong> Wesentliche Voraussetzung f\u00fcr die Herstellung kultursicherer Substrate ist die Verf\u00fcgbarkeit geeigneter Rohstoffe. Neben Torf sichert sich die Substratbranche den Zugang zu Holz, Kompost, Kokos und anderen Komponenten und erweitert Produktionskapazit\u00e4ten. Damit sind umfangreiche Investitionen verbunden, die unsere mittelst\u00e4ndisch gepr\u00e4gte Branche vor gro\u00dfe Herausforderungen stellen. Um eine wirtschaftlich und nachhaltig tragf\u00e4hige Zukunft zu schaffen, braucht die Substratindustrie Planungssicherheit. Die neue Bundesregierung sollte z\u00fcgig einen Runden Tisch mit IVG, ZVG, den Ministerien und anderen Instanzen einberufen, um verbindliche Leitplanken f\u00fcr die Torfnutzung und den Zugriff auf alternative Ausgangsstoffe zu setzen.<\/p>\n<p><strong>Alternative Ausgangsstoffe:<\/strong> Klasmann-Deilmann sichert sich die ben\u00f6tigten Rohstoffe durch langfristige Liefervertr\u00e4ge oder investiert in deren eigene Herstellung. Insofern k\u00f6nnen wir nicht von Knappheit reden. Doch f\u00fcr weitere gro\u00dfe Schritte auf dem Weg der Torfminderung wird die Luft d\u00fcnner. Sollten die Torfersatzquoten deutlich steigen, m\u00fcssen zuk\u00fcnftige Ressourcen auch aus dem Ausland importiert werden.<\/p>\n<p><strong>Forschung &amp; Entwicklung:<\/strong> Forschung und Entwicklung bleiben von elementarer Bedeutung, um innovative Substrate mit optimierten Eigenschaften zu entwickeln, die die Kultursicherheit gew\u00e4hrleisten. Wir sind jedoch l\u00e4ngst an dem Punkt angelangt, an dem wir fl\u00e4chendeckend mehr erreichen k\u00f6nnten. Viele Substratmischungen mit alternativen Ausgangsstoffen wurden bereits erprobt. Die Herausforderung besteht nun darin, diese Erkenntnisse fl\u00e4chendeckend in die Praxis umzusetzen. Die Umstellung erfordert vom Gartenbaubetrieb ein Umdenken und Anpassungen bei der Kulturf\u00fchrung. Zudem besteht die Sorge vor Misserfolgen, h\u00f6heren Ausfallraten und wirtschaftlichen Einbu\u00dfen. Wenn die Politik einen sinnvollen Beitrag leisten m\u00f6chte, sollte sie einen Teil des gartenbaulichen Risikos absichern.<\/p>\n<p><strong>Investitionen:<\/strong> Klasmann-Deilmann investiert in diesem Jahr in eine neue Fabrik sowie in neue Produktionslinien in Deutschland. Unser Unternehmen setzt dabei ebenso auf Torf wie auf nachwachsende Rohstoffe. Wir gehen damit in Vorleistung zur langfristig sicheren Versorgung der heimischen Gartenbaubetriebe mit hochwertigen Kultursubstraten.<\/p>\n<p><img loading=\"lazy\" decoding=\"async\" width=\"1800\" height=\"1350\" class=\"aligncenter size-full wp-image-90620\" src=\"\/wp-content\/uploads\/2025-07-14-TASPO-Erden-und-Substarte_BLOG.jpg\" alt=\"\" srcset=\"https:\/\/klasmann-deilmann.com\/wp-content\/uploads\/2025-07-14-TASPO-Erden-und-Substarte_BLOG.jpg 1800w, https:\/\/klasmann-deilmann.com\/wp-content\/uploads\/2025-07-14-TASPO-Erden-und-Substarte_BLOG-300x225.jpg 300w, https:\/\/klasmann-deilmann.com\/wp-content\/uploads\/2025-07-14-TASPO-Erden-und-Substarte_BLOG-1024x768.jpg 1024w, https:\/\/klasmann-deilmann.com\/wp-content\/uploads\/2025-07-14-TASPO-Erden-und-Substarte_BLOG-768x576.jpg 768w, https:\/\/klasmann-deilmann.com\/wp-content\/uploads\/2025-07-14-TASPO-Erden-und-Substarte_BLOG-1536x1152.jpg 1536w\" sizes=\"auto, (max-width: 1800px) 100vw, 1800px\" \/><\/p>\n","protected":false},"excerpt":{"rendered":"<p>Moritz B\u00f6cking in der TASPO Im Sonderteil \u201eErden &amp; Substrate\u201c der Fachzeitschrift TASPO war Klasmann-Deilmann Ende Juni gleich mehrfach vertreten. Unter der \u00dcberschrift \u201eDie Substratbranche braucht Planungssicherheit\u201c gab Gesch\u00e4ftsf\u00fchrer Moritz B\u00f6cking einen ausf\u00fchrlichen Kommentar zu wichtigen gartenbaulichen Entwicklungen. Er sprach sich f\u00fcr verl\u00e4ssliche Rahmenbedingungen und mehr Unterst\u00fctzung durch die Politik aus. Angesichts hoher Energiepreise, zunehmender B\u00fcrokratie und des internationalen Wettbewerbs brauche der Gartenbau dringend neuen R\u00fcckenwind. Zudem betonte er die Notwendigkeit eines Runden Tisches mit allen relevanten Akteuren, um verbindliche<\/p>\n","protected":false},"author":14,"featured_media":0,"comment_status":"open","ping_status":"open","sticky":false,"template":"","format":"standard","meta":{"_acf_changed":false,"inline_featured_image":false,"footnotes":""},"categories":[606],"tags":[],"class_list":["post-90633","post","type-post","status-publish","format-standard","hentry","category-unternehmen-2"],"acf":[],"yoast_head":"<!-- This site is optimized with the Yoast SEO plugin v27.5 - https:\/\/yoast.com\/product\/yoast-seo-wordpress\/ -->\n<title>R\u00fcckenwind f\u00fcr den Gartenbau - Klasmann-Deilmann<\/title>\n<meta name=\"robots\" content=\"index, follow, max-snippet:-1, max-image-preview:large, max-video-preview:-1\" \/>\n<link rel=\"canonical\" href=\"https:\/\/klasmann-deilmann.com\/de\/rueckenwind-fuer-den-gartenbau\/\" \/>\n<meta property=\"og:locale\" content=\"de_DE\" \/>\n<meta property=\"og:type\" content=\"article\" \/>\n<meta property=\"og:title\" content=\"R\u00fcckenwind f\u00fcr den Gartenbau - Klasmann-Deilmann\" \/>\n<meta property=\"og:description\" content=\"Moritz B\u00f6cking in der TASPO Im Sonderteil \u201eErden &amp; Substrate\u201c der Fachzeitschrift TASPO war Klasmann-Deilmann Ende Juni gleich mehrfach vertreten. Unter der \u00dcberschrift \u201eDie Substratbranche braucht Planungssicherheit\u201c gab Gesch\u00e4ftsf\u00fchrer Moritz B\u00f6cking einen ausf\u00fchrlichen Kommentar zu wichtigen gartenbaulichen Entwicklungen. Er sprach sich f\u00fcr verl\u00e4ssliche Rahmenbedingungen und mehr Unterst\u00fctzung durch die Politik aus. Angesichts hoher Energiepreise, zunehmender B\u00fcrokratie und des internationalen Wettbewerbs brauche der Gartenbau dringend neuen R\u00fcckenwind. Zudem betonte er die Notwendigkeit eines Runden Tisches mit allen relevanten Akteuren, um verbindliche\" \/>\n<meta property=\"og:url\" content=\"https:\/\/klasmann-deilmann.com\/de\/rueckenwind-fuer-den-gartenbau\/\" \/>\n<meta property=\"og:site_name\" content=\"Klasmann-Deilmann\" \/>\n<meta property=\"article:published_time\" content=\"2025-07-14T11:35:28+00:00\" \/>\n<meta name=\"author\" content=\"Annette Schindler\" \/>\n<meta name=\"twitter:card\" content=\"summary_large_image\" \/>\n<meta name=\"twitter:label1\" content=\"Verfasst von\" \/>\n\t<meta name=\"twitter:data1\" content=\"Annette Schindler\" \/>\n\t<meta name=\"twitter:label2\" content=\"Gesch\u00e4tzte Lesezeit\" \/>\n\t<meta name=\"twitter:data2\" content=\"3\u00a0Minuten\" \/>\n<script type=\"application\/ld+json\" class=\"yoast-schema-graph\">{\"@context\":\"https:\\\/\\\/schema.org\",\"@graph\":[{\"@type\":\"Article\",\"@id\":\"https:\\\/\\\/klasmann-deilmann.com\\\/de\\\/rueckenwind-fuer-den-gartenbau\\\/#article\",\"isPartOf\":{\"@id\":\"https:\\\/\\\/klasmann-deilmann.com\\\/de\\\/rueckenwind-fuer-den-gartenbau\\\/\"},\"author\":{\"name\":\"Annette Schindler\",\"@id\":\"https:\\\/\\\/klasmann-deilmann.com\\\/en\\\/#\\\/schema\\\/person\\\/8d49f7c13f73b7ed2a379b67860ca862\"},\"headline\":\"R\u00fcckenwind f\u00fcr den Gartenbau\",\"datePublished\":\"2025-07-14T11:35:28+00:00\",\"mainEntityOfPage\":{\"@id\":\"https:\\\/\\\/klasmann-deilmann.com\\\/de\\\/rueckenwind-fuer-den-gartenbau\\\/\"},\"wordCount\":524,\"commentCount\":0,\"articleSection\":[\"Unternehmen\"],\"inLanguage\":\"de\",\"potentialAction\":[{\"@type\":\"CommentAction\",\"name\":\"Comment\",\"target\":[\"https:\\\/\\\/klasmann-deilmann.com\\\/de\\\/rueckenwind-fuer-den-gartenbau\\\/#respond\"]}]},{\"@type\":\"WebPage\",\"@id\":\"https:\\\/\\\/klasmann-deilmann.com\\\/de\\\/rueckenwind-fuer-den-gartenbau\\\/\",\"url\":\"https:\\\/\\\/klasmann-deilmann.com\\\/de\\\/rueckenwind-fuer-den-gartenbau\\\/\",\"name\":\"R\u00fcckenwind f\u00fcr den Gartenbau - Klasmann-Deilmann\",\"isPartOf\":{\"@id\":\"https:\\\/\\\/klasmann-deilmann.com\\\/en\\\/#website\"},\"datePublished\":\"2025-07-14T11:35:28+00:00\",\"author\":{\"@id\":\"https:\\\/\\\/klasmann-deilmann.com\\\/en\\\/#\\\/schema\\\/person\\\/8d49f7c13f73b7ed2a379b67860ca862\"},\"breadcrumb\":{\"@id\":\"https:\\\/\\\/klasmann-deilmann.com\\\/de\\\/rueckenwind-fuer-den-gartenbau\\\/#breadcrumb\"},\"inLanguage\":\"de\",\"potentialAction\":[{\"@type\":\"ReadAction\",\"target\":[\"https:\\\/\\\/klasmann-deilmann.com\\\/de\\\/rueckenwind-fuer-den-gartenbau\\\/\"]}]},{\"@type\":\"BreadcrumbList\",\"@id\":\"https:\\\/\\\/klasmann-deilmann.com\\\/de\\\/rueckenwind-fuer-den-gartenbau\\\/#breadcrumb\",\"itemListElement\":[{\"@type\":\"ListItem\",\"position\":1,\"name\":\"Home\",\"item\":\"https:\\\/\\\/klasmann-deilmann.com\\\/de\\\/\"},{\"@type\":\"ListItem\",\"position\":2,\"name\":\"R\u00fcckenwind f\u00fcr den Gartenbau\"}]},{\"@type\":\"WebSite\",\"@id\":\"https:\\\/\\\/klasmann-deilmann.com\\\/en\\\/#website\",\"url\":\"https:\\\/\\\/klasmann-deilmann.com\\\/en\\\/\",\"name\":\"Klasmann-Deilmann\",\"description\":\"\",\"potentialAction\":[{\"@type\":\"SearchAction\",\"target\":{\"@type\":\"EntryPoint\",\"urlTemplate\":\"https:\\\/\\\/klasmann-deilmann.com\\\/en\\\/?s={search_term_string}\"},\"query-input\":{\"@type\":\"PropertyValueSpecification\",\"valueRequired\":true,\"valueName\":\"search_term_string\"}}],\"inLanguage\":\"de\"},{\"@type\":\"Person\",\"@id\":\"https:\\\/\\\/klasmann-deilmann.com\\\/en\\\/#\\\/schema\\\/person\\\/8d49f7c13f73b7ed2a379b67860ca862\",\"name\":\"Annette Schindler\",\"image\":{\"@type\":\"ImageObject\",\"inLanguage\":\"de\",\"@id\":\"https:\\\/\\\/secure.gravatar.com\\\/avatar\\\/c6187481f9efb3f35697c7e6a8994c8eca86b16438b2a0cd1125c6ade3ff297e?s=96&d=mm&r=g\",\"url\":\"https:\\\/\\\/secure.gravatar.com\\\/avatar\\\/c6187481f9efb3f35697c7e6a8994c8eca86b16438b2a0cd1125c6ade3ff297e?s=96&d=mm&r=g\",\"contentUrl\":\"https:\\\/\\\/secure.gravatar.com\\\/avatar\\\/c6187481f9efb3f35697c7e6a8994c8eca86b16438b2a0cd1125c6ade3ff297e?s=96&d=mm&r=g\",\"caption\":\"Annette Schindler\"},\"sameAs\":[\"http:\\\/\\\/klasmann-deilmann.com\"],\"url\":\"https:\\\/\\\/klasmann-deilmann.com\\\/de\\\/author\\\/annette-schindler\\\/\"}]}<\/script>\n<!-- \/ Yoast SEO plugin. -->","yoast_head_json":{"title":"R\u00fcckenwind f\u00fcr den Gartenbau - Klasmann-Deilmann","robots":{"index":"index","follow":"follow","max-snippet":"max-snippet:-1","max-image-preview":"max-image-preview:large","max-video-preview":"max-video-preview:-1"},"canonical":"https:\/\/klasmann-deilmann.com\/de\/rueckenwind-fuer-den-gartenbau\/","og_locale":"de_DE","og_type":"article","og_title":"R\u00fcckenwind f\u00fcr den Gartenbau - Klasmann-Deilmann","og_description":"Moritz B\u00f6cking in der TASPO Im Sonderteil \u201eErden &amp; Substrate\u201c der Fachzeitschrift TASPO war Klasmann-Deilmann Ende Juni gleich mehrfach vertreten. Unter der \u00dcberschrift \u201eDie Substratbranche braucht Planungssicherheit\u201c gab Gesch\u00e4ftsf\u00fchrer Moritz B\u00f6cking einen ausf\u00fchrlichen Kommentar zu wichtigen gartenbaulichen Entwicklungen. Er sprach sich f\u00fcr verl\u00e4ssliche Rahmenbedingungen und mehr Unterst\u00fctzung durch die Politik aus. Angesichts hoher Energiepreise, zunehmender B\u00fcrokratie und des internationalen Wettbewerbs brauche der Gartenbau dringend neuen R\u00fcckenwind. Zudem betonte er die Notwendigkeit eines Runden Tisches mit allen relevanten Akteuren, um verbindliche","og_url":"https:\/\/klasmann-deilmann.com\/de\/rueckenwind-fuer-den-gartenbau\/","og_site_name":"Klasmann-Deilmann","article_published_time":"2025-07-14T11:35:28+00:00","author":"Annette Schindler","twitter_card":"summary_large_image","twitter_misc":{"Verfasst von":"Annette Schindler","Gesch\u00e4tzte Lesezeit":"3\u00a0Minuten"},"schema":{"@context":"https:\/\/schema.org","@graph":[{"@type":"Article","@id":"https:\/\/klasmann-deilmann.com\/de\/rueckenwind-fuer-den-gartenbau\/#article","isPartOf":{"@id":"https:\/\/klasmann-deilmann.com\/de\/rueckenwind-fuer-den-gartenbau\/"},"author":{"name":"Annette Schindler","@id":"https:\/\/klasmann-deilmann.com\/en\/#\/schema\/person\/8d49f7c13f73b7ed2a379b67860ca862"},"headline":"R\u00fcckenwind f\u00fcr den Gartenbau","datePublished":"2025-07-14T11:35:28+00:00","mainEntityOfPage":{"@id":"https:\/\/klasmann-deilmann.com\/de\/rueckenwind-fuer-den-gartenbau\/"},"wordCount":524,"commentCount":0,"articleSection":["Unternehmen"],"inLanguage":"de","potentialAction":[{"@type":"CommentAction","name":"Comment","target":["https:\/\/klasmann-deilmann.com\/de\/rueckenwind-fuer-den-gartenbau\/#respond"]}]},{"@type":"WebPage","@id":"https:\/\/klasmann-deilmann.com\/de\/rueckenwind-fuer-den-gartenbau\/","url":"https:\/\/klasmann-deilmann.com\/de\/rueckenwind-fuer-den-gartenbau\/","name":"R\u00fcckenwind f\u00fcr den Gartenbau - Klasmann-Deilmann","isPartOf":{"@id":"https:\/\/klasmann-deilmann.com\/en\/#website"},"datePublished":"2025-07-14T11:35:28+00:00","author":{"@id":"https:\/\/klasmann-deilmann.com\/en\/#\/schema\/person\/8d49f7c13f73b7ed2a379b67860ca862"},"breadcrumb":{"@id":"https:\/\/klasmann-deilmann.com\/de\/rueckenwind-fuer-den-gartenbau\/#breadcrumb"},"inLanguage":"de","potentialAction":[{"@type":"ReadAction","target":["https:\/\/klasmann-deilmann.com\/de\/rueckenwind-fuer-den-gartenbau\/"]}]},{"@type":"BreadcrumbList","@id":"https:\/\/klasmann-deilmann.com\/de\/rueckenwind-fuer-den-gartenbau\/#breadcrumb","itemListElement":[{"@type":"ListItem","position":1,"name":"Home","item":"https:\/\/klasmann-deilmann.com\/de\/"},{"@type":"ListItem","position":2,"name":"R\u00fcckenwind f\u00fcr den Gartenbau"}]},{"@type":"WebSite","@id":"https:\/\/klasmann-deilmann.com\/en\/#website","url":"https:\/\/klasmann-deilmann.com\/en\/","name":"Klasmann-Deilmann","description":"","potentialAction":[{"@type":"SearchAction","target":{"@type":"EntryPoint","urlTemplate":"https:\/\/klasmann-deilmann.com\/en\/?s={search_term_string}"},"query-input":{"@type":"PropertyValueSpecification","valueRequired":true,"valueName":"search_term_string"}}],"inLanguage":"de"},{"@type":"Person","@id":"https:\/\/klasmann-deilmann.com\/en\/#\/schema\/person\/8d49f7c13f73b7ed2a379b67860ca862","name":"Annette Schindler","image":{"@type":"ImageObject","inLanguage":"de","@id":"https:\/\/secure.gravatar.com\/avatar\/c6187481f9efb3f35697c7e6a8994c8eca86b16438b2a0cd1125c6ade3ff297e?s=96&d=mm&r=g","url":"https:\/\/secure.gravatar.com\/avatar\/c6187481f9efb3f35697c7e6a8994c8eca86b16438b2a0cd1125c6ade3ff297e?s=96&d=mm&r=g","contentUrl":"https:\/\/secure.gravatar.com\/avatar\/c6187481f9efb3f35697c7e6a8994c8eca86b16438b2a0cd1125c6ade3ff297e?s=96&d=mm&r=g","caption":"Annette Schindler"},"sameAs":["http:\/\/klasmann-deilmann.com"],"url":"https:\/\/klasmann-deilmann.com\/de\/author\/annette-schindler\/"}]}},"_links":{"self":[{"href":"https:\/\/klasmann-deilmann.com\/de\/wp-json\/wp\/v2\/posts\/90633","targetHints":{"allow":["GET"]}}],"collection":[{"href":"https:\/\/klasmann-deilmann.com\/de\/wp-json\/wp\/v2\/posts"}],"about":[{"href":"https:\/\/klasmann-deilmann.com\/de\/wp-json\/wp\/v2\/types\/post"}],"author":[{"embeddable":true,"href":"https:\/\/klasmann-deilmann.com\/de\/wp-json\/wp\/v2\/users\/14"}],"replies":[{"embeddable":true,"href":"https:\/\/klasmann-deilmann.com\/de\/wp-json\/wp\/v2\/comments?post=90633"}],"version-history":[{"count":1,"href":"https:\/\/klasmann-deilmann.com\/de\/wp-json\/wp\/v2\/posts\/90633\/revisions"}],"predecessor-version":[{"id":90634,"href":"https:\/\/klasmann-deilmann.com\/de\/wp-json\/wp\/v2\/posts\/90633\/revisions\/90634"}],"wp:attachment":[{"href":"https:\/\/klasmann-deilmann.com\/de\/wp-json\/wp\/v2\/media?parent=90633"}],"wp:term":[{"taxonomy":"category","embeddable":true,"href":"https:\/\/klasmann-deilmann.com\/de\/wp-json\/wp\/v2\/categories?post=90633"},{"taxonomy":"post_tag","embeddable":true,"href":"https:\/\/klasmann-deilmann.com\/de\/wp-json\/wp\/v2\/tags?post=90633"}],"curies":[{"name":"wp","href":"https:\/\/api.w.org\/{rel}","templated":true}]}}