{"id":87632,"date":"2024-11-27T14:50:44","date_gmt":"2024-11-27T13:50:44","guid":{"rendered":"https:\/\/klasmann-deilmann.com\/?p=87632"},"modified":"2024-11-27T14:51:01","modified_gmt":"2024-11-27T13:51:01","slug":"zurueck-in-die-1970er","status":"publish","type":"post","link":"https:\/\/klasmann-deilmann.com\/de\/zurueck-in-die-1970er\/","title":{"rendered":"Zur\u00fcck in die 1970er"},"content":{"rendered":"<p><img loading=\"lazy\" decoding=\"async\" class=\"alignnone wp-image-87622 size-full\" src=\"https:\/\/klasmann-deilmann.com\/wp-content\/uploads\/2024-11-21-Jubilare-01-16-9-scaled.jpg\" alt=\"\" width=\"2560\" height=\"1440\" srcset=\"https:\/\/klasmann-deilmann.com\/wp-content\/uploads\/2024-11-21-Jubilare-01-16-9-scaled.jpg 2560w, https:\/\/klasmann-deilmann.com\/wp-content\/uploads\/2024-11-21-Jubilare-01-16-9-300x169.jpg 300w, https:\/\/klasmann-deilmann.com\/wp-content\/uploads\/2024-11-21-Jubilare-01-16-9-1024x576.jpg 1024w, https:\/\/klasmann-deilmann.com\/wp-content\/uploads\/2024-11-21-Jubilare-01-16-9-768x432.jpg 768w, https:\/\/klasmann-deilmann.com\/wp-content\/uploads\/2024-11-21-Jubilare-01-16-9-1536x864.jpg 1536w, https:\/\/klasmann-deilmann.com\/wp-content\/uploads\/2024-11-21-Jubilare-01-16-9-2048x1152.jpg 2048w\" sizes=\"auto, (max-width: 2560px) 100vw, 2560px\" \/><\/p>\n<p>Unsere diesj\u00e4hrigen Rentner\/innen und Jubilare haben sich mit Gesch\u00e4ftsf\u00fchrung, Betriebsrat, HR-Team und weiteren G\u00e4sten zu einer feierlichen Veranstaltung getroffen. Die Erinnerungen gingen an diesem Abend weit zur\u00fcck die Vergangenheit. Unser Kollege Heinz Tholen trat beispielsweise im Jahr 1975 in die damaligen Klasmann Werke ein. In der Festansprache blickte Gesch\u00e4ftsf\u00fchrer Damian Ikemann daher auf f\u00fcnfzig Jahre spannende Unternehmensgeschichte zur\u00fcck. Er sagte: \u201eWir sind ein erfolgreiches Unternehmen, weil wir Sie haben. Wir machen die besten Substrate, weil Sie sich ins Zeug legen. Wir werden erfolgreich bleiben, weil wir Kolleginnen und Kollegen wie Sie haben. Daher m\u00f6chte ich Ihnen im Namen von Klasmann-Deilmann herzlich danken: f\u00fcr Ihre lange Treue, Ihren kontinuierlichen Einsatz im Unternehmen, dass Sie sich Tag f\u00fcr Tag f\u00fcr unser Unternehmen stark machen. Klasmann-Deilmann w\u00e4re nichts ohne Mitarbeiterinnen und Mitarbeiter wie Sie. Vielen Dank f\u00fcr alles.\u201c<\/p>\n<p>Unser Bild zeigt von links: Betriebsrat Ilja Filipenko, Rentner Herbert Sch\u00fclke, Alina Heine (HR), Rentner Wilfried Meinen, Dirk Sajogo (Director HR &amp; Legal), Jannis Staelberg (Gesch\u00e4ftsf\u00fchrer Produktionsgesellschaften Nord &amp; S\u00fcd), Matthias Hermsen (Gesch\u00e4ftsf\u00fchrer Produktionsgesellschaften Nord &amp; S\u00fcd), Damian Ikemann (Gesch\u00e4ftsf\u00fchrer Klasmann-Deilmann-Gruppe), Rentner Josef Franzke, Jubilarin Mechthild Drees, Renterin Edith Pleus, Betriebsrat Dieter \u00c4hlen, Jubilarin Helene von Zoest-Schoppe, Rentner Lothar Doornbos, Rentner Helmut Bloem, Rentner Heinz Tholen, Rentner Heinz-Hermann Deters.<\/p>\n","protected":false},"excerpt":{"rendered":"<p>Unsere diesj\u00e4hrigen Rentner\/innen und Jubilare haben sich mit Gesch\u00e4ftsf\u00fchrung, Betriebsrat, HR-Team und weiteren G\u00e4sten zu einer feierlichen Veranstaltung getroffen. Die Erinnerungen gingen an diesem Abend weit zur\u00fcck die Vergangenheit. Unser Kollege Heinz Tholen trat beispielsweise im Jahr 1975 in die damaligen Klasmann Werke ein. In der Festansprache blickte Gesch\u00e4ftsf\u00fchrer Damian Ikemann daher auf f\u00fcnfzig Jahre spannende Unternehmensgeschichte zur\u00fcck. Er sagte: \u201eWir sind ein erfolgreiches Unternehmen, weil wir Sie haben. Wir machen die besten Substrate, weil Sie sich ins Zeug legen.<\/p>\n","protected":false},"author":8,"featured_media":0,"comment_status":"open","ping_status":"open","sticky":false,"template":"","format":"standard","meta":{"_acf_changed":false,"inline_featured_image":false,"footnotes":""},"categories":[557],"tags":[],"class_list":["post-87632","post","type-post","status-publish","format-standard","hentry","category-unkategorisiert"],"acf":[],"yoast_head":"<!-- This site is optimized with the Yoast SEO plugin v27.5 - https:\/\/yoast.com\/product\/yoast-seo-wordpress\/ -->\n<title>Zur\u00fcck in die 1970er - Klasmann-Deilmann<\/title>\n<meta name=\"robots\" content=\"index, follow, max-snippet:-1, max-image-preview:large, max-video-preview:-1\" \/>\n<link rel=\"canonical\" href=\"https:\/\/klasmann-deilmann.com\/de\/zurueck-in-die-1970er\/\" \/>\n<meta property=\"og:locale\" content=\"de_DE\" \/>\n<meta property=\"og:type\" content=\"article\" \/>\n<meta property=\"og:title\" content=\"Zur\u00fcck in die 1970er - Klasmann-Deilmann\" \/>\n<meta property=\"og:description\" content=\"Unsere diesj\u00e4hrigen Rentner\/innen und Jubilare haben sich mit Gesch\u00e4ftsf\u00fchrung, Betriebsrat, HR-Team und weiteren G\u00e4sten zu einer feierlichen Veranstaltung getroffen. Die Erinnerungen gingen an diesem Abend weit zur\u00fcck die Vergangenheit. Unser Kollege Heinz Tholen trat beispielsweise im Jahr 1975 in die damaligen Klasmann Werke ein. In der Festansprache blickte Gesch\u00e4ftsf\u00fchrer Damian Ikemann daher auf f\u00fcnfzig Jahre spannende Unternehmensgeschichte zur\u00fcck. Er sagte: \u201eWir sind ein erfolgreiches Unternehmen, weil wir Sie haben. Wir machen die besten Substrate, weil Sie sich ins Zeug legen.\" \/>\n<meta property=\"og:url\" content=\"https:\/\/klasmann-deilmann.com\/de\/zurueck-in-die-1970er\/\" \/>\n<meta property=\"og:site_name\" content=\"Klasmann-Deilmann\" \/>\n<meta property=\"article:published_time\" content=\"2024-11-27T13:50:44+00:00\" \/>\n<meta property=\"article:modified_time\" content=\"2024-11-27T13:51:01+00:00\" \/>\n<meta property=\"og:image\" content=\"https:\/\/klasmann-deilmann.com\/wp-content\/uploads\/2024-11-21-Jubilare-01-16-9-scaled.jpg\" \/>\n\t<meta property=\"og:image:width\" content=\"2560\" \/>\n\t<meta property=\"og:image:height\" content=\"1440\" \/>\n\t<meta property=\"og:image:type\" content=\"image\/jpeg\" \/>\n<meta name=\"author\" content=\"Dirk R\u00f6se\" \/>\n<meta name=\"twitter:card\" content=\"summary_large_image\" \/>\n<meta name=\"twitter:label1\" content=\"Verfasst von\" \/>\n\t<meta name=\"twitter:data1\" content=\"Dirk R\u00f6se\" \/>\n\t<meta name=\"twitter:label2\" content=\"Gesch\u00e4tzte Lesezeit\" \/>\n\t<meta name=\"twitter:data2\" content=\"1\u00a0Minute\" \/>\n<script type=\"application\/ld+json\" class=\"yoast-schema-graph\">{\"@context\":\"https:\\\/\\\/schema.org\",\"@graph\":[{\"@type\":\"Article\",\"@id\":\"https:\\\/\\\/klasmann-deilmann.com\\\/de\\\/zurueck-in-die-1970er\\\/#article\",\"isPartOf\":{\"@id\":\"https:\\\/\\\/klasmann-deilmann.com\\\/de\\\/zurueck-in-die-1970er\\\/\"},\"author\":{\"name\":\"Dirk R\u00f6se\",\"@id\":\"https:\\\/\\\/klasmann-deilmann.com\\\/en\\\/#\\\/schema\\\/person\\\/2502425feab4548f9995e2f1fa23fb3d\"},\"headline\":\"Zur\u00fcck in die 1970er\",\"datePublished\":\"2024-11-27T13:50:44+00:00\",\"dateModified\":\"2024-11-27T13:51:01+00:00\",\"mainEntityOfPage\":{\"@id\":\"https:\\\/\\\/klasmann-deilmann.com\\\/de\\\/zurueck-in-die-1970er\\\/\"},\"wordCount\":233,\"commentCount\":0,\"image\":{\"@id\":\"https:\\\/\\\/klasmann-deilmann.com\\\/de\\\/zurueck-in-die-1970er\\\/#primaryimage\"},\"thumbnailUrl\":\"https:\\\/\\\/klasmann-deilmann.com\\\/wp-content\\\/uploads\\\/2024-11-21-Jubilare-01-16-9-scaled.jpg\",\"articleSection\":[\"Unkategorisiert\"],\"inLanguage\":\"de\",\"potentialAction\":[{\"@type\":\"CommentAction\",\"name\":\"Comment\",\"target\":[\"https:\\\/\\\/klasmann-deilmann.com\\\/de\\\/zurueck-in-die-1970er\\\/#respond\"]}]},{\"@type\":\"WebPage\",\"@id\":\"https:\\\/\\\/klasmann-deilmann.com\\\/de\\\/zurueck-in-die-1970er\\\/\",\"url\":\"https:\\\/\\\/klasmann-deilmann.com\\\/de\\\/zurueck-in-die-1970er\\\/\",\"name\":\"Zur\u00fcck in die 1970er - Klasmann-Deilmann\",\"isPartOf\":{\"@id\":\"https:\\\/\\\/klasmann-deilmann.com\\\/en\\\/#website\"},\"primaryImageOfPage\":{\"@id\":\"https:\\\/\\\/klasmann-deilmann.com\\\/de\\\/zurueck-in-die-1970er\\\/#primaryimage\"},\"image\":{\"@id\":\"https:\\\/\\\/klasmann-deilmann.com\\\/de\\\/zurueck-in-die-1970er\\\/#primaryimage\"},\"thumbnailUrl\":\"https:\\\/\\\/klasmann-deilmann.com\\\/wp-content\\\/uploads\\\/2024-11-21-Jubilare-01-16-9-scaled.jpg\",\"datePublished\":\"2024-11-27T13:50:44+00:00\",\"dateModified\":\"2024-11-27T13:51:01+00:00\",\"author\":{\"@id\":\"https:\\\/\\\/klasmann-deilmann.com\\\/en\\\/#\\\/schema\\\/person\\\/2502425feab4548f9995e2f1fa23fb3d\"},\"breadcrumb\":{\"@id\":\"https:\\\/\\\/klasmann-deilmann.com\\\/de\\\/zurueck-in-die-1970er\\\/#breadcrumb\"},\"inLanguage\":\"de\",\"potentialAction\":[{\"@type\":\"ReadAction\",\"target\":[\"https:\\\/\\\/klasmann-deilmann.com\\\/de\\\/zurueck-in-die-1970er\\\/\"]}]},{\"@type\":\"ImageObject\",\"inLanguage\":\"de\",\"@id\":\"https:\\\/\\\/klasmann-deilmann.com\\\/de\\\/zurueck-in-die-1970er\\\/#primaryimage\",\"url\":\"https:\\\/\\\/klasmann-deilmann.com\\\/wp-content\\\/uploads\\\/2024-11-21-Jubilare-01-16-9-scaled.jpg\",\"contentUrl\":\"https:\\\/\\\/klasmann-deilmann.com\\\/wp-content\\\/uploads\\\/2024-11-21-Jubilare-01-16-9-scaled.jpg\"},{\"@type\":\"BreadcrumbList\",\"@id\":\"https:\\\/\\\/klasmann-deilmann.com\\\/de\\\/zurueck-in-die-1970er\\\/#breadcrumb\",\"itemListElement\":[{\"@type\":\"ListItem\",\"position\":1,\"name\":\"Home\",\"item\":\"https:\\\/\\\/klasmann-deilmann.com\\\/de\\\/\"},{\"@type\":\"ListItem\",\"position\":2,\"name\":\"Zur\u00fcck in die 1970er\"}]},{\"@type\":\"WebSite\",\"@id\":\"https:\\\/\\\/klasmann-deilmann.com\\\/en\\\/#website\",\"url\":\"https:\\\/\\\/klasmann-deilmann.com\\\/en\\\/\",\"name\":\"Klasmann-Deilmann\",\"description\":\"\",\"potentialAction\":[{\"@type\":\"SearchAction\",\"target\":{\"@type\":\"EntryPoint\",\"urlTemplate\":\"https:\\\/\\\/klasmann-deilmann.com\\\/en\\\/?s={search_term_string}\"},\"query-input\":{\"@type\":\"PropertyValueSpecification\",\"valueRequired\":true,\"valueName\":\"search_term_string\"}}],\"inLanguage\":\"de\"},{\"@type\":\"Person\",\"@id\":\"https:\\\/\\\/klasmann-deilmann.com\\\/en\\\/#\\\/schema\\\/person\\\/2502425feab4548f9995e2f1fa23fb3d\",\"name\":\"Dirk R\u00f6se\",\"image\":{\"@type\":\"ImageObject\",\"inLanguage\":\"de\",\"@id\":\"https:\\\/\\\/secure.gravatar.com\\\/avatar\\\/850ab4c80e0a5eca25933f2ee062a09ec1d50f1fa10d0057f65f04b9827f102f?s=96&d=mm&r=g\",\"url\":\"https:\\\/\\\/secure.gravatar.com\\\/avatar\\\/850ab4c80e0a5eca25933f2ee062a09ec1d50f1fa10d0057f65f04b9827f102f?s=96&d=mm&r=g\",\"contentUrl\":\"https:\\\/\\\/secure.gravatar.com\\\/avatar\\\/850ab4c80e0a5eca25933f2ee062a09ec1d50f1fa10d0057f65f04b9827f102f?s=96&d=mm&r=g\",\"caption\":\"Dirk R\u00f6se\"},\"sameAs\":[\"http:\\\/\\\/klasmann-deilmann.com\"],\"url\":\"https:\\\/\\\/klasmann-deilmann.com\\\/de\\\/author\\\/dirk-roese\\\/\"}]}<\/script>\n<!-- \/ Yoast SEO plugin. -->","yoast_head_json":{"title":"Zur\u00fcck in die 1970er - Klasmann-Deilmann","robots":{"index":"index","follow":"follow","max-snippet":"max-snippet:-1","max-image-preview":"max-image-preview:large","max-video-preview":"max-video-preview:-1"},"canonical":"https:\/\/klasmann-deilmann.com\/de\/zurueck-in-die-1970er\/","og_locale":"de_DE","og_type":"article","og_title":"Zur\u00fcck in die 1970er - Klasmann-Deilmann","og_description":"Unsere diesj\u00e4hrigen Rentner\/innen und Jubilare haben sich mit Gesch\u00e4ftsf\u00fchrung, Betriebsrat, HR-Team und weiteren G\u00e4sten zu einer feierlichen Veranstaltung getroffen. Die Erinnerungen gingen an diesem Abend weit zur\u00fcck die Vergangenheit. Unser Kollege Heinz Tholen trat beispielsweise im Jahr 1975 in die damaligen Klasmann Werke ein. In der Festansprache blickte Gesch\u00e4ftsf\u00fchrer Damian Ikemann daher auf f\u00fcnfzig Jahre spannende Unternehmensgeschichte zur\u00fcck. Er sagte: \u201eWir sind ein erfolgreiches Unternehmen, weil wir Sie haben. Wir machen die besten Substrate, weil Sie sich ins Zeug legen.","og_url":"https:\/\/klasmann-deilmann.com\/de\/zurueck-in-die-1970er\/","og_site_name":"Klasmann-Deilmann","article_published_time":"2024-11-27T13:50:44+00:00","article_modified_time":"2024-11-27T13:51:01+00:00","og_image":[{"width":2560,"height":1440,"url":"https:\/\/klasmann-deilmann.com\/wp-content\/uploads\/2024-11-21-Jubilare-01-16-9-scaled.jpg","type":"image\/jpeg"}],"author":"Dirk R\u00f6se","twitter_card":"summary_large_image","twitter_misc":{"Verfasst von":"Dirk R\u00f6se","Gesch\u00e4tzte Lesezeit":"1\u00a0Minute"},"schema":{"@context":"https:\/\/schema.org","@graph":[{"@type":"Article","@id":"https:\/\/klasmann-deilmann.com\/de\/zurueck-in-die-1970er\/#article","isPartOf":{"@id":"https:\/\/klasmann-deilmann.com\/de\/zurueck-in-die-1970er\/"},"author":{"name":"Dirk R\u00f6se","@id":"https:\/\/klasmann-deilmann.com\/en\/#\/schema\/person\/2502425feab4548f9995e2f1fa23fb3d"},"headline":"Zur\u00fcck in die 1970er","datePublished":"2024-11-27T13:50:44+00:00","dateModified":"2024-11-27T13:51:01+00:00","mainEntityOfPage":{"@id":"https:\/\/klasmann-deilmann.com\/de\/zurueck-in-die-1970er\/"},"wordCount":233,"commentCount":0,"image":{"@id":"https:\/\/klasmann-deilmann.com\/de\/zurueck-in-die-1970er\/#primaryimage"},"thumbnailUrl":"https:\/\/klasmann-deilmann.com\/wp-content\/uploads\/2024-11-21-Jubilare-01-16-9-scaled.jpg","articleSection":["Unkategorisiert"],"inLanguage":"de","potentialAction":[{"@type":"CommentAction","name":"Comment","target":["https:\/\/klasmann-deilmann.com\/de\/zurueck-in-die-1970er\/#respond"]}]},{"@type":"WebPage","@id":"https:\/\/klasmann-deilmann.com\/de\/zurueck-in-die-1970er\/","url":"https:\/\/klasmann-deilmann.com\/de\/zurueck-in-die-1970er\/","name":"Zur\u00fcck in die 1970er - Klasmann-Deilmann","isPartOf":{"@id":"https:\/\/klasmann-deilmann.com\/en\/#website"},"primaryImageOfPage":{"@id":"https:\/\/klasmann-deilmann.com\/de\/zurueck-in-die-1970er\/#primaryimage"},"image":{"@id":"https:\/\/klasmann-deilmann.com\/de\/zurueck-in-die-1970er\/#primaryimage"},"thumbnailUrl":"https:\/\/klasmann-deilmann.com\/wp-content\/uploads\/2024-11-21-Jubilare-01-16-9-scaled.jpg","datePublished":"2024-11-27T13:50:44+00:00","dateModified":"2024-11-27T13:51:01+00:00","author":{"@id":"https:\/\/klasmann-deilmann.com\/en\/#\/schema\/person\/2502425feab4548f9995e2f1fa23fb3d"},"breadcrumb":{"@id":"https:\/\/klasmann-deilmann.com\/de\/zurueck-in-die-1970er\/#breadcrumb"},"inLanguage":"de","potentialAction":[{"@type":"ReadAction","target":["https:\/\/klasmann-deilmann.com\/de\/zurueck-in-die-1970er\/"]}]},{"@type":"ImageObject","inLanguage":"de","@id":"https:\/\/klasmann-deilmann.com\/de\/zurueck-in-die-1970er\/#primaryimage","url":"https:\/\/klasmann-deilmann.com\/wp-content\/uploads\/2024-11-21-Jubilare-01-16-9-scaled.jpg","contentUrl":"https:\/\/klasmann-deilmann.com\/wp-content\/uploads\/2024-11-21-Jubilare-01-16-9-scaled.jpg"},{"@type":"BreadcrumbList","@id":"https:\/\/klasmann-deilmann.com\/de\/zurueck-in-die-1970er\/#breadcrumb","itemListElement":[{"@type":"ListItem","position":1,"name":"Home","item":"https:\/\/klasmann-deilmann.com\/de\/"},{"@type":"ListItem","position":2,"name":"Zur\u00fcck in die 1970er"}]},{"@type":"WebSite","@id":"https:\/\/klasmann-deilmann.com\/en\/#website","url":"https:\/\/klasmann-deilmann.com\/en\/","name":"Klasmann-Deilmann","description":"","potentialAction":[{"@type":"SearchAction","target":{"@type":"EntryPoint","urlTemplate":"https:\/\/klasmann-deilmann.com\/en\/?s={search_term_string}"},"query-input":{"@type":"PropertyValueSpecification","valueRequired":true,"valueName":"search_term_string"}}],"inLanguage":"de"},{"@type":"Person","@id":"https:\/\/klasmann-deilmann.com\/en\/#\/schema\/person\/2502425feab4548f9995e2f1fa23fb3d","name":"Dirk R\u00f6se","image":{"@type":"ImageObject","inLanguage":"de","@id":"https:\/\/secure.gravatar.com\/avatar\/850ab4c80e0a5eca25933f2ee062a09ec1d50f1fa10d0057f65f04b9827f102f?s=96&d=mm&r=g","url":"https:\/\/secure.gravatar.com\/avatar\/850ab4c80e0a5eca25933f2ee062a09ec1d50f1fa10d0057f65f04b9827f102f?s=96&d=mm&r=g","contentUrl":"https:\/\/secure.gravatar.com\/avatar\/850ab4c80e0a5eca25933f2ee062a09ec1d50f1fa10d0057f65f04b9827f102f?s=96&d=mm&r=g","caption":"Dirk R\u00f6se"},"sameAs":["http:\/\/klasmann-deilmann.com"],"url":"https:\/\/klasmann-deilmann.com\/de\/author\/dirk-roese\/"}]}},"_links":{"self":[{"href":"https:\/\/klasmann-deilmann.com\/de\/wp-json\/wp\/v2\/posts\/87632","targetHints":{"allow":["GET"]}}],"collection":[{"href":"https:\/\/klasmann-deilmann.com\/de\/wp-json\/wp\/v2\/posts"}],"about":[{"href":"https:\/\/klasmann-deilmann.com\/de\/wp-json\/wp\/v2\/types\/post"}],"author":[{"embeddable":true,"href":"https:\/\/klasmann-deilmann.com\/de\/wp-json\/wp\/v2\/users\/8"}],"replies":[{"embeddable":true,"href":"https:\/\/klasmann-deilmann.com\/de\/wp-json\/wp\/v2\/comments?post=87632"}],"version-history":[{"count":2,"href":"https:\/\/klasmann-deilmann.com\/de\/wp-json\/wp\/v2\/posts\/87632\/revisions"}],"predecessor-version":[{"id":87634,"href":"https:\/\/klasmann-deilmann.com\/de\/wp-json\/wp\/v2\/posts\/87632\/revisions\/87634"}],"wp:attachment":[{"href":"https:\/\/klasmann-deilmann.com\/de\/wp-json\/wp\/v2\/media?parent=87632"}],"wp:term":[{"taxonomy":"category","embeddable":true,"href":"https:\/\/klasmann-deilmann.com\/de\/wp-json\/wp\/v2\/categories?post=87632"},{"taxonomy":"post_tag","embeddable":true,"href":"https:\/\/klasmann-deilmann.com\/de\/wp-json\/wp\/v2\/tags?post=87632"}],"curies":[{"name":"wp","href":"https:\/\/api.w.org\/{rel}","templated":true}]}}