{"id":86751,"date":"2024-09-04T06:00:55","date_gmt":"2024-09-04T04:00:55","guid":{"rendered":"https:\/\/klasmann-deilmann.com\/?p=86751"},"modified":"2024-09-02T15:08:48","modified_gmt":"2024-09-02T13:08:48","slug":"einvernehmliche-loesung-gefunden","status":"publish","type":"post","link":"https:\/\/klasmann-deilmann.com\/de\/einvernehmliche-loesung-gefunden\/","title":{"rendered":"Einvernehmliche L\u00f6sung gefunden"},"content":{"rendered":"<h2><img loading=\"lazy\" decoding=\"async\" class=\"alignnone wp-image-86752 size-full\" src=\"https:\/\/klasmann-deilmann.com\/wp-content\/uploads\/2024-09-03-Ruehlermoor-Nord-02-scaled.jpg\" alt=\"\" width=\"2560\" height=\"1440\" srcset=\"https:\/\/klasmann-deilmann.com\/wp-content\/uploads\/2024-09-03-Ruehlermoor-Nord-02-scaled.jpg 2560w, https:\/\/klasmann-deilmann.com\/wp-content\/uploads\/2024-09-03-Ruehlermoor-Nord-02-300x169.jpg 300w, https:\/\/klasmann-deilmann.com\/wp-content\/uploads\/2024-09-03-Ruehlermoor-Nord-02-1024x576.jpg 1024w, https:\/\/klasmann-deilmann.com\/wp-content\/uploads\/2024-09-03-Ruehlermoor-Nord-02-768x432.jpg 768w, https:\/\/klasmann-deilmann.com\/wp-content\/uploads\/2024-09-03-Ruehlermoor-Nord-02-1536x864.jpg 1536w, https:\/\/klasmann-deilmann.com\/wp-content\/uploads\/2024-09-03-Ruehlermoor-Nord-02-2048x1152.jpg 2048w\" sizes=\"auto, (max-width: 2560px) 100vw, 2560px\" \/><\/h2>\n<h2>Torfgewinnung in R\u00fchlermoor endet mit tragf\u00e4higem Fl\u00e4chenkonzept<\/h2>\n<p>Klasmann-Deilmann hat die Torfgewinnung im Gebiet R\u00fchlermoor Nord beendet. Ein mehrj\u00e4hriges Mediationsverfahren mit zahlreichen Landeigent\u00fcmern, der Erd\u00f6lindustrie und dem Landkreis Emsland f\u00fchrte nun zu einer einvernehmlichen L\u00f6sung zur Nachnutzung der Fl\u00e4chen. Wiedervern\u00e4ssung und landwirtschaftliche Folgenutzung sind entsprechend den beh\u00f6rdlichen Vorgaben umgesetzt.<\/p>\n<p>Das Areal R\u00fchlermoor Nord liegt zwischen der emsl\u00e4ndischen Gemeinde Twist und der gleichnamigen Anschlussstelle zur BAB 31. Auf einer landwirtschaftlich genutzten Fl\u00e4che von 123 ha gewann Klasmann-Deilmann hier seit 2005 Schwarztorf, der insbesondere in der Ern\u00e4hrungswirtschaft f\u00fcr den Anbau von Gem\u00fcse eingesetzt wurde.<\/p>\n<p>In den Genehmigungsauflagen f\u00fcr die Rohstoffgewinnung war urspr\u00fcnglich festgelegt worden, dass die Fl\u00e4chen nach Beendigung der Aktivit\u00e4ten f\u00fcr eine landwirtschaftliche Folgenutzung hergerichtet und durch Wiedervern\u00e4ssung dem Natur- und Klimaschutz zur Verf\u00fcgung gestellt werden. Vorgeschrieben waren dar\u00fcber hinaus neue Entw\u00e4sserungsgr\u00e4ben. Angenommen wurde seinerzeit, dass w\u00e4hrend der Laufzeit eine umfassende Flurbereinigung durchgef\u00fchrt und die Erd\u00f6lgewinnung eingestellt wird.<\/p>\n<p>\u201eEs fand jedoch keine Flurbereinigung statt\u201c, erl\u00e4utert Moritz B\u00f6cking, Gesch\u00e4ftsf\u00fchrer der Klasmann-Deilmann-Gruppe, \u201eund es wird weiter Erd\u00f6l in R\u00fchlermoor Nord gef\u00f6rdert. Unter diesen Umst\u00e4nden war es nicht m\u00f6glich, die geplante Folgenutzung f\u00fcr Landwirtschaft und Naturschutz umzusetzen. Daher musste die Folgenutzung des ganzen Gebiets neu entwickelt werden, was zu vielschichtigen Interessenskonflikten zwischen den Beteiligten f\u00fchrte. Die Einbindung von Herrn Dr. Vinzenz Bauer von der Landwirtschaftskammer als Mediator und die Kompromissbereitschaft der Beteiligten brachten die einvernehmliche L\u00f6sung voran, auf deren Ergebnis wir nun zufrieden blicken k\u00f6nnen.\u201c<\/p>\n<p>Die langgestreckten Eigentumsfl\u00e4chen in R\u00fchlermoor Nord dehnen sich f\u00e4cherf\u00f6rmig von Nordwesten nach S\u00fcdosten aus. Darin eingebettet wurde nun ein zusammenh\u00e4ngendes Areal f\u00fcr die Wiedervern\u00e4ssung und den Naturschutz, das durch die Bereitschaft der Gemeinde Twist und der Nieders\u00e4chsischen Landgesellschaft mbH nun noch gr\u00f6\u00dfer ausgefallen ist als in der urspr\u00fcnglichen Planung.<\/p>\n<p>Auch f\u00fcr andere Herausforderungen mussten L\u00f6sungen erarbeitet werden. So querten vorgesehene Gr\u00e4ben die Wege und Anlagen der Erd\u00f6lindustrie, auch die Zuwegung zu den landwirtschaftlichen Fl\u00e4chen war nicht geregelt. Es bestanden Pachtvertr\u00e4ge mit Klasmann-Deilmann und parallel dazu Nutzungsvereinbarungen mit der Erd\u00f6lindustrie. In vielen F\u00e4llen widersprachen die Vereinbarungen einander oder waren nicht eindeutig.<\/p>\n<p>\u201eUm die Interessenskonflikte zu l\u00f6sen, entschieden sich die Beteiligten f\u00fcr den Weg der Mediation\u201c, berichtet Dr. Vinzenz Bauer. \u201eWir installierten ein Gremium, in dem die Entscheidungstr\u00e4ger von Landkreis, Erd\u00f6lindustrie, Fl\u00e4cheneigent\u00fcmern und Klasmann-Deilmann immer wieder zusammenkamen. Gemeinsam erreichten wir schlie\u00dflich eine tragf\u00e4hige L\u00f6sung.\u201c<\/p>\n<p>\u201eDiesen Prozess haben wir gerne positiv begleitet, unterst\u00fctzt und daf\u00fcr R\u00e4umlichkeiten der Gemeinde Twist als zentralen Anlaufpunkt f\u00fcr viele konstruktive und zielorientierte Sitzungen zur Verf\u00fcgung gestellt\u201c so Petra L\u00fcbbers, B\u00fcrgermeisterin der Gemeinde Twist.<\/p>\n<p>Im Hinblick auf die zuk\u00fcnftige Aufteilung und Nutzung von R\u00fchlermoor Nord wurden s\u00e4mtliche Details zu den Genehmigungen, zur landwirtschaftlichen Nutzung, zum Naturschutz, zur Erd\u00f6lindustrie und zum zeitlichen Rahmen diskutiert und bewertet. Hierzu trafen sich die Beteiligten in diversen Arbeitsgruppen, \u00fcber deren Ergebnisse regelm\u00e4\u00dfig informiert wurde.<\/p>\n<p>Parallel dazu richtete Klasmann-Deilmann im st\u00e4ndigen Dialog mit den Partnern des Moderationsverfahrens die Fl\u00e4chen f\u00fcr Naturschutz bzw. Landwirtschaft her. Als letzter Baustein wurde das Entw\u00e4sserungssystem neu geplant und realisiert. Ende 2023 lag die wasserrechtliche \u00c4nderungsgenehmigung vor, der alle Beteiligten ihr Einverst\u00e4ndnis erteilten. Damit bestand auch Rechtssicherheit f\u00fcr den Grabenbau, der im August 2024 durch den Landkreis Emsland als genehmigungskonform abgenommen wurde. Die praktischen Arbeiten sind damit abgeschlossen und das erfolgreiche Mediationsverfahren kann zum Abschluss gebracht werden.<\/p>\n<p>\u201eUnser Dank gilt allen Beteiligten, die konstruktiv und kompromissbereit zu diesem guten Ergebnis beigetragen haben\u201c, so Moritz B\u00f6cking. \u201eNiemand von uns hat das Maximum erreicht, wir alle mussten in Teilen auf unsere Interessen verzichten. Aber in der Summe haben wir eine einvernehmliche L\u00f6sung gefunden und ein zukunftsf\u00e4higes Fl\u00e4chenkonzept umgesetzt.\u201c<\/p>\n","protected":false},"excerpt":{"rendered":"<p>Torfgewinnung in R\u00fchlermoor endet mit tragf\u00e4higem Fl\u00e4chenkonzept Klasmann-Deilmann hat die Torfgewinnung im Gebiet R\u00fchlermoor Nord beendet. Ein mehrj\u00e4hriges Mediationsverfahren mit zahlreichen Landeigent\u00fcmern, der Erd\u00f6lindustrie und dem Landkreis Emsland f\u00fchrte nun zu einer einvernehmlichen L\u00f6sung zur Nachnutzung der Fl\u00e4chen. Wiedervern\u00e4ssung und landwirtschaftliche Folgenutzung sind entsprechend den beh\u00f6rdlichen Vorgaben umgesetzt. Das Areal R\u00fchlermoor Nord liegt zwischen der emsl\u00e4ndischen Gemeinde Twist und der gleichnamigen Anschlussstelle zur BAB 31. Auf einer landwirtschaftlich genutzten Fl\u00e4che von 123 ha gewann Klasmann-Deilmann hier seit 2005 Schwarztorf, der<\/p>\n","protected":false},"author":8,"featured_media":0,"comment_status":"open","ping_status":"open","sticky":false,"template":"","format":"standard","meta":{"_acf_changed":false,"inline_featured_image":false,"footnotes":""},"categories":[136],"tags":[],"class_list":["post-86751","post","type-post","status-publish","format-standard","hentry","category-nachhaltigkeit"],"acf":[],"yoast_head":"<!-- This site is optimized with the Yoast SEO plugin v27.5 - https:\/\/yoast.com\/product\/yoast-seo-wordpress\/ -->\n<title>Einvernehmliche L\u00f6sung gefunden - Klasmann-Deilmann<\/title>\n<meta name=\"robots\" content=\"index, follow, max-snippet:-1, max-image-preview:large, max-video-preview:-1\" \/>\n<link rel=\"canonical\" href=\"https:\/\/klasmann-deilmann.com\/en\/?p=86765\" \/>\n<meta property=\"og:locale\" content=\"de_DE\" \/>\n<meta property=\"og:type\" content=\"article\" \/>\n<meta property=\"og:title\" content=\"Einvernehmliche L\u00f6sung gefunden - Klasmann-Deilmann\" \/>\n<meta property=\"og:description\" content=\"Torfgewinnung in R\u00fchlermoor endet mit tragf\u00e4higem Fl\u00e4chenkonzept Klasmann-Deilmann hat die Torfgewinnung im Gebiet R\u00fchlermoor Nord beendet. Ein mehrj\u00e4hriges Mediationsverfahren mit zahlreichen Landeigent\u00fcmern, der Erd\u00f6lindustrie und dem Landkreis Emsland f\u00fchrte nun zu einer einvernehmlichen L\u00f6sung zur Nachnutzung der Fl\u00e4chen. Wiedervern\u00e4ssung und landwirtschaftliche Folgenutzung sind entsprechend den beh\u00f6rdlichen Vorgaben umgesetzt. Das Areal R\u00fchlermoor Nord liegt zwischen der emsl\u00e4ndischen Gemeinde Twist und der gleichnamigen Anschlussstelle zur BAB 31. Auf einer landwirtschaftlich genutzten Fl\u00e4che von 123 ha gewann Klasmann-Deilmann hier seit 2005 Schwarztorf, der\" \/>\n<meta property=\"og:url\" content=\"https:\/\/klasmann-deilmann.com\/en\/?p=86765\" \/>\n<meta property=\"og:site_name\" content=\"Klasmann-Deilmann\" \/>\n<meta property=\"article:published_time\" content=\"2024-09-04T04:00:55+00:00\" \/>\n<meta property=\"og:image\" content=\"https:\/\/klasmann-deilmann.com\/wp-content\/uploads\/2024-09-03-Ruehlermoor-Nord-02-scaled.jpg\" \/>\n<meta name=\"author\" content=\"Dirk R\u00f6se\" \/>\n<meta name=\"twitter:card\" content=\"summary_large_image\" \/>\n<meta name=\"twitter:label1\" content=\"Verfasst von\" \/>\n\t<meta name=\"twitter:data1\" content=\"Dirk R\u00f6se\" \/>\n\t<meta name=\"twitter:label2\" content=\"Gesch\u00e4tzte Lesezeit\" \/>\n\t<meta name=\"twitter:data2\" content=\"3\u00a0Minuten\" \/>\n<script type=\"application\/ld+json\" class=\"yoast-schema-graph\">{\"@context\":\"https:\\\/\\\/schema.org\",\"@graph\":[{\"@type\":\"Article\",\"@id\":\"https:\\\/\\\/klasmann-deilmann.com\\\/en\\\/?p=86765#article\",\"isPartOf\":{\"@id\":\"https:\\\/\\\/klasmann-deilmann.com\\\/en\\\/?p=86765\"},\"author\":{\"name\":\"Dirk R\u00f6se\",\"@id\":\"https:\\\/\\\/klasmann-deilmann.com\\\/en\\\/#\\\/schema\\\/person\\\/2502425feab4548f9995e2f1fa23fb3d\"},\"headline\":\"Einvernehmliche L\u00f6sung gefunden\",\"datePublished\":\"2024-09-04T04:00:55+00:00\",\"mainEntityOfPage\":{\"@id\":\"https:\\\/\\\/klasmann-deilmann.com\\\/en\\\/?p=86765\"},\"wordCount\":668,\"commentCount\":0,\"image\":{\"@id\":\"https:\\\/\\\/klasmann-deilmann.com\\\/en\\\/?p=86765#primaryimage\"},\"thumbnailUrl\":\"https:\\\/\\\/klasmann-deilmann.com\\\/wp-content\\\/uploads\\\/2024-09-03-Ruehlermoor-Nord-02-scaled.jpg\",\"articleSection\":[\"Nachhaltigkeit\"],\"inLanguage\":\"de\",\"potentialAction\":[{\"@type\":\"CommentAction\",\"name\":\"Comment\",\"target\":[\"https:\\\/\\\/klasmann-deilmann.com\\\/en\\\/?p=86765#respond\"]}]},{\"@type\":\"WebPage\",\"@id\":\"https:\\\/\\\/klasmann-deilmann.com\\\/en\\\/?p=86765\",\"url\":\"https:\\\/\\\/klasmann-deilmann.com\\\/en\\\/?p=86765\",\"name\":\"Einvernehmliche L\u00f6sung gefunden - Klasmann-Deilmann\",\"isPartOf\":{\"@id\":\"https:\\\/\\\/klasmann-deilmann.com\\\/en\\\/#website\"},\"primaryImageOfPage\":{\"@id\":\"https:\\\/\\\/klasmann-deilmann.com\\\/en\\\/?p=86765#primaryimage\"},\"image\":{\"@id\":\"https:\\\/\\\/klasmann-deilmann.com\\\/en\\\/?p=86765#primaryimage\"},\"thumbnailUrl\":\"https:\\\/\\\/klasmann-deilmann.com\\\/wp-content\\\/uploads\\\/2024-09-03-Ruehlermoor-Nord-02-scaled.jpg\",\"datePublished\":\"2024-09-04T04:00:55+00:00\",\"author\":{\"@id\":\"https:\\\/\\\/klasmann-deilmann.com\\\/en\\\/#\\\/schema\\\/person\\\/2502425feab4548f9995e2f1fa23fb3d\"},\"breadcrumb\":{\"@id\":\"https:\\\/\\\/klasmann-deilmann.com\\\/en\\\/?p=86765#breadcrumb\"},\"inLanguage\":\"de\",\"potentialAction\":[{\"@type\":\"ReadAction\",\"target\":[\"https:\\\/\\\/klasmann-deilmann.com\\\/en\\\/?p=86765\"]}]},{\"@type\":\"ImageObject\",\"inLanguage\":\"de\",\"@id\":\"https:\\\/\\\/klasmann-deilmann.com\\\/en\\\/?p=86765#primaryimage\",\"url\":\"https:\\\/\\\/klasmann-deilmann.com\\\/wp-content\\\/uploads\\\/2024-09-03-Ruehlermoor-Nord-02-scaled.jpg\",\"contentUrl\":\"https:\\\/\\\/klasmann-deilmann.com\\\/wp-content\\\/uploads\\\/2024-09-03-Ruehlermoor-Nord-02-scaled.jpg\"},{\"@type\":\"BreadcrumbList\",\"@id\":\"https:\\\/\\\/klasmann-deilmann.com\\\/en\\\/?p=86765#breadcrumb\",\"itemListElement\":[{\"@type\":\"ListItem\",\"position\":1,\"name\":\"Home\",\"item\":\"https:\\\/\\\/klasmann-deilmann.com\\\/de\\\/\"},{\"@type\":\"ListItem\",\"position\":2,\"name\":\"Einvernehmliche L\u00f6sung gefunden\"}]},{\"@type\":\"WebSite\",\"@id\":\"https:\\\/\\\/klasmann-deilmann.com\\\/en\\\/#website\",\"url\":\"https:\\\/\\\/klasmann-deilmann.com\\\/en\\\/\",\"name\":\"Klasmann-Deilmann\",\"description\":\"\",\"potentialAction\":[{\"@type\":\"SearchAction\",\"target\":{\"@type\":\"EntryPoint\",\"urlTemplate\":\"https:\\\/\\\/klasmann-deilmann.com\\\/en\\\/?s={search_term_string}\"},\"query-input\":{\"@type\":\"PropertyValueSpecification\",\"valueRequired\":true,\"valueName\":\"search_term_string\"}}],\"inLanguage\":\"de\"},{\"@type\":\"Person\",\"@id\":\"https:\\\/\\\/klasmann-deilmann.com\\\/en\\\/#\\\/schema\\\/person\\\/2502425feab4548f9995e2f1fa23fb3d\",\"name\":\"Dirk R\u00f6se\",\"image\":{\"@type\":\"ImageObject\",\"inLanguage\":\"de\",\"@id\":\"https:\\\/\\\/secure.gravatar.com\\\/avatar\\\/850ab4c80e0a5eca25933f2ee062a09ec1d50f1fa10d0057f65f04b9827f102f?s=96&d=mm&r=g\",\"url\":\"https:\\\/\\\/secure.gravatar.com\\\/avatar\\\/850ab4c80e0a5eca25933f2ee062a09ec1d50f1fa10d0057f65f04b9827f102f?s=96&d=mm&r=g\",\"contentUrl\":\"https:\\\/\\\/secure.gravatar.com\\\/avatar\\\/850ab4c80e0a5eca25933f2ee062a09ec1d50f1fa10d0057f65f04b9827f102f?s=96&d=mm&r=g\",\"caption\":\"Dirk R\u00f6se\"},\"sameAs\":[\"http:\\\/\\\/klasmann-deilmann.com\"],\"url\":\"https:\\\/\\\/klasmann-deilmann.com\\\/de\\\/author\\\/dirk-roese\\\/\"}]}<\/script>\n<!-- \/ Yoast SEO plugin. -->","yoast_head_json":{"title":"Einvernehmliche L\u00f6sung gefunden - Klasmann-Deilmann","robots":{"index":"index","follow":"follow","max-snippet":"max-snippet:-1","max-image-preview":"max-image-preview:large","max-video-preview":"max-video-preview:-1"},"canonical":"https:\/\/klasmann-deilmann.com\/en\/?p=86765","og_locale":"de_DE","og_type":"article","og_title":"Einvernehmliche L\u00f6sung gefunden - Klasmann-Deilmann","og_description":"Torfgewinnung in R\u00fchlermoor endet mit tragf\u00e4higem Fl\u00e4chenkonzept Klasmann-Deilmann hat die Torfgewinnung im Gebiet R\u00fchlermoor Nord beendet. Ein mehrj\u00e4hriges Mediationsverfahren mit zahlreichen Landeigent\u00fcmern, der Erd\u00f6lindustrie und dem Landkreis Emsland f\u00fchrte nun zu einer einvernehmlichen L\u00f6sung zur Nachnutzung der Fl\u00e4chen. Wiedervern\u00e4ssung und landwirtschaftliche Folgenutzung sind entsprechend den beh\u00f6rdlichen Vorgaben umgesetzt. Das Areal R\u00fchlermoor Nord liegt zwischen der emsl\u00e4ndischen Gemeinde Twist und der gleichnamigen Anschlussstelle zur BAB 31. Auf einer landwirtschaftlich genutzten Fl\u00e4che von 123 ha gewann Klasmann-Deilmann hier seit 2005 Schwarztorf, der","og_url":"https:\/\/klasmann-deilmann.com\/en\/?p=86765","og_site_name":"Klasmann-Deilmann","article_published_time":"2024-09-04T04:00:55+00:00","og_image":[{"url":"https:\/\/klasmann-deilmann.com\/wp-content\/uploads\/2024-09-03-Ruehlermoor-Nord-02-scaled.jpg","type":"","width":"","height":""}],"author":"Dirk R\u00f6se","twitter_card":"summary_large_image","twitter_misc":{"Verfasst von":"Dirk R\u00f6se","Gesch\u00e4tzte Lesezeit":"3\u00a0Minuten"},"schema":{"@context":"https:\/\/schema.org","@graph":[{"@type":"Article","@id":"https:\/\/klasmann-deilmann.com\/en\/?p=86765#article","isPartOf":{"@id":"https:\/\/klasmann-deilmann.com\/en\/?p=86765"},"author":{"name":"Dirk R\u00f6se","@id":"https:\/\/klasmann-deilmann.com\/en\/#\/schema\/person\/2502425feab4548f9995e2f1fa23fb3d"},"headline":"Einvernehmliche L\u00f6sung gefunden","datePublished":"2024-09-04T04:00:55+00:00","mainEntityOfPage":{"@id":"https:\/\/klasmann-deilmann.com\/en\/?p=86765"},"wordCount":668,"commentCount":0,"image":{"@id":"https:\/\/klasmann-deilmann.com\/en\/?p=86765#primaryimage"},"thumbnailUrl":"https:\/\/klasmann-deilmann.com\/wp-content\/uploads\/2024-09-03-Ruehlermoor-Nord-02-scaled.jpg","articleSection":["Nachhaltigkeit"],"inLanguage":"de","potentialAction":[{"@type":"CommentAction","name":"Comment","target":["https:\/\/klasmann-deilmann.com\/en\/?p=86765#respond"]}]},{"@type":"WebPage","@id":"https:\/\/klasmann-deilmann.com\/en\/?p=86765","url":"https:\/\/klasmann-deilmann.com\/en\/?p=86765","name":"Einvernehmliche L\u00f6sung gefunden - Klasmann-Deilmann","isPartOf":{"@id":"https:\/\/klasmann-deilmann.com\/en\/#website"},"primaryImageOfPage":{"@id":"https:\/\/klasmann-deilmann.com\/en\/?p=86765#primaryimage"},"image":{"@id":"https:\/\/klasmann-deilmann.com\/en\/?p=86765#primaryimage"},"thumbnailUrl":"https:\/\/klasmann-deilmann.com\/wp-content\/uploads\/2024-09-03-Ruehlermoor-Nord-02-scaled.jpg","datePublished":"2024-09-04T04:00:55+00:00","author":{"@id":"https:\/\/klasmann-deilmann.com\/en\/#\/schema\/person\/2502425feab4548f9995e2f1fa23fb3d"},"breadcrumb":{"@id":"https:\/\/klasmann-deilmann.com\/en\/?p=86765#breadcrumb"},"inLanguage":"de","potentialAction":[{"@type":"ReadAction","target":["https:\/\/klasmann-deilmann.com\/en\/?p=86765"]}]},{"@type":"ImageObject","inLanguage":"de","@id":"https:\/\/klasmann-deilmann.com\/en\/?p=86765#primaryimage","url":"https:\/\/klasmann-deilmann.com\/wp-content\/uploads\/2024-09-03-Ruehlermoor-Nord-02-scaled.jpg","contentUrl":"https:\/\/klasmann-deilmann.com\/wp-content\/uploads\/2024-09-03-Ruehlermoor-Nord-02-scaled.jpg"},{"@type":"BreadcrumbList","@id":"https:\/\/klasmann-deilmann.com\/en\/?p=86765#breadcrumb","itemListElement":[{"@type":"ListItem","position":1,"name":"Home","item":"https:\/\/klasmann-deilmann.com\/de\/"},{"@type":"ListItem","position":2,"name":"Einvernehmliche L\u00f6sung gefunden"}]},{"@type":"WebSite","@id":"https:\/\/klasmann-deilmann.com\/en\/#website","url":"https:\/\/klasmann-deilmann.com\/en\/","name":"Klasmann-Deilmann","description":"","potentialAction":[{"@type":"SearchAction","target":{"@type":"EntryPoint","urlTemplate":"https:\/\/klasmann-deilmann.com\/en\/?s={search_term_string}"},"query-input":{"@type":"PropertyValueSpecification","valueRequired":true,"valueName":"search_term_string"}}],"inLanguage":"de"},{"@type":"Person","@id":"https:\/\/klasmann-deilmann.com\/en\/#\/schema\/person\/2502425feab4548f9995e2f1fa23fb3d","name":"Dirk R\u00f6se","image":{"@type":"ImageObject","inLanguage":"de","@id":"https:\/\/secure.gravatar.com\/avatar\/850ab4c80e0a5eca25933f2ee062a09ec1d50f1fa10d0057f65f04b9827f102f?s=96&d=mm&r=g","url":"https:\/\/secure.gravatar.com\/avatar\/850ab4c80e0a5eca25933f2ee062a09ec1d50f1fa10d0057f65f04b9827f102f?s=96&d=mm&r=g","contentUrl":"https:\/\/secure.gravatar.com\/avatar\/850ab4c80e0a5eca25933f2ee062a09ec1d50f1fa10d0057f65f04b9827f102f?s=96&d=mm&r=g","caption":"Dirk R\u00f6se"},"sameAs":["http:\/\/klasmann-deilmann.com"],"url":"https:\/\/klasmann-deilmann.com\/de\/author\/dirk-roese\/"}]}},"_links":{"self":[{"href":"https:\/\/klasmann-deilmann.com\/de\/wp-json\/wp\/v2\/posts\/86751","targetHints":{"allow":["GET"]}}],"collection":[{"href":"https:\/\/klasmann-deilmann.com\/de\/wp-json\/wp\/v2\/posts"}],"about":[{"href":"https:\/\/klasmann-deilmann.com\/de\/wp-json\/wp\/v2\/types\/post"}],"author":[{"embeddable":true,"href":"https:\/\/klasmann-deilmann.com\/de\/wp-json\/wp\/v2\/users\/8"}],"replies":[{"embeddable":true,"href":"https:\/\/klasmann-deilmann.com\/de\/wp-json\/wp\/v2\/comments?post=86751"}],"version-history":[{"count":1,"href":"https:\/\/klasmann-deilmann.com\/de\/wp-json\/wp\/v2\/posts\/86751\/revisions"}],"predecessor-version":[{"id":86764,"href":"https:\/\/klasmann-deilmann.com\/de\/wp-json\/wp\/v2\/posts\/86751\/revisions\/86764"}],"wp:attachment":[{"href":"https:\/\/klasmann-deilmann.com\/de\/wp-json\/wp\/v2\/media?parent=86751"}],"wp:term":[{"taxonomy":"category","embeddable":true,"href":"https:\/\/klasmann-deilmann.com\/de\/wp-json\/wp\/v2\/categories?post=86751"},{"taxonomy":"post_tag","embeddable":true,"href":"https:\/\/klasmann-deilmann.com\/de\/wp-json\/wp\/v2\/tags?post=86751"}],"curies":[{"name":"wp","href":"https:\/\/api.w.org\/{rel}","templated":true}]}}