{"id":86655,"date":"2024-06-02T14:30:25","date_gmt":"2024-06-02T12:30:25","guid":{"rendered":"https:\/\/klasmann-deilmann.com\/?p=86655"},"modified":"2024-09-02T14:32:08","modified_gmt":"2024-09-02T12:32:08","slug":"wir-sind-klasmann-deilmann","status":"publish","type":"post","link":"https:\/\/klasmann-deilmann.com\/de\/wir-sind-klasmann-deilmann\/","title":{"rendered":"Wir sind Klasmann-Deilmann"},"content":{"rendered":"<p><img loading=\"lazy\" decoding=\"async\" class=\"alignnone wp-image-86656 size-full\" src=\"https:\/\/klasmann-deilmann.com\/wp-content\/uploads\/2024-06-16-Blogbeitrag-Jobmesse-Emsland-scaled.jpg\" alt=\"\" width=\"2560\" height=\"1440\" srcset=\"https:\/\/klasmann-deilmann.com\/wp-content\/uploads\/2024-06-16-Blogbeitrag-Jobmesse-Emsland-scaled.jpg 2560w, https:\/\/klasmann-deilmann.com\/wp-content\/uploads\/2024-06-16-Blogbeitrag-Jobmesse-Emsland-300x169.jpg 300w, https:\/\/klasmann-deilmann.com\/wp-content\/uploads\/2024-06-16-Blogbeitrag-Jobmesse-Emsland-1024x576.jpg 1024w, https:\/\/klasmann-deilmann.com\/wp-content\/uploads\/2024-06-16-Blogbeitrag-Jobmesse-Emsland-768x432.jpg 768w, https:\/\/klasmann-deilmann.com\/wp-content\/uploads\/2024-06-16-Blogbeitrag-Jobmesse-Emsland-1536x864.jpg 1536w, https:\/\/klasmann-deilmann.com\/wp-content\/uploads\/2024-06-16-Blogbeitrag-Jobmesse-Emsland-2048x1152.jpg 2048w\" sizes=\"auto, (max-width: 2560px) 100vw, 2560px\" \/><\/p>\n<h2>Unser Team auf der Jobmesse Emsland<\/h2>\n<p>Ende Mai war Klasmann-Deilmann auf der gro\u00dfen \u201cJobmesse Emsland\u201d vertreten. Mit insgesamt 85 Ausstellern aus der Region pr\u00e4sentierten sich die Unternehmen als spannende Arbeitgeber und der Landkreis Emsland als Heimat vielf\u00e4ltiger Branchen. Zu den Besucherinnen und Besuchern z\u00e4hlten vor allem Azubis, Studierende und Jobsuchende. F\u00fcr Klasmann-Deilmann war die Jobmesse in zweierlei Hinsicht wichtig. Zum einen diente sie dem Kontakt zu potenziellen Bewerberinnen und Bewerbern sowie dem Netzwerken mit anderen Unternehmen. Zum anderen war sie ein guter Beitrag, um die regionale Bekanntheit von Klasmann-Deilmann einschlie\u00dflich unserer Produktvielfalt zu erweitern.<\/p>\n","protected":false},"excerpt":{"rendered":"<p>Unser Team auf der Jobmesse Emsland Ende Mai war Klasmann-Deilmann auf der gro\u00dfen \u201cJobmesse Emsland\u201d vertreten. Mit insgesamt 85 Ausstellern aus der Region pr\u00e4sentierten sich die Unternehmen als spannende Arbeitgeber und der Landkreis Emsland als Heimat vielf\u00e4ltiger Branchen. Zu den Besucherinnen und Besuchern z\u00e4hlten vor allem Azubis, Studierende und Jobsuchende. F\u00fcr Klasmann-Deilmann war die Jobmesse in zweierlei Hinsicht wichtig. Zum einen diente sie dem Kontakt zu potenziellen Bewerberinnen und Bewerbern sowie dem Netzwerken mit anderen Unternehmen. Zum anderen war sie<\/p>\n","protected":false},"author":8,"featured_media":0,"comment_status":"open","ping_status":"open","sticky":false,"template":"","format":"standard","meta":{"_acf_changed":false,"inline_featured_image":false,"footnotes":""},"categories":[137],"tags":[],"class_list":["post-86655","post","type-post","status-publish","format-standard","hentry","category-karriere"],"acf":[],"yoast_head":"<!-- This site is optimized with the Yoast SEO plugin v27.5 - https:\/\/yoast.com\/product\/yoast-seo-wordpress\/ -->\n<title>Wir sind Klasmann-Deilmann - Klasmann-Deilmann<\/title>\n<meta name=\"robots\" content=\"index, follow, max-snippet:-1, max-image-preview:large, max-video-preview:-1\" \/>\n<link rel=\"canonical\" href=\"https:\/\/klasmann-deilmann.com\/de\/wir-sind-klasmann-deilmann\/\" \/>\n<meta property=\"og:locale\" content=\"de_DE\" \/>\n<meta property=\"og:type\" content=\"article\" \/>\n<meta property=\"og:title\" content=\"Wir sind Klasmann-Deilmann - Klasmann-Deilmann\" \/>\n<meta property=\"og:description\" content=\"Unser Team auf der Jobmesse Emsland Ende Mai war Klasmann-Deilmann auf der gro\u00dfen \u201cJobmesse Emsland\u201d vertreten. Mit insgesamt 85 Ausstellern aus der Region pr\u00e4sentierten sich die Unternehmen als spannende Arbeitgeber und der Landkreis Emsland als Heimat vielf\u00e4ltiger Branchen. Zu den Besucherinnen und Besuchern z\u00e4hlten vor allem Azubis, Studierende und Jobsuchende. F\u00fcr Klasmann-Deilmann war die Jobmesse in zweierlei Hinsicht wichtig. Zum einen diente sie dem Kontakt zu potenziellen Bewerberinnen und Bewerbern sowie dem Netzwerken mit anderen Unternehmen. Zum anderen war sie\" \/>\n<meta property=\"og:url\" content=\"https:\/\/klasmann-deilmann.com\/de\/wir-sind-klasmann-deilmann\/\" \/>\n<meta property=\"og:site_name\" content=\"Klasmann-Deilmann\" \/>\n<meta property=\"article:published_time\" content=\"2024-06-02T12:30:25+00:00\" \/>\n<meta property=\"article:modified_time\" content=\"2024-09-02T12:32:08+00:00\" \/>\n<meta property=\"og:image\" content=\"https:\/\/klasmann-deilmann.com\/wp-content\/uploads\/2024-06-16-Blogbeitrag-Jobmesse-Emsland-scaled.jpg\" \/>\n<meta name=\"author\" content=\"Dirk R\u00f6se\" \/>\n<meta name=\"twitter:card\" content=\"summary_large_image\" \/>\n<meta name=\"twitter:label1\" content=\"Verfasst von\" \/>\n\t<meta name=\"twitter:data1\" content=\"Dirk R\u00f6se\" \/>\n<script type=\"application\/ld+json\" class=\"yoast-schema-graph\">{\"@context\":\"https:\\\/\\\/schema.org\",\"@graph\":[{\"@type\":\"Article\",\"@id\":\"https:\\\/\\\/klasmann-deilmann.com\\\/de\\\/wir-sind-klasmann-deilmann\\\/#article\",\"isPartOf\":{\"@id\":\"https:\\\/\\\/klasmann-deilmann.com\\\/de\\\/wir-sind-klasmann-deilmann\\\/\"},\"author\":{\"name\":\"Dirk R\u00f6se\",\"@id\":\"https:\\\/\\\/klasmann-deilmann.com\\\/en\\\/#\\\/schema\\\/person\\\/2502425feab4548f9995e2f1fa23fb3d\"},\"headline\":\"Wir sind Klasmann-Deilmann\",\"datePublished\":\"2024-06-02T12:30:25+00:00\",\"dateModified\":\"2024-09-02T12:32:08+00:00\",\"mainEntityOfPage\":{\"@id\":\"https:\\\/\\\/klasmann-deilmann.com\\\/de\\\/wir-sind-klasmann-deilmann\\\/\"},\"wordCount\":102,\"commentCount\":0,\"image\":{\"@id\":\"https:\\\/\\\/klasmann-deilmann.com\\\/de\\\/wir-sind-klasmann-deilmann\\\/#primaryimage\"},\"thumbnailUrl\":\"https:\\\/\\\/klasmann-deilmann.com\\\/wp-content\\\/uploads\\\/2024-06-16-Blogbeitrag-Jobmesse-Emsland-scaled.jpg\",\"articleSection\":[\"Karriere\"],\"inLanguage\":\"de\",\"potentialAction\":[{\"@type\":\"CommentAction\",\"name\":\"Comment\",\"target\":[\"https:\\\/\\\/klasmann-deilmann.com\\\/de\\\/wir-sind-klasmann-deilmann\\\/#respond\"]}]},{\"@type\":\"WebPage\",\"@id\":\"https:\\\/\\\/klasmann-deilmann.com\\\/de\\\/wir-sind-klasmann-deilmann\\\/\",\"url\":\"https:\\\/\\\/klasmann-deilmann.com\\\/de\\\/wir-sind-klasmann-deilmann\\\/\",\"name\":\"Wir sind Klasmann-Deilmann - Klasmann-Deilmann\",\"isPartOf\":{\"@id\":\"https:\\\/\\\/klasmann-deilmann.com\\\/en\\\/#website\"},\"primaryImageOfPage\":{\"@id\":\"https:\\\/\\\/klasmann-deilmann.com\\\/de\\\/wir-sind-klasmann-deilmann\\\/#primaryimage\"},\"image\":{\"@id\":\"https:\\\/\\\/klasmann-deilmann.com\\\/de\\\/wir-sind-klasmann-deilmann\\\/#primaryimage\"},\"thumbnailUrl\":\"https:\\\/\\\/klasmann-deilmann.com\\\/wp-content\\\/uploads\\\/2024-06-16-Blogbeitrag-Jobmesse-Emsland-scaled.jpg\",\"datePublished\":\"2024-06-02T12:30:25+00:00\",\"dateModified\":\"2024-09-02T12:32:08+00:00\",\"author\":{\"@id\":\"https:\\\/\\\/klasmann-deilmann.com\\\/en\\\/#\\\/schema\\\/person\\\/2502425feab4548f9995e2f1fa23fb3d\"},\"breadcrumb\":{\"@id\":\"https:\\\/\\\/klasmann-deilmann.com\\\/de\\\/wir-sind-klasmann-deilmann\\\/#breadcrumb\"},\"inLanguage\":\"de\",\"potentialAction\":[{\"@type\":\"ReadAction\",\"target\":[\"https:\\\/\\\/klasmann-deilmann.com\\\/de\\\/wir-sind-klasmann-deilmann\\\/\"]}]},{\"@type\":\"ImageObject\",\"inLanguage\":\"de\",\"@id\":\"https:\\\/\\\/klasmann-deilmann.com\\\/de\\\/wir-sind-klasmann-deilmann\\\/#primaryimage\",\"url\":\"https:\\\/\\\/klasmann-deilmann.com\\\/wp-content\\\/uploads\\\/2024-06-16-Blogbeitrag-Jobmesse-Emsland-scaled.jpg\",\"contentUrl\":\"https:\\\/\\\/klasmann-deilmann.com\\\/wp-content\\\/uploads\\\/2024-06-16-Blogbeitrag-Jobmesse-Emsland-scaled.jpg\"},{\"@type\":\"BreadcrumbList\",\"@id\":\"https:\\\/\\\/klasmann-deilmann.com\\\/de\\\/wir-sind-klasmann-deilmann\\\/#breadcrumb\",\"itemListElement\":[{\"@type\":\"ListItem\",\"position\":1,\"name\":\"Home\",\"item\":\"https:\\\/\\\/klasmann-deilmann.com\\\/de\\\/\"},{\"@type\":\"ListItem\",\"position\":2,\"name\":\"Wir sind Klasmann-Deilmann\"}]},{\"@type\":\"WebSite\",\"@id\":\"https:\\\/\\\/klasmann-deilmann.com\\\/en\\\/#website\",\"url\":\"https:\\\/\\\/klasmann-deilmann.com\\\/en\\\/\",\"name\":\"Klasmann-Deilmann\",\"description\":\"\",\"potentialAction\":[{\"@type\":\"SearchAction\",\"target\":{\"@type\":\"EntryPoint\",\"urlTemplate\":\"https:\\\/\\\/klasmann-deilmann.com\\\/en\\\/?s={search_term_string}\"},\"query-input\":{\"@type\":\"PropertyValueSpecification\",\"valueRequired\":true,\"valueName\":\"search_term_string\"}}],\"inLanguage\":\"de\"},{\"@type\":\"Person\",\"@id\":\"https:\\\/\\\/klasmann-deilmann.com\\\/en\\\/#\\\/schema\\\/person\\\/2502425feab4548f9995e2f1fa23fb3d\",\"name\":\"Dirk R\u00f6se\",\"image\":{\"@type\":\"ImageObject\",\"inLanguage\":\"de\",\"@id\":\"https:\\\/\\\/secure.gravatar.com\\\/avatar\\\/850ab4c80e0a5eca25933f2ee062a09ec1d50f1fa10d0057f65f04b9827f102f?s=96&d=mm&r=g\",\"url\":\"https:\\\/\\\/secure.gravatar.com\\\/avatar\\\/850ab4c80e0a5eca25933f2ee062a09ec1d50f1fa10d0057f65f04b9827f102f?s=96&d=mm&r=g\",\"contentUrl\":\"https:\\\/\\\/secure.gravatar.com\\\/avatar\\\/850ab4c80e0a5eca25933f2ee062a09ec1d50f1fa10d0057f65f04b9827f102f?s=96&d=mm&r=g\",\"caption\":\"Dirk R\u00f6se\"},\"sameAs\":[\"http:\\\/\\\/klasmann-deilmann.com\"],\"url\":\"https:\\\/\\\/klasmann-deilmann.com\\\/de\\\/author\\\/dirk-roese\\\/\"}]}<\/script>\n<!-- \/ Yoast SEO plugin. -->","yoast_head_json":{"title":"Wir sind Klasmann-Deilmann - Klasmann-Deilmann","robots":{"index":"index","follow":"follow","max-snippet":"max-snippet:-1","max-image-preview":"max-image-preview:large","max-video-preview":"max-video-preview:-1"},"canonical":"https:\/\/klasmann-deilmann.com\/de\/wir-sind-klasmann-deilmann\/","og_locale":"de_DE","og_type":"article","og_title":"Wir sind Klasmann-Deilmann - Klasmann-Deilmann","og_description":"Unser Team auf der Jobmesse Emsland Ende Mai war Klasmann-Deilmann auf der gro\u00dfen \u201cJobmesse Emsland\u201d vertreten. Mit insgesamt 85 Ausstellern aus der Region pr\u00e4sentierten sich die Unternehmen als spannende Arbeitgeber und der Landkreis Emsland als Heimat vielf\u00e4ltiger Branchen. Zu den Besucherinnen und Besuchern z\u00e4hlten vor allem Azubis, Studierende und Jobsuchende. F\u00fcr Klasmann-Deilmann war die Jobmesse in zweierlei Hinsicht wichtig. Zum einen diente sie dem Kontakt zu potenziellen Bewerberinnen und Bewerbern sowie dem Netzwerken mit anderen Unternehmen. Zum anderen war sie","og_url":"https:\/\/klasmann-deilmann.com\/de\/wir-sind-klasmann-deilmann\/","og_site_name":"Klasmann-Deilmann","article_published_time":"2024-06-02T12:30:25+00:00","article_modified_time":"2024-09-02T12:32:08+00:00","og_image":[{"url":"https:\/\/klasmann-deilmann.com\/wp-content\/uploads\/2024-06-16-Blogbeitrag-Jobmesse-Emsland-scaled.jpg","type":"","width":"","height":""}],"author":"Dirk R\u00f6se","twitter_card":"summary_large_image","twitter_misc":{"Verfasst von":"Dirk R\u00f6se"},"schema":{"@context":"https:\/\/schema.org","@graph":[{"@type":"Article","@id":"https:\/\/klasmann-deilmann.com\/de\/wir-sind-klasmann-deilmann\/#article","isPartOf":{"@id":"https:\/\/klasmann-deilmann.com\/de\/wir-sind-klasmann-deilmann\/"},"author":{"name":"Dirk R\u00f6se","@id":"https:\/\/klasmann-deilmann.com\/en\/#\/schema\/person\/2502425feab4548f9995e2f1fa23fb3d"},"headline":"Wir sind Klasmann-Deilmann","datePublished":"2024-06-02T12:30:25+00:00","dateModified":"2024-09-02T12:32:08+00:00","mainEntityOfPage":{"@id":"https:\/\/klasmann-deilmann.com\/de\/wir-sind-klasmann-deilmann\/"},"wordCount":102,"commentCount":0,"image":{"@id":"https:\/\/klasmann-deilmann.com\/de\/wir-sind-klasmann-deilmann\/#primaryimage"},"thumbnailUrl":"https:\/\/klasmann-deilmann.com\/wp-content\/uploads\/2024-06-16-Blogbeitrag-Jobmesse-Emsland-scaled.jpg","articleSection":["Karriere"],"inLanguage":"de","potentialAction":[{"@type":"CommentAction","name":"Comment","target":["https:\/\/klasmann-deilmann.com\/de\/wir-sind-klasmann-deilmann\/#respond"]}]},{"@type":"WebPage","@id":"https:\/\/klasmann-deilmann.com\/de\/wir-sind-klasmann-deilmann\/","url":"https:\/\/klasmann-deilmann.com\/de\/wir-sind-klasmann-deilmann\/","name":"Wir sind Klasmann-Deilmann - Klasmann-Deilmann","isPartOf":{"@id":"https:\/\/klasmann-deilmann.com\/en\/#website"},"primaryImageOfPage":{"@id":"https:\/\/klasmann-deilmann.com\/de\/wir-sind-klasmann-deilmann\/#primaryimage"},"image":{"@id":"https:\/\/klasmann-deilmann.com\/de\/wir-sind-klasmann-deilmann\/#primaryimage"},"thumbnailUrl":"https:\/\/klasmann-deilmann.com\/wp-content\/uploads\/2024-06-16-Blogbeitrag-Jobmesse-Emsland-scaled.jpg","datePublished":"2024-06-02T12:30:25+00:00","dateModified":"2024-09-02T12:32:08+00:00","author":{"@id":"https:\/\/klasmann-deilmann.com\/en\/#\/schema\/person\/2502425feab4548f9995e2f1fa23fb3d"},"breadcrumb":{"@id":"https:\/\/klasmann-deilmann.com\/de\/wir-sind-klasmann-deilmann\/#breadcrumb"},"inLanguage":"de","potentialAction":[{"@type":"ReadAction","target":["https:\/\/klasmann-deilmann.com\/de\/wir-sind-klasmann-deilmann\/"]}]},{"@type":"ImageObject","inLanguage":"de","@id":"https:\/\/klasmann-deilmann.com\/de\/wir-sind-klasmann-deilmann\/#primaryimage","url":"https:\/\/klasmann-deilmann.com\/wp-content\/uploads\/2024-06-16-Blogbeitrag-Jobmesse-Emsland-scaled.jpg","contentUrl":"https:\/\/klasmann-deilmann.com\/wp-content\/uploads\/2024-06-16-Blogbeitrag-Jobmesse-Emsland-scaled.jpg"},{"@type":"BreadcrumbList","@id":"https:\/\/klasmann-deilmann.com\/de\/wir-sind-klasmann-deilmann\/#breadcrumb","itemListElement":[{"@type":"ListItem","position":1,"name":"Home","item":"https:\/\/klasmann-deilmann.com\/de\/"},{"@type":"ListItem","position":2,"name":"Wir sind Klasmann-Deilmann"}]},{"@type":"WebSite","@id":"https:\/\/klasmann-deilmann.com\/en\/#website","url":"https:\/\/klasmann-deilmann.com\/en\/","name":"Klasmann-Deilmann","description":"","potentialAction":[{"@type":"SearchAction","target":{"@type":"EntryPoint","urlTemplate":"https:\/\/klasmann-deilmann.com\/en\/?s={search_term_string}"},"query-input":{"@type":"PropertyValueSpecification","valueRequired":true,"valueName":"search_term_string"}}],"inLanguage":"de"},{"@type":"Person","@id":"https:\/\/klasmann-deilmann.com\/en\/#\/schema\/person\/2502425feab4548f9995e2f1fa23fb3d","name":"Dirk R\u00f6se","image":{"@type":"ImageObject","inLanguage":"de","@id":"https:\/\/secure.gravatar.com\/avatar\/850ab4c80e0a5eca25933f2ee062a09ec1d50f1fa10d0057f65f04b9827f102f?s=96&d=mm&r=g","url":"https:\/\/secure.gravatar.com\/avatar\/850ab4c80e0a5eca25933f2ee062a09ec1d50f1fa10d0057f65f04b9827f102f?s=96&d=mm&r=g","contentUrl":"https:\/\/secure.gravatar.com\/avatar\/850ab4c80e0a5eca25933f2ee062a09ec1d50f1fa10d0057f65f04b9827f102f?s=96&d=mm&r=g","caption":"Dirk R\u00f6se"},"sameAs":["http:\/\/klasmann-deilmann.com"],"url":"https:\/\/klasmann-deilmann.com\/de\/author\/dirk-roese\/"}]}},"_links":{"self":[{"href":"https:\/\/klasmann-deilmann.com\/de\/wp-json\/wp\/v2\/posts\/86655","targetHints":{"allow":["GET"]}}],"collection":[{"href":"https:\/\/klasmann-deilmann.com\/de\/wp-json\/wp\/v2\/posts"}],"about":[{"href":"https:\/\/klasmann-deilmann.com\/de\/wp-json\/wp\/v2\/types\/post"}],"author":[{"embeddable":true,"href":"https:\/\/klasmann-deilmann.com\/de\/wp-json\/wp\/v2\/users\/8"}],"replies":[{"embeddable":true,"href":"https:\/\/klasmann-deilmann.com\/de\/wp-json\/wp\/v2\/comments?post=86655"}],"version-history":[{"count":1,"href":"https:\/\/klasmann-deilmann.com\/de\/wp-json\/wp\/v2\/posts\/86655\/revisions"}],"predecessor-version":[{"id":86668,"href":"https:\/\/klasmann-deilmann.com\/de\/wp-json\/wp\/v2\/posts\/86655\/revisions\/86668"}],"wp:attachment":[{"href":"https:\/\/klasmann-deilmann.com\/de\/wp-json\/wp\/v2\/media?parent=86655"}],"wp:term":[{"taxonomy":"category","embeddable":true,"href":"https:\/\/klasmann-deilmann.com\/de\/wp-json\/wp\/v2\/categories?post=86655"},{"taxonomy":"post_tag","embeddable":true,"href":"https:\/\/klasmann-deilmann.com\/de\/wp-json\/wp\/v2\/tags?post=86655"}],"curies":[{"name":"wp","href":"https:\/\/api.w.org\/{rel}","templated":true}]}}