{"id":86653,"date":"2024-06-18T14:28:00","date_gmt":"2024-06-18T12:28:00","guid":{"rendered":"https:\/\/klasmann-deilmann.com\/?p=86653"},"modified":"2024-09-02T14:29:18","modified_gmt":"2024-09-02T12:29:18","slug":"du-hinterlaesst-spuren-und-wege","status":"publish","type":"post","link":"https:\/\/klasmann-deilmann.com\/de\/du-hinterlaesst-spuren-und-wege\/","title":{"rendered":"Du hinterl\u00e4sst Spuren und Wege"},"content":{"rendered":"<p><img loading=\"lazy\" decoding=\"async\" class=\"alignnone wp-image-86644 size-full\" src=\"https:\/\/klasmann-deilmann.com\/wp-content\/uploads\/2024-06-13-Blogbeitrag-Verabschiedung-Bernd-Wehming-02-scaled.jpg\" alt=\"\" width=\"2560\" height=\"1440\" srcset=\"https:\/\/klasmann-deilmann.com\/wp-content\/uploads\/2024-06-13-Blogbeitrag-Verabschiedung-Bernd-Wehming-02-scaled.jpg 2560w, https:\/\/klasmann-deilmann.com\/wp-content\/uploads\/2024-06-13-Blogbeitrag-Verabschiedung-Bernd-Wehming-02-300x169.jpg 300w, https:\/\/klasmann-deilmann.com\/wp-content\/uploads\/2024-06-13-Blogbeitrag-Verabschiedung-Bernd-Wehming-02-1024x576.jpg 1024w, https:\/\/klasmann-deilmann.com\/wp-content\/uploads\/2024-06-13-Blogbeitrag-Verabschiedung-Bernd-Wehming-02-768x432.jpg 768w, https:\/\/klasmann-deilmann.com\/wp-content\/uploads\/2024-06-13-Blogbeitrag-Verabschiedung-Bernd-Wehming-02-1536x864.jpg 1536w, https:\/\/klasmann-deilmann.com\/wp-content\/uploads\/2024-06-13-Blogbeitrag-Verabschiedung-Bernd-Wehming-02-2048x1152.jpg 2048w\" sizes=\"auto, (max-width: 2560px) 100vw, 2560px\" \/><\/p>\n<h2>Verabschiedung von Gesch\u00e4ftsf\u00fchrer Bernd Wehming<\/h2>\n<p>Gesch\u00e4ftsf\u00fchrer Bernd Wehming ist in den Ruhestand verabschiedet worden. Rund einhundert geladene G\u00e4ste spendeten ihm Standing Ovations, darunter Gesellschafter, Verwaltungsrat, zahlreiche Kolleginnen und Kollegen sowie Vertreter der Wirtschaft und Banken.<\/p>\n<p>Im Rahmen der offiziellen Feststunde sagte Carl-Gerrit Deilmann, Gesellschafter und Vorsitzender des Verwaltungsrates: \u201cBernd Wehming ist einer dieser Menschen, denen man sein Unternehmen gerne anvertraut. Wir haben fast drei\u00dfig Jahre mit ihm gearbeitet, wir sind durch ihn erfolgreich gewesen, wir sind aufgrund seines Engagements gewachsen, wir sind dank seiner F\u00e4higkeiten ein gut aufgestelltes Familienunternehmen und verf\u00fcgen \u00fcber sehr solide Perspektiven f\u00fcr die Zukunft.\u201d<\/p>\n<p>Gesch\u00e4ftsf\u00fchrer Moritz B\u00f6cking f\u00fchrte aus: \u201cBewundernswert fand ich, wie tief du dich in die Themen eingearbeitet hast, an denen deine Teams arbeiten. Du warst immer auf dem Laufenden, hast wichtige neue Entwicklungen fr\u00fchzeitig erkannt und ihr Potenzial f\u00fcr unser Unternehmen gepr\u00fcft. Die gelungene SAP Einf\u00fchrung sei hier erw\u00e4hnt, auch deine Impulse im Lean Management und im Bereich der K\u00fcnstlichen Intelligenz m\u00f6chte ich hier nennen. Auf diese Weise ist auch Klasmann-Deilmann immer auf dem Laufenden geblieben.\u201d<\/p>\n<p>Moritz B\u00f6cking zog das Fazit: \u201cDu hinterl\u00e4sst Spuren, gewiss, aber du hinterl\u00e4sst vor allem Wege. Die Wege, auf denen wir fortan gehen, hast du ma\u00dfgeblich vorbereitet und geebnet und sie weisen in die Zukunft.\u201d<\/p>\n<p>Der scheidende Gesch\u00e4ftsf\u00fchrer Bernd Wehming ergriff zum Schluss das Wort: \u201cDie Jahre als kaufm\u00e4nnischer Direktor, als Gesch\u00e4ftsf\u00fchrer verschiedener Tochtergesellschaften und Gesch\u00e4ftsf\u00fchrer der Klasmann-Deilmann-Gruppe waren durch das Wachstum des Unternehmens gepr\u00e4gt. Es gab nur eine Richtung und die ging steil nach oben. Die Jahre ab 2020 hingegen waren gepr\u00e4gt durch Corona, den Ukraine-Krieg, gest\u00f6rte Lieferketten, Inflation, steigende Energiepreise und eine schw\u00e4chelnde Weltwirtschaft. Aber wenn ich r\u00fcckblickend einen Strich unter all die Jahre ziehe, dann beeindruckt es mich, mit welcher Souver\u00e4nit\u00e4t wir gemeinsam das Unternehmen durch Wetter und Unwetter gesteuert haben.\u201d<\/p>\n<p>Bernd Wehming zog den Schluss: \u201cWas bleibt, sind die Menschen, seid Ihr. Ich danke Euch allen f\u00fcr eine wirklich gute Zeit, f\u00fcr eine ereignisreiche, spannende, lehrreiche, ernste und heitere Zeit, f\u00fcr eine der wichtigsten Phasen meines Lebens, die ich auf keinen Fall missen m\u00f6chte.\u201d<\/p>\n<p>Der Abend klang bei einem gemeinsamen Essen, vielen Gespr\u00e4chen und dem EM-Auftaktspiel zwischen Deutschland und Schottland aus.<\/p>\n","protected":false},"excerpt":{"rendered":"<p>Verabschiedung von Gesch\u00e4ftsf\u00fchrer Bernd Wehming Gesch\u00e4ftsf\u00fchrer Bernd Wehming ist in den Ruhestand verabschiedet worden. Rund einhundert geladene G\u00e4ste spendeten ihm Standing Ovations, darunter Gesellschafter, Verwaltungsrat, zahlreiche Kolleginnen und Kollegen sowie Vertreter der Wirtschaft und Banken. Im Rahmen der offiziellen Feststunde sagte Carl-Gerrit Deilmann, Gesellschafter und Vorsitzender des Verwaltungsrates: \u201cBernd Wehming ist einer dieser Menschen, denen man sein Unternehmen gerne anvertraut. Wir haben fast drei\u00dfig Jahre mit ihm gearbeitet, wir sind durch ihn erfolgreich gewesen, wir sind aufgrund seines Engagements gewachsen,<\/p>\n","protected":false},"author":8,"featured_media":0,"comment_status":"open","ping_status":"open","sticky":false,"template":"","format":"standard","meta":{"_acf_changed":false,"inline_featured_image":false,"footnotes":""},"categories":[606],"tags":[],"class_list":["post-86653","post","type-post","status-publish","format-standard","hentry","category-unternehmen-2"],"acf":[],"yoast_head":"<!-- This site is optimized with the Yoast SEO plugin v27.4 - https:\/\/yoast.com\/product\/yoast-seo-wordpress\/ -->\n<title>Du hinterl\u00e4sst Spuren und Wege - Klasmann-Deilmann<\/title>\n<meta name=\"robots\" content=\"index, follow, max-snippet:-1, max-image-preview:large, max-video-preview:-1\" \/>\n<link rel=\"canonical\" href=\"https:\/\/klasmann-deilmann.com\/de\/du-hinterlaesst-spuren-und-wege\/\" \/>\n<meta property=\"og:locale\" content=\"de_DE\" \/>\n<meta property=\"og:type\" content=\"article\" \/>\n<meta property=\"og:title\" content=\"Du hinterl\u00e4sst Spuren und Wege - Klasmann-Deilmann\" \/>\n<meta property=\"og:description\" content=\"Verabschiedung von Gesch\u00e4ftsf\u00fchrer Bernd Wehming Gesch\u00e4ftsf\u00fchrer Bernd Wehming ist in den Ruhestand verabschiedet worden. Rund einhundert geladene G\u00e4ste spendeten ihm Standing Ovations, darunter Gesellschafter, Verwaltungsrat, zahlreiche Kolleginnen und Kollegen sowie Vertreter der Wirtschaft und Banken. Im Rahmen der offiziellen Feststunde sagte Carl-Gerrit Deilmann, Gesellschafter und Vorsitzender des Verwaltungsrates: \u201cBernd Wehming ist einer dieser Menschen, denen man sein Unternehmen gerne anvertraut. Wir haben fast drei\u00dfig Jahre mit ihm gearbeitet, wir sind durch ihn erfolgreich gewesen, wir sind aufgrund seines Engagements gewachsen,\" \/>\n<meta property=\"og:url\" content=\"https:\/\/klasmann-deilmann.com\/de\/du-hinterlaesst-spuren-und-wege\/\" \/>\n<meta property=\"og:site_name\" content=\"Klasmann-Deilmann\" \/>\n<meta property=\"article:published_time\" content=\"2024-06-18T12:28:00+00:00\" \/>\n<meta property=\"article:modified_time\" content=\"2024-09-02T12:29:18+00:00\" \/>\n<meta property=\"og:image\" content=\"https:\/\/klasmann-deilmann.com\/wp-content\/uploads\/2024-06-13-Blogbeitrag-Verabschiedung-Bernd-Wehming-02-scaled.jpg\" \/>\n<meta name=\"author\" content=\"Dirk R\u00f6se\" \/>\n<meta name=\"twitter:card\" content=\"summary_large_image\" \/>\n<meta name=\"twitter:label1\" content=\"Verfasst von\" \/>\n\t<meta name=\"twitter:data1\" content=\"Dirk R\u00f6se\" \/>\n\t<meta name=\"twitter:label2\" content=\"Gesch\u00e4tzte Lesezeit\" \/>\n\t<meta name=\"twitter:data2\" content=\"2\u00a0Minuten\" \/>\n<script type=\"application\/ld+json\" class=\"yoast-schema-graph\">{\"@context\":\"https:\\\/\\\/schema.org\",\"@graph\":[{\"@type\":\"Article\",\"@id\":\"https:\\\/\\\/klasmann-deilmann.com\\\/de\\\/du-hinterlaesst-spuren-und-wege\\\/#article\",\"isPartOf\":{\"@id\":\"https:\\\/\\\/klasmann-deilmann.com\\\/de\\\/du-hinterlaesst-spuren-und-wege\\\/\"},\"author\":{\"name\":\"Dirk R\u00f6se\",\"@id\":\"https:\\\/\\\/klasmann-deilmann.com\\\/en\\\/#\\\/schema\\\/person\\\/2502425feab4548f9995e2f1fa23fb3d\"},\"headline\":\"Du hinterl\u00e4sst Spuren und Wege\",\"datePublished\":\"2024-06-18T12:28:00+00:00\",\"dateModified\":\"2024-09-02T12:29:18+00:00\",\"mainEntityOfPage\":{\"@id\":\"https:\\\/\\\/klasmann-deilmann.com\\\/de\\\/du-hinterlaesst-spuren-und-wege\\\/\"},\"wordCount\":405,\"commentCount\":0,\"image\":{\"@id\":\"https:\\\/\\\/klasmann-deilmann.com\\\/de\\\/du-hinterlaesst-spuren-und-wege\\\/#primaryimage\"},\"thumbnailUrl\":\"https:\\\/\\\/klasmann-deilmann.com\\\/wp-content\\\/uploads\\\/2024-06-13-Blogbeitrag-Verabschiedung-Bernd-Wehming-02-scaled.jpg\",\"articleSection\":[\"Unternehmen\"],\"inLanguage\":\"de\",\"potentialAction\":[{\"@type\":\"CommentAction\",\"name\":\"Comment\",\"target\":[\"https:\\\/\\\/klasmann-deilmann.com\\\/de\\\/du-hinterlaesst-spuren-und-wege\\\/#respond\"]}]},{\"@type\":\"WebPage\",\"@id\":\"https:\\\/\\\/klasmann-deilmann.com\\\/de\\\/du-hinterlaesst-spuren-und-wege\\\/\",\"url\":\"https:\\\/\\\/klasmann-deilmann.com\\\/de\\\/du-hinterlaesst-spuren-und-wege\\\/\",\"name\":\"Du hinterl\u00e4sst Spuren und Wege - Klasmann-Deilmann\",\"isPartOf\":{\"@id\":\"https:\\\/\\\/klasmann-deilmann.com\\\/en\\\/#website\"},\"primaryImageOfPage\":{\"@id\":\"https:\\\/\\\/klasmann-deilmann.com\\\/de\\\/du-hinterlaesst-spuren-und-wege\\\/#primaryimage\"},\"image\":{\"@id\":\"https:\\\/\\\/klasmann-deilmann.com\\\/de\\\/du-hinterlaesst-spuren-und-wege\\\/#primaryimage\"},\"thumbnailUrl\":\"https:\\\/\\\/klasmann-deilmann.com\\\/wp-content\\\/uploads\\\/2024-06-13-Blogbeitrag-Verabschiedung-Bernd-Wehming-02-scaled.jpg\",\"datePublished\":\"2024-06-18T12:28:00+00:00\",\"dateModified\":\"2024-09-02T12:29:18+00:00\",\"author\":{\"@id\":\"https:\\\/\\\/klasmann-deilmann.com\\\/en\\\/#\\\/schema\\\/person\\\/2502425feab4548f9995e2f1fa23fb3d\"},\"breadcrumb\":{\"@id\":\"https:\\\/\\\/klasmann-deilmann.com\\\/de\\\/du-hinterlaesst-spuren-und-wege\\\/#breadcrumb\"},\"inLanguage\":\"de\",\"potentialAction\":[{\"@type\":\"ReadAction\",\"target\":[\"https:\\\/\\\/klasmann-deilmann.com\\\/de\\\/du-hinterlaesst-spuren-und-wege\\\/\"]}]},{\"@type\":\"ImageObject\",\"inLanguage\":\"de\",\"@id\":\"https:\\\/\\\/klasmann-deilmann.com\\\/de\\\/du-hinterlaesst-spuren-und-wege\\\/#primaryimage\",\"url\":\"https:\\\/\\\/klasmann-deilmann.com\\\/wp-content\\\/uploads\\\/2024-06-13-Blogbeitrag-Verabschiedung-Bernd-Wehming-02-scaled.jpg\",\"contentUrl\":\"https:\\\/\\\/klasmann-deilmann.com\\\/wp-content\\\/uploads\\\/2024-06-13-Blogbeitrag-Verabschiedung-Bernd-Wehming-02-scaled.jpg\"},{\"@type\":\"BreadcrumbList\",\"@id\":\"https:\\\/\\\/klasmann-deilmann.com\\\/de\\\/du-hinterlaesst-spuren-und-wege\\\/#breadcrumb\",\"itemListElement\":[{\"@type\":\"ListItem\",\"position\":1,\"name\":\"Home\",\"item\":\"https:\\\/\\\/klasmann-deilmann.com\\\/de\\\/\"},{\"@type\":\"ListItem\",\"position\":2,\"name\":\"Du hinterl\u00e4sst Spuren und Wege\"}]},{\"@type\":\"WebSite\",\"@id\":\"https:\\\/\\\/klasmann-deilmann.com\\\/en\\\/#website\",\"url\":\"https:\\\/\\\/klasmann-deilmann.com\\\/en\\\/\",\"name\":\"Klasmann-Deilmann\",\"description\":\"\",\"potentialAction\":[{\"@type\":\"SearchAction\",\"target\":{\"@type\":\"EntryPoint\",\"urlTemplate\":\"https:\\\/\\\/klasmann-deilmann.com\\\/en\\\/?s={search_term_string}\"},\"query-input\":{\"@type\":\"PropertyValueSpecification\",\"valueRequired\":true,\"valueName\":\"search_term_string\"}}],\"inLanguage\":\"de\"},{\"@type\":\"Person\",\"@id\":\"https:\\\/\\\/klasmann-deilmann.com\\\/en\\\/#\\\/schema\\\/person\\\/2502425feab4548f9995e2f1fa23fb3d\",\"name\":\"Dirk R\u00f6se\",\"image\":{\"@type\":\"ImageObject\",\"inLanguage\":\"de\",\"@id\":\"https:\\\/\\\/secure.gravatar.com\\\/avatar\\\/850ab4c80e0a5eca25933f2ee062a09ec1d50f1fa10d0057f65f04b9827f102f?s=96&d=mm&r=g\",\"url\":\"https:\\\/\\\/secure.gravatar.com\\\/avatar\\\/850ab4c80e0a5eca25933f2ee062a09ec1d50f1fa10d0057f65f04b9827f102f?s=96&d=mm&r=g\",\"contentUrl\":\"https:\\\/\\\/secure.gravatar.com\\\/avatar\\\/850ab4c80e0a5eca25933f2ee062a09ec1d50f1fa10d0057f65f04b9827f102f?s=96&d=mm&r=g\",\"caption\":\"Dirk R\u00f6se\"},\"sameAs\":[\"http:\\\/\\\/klasmann-deilmann.com\"],\"url\":\"https:\\\/\\\/klasmann-deilmann.com\\\/de\\\/author\\\/dirk-roese\\\/\"}]}<\/script>\n<!-- \/ Yoast SEO plugin. -->","yoast_head_json":{"title":"Du hinterl\u00e4sst Spuren und Wege - Klasmann-Deilmann","robots":{"index":"index","follow":"follow","max-snippet":"max-snippet:-1","max-image-preview":"max-image-preview:large","max-video-preview":"max-video-preview:-1"},"canonical":"https:\/\/klasmann-deilmann.com\/de\/du-hinterlaesst-spuren-und-wege\/","og_locale":"de_DE","og_type":"article","og_title":"Du hinterl\u00e4sst Spuren und Wege - Klasmann-Deilmann","og_description":"Verabschiedung von Gesch\u00e4ftsf\u00fchrer Bernd Wehming Gesch\u00e4ftsf\u00fchrer Bernd Wehming ist in den Ruhestand verabschiedet worden. Rund einhundert geladene G\u00e4ste spendeten ihm Standing Ovations, darunter Gesellschafter, Verwaltungsrat, zahlreiche Kolleginnen und Kollegen sowie Vertreter der Wirtschaft und Banken. Im Rahmen der offiziellen Feststunde sagte Carl-Gerrit Deilmann, Gesellschafter und Vorsitzender des Verwaltungsrates: \u201cBernd Wehming ist einer dieser Menschen, denen man sein Unternehmen gerne anvertraut. Wir haben fast drei\u00dfig Jahre mit ihm gearbeitet, wir sind durch ihn erfolgreich gewesen, wir sind aufgrund seines Engagements gewachsen,","og_url":"https:\/\/klasmann-deilmann.com\/de\/du-hinterlaesst-spuren-und-wege\/","og_site_name":"Klasmann-Deilmann","article_published_time":"2024-06-18T12:28:00+00:00","article_modified_time":"2024-09-02T12:29:18+00:00","og_image":[{"url":"https:\/\/klasmann-deilmann.com\/wp-content\/uploads\/2024-06-13-Blogbeitrag-Verabschiedung-Bernd-Wehming-02-scaled.jpg","type":"","width":"","height":""}],"author":"Dirk R\u00f6se","twitter_card":"summary_large_image","twitter_misc":{"Verfasst von":"Dirk R\u00f6se","Gesch\u00e4tzte Lesezeit":"2\u00a0Minuten"},"schema":{"@context":"https:\/\/schema.org","@graph":[{"@type":"Article","@id":"https:\/\/klasmann-deilmann.com\/de\/du-hinterlaesst-spuren-und-wege\/#article","isPartOf":{"@id":"https:\/\/klasmann-deilmann.com\/de\/du-hinterlaesst-spuren-und-wege\/"},"author":{"name":"Dirk R\u00f6se","@id":"https:\/\/klasmann-deilmann.com\/en\/#\/schema\/person\/2502425feab4548f9995e2f1fa23fb3d"},"headline":"Du hinterl\u00e4sst Spuren und Wege","datePublished":"2024-06-18T12:28:00+00:00","dateModified":"2024-09-02T12:29:18+00:00","mainEntityOfPage":{"@id":"https:\/\/klasmann-deilmann.com\/de\/du-hinterlaesst-spuren-und-wege\/"},"wordCount":405,"commentCount":0,"image":{"@id":"https:\/\/klasmann-deilmann.com\/de\/du-hinterlaesst-spuren-und-wege\/#primaryimage"},"thumbnailUrl":"https:\/\/klasmann-deilmann.com\/wp-content\/uploads\/2024-06-13-Blogbeitrag-Verabschiedung-Bernd-Wehming-02-scaled.jpg","articleSection":["Unternehmen"],"inLanguage":"de","potentialAction":[{"@type":"CommentAction","name":"Comment","target":["https:\/\/klasmann-deilmann.com\/de\/du-hinterlaesst-spuren-und-wege\/#respond"]}]},{"@type":"WebPage","@id":"https:\/\/klasmann-deilmann.com\/de\/du-hinterlaesst-spuren-und-wege\/","url":"https:\/\/klasmann-deilmann.com\/de\/du-hinterlaesst-spuren-und-wege\/","name":"Du hinterl\u00e4sst Spuren und Wege - Klasmann-Deilmann","isPartOf":{"@id":"https:\/\/klasmann-deilmann.com\/en\/#website"},"primaryImageOfPage":{"@id":"https:\/\/klasmann-deilmann.com\/de\/du-hinterlaesst-spuren-und-wege\/#primaryimage"},"image":{"@id":"https:\/\/klasmann-deilmann.com\/de\/du-hinterlaesst-spuren-und-wege\/#primaryimage"},"thumbnailUrl":"https:\/\/klasmann-deilmann.com\/wp-content\/uploads\/2024-06-13-Blogbeitrag-Verabschiedung-Bernd-Wehming-02-scaled.jpg","datePublished":"2024-06-18T12:28:00+00:00","dateModified":"2024-09-02T12:29:18+00:00","author":{"@id":"https:\/\/klasmann-deilmann.com\/en\/#\/schema\/person\/2502425feab4548f9995e2f1fa23fb3d"},"breadcrumb":{"@id":"https:\/\/klasmann-deilmann.com\/de\/du-hinterlaesst-spuren-und-wege\/#breadcrumb"},"inLanguage":"de","potentialAction":[{"@type":"ReadAction","target":["https:\/\/klasmann-deilmann.com\/de\/du-hinterlaesst-spuren-und-wege\/"]}]},{"@type":"ImageObject","inLanguage":"de","@id":"https:\/\/klasmann-deilmann.com\/de\/du-hinterlaesst-spuren-und-wege\/#primaryimage","url":"https:\/\/klasmann-deilmann.com\/wp-content\/uploads\/2024-06-13-Blogbeitrag-Verabschiedung-Bernd-Wehming-02-scaled.jpg","contentUrl":"https:\/\/klasmann-deilmann.com\/wp-content\/uploads\/2024-06-13-Blogbeitrag-Verabschiedung-Bernd-Wehming-02-scaled.jpg"},{"@type":"BreadcrumbList","@id":"https:\/\/klasmann-deilmann.com\/de\/du-hinterlaesst-spuren-und-wege\/#breadcrumb","itemListElement":[{"@type":"ListItem","position":1,"name":"Home","item":"https:\/\/klasmann-deilmann.com\/de\/"},{"@type":"ListItem","position":2,"name":"Du hinterl\u00e4sst Spuren und Wege"}]},{"@type":"WebSite","@id":"https:\/\/klasmann-deilmann.com\/en\/#website","url":"https:\/\/klasmann-deilmann.com\/en\/","name":"Klasmann-Deilmann","description":"","potentialAction":[{"@type":"SearchAction","target":{"@type":"EntryPoint","urlTemplate":"https:\/\/klasmann-deilmann.com\/en\/?s={search_term_string}"},"query-input":{"@type":"PropertyValueSpecification","valueRequired":true,"valueName":"search_term_string"}}],"inLanguage":"de"},{"@type":"Person","@id":"https:\/\/klasmann-deilmann.com\/en\/#\/schema\/person\/2502425feab4548f9995e2f1fa23fb3d","name":"Dirk R\u00f6se","image":{"@type":"ImageObject","inLanguage":"de","@id":"https:\/\/secure.gravatar.com\/avatar\/850ab4c80e0a5eca25933f2ee062a09ec1d50f1fa10d0057f65f04b9827f102f?s=96&d=mm&r=g","url":"https:\/\/secure.gravatar.com\/avatar\/850ab4c80e0a5eca25933f2ee062a09ec1d50f1fa10d0057f65f04b9827f102f?s=96&d=mm&r=g","contentUrl":"https:\/\/secure.gravatar.com\/avatar\/850ab4c80e0a5eca25933f2ee062a09ec1d50f1fa10d0057f65f04b9827f102f?s=96&d=mm&r=g","caption":"Dirk R\u00f6se"},"sameAs":["http:\/\/klasmann-deilmann.com"],"url":"https:\/\/klasmann-deilmann.com\/de\/author\/dirk-roese\/"}]}},"_links":{"self":[{"href":"https:\/\/klasmann-deilmann.com\/de\/wp-json\/wp\/v2\/posts\/86653","targetHints":{"allow":["GET"]}}],"collection":[{"href":"https:\/\/klasmann-deilmann.com\/de\/wp-json\/wp\/v2\/posts"}],"about":[{"href":"https:\/\/klasmann-deilmann.com\/de\/wp-json\/wp\/v2\/types\/post"}],"author":[{"embeddable":true,"href":"https:\/\/klasmann-deilmann.com\/de\/wp-json\/wp\/v2\/users\/8"}],"replies":[{"embeddable":true,"href":"https:\/\/klasmann-deilmann.com\/de\/wp-json\/wp\/v2\/comments?post=86653"}],"version-history":[{"count":1,"href":"https:\/\/klasmann-deilmann.com\/de\/wp-json\/wp\/v2\/posts\/86653\/revisions"}],"predecessor-version":[{"id":86654,"href":"https:\/\/klasmann-deilmann.com\/de\/wp-json\/wp\/v2\/posts\/86653\/revisions\/86654"}],"wp:attachment":[{"href":"https:\/\/klasmann-deilmann.com\/de\/wp-json\/wp\/v2\/media?parent=86653"}],"wp:term":[{"taxonomy":"category","embeddable":true,"href":"https:\/\/klasmann-deilmann.com\/de\/wp-json\/wp\/v2\/categories?post=86653"},{"taxonomy":"post_tag","embeddable":true,"href":"https:\/\/klasmann-deilmann.com\/de\/wp-json\/wp\/v2\/tags?post=86653"}],"curies":[{"name":"wp","href":"https:\/\/api.w.org\/{rel}","templated":true}]}}