{"id":84791,"date":"2024-06-03T07:57:39","date_gmt":"2024-06-03T05:57:39","guid":{"rendered":"https:\/\/klasmann-deilmann.com\/?p=84791"},"modified":"2024-06-03T08:01:59","modified_gmt":"2024-06-03T06:01:59","slug":"den-mittelstand-nicht-ueberlasten","status":"publish","type":"post","link":"https:\/\/klasmann-deilmann.com\/de\/den-mittelstand-nicht-ueberlasten\/","title":{"rendered":"Den Mittelstand nicht \u00fcberlasten"},"content":{"rendered":"<p><img loading=\"lazy\" decoding=\"async\" width=\"2560\" height=\"897\" class=\"alignnone size-full wp-image-84808\" src=\"\/wp-content\/uploads\/2024-05-29_Wehming-MdLEvers_MdLFuehner_Roese_0b1.jpg\" alt=\"\" srcset=\"https:\/\/klasmann-deilmann.com\/wp-content\/uploads\/2024-05-29_Wehming-MdLEvers_MdLFuehner_Roese_0b1.jpg 2560w, https:\/\/klasmann-deilmann.com\/wp-content\/uploads\/2024-05-29_Wehming-MdLEvers_MdLFuehner_Roese_0b1-300x105.jpg 300w, https:\/\/klasmann-deilmann.com\/wp-content\/uploads\/2024-05-29_Wehming-MdLEvers_MdLFuehner_Roese_0b1-1024x359.jpg 1024w, https:\/\/klasmann-deilmann.com\/wp-content\/uploads\/2024-05-29_Wehming-MdLEvers_MdLFuehner_Roese_0b1-768x269.jpg 768w, https:\/\/klasmann-deilmann.com\/wp-content\/uploads\/2024-05-29_Wehming-MdLEvers_MdLFuehner_Roese_0b1-1536x538.jpg 1536w, https:\/\/klasmann-deilmann.com\/wp-content\/uploads\/2024-05-29_Wehming-MdLEvers_MdLFuehner_Roese_0b1-2048x718.jpg 2048w\" sizes=\"auto, (max-width: 2560px) 100vw, 2560px\" \/><\/p>\n<p><strong>MdL F\u00fchner und MdL Evers bei Klasmann-Deilmann<\/strong><\/p>\n<p>Die Landtagsabgeordneten Christian F\u00fchner und Lara Evers (beide CDU) waren zu Gast bei Klasmann-Deilmann. Empfangen wurden sie von Gesch\u00e4ftsf\u00fchrer Bernd Wehming sowie Dirk R\u00f6se, Leiter der Unternehmenskommunikation. Anlass des Besuchs war der stockende Dialog mit der Politik \u00fcber die Zukunft von Torfgewinnung und -nutzung f\u00fcr gartenbauliche Zwecke. Absicht der Bundesregierung ist es, den gartenbaulichen Einsatz von Torf bis 2030 deutlich zur\u00fcckzufahren.&nbsp;In diesem Zusammenhang verabschiedete die Landesregierung in Hannover zuletzt ein Naturschutzgesetz, das neue Genehmigungen zur Torfgewinnung untersagt.<\/p>\n<p>\u201eBis zu einem gewissen Grad unterst\u00fctzen wir die Anliegen der Politik\u201c, erkl\u00e4rt Bernd Wehming. \u201eAus Klima- und Umweltschutzgr\u00fcnden gewinnen nachwachsende Rohstoffe an Bedeutung. Klasmann-Deilmann investiert daher in gro\u00dfem Umfang in Holz, Kompost, Rinden und Kokos. In Kombination mit Torf ist das die Zukunft.\u201c Auf internationaler Ebene nutzte Klasmann-Deilmann im vergangenen Jahr 940.000 Kubikmeter nachwachsende Rohstoffe f\u00fcr die Herstellung von Kultursubstraten. \u201eWir vollziehen eine weitreichende Transformation\u201c, so Bernd Wehming, \u201eund nehmen die Neuausrichtung sehr ernst. Doch diese Entwicklung braucht Zeit. Torf bleibt auch nach 2030 ein wesentlicher Rohstoff f\u00fcr gartenbauliche Anwendungen, Deutschland entwickelt sich zum Importmarkt. Ein zu fr\u00fch erzwungener Ausstieg aus der Torfnutzung w\u00fcrde die Substratbranche und vor allem unz\u00e4hlige Gartenbaubetriebe gef\u00e4hrden.\u201c<\/p>\n<p>\u201eF\u00fcr die mittelst\u00e4ndisch gepr\u00e4gte Substratbranche ist dieser Wandel mit gro\u00dfem Aufwand und hohen Investitionen verbunden\u201c, best\u00e4tigt MdL Christian F\u00fchner. \u201eWir begr\u00fc\u00dfen das Engagement von Klasmann-Deilmann, das zu nennenswerten Fortschritten f\u00fchrt. Den Ministerien in Hannover k\u00f6nnen wir nur immer wieder raten, dass sie den Mittelstand nicht \u00fcberlasten. Die Forderungen und Zeitvorgaben an die Unternehmen d\u00fcrfen nicht \u00fcberzogen werden.\u201c<\/p>\n<p>MdL Lara Evers berichtete, dass das Nieders\u00e4chsische Naturschutzgesetz im Herbst nachverhandelt wird. \u201eDann werden wir die Sichtweise der Substratbranche erneut einbringen. Au\u00dferdem werden wir auf Rahmenbedingungen dr\u00e4ngen, die den Unternehmen den notwendigen Zugriff auf nachwachsende Rohstoffe erleichtert. Es geht nicht, dass man der Industrie lediglich den Hahn zudreht\u201c, so Lara Evers. \u201eMan muss auch an anderer Stelle neue M\u00f6glichkeiten schaffen.\u201c<\/p>\n<p>Dirk R\u00f6se verwies auf das Vorbild der Niederlande. Dort besteht eine enge und einvernehmliche Zusammenarbeit zwischen Politik, Substratherstellern und Klimaschutzverb\u00e4nden. Vereinbart ist, die Nutzung von Torf schrittweise und verantwortungsvoll zu reduzieren, ohne auf einen Ausstieg zu zielen. \u201eWir brauchen einen Runden Tisch mit allen Beteiligten\u201c, so Dirk R\u00f6se, \u201eum auf Augenh\u00f6he zu beraten, was machbar ist, und einen Konsens zu erzielen. Unsere Hoffnung ist, dass sich Rot-Gr\u00fcn dem Dialog stellt.\u201c<\/p>\n<p><img loading=\"lazy\" decoding=\"async\" width=\"2560\" height=\"1441\" class=\"alignnone size-full wp-image-84792\" src=\"\/wp-content\/uploads\/2024-05-29_Wehming-MdLEvers_MdLFuehner_Roese_01.jpg\" alt=\"\" srcset=\"https:\/\/klasmann-deilmann.com\/wp-content\/uploads\/2024-05-29_Wehming-MdLEvers_MdLFuehner_Roese_01.jpg 2560w, https:\/\/klasmann-deilmann.com\/wp-content\/uploads\/2024-05-29_Wehming-MdLEvers_MdLFuehner_Roese_01-300x169.jpg 300w, https:\/\/klasmann-deilmann.com\/wp-content\/uploads\/2024-05-29_Wehming-MdLEvers_MdLFuehner_Roese_01-1024x576.jpg 1024w, https:\/\/klasmann-deilmann.com\/wp-content\/uploads\/2024-05-29_Wehming-MdLEvers_MdLFuehner_Roese_01-768x432.jpg 768w, https:\/\/klasmann-deilmann.com\/wp-content\/uploads\/2024-05-29_Wehming-MdLEvers_MdLFuehner_Roese_01-1536x865.jpg 1536w, https:\/\/klasmann-deilmann.com\/wp-content\/uploads\/2024-05-29_Wehming-MdLEvers_MdLFuehner_Roese_01-2048x1153.jpg 2048w\" sizes=\"auto, (max-width: 2560px) 100vw, 2560px\" \/><br \/>\n<em>Bild von links: Bernd Wehming (Gesch\u00e4ftsf\u00fchrer Klasmann-Deilmann), MdL Lara Evers (CDU), MdL Christian F\u00fchner (CDU), Dirk R\u00f6se (Unternehmenskommunikation Klasmann-Deilmann)<\/em><\/p>\n","protected":false},"excerpt":{"rendered":"<p>MdL F\u00fchner und MdL Evers bei Klasmann-Deilmann Die Landtagsabgeordneten Christian F\u00fchner und Lara Evers (beide CDU) waren zu Gast bei Klasmann-Deilmann. Empfangen wurden sie von Gesch\u00e4ftsf\u00fchrer Bernd Wehming sowie Dirk R\u00f6se, Leiter der Unternehmenskommunikation. Anlass des Besuchs war der stockende Dialog mit der Politik \u00fcber die Zukunft von Torfgewinnung und -nutzung f\u00fcr gartenbauliche Zwecke. Absicht der Bundesregierung ist es, den gartenbaulichen Einsatz von Torf bis 2030 deutlich zur\u00fcckzufahren.&nbsp;In diesem Zusammenhang verabschiedete die Landesregierung in Hannover zuletzt ein Naturschutzgesetz, das neue<\/p>\n","protected":false},"author":8,"featured_media":0,"comment_status":"open","ping_status":"open","sticky":false,"template":"","format":"standard","meta":{"_acf_changed":false,"inline_featured_image":false,"footnotes":""},"categories":[606],"tags":[],"class_list":["post-84791","post","type-post","status-publish","format-standard","hentry","category-unternehmen-2"],"acf":[],"yoast_head":"<!-- This site is optimized with the Yoast SEO plugin v27.5 - https:\/\/yoast.com\/product\/yoast-seo-wordpress\/ -->\n<title>Den Mittelstand nicht \u00fcberlasten - Klasmann-Deilmann<\/title>\n<meta name=\"robots\" content=\"index, follow, max-snippet:-1, max-image-preview:large, max-video-preview:-1\" \/>\n<link rel=\"canonical\" href=\"https:\/\/klasmann-deilmann.com\/de\/den-mittelstand-nicht-ueberlasten\/\" \/>\n<meta property=\"og:locale\" content=\"de_DE\" \/>\n<meta property=\"og:type\" content=\"article\" \/>\n<meta property=\"og:title\" content=\"Den Mittelstand nicht \u00fcberlasten - Klasmann-Deilmann\" \/>\n<meta property=\"og:description\" content=\"MdL F\u00fchner und MdL Evers bei Klasmann-Deilmann Die Landtagsabgeordneten Christian F\u00fchner und Lara Evers (beide CDU) waren zu Gast bei Klasmann-Deilmann. Empfangen wurden sie von Gesch\u00e4ftsf\u00fchrer Bernd Wehming sowie Dirk R\u00f6se, Leiter der Unternehmenskommunikation. Anlass des Besuchs war der stockende Dialog mit der Politik \u00fcber die Zukunft von Torfgewinnung und -nutzung f\u00fcr gartenbauliche Zwecke. Absicht der Bundesregierung ist es, den gartenbaulichen Einsatz von Torf bis 2030 deutlich zur\u00fcckzufahren.&nbsp;In diesem Zusammenhang verabschiedete die Landesregierung in Hannover zuletzt ein Naturschutzgesetz, das neue\" \/>\n<meta property=\"og:url\" content=\"https:\/\/klasmann-deilmann.com\/de\/den-mittelstand-nicht-ueberlasten\/\" \/>\n<meta property=\"og:site_name\" content=\"Klasmann-Deilmann\" \/>\n<meta property=\"article:published_time\" content=\"2024-06-03T05:57:39+00:00\" \/>\n<meta property=\"article:modified_time\" content=\"2024-06-03T06:01:59+00:00\" \/>\n<meta name=\"author\" content=\"Dirk R\u00f6se\" \/>\n<meta name=\"twitter:card\" content=\"summary_large_image\" \/>\n<meta name=\"twitter:label1\" content=\"Verfasst von\" \/>\n\t<meta name=\"twitter:data1\" content=\"Dirk R\u00f6se\" \/>\n\t<meta name=\"twitter:label2\" content=\"Gesch\u00e4tzte Lesezeit\" \/>\n\t<meta name=\"twitter:data2\" content=\"2\u00a0Minuten\" \/>\n<script type=\"application\/ld+json\" class=\"yoast-schema-graph\">{\"@context\":\"https:\\\/\\\/schema.org\",\"@graph\":[{\"@type\":\"Article\",\"@id\":\"https:\\\/\\\/klasmann-deilmann.com\\\/de\\\/den-mittelstand-nicht-ueberlasten\\\/#article\",\"isPartOf\":{\"@id\":\"https:\\\/\\\/klasmann-deilmann.com\\\/de\\\/den-mittelstand-nicht-ueberlasten\\\/\"},\"author\":{\"name\":\"Dirk R\u00f6se\",\"@id\":\"https:\\\/\\\/klasmann-deilmann.com\\\/en\\\/#\\\/schema\\\/person\\\/2502425feab4548f9995e2f1fa23fb3d\"},\"headline\":\"Den Mittelstand nicht \u00fcberlasten\",\"datePublished\":\"2024-06-03T05:57:39+00:00\",\"dateModified\":\"2024-06-03T06:01:59+00:00\",\"mainEntityOfPage\":{\"@id\":\"https:\\\/\\\/klasmann-deilmann.com\\\/de\\\/den-mittelstand-nicht-ueberlasten\\\/\"},\"wordCount\":445,\"commentCount\":0,\"articleSection\":[\"Unternehmen\"],\"inLanguage\":\"de\",\"potentialAction\":[{\"@type\":\"CommentAction\",\"name\":\"Comment\",\"target\":[\"https:\\\/\\\/klasmann-deilmann.com\\\/de\\\/den-mittelstand-nicht-ueberlasten\\\/#respond\"]}]},{\"@type\":\"WebPage\",\"@id\":\"https:\\\/\\\/klasmann-deilmann.com\\\/de\\\/den-mittelstand-nicht-ueberlasten\\\/\",\"url\":\"https:\\\/\\\/klasmann-deilmann.com\\\/de\\\/den-mittelstand-nicht-ueberlasten\\\/\",\"name\":\"Den Mittelstand nicht \u00fcberlasten - Klasmann-Deilmann\",\"isPartOf\":{\"@id\":\"https:\\\/\\\/klasmann-deilmann.com\\\/en\\\/#website\"},\"datePublished\":\"2024-06-03T05:57:39+00:00\",\"dateModified\":\"2024-06-03T06:01:59+00:00\",\"author\":{\"@id\":\"https:\\\/\\\/klasmann-deilmann.com\\\/en\\\/#\\\/schema\\\/person\\\/2502425feab4548f9995e2f1fa23fb3d\"},\"breadcrumb\":{\"@id\":\"https:\\\/\\\/klasmann-deilmann.com\\\/de\\\/den-mittelstand-nicht-ueberlasten\\\/#breadcrumb\"},\"inLanguage\":\"de\",\"potentialAction\":[{\"@type\":\"ReadAction\",\"target\":[\"https:\\\/\\\/klasmann-deilmann.com\\\/de\\\/den-mittelstand-nicht-ueberlasten\\\/\"]}]},{\"@type\":\"BreadcrumbList\",\"@id\":\"https:\\\/\\\/klasmann-deilmann.com\\\/de\\\/den-mittelstand-nicht-ueberlasten\\\/#breadcrumb\",\"itemListElement\":[{\"@type\":\"ListItem\",\"position\":1,\"name\":\"Home\",\"item\":\"https:\\\/\\\/klasmann-deilmann.com\\\/de\\\/\"},{\"@type\":\"ListItem\",\"position\":2,\"name\":\"Den Mittelstand nicht \u00fcberlasten\"}]},{\"@type\":\"WebSite\",\"@id\":\"https:\\\/\\\/klasmann-deilmann.com\\\/en\\\/#website\",\"url\":\"https:\\\/\\\/klasmann-deilmann.com\\\/en\\\/\",\"name\":\"Klasmann-Deilmann\",\"description\":\"\",\"potentialAction\":[{\"@type\":\"SearchAction\",\"target\":{\"@type\":\"EntryPoint\",\"urlTemplate\":\"https:\\\/\\\/klasmann-deilmann.com\\\/en\\\/?s={search_term_string}\"},\"query-input\":{\"@type\":\"PropertyValueSpecification\",\"valueRequired\":true,\"valueName\":\"search_term_string\"}}],\"inLanguage\":\"de\"},{\"@type\":\"Person\",\"@id\":\"https:\\\/\\\/klasmann-deilmann.com\\\/en\\\/#\\\/schema\\\/person\\\/2502425feab4548f9995e2f1fa23fb3d\",\"name\":\"Dirk R\u00f6se\",\"image\":{\"@type\":\"ImageObject\",\"inLanguage\":\"de\",\"@id\":\"https:\\\/\\\/secure.gravatar.com\\\/avatar\\\/850ab4c80e0a5eca25933f2ee062a09ec1d50f1fa10d0057f65f04b9827f102f?s=96&d=mm&r=g\",\"url\":\"https:\\\/\\\/secure.gravatar.com\\\/avatar\\\/850ab4c80e0a5eca25933f2ee062a09ec1d50f1fa10d0057f65f04b9827f102f?s=96&d=mm&r=g\",\"contentUrl\":\"https:\\\/\\\/secure.gravatar.com\\\/avatar\\\/850ab4c80e0a5eca25933f2ee062a09ec1d50f1fa10d0057f65f04b9827f102f?s=96&d=mm&r=g\",\"caption\":\"Dirk R\u00f6se\"},\"sameAs\":[\"http:\\\/\\\/klasmann-deilmann.com\"],\"url\":\"https:\\\/\\\/klasmann-deilmann.com\\\/de\\\/author\\\/dirk-roese\\\/\"}]}<\/script>\n<!-- \/ Yoast SEO plugin. -->","yoast_head_json":{"title":"Den Mittelstand nicht \u00fcberlasten - Klasmann-Deilmann","robots":{"index":"index","follow":"follow","max-snippet":"max-snippet:-1","max-image-preview":"max-image-preview:large","max-video-preview":"max-video-preview:-1"},"canonical":"https:\/\/klasmann-deilmann.com\/de\/den-mittelstand-nicht-ueberlasten\/","og_locale":"de_DE","og_type":"article","og_title":"Den Mittelstand nicht \u00fcberlasten - Klasmann-Deilmann","og_description":"MdL F\u00fchner und MdL Evers bei Klasmann-Deilmann Die Landtagsabgeordneten Christian F\u00fchner und Lara Evers (beide CDU) waren zu Gast bei Klasmann-Deilmann. Empfangen wurden sie von Gesch\u00e4ftsf\u00fchrer Bernd Wehming sowie Dirk R\u00f6se, Leiter der Unternehmenskommunikation. Anlass des Besuchs war der stockende Dialog mit der Politik \u00fcber die Zukunft von Torfgewinnung und -nutzung f\u00fcr gartenbauliche Zwecke. Absicht der Bundesregierung ist es, den gartenbaulichen Einsatz von Torf bis 2030 deutlich zur\u00fcckzufahren.&nbsp;In diesem Zusammenhang verabschiedete die Landesregierung in Hannover zuletzt ein Naturschutzgesetz, das neue","og_url":"https:\/\/klasmann-deilmann.com\/de\/den-mittelstand-nicht-ueberlasten\/","og_site_name":"Klasmann-Deilmann","article_published_time":"2024-06-03T05:57:39+00:00","article_modified_time":"2024-06-03T06:01:59+00:00","author":"Dirk R\u00f6se","twitter_card":"summary_large_image","twitter_misc":{"Verfasst von":"Dirk R\u00f6se","Gesch\u00e4tzte Lesezeit":"2\u00a0Minuten"},"schema":{"@context":"https:\/\/schema.org","@graph":[{"@type":"Article","@id":"https:\/\/klasmann-deilmann.com\/de\/den-mittelstand-nicht-ueberlasten\/#article","isPartOf":{"@id":"https:\/\/klasmann-deilmann.com\/de\/den-mittelstand-nicht-ueberlasten\/"},"author":{"name":"Dirk R\u00f6se","@id":"https:\/\/klasmann-deilmann.com\/en\/#\/schema\/person\/2502425feab4548f9995e2f1fa23fb3d"},"headline":"Den Mittelstand nicht \u00fcberlasten","datePublished":"2024-06-03T05:57:39+00:00","dateModified":"2024-06-03T06:01:59+00:00","mainEntityOfPage":{"@id":"https:\/\/klasmann-deilmann.com\/de\/den-mittelstand-nicht-ueberlasten\/"},"wordCount":445,"commentCount":0,"articleSection":["Unternehmen"],"inLanguage":"de","potentialAction":[{"@type":"CommentAction","name":"Comment","target":["https:\/\/klasmann-deilmann.com\/de\/den-mittelstand-nicht-ueberlasten\/#respond"]}]},{"@type":"WebPage","@id":"https:\/\/klasmann-deilmann.com\/de\/den-mittelstand-nicht-ueberlasten\/","url":"https:\/\/klasmann-deilmann.com\/de\/den-mittelstand-nicht-ueberlasten\/","name":"Den Mittelstand nicht \u00fcberlasten - Klasmann-Deilmann","isPartOf":{"@id":"https:\/\/klasmann-deilmann.com\/en\/#website"},"datePublished":"2024-06-03T05:57:39+00:00","dateModified":"2024-06-03T06:01:59+00:00","author":{"@id":"https:\/\/klasmann-deilmann.com\/en\/#\/schema\/person\/2502425feab4548f9995e2f1fa23fb3d"},"breadcrumb":{"@id":"https:\/\/klasmann-deilmann.com\/de\/den-mittelstand-nicht-ueberlasten\/#breadcrumb"},"inLanguage":"de","potentialAction":[{"@type":"ReadAction","target":["https:\/\/klasmann-deilmann.com\/de\/den-mittelstand-nicht-ueberlasten\/"]}]},{"@type":"BreadcrumbList","@id":"https:\/\/klasmann-deilmann.com\/de\/den-mittelstand-nicht-ueberlasten\/#breadcrumb","itemListElement":[{"@type":"ListItem","position":1,"name":"Home","item":"https:\/\/klasmann-deilmann.com\/de\/"},{"@type":"ListItem","position":2,"name":"Den Mittelstand nicht \u00fcberlasten"}]},{"@type":"WebSite","@id":"https:\/\/klasmann-deilmann.com\/en\/#website","url":"https:\/\/klasmann-deilmann.com\/en\/","name":"Klasmann-Deilmann","description":"","potentialAction":[{"@type":"SearchAction","target":{"@type":"EntryPoint","urlTemplate":"https:\/\/klasmann-deilmann.com\/en\/?s={search_term_string}"},"query-input":{"@type":"PropertyValueSpecification","valueRequired":true,"valueName":"search_term_string"}}],"inLanguage":"de"},{"@type":"Person","@id":"https:\/\/klasmann-deilmann.com\/en\/#\/schema\/person\/2502425feab4548f9995e2f1fa23fb3d","name":"Dirk R\u00f6se","image":{"@type":"ImageObject","inLanguage":"de","@id":"https:\/\/secure.gravatar.com\/avatar\/850ab4c80e0a5eca25933f2ee062a09ec1d50f1fa10d0057f65f04b9827f102f?s=96&d=mm&r=g","url":"https:\/\/secure.gravatar.com\/avatar\/850ab4c80e0a5eca25933f2ee062a09ec1d50f1fa10d0057f65f04b9827f102f?s=96&d=mm&r=g","contentUrl":"https:\/\/secure.gravatar.com\/avatar\/850ab4c80e0a5eca25933f2ee062a09ec1d50f1fa10d0057f65f04b9827f102f?s=96&d=mm&r=g","caption":"Dirk R\u00f6se"},"sameAs":["http:\/\/klasmann-deilmann.com"],"url":"https:\/\/klasmann-deilmann.com\/de\/author\/dirk-roese\/"}]}},"_links":{"self":[{"href":"https:\/\/klasmann-deilmann.com\/de\/wp-json\/wp\/v2\/posts\/84791","targetHints":{"allow":["GET"]}}],"collection":[{"href":"https:\/\/klasmann-deilmann.com\/de\/wp-json\/wp\/v2\/posts"}],"about":[{"href":"https:\/\/klasmann-deilmann.com\/de\/wp-json\/wp\/v2\/types\/post"}],"author":[{"embeddable":true,"href":"https:\/\/klasmann-deilmann.com\/de\/wp-json\/wp\/v2\/users\/8"}],"replies":[{"embeddable":true,"href":"https:\/\/klasmann-deilmann.com\/de\/wp-json\/wp\/v2\/comments?post=84791"}],"version-history":[{"count":4,"href":"https:\/\/klasmann-deilmann.com\/de\/wp-json\/wp\/v2\/posts\/84791\/revisions"}],"predecessor-version":[{"id":84821,"href":"https:\/\/klasmann-deilmann.com\/de\/wp-json\/wp\/v2\/posts\/84791\/revisions\/84821"}],"wp:attachment":[{"href":"https:\/\/klasmann-deilmann.com\/de\/wp-json\/wp\/v2\/media?parent=84791"}],"wp:term":[{"taxonomy":"category","embeddable":true,"href":"https:\/\/klasmann-deilmann.com\/de\/wp-json\/wp\/v2\/categories?post=84791"},{"taxonomy":"post_tag","embeddable":true,"href":"https:\/\/klasmann-deilmann.com\/de\/wp-json\/wp\/v2\/tags?post=84791"}],"curies":[{"name":"wp","href":"https:\/\/api.w.org\/{rel}","templated":true}]}}