{"id":84518,"date":"2024-05-27T12:09:13","date_gmt":"2024-05-27T10:09:13","guid":{"rendered":"https:\/\/klasmann-deilmann.com\/?p=84518"},"modified":"2024-09-02T15:28:50","modified_gmt":"2024-09-02T13:28:50","slug":"damian-ikemann-wird-geschaeftsfuehrer","status":"publish","type":"post","link":"https:\/\/klasmann-deilmann.com\/de\/damian-ikemann-wird-geschaeftsfuehrer\/","title":{"rendered":"Damian Ikemann wird Gesch\u00e4ftsf\u00fchrer"},"content":{"rendered":"<p><img loading=\"lazy\" decoding=\"async\" class=\"alignnone wp-image-86767 size-full\" src=\"https:\/\/klasmann-deilmann.com\/wp-content\/uploads\/2024-05-16-Damian-Ikemann-Bernd-Wehming-Moritz-Boecking.jpg\" alt=\"\" width=\"2371\" height=\"1333\" srcset=\"https:\/\/klasmann-deilmann.com\/wp-content\/uploads\/2024-05-16-Damian-Ikemann-Bernd-Wehming-Moritz-Boecking.jpg 2371w, https:\/\/klasmann-deilmann.com\/wp-content\/uploads\/2024-05-16-Damian-Ikemann-Bernd-Wehming-Moritz-Boecking-300x169.jpg 300w, https:\/\/klasmann-deilmann.com\/wp-content\/uploads\/2024-05-16-Damian-Ikemann-Bernd-Wehming-Moritz-Boecking-1024x576.jpg 1024w, https:\/\/klasmann-deilmann.com\/wp-content\/uploads\/2024-05-16-Damian-Ikemann-Bernd-Wehming-Moritz-Boecking-768x432.jpg 768w, https:\/\/klasmann-deilmann.com\/wp-content\/uploads\/2024-05-16-Damian-Ikemann-Bernd-Wehming-Moritz-Boecking-1536x864.jpg 1536w, https:\/\/klasmann-deilmann.com\/wp-content\/uploads\/2024-05-16-Damian-Ikemann-Bernd-Wehming-Moritz-Boecking-2048x1151.jpg 2048w\" sizes=\"auto, (max-width: 2371px) 100vw, 2371px\" \/><\/p>\n<h2>Ab 1. Juli 2024 bei Klasmann-Deilmann<\/h2>\n<p>Damian Ikemann wird Gesch\u00e4ftsf\u00fchrer der Klasmann-Deilmann GmbH. Ab dem 1. Juli 2024 wird er gemeinsam mit Gesch\u00e4ftsf\u00fchrer Moritz B\u00f6cking (rechts im Bild) den Wachstumskurs der international t\u00e4tigen Unternehmensgruppe verantworten. Damian Ikemann (links) tritt die Nachfolge von Bernd Wehming (Mitte) an, der Mitte Juni in den Ruhestand tritt. Fortan leitet Damian Ikemann die Bereiche Finanzen, Controlling, Human Resources, Legal, IT und Produktion.<\/p>\n<p>\u201cWir freuen uns sehr dar\u00fcber, Damian Ikemann f\u00fcr Klasmann-Deilmann gewinnen zu k\u00f6nnen,\u201d so Moritz B\u00f6cking. \u201cGegenw\u00e4rtig vollzieht unser Unternehmen eine umfassende Transformation im Rohstoff- und Produktbereich, entwickelt neue Gesch\u00e4ftsmodelle in Produktionsgartenbau und Ern\u00e4hrungswirtschaft und verfolgt ambitionierte Wachstumsziele. Mit seiner langj\u00e4hrigen Erfahrung in kaufm\u00e4nnischen und strategischen T\u00e4tigkeitsfeldern ist Damian Ikemann die Idealbesetzung f\u00fcr unsere weitere Entwicklung.\u201d<\/p>\n<p>Damian Ikemann wurde 1983 geboren und studierte Wirtschaftswissenschaften in Bochum. Nach mehreren Jahren in einer namhaften Unternehmensberatung wechselte Damian Ikemann in einen internationalen Dax-Konzern. Nach verschiedenen Stationen und F\u00fchrungspositionen war er zuletzt als CFO einer Business Unit dieses Konzernverbunds t\u00e4tig. Damian Ikemann ist verheiratet, hat zwei Kinder und lebt mit seiner Familie im M\u00fcnsterland.<\/p>\n<p>\u201cIch lerne Klasmann-Deilmann als zukunftsorientiert, vielf\u00e4ltig und agil kennen,\u201d so Damian Ikemann. \u201cDas Unternehmen ist seit mehr als einhundert Jahren in Familienbesitz und konsequent erfolgreich. Es hat einen besonderen Reiz, seine nachhaltige Entwicklung langfristig zu begleiten und voranzubringen. Ich freue mich auf die neuen Aufgaben und die Menschen, denen ich dort begegnen werde.\u201d<\/p>\n<p><img loading=\"lazy\" decoding=\"async\" width=\"2560\" height=\"1707\" class=\"alignnone size-full wp-image-84519\" src=\"\/wp-content\/uploads\/2024-05-27_Klasmann-Deilmann_BerndWehming_Moritz_Boecking_Damian_Ikemann-scaled.jpg\" alt=\"\" srcset=\"https:\/\/klasmann-deilmann.com\/wp-content\/uploads\/2024-05-27_Klasmann-Deilmann_BerndWehming_Moritz_Boecking_Damian_Ikemann-scaled.jpg 2560w, https:\/\/klasmann-deilmann.com\/wp-content\/uploads\/2024-05-27_Klasmann-Deilmann_BerndWehming_Moritz_Boecking_Damian_Ikemann-300x200.jpg 300w, https:\/\/klasmann-deilmann.com\/wp-content\/uploads\/2024-05-27_Klasmann-Deilmann_BerndWehming_Moritz_Boecking_Damian_Ikemann-1024x683.jpg 1024w, https:\/\/klasmann-deilmann.com\/wp-content\/uploads\/2024-05-27_Klasmann-Deilmann_BerndWehming_Moritz_Boecking_Damian_Ikemann-768x512.jpg 768w, https:\/\/klasmann-deilmann.com\/wp-content\/uploads\/2024-05-27_Klasmann-Deilmann_BerndWehming_Moritz_Boecking_Damian_Ikemann-1536x1024.jpg 1536w, https:\/\/klasmann-deilmann.com\/wp-content\/uploads\/2024-05-27_Klasmann-Deilmann_BerndWehming_Moritz_Boecking_Damian_Ikemann-2048x1365.jpg 2048w\" sizes=\"auto, (max-width: 2560px) 100vw, 2560px\" \/><br \/>\n<em>Das Bild zeigt von links: Bernd Wehming, Moritz B\u00f6cking und Damian Ikemann.<\/em><\/p>\n","protected":false},"excerpt":{"rendered":"<p>Ab 1. Juli 2024 bei Klasmann-Deilmann Damian Ikemann wird Gesch\u00e4ftsf\u00fchrer der Klasmann-Deilmann GmbH. Ab dem 1. Juli 2024 wird er gemeinsam mit Gesch\u00e4ftsf\u00fchrer Moritz B\u00f6cking (rechts im Bild) den Wachstumskurs der international t\u00e4tigen Unternehmensgruppe verantworten. Damian Ikemann (links) tritt die Nachfolge von Bernd Wehming (Mitte) an, der Mitte Juni in den Ruhestand tritt. Fortan leitet Damian Ikemann die Bereiche Finanzen, Controlling, Human Resources, Legal, IT und Produktion. \u201cWir freuen uns sehr dar\u00fcber, Damian Ikemann f\u00fcr Klasmann-Deilmann gewinnen zu k\u00f6nnen,\u201d so<\/p>\n","protected":false},"author":8,"featured_media":0,"comment_status":"open","ping_status":"open","sticky":false,"template":"","format":"standard","meta":{"_acf_changed":false,"inline_featured_image":false,"footnotes":""},"categories":[606],"tags":[],"class_list":["post-84518","post","type-post","status-publish","format-standard","hentry","category-unternehmen-2"],"acf":[],"yoast_head":"<!-- This site is optimized with the Yoast SEO plugin v27.5 - https:\/\/yoast.com\/product\/yoast-seo-wordpress\/ -->\n<title>Damian Ikemann wird Gesch\u00e4ftsf\u00fchrer - Klasmann-Deilmann<\/title>\n<meta name=\"robots\" content=\"index, follow, max-snippet:-1, max-image-preview:large, max-video-preview:-1\" \/>\n<link rel=\"canonical\" href=\"https:\/\/klasmann-deilmann.com\/de\/damian-ikemann-wird-geschaeftsfuehrer\/\" \/>\n<meta property=\"og:locale\" content=\"de_DE\" \/>\n<meta property=\"og:type\" content=\"article\" \/>\n<meta property=\"og:title\" content=\"Damian Ikemann wird Gesch\u00e4ftsf\u00fchrer - Klasmann-Deilmann\" \/>\n<meta property=\"og:description\" content=\"Ab 1. Juli 2024 bei Klasmann-Deilmann Damian Ikemann wird Gesch\u00e4ftsf\u00fchrer der Klasmann-Deilmann GmbH. Ab dem 1. Juli 2024 wird er gemeinsam mit Gesch\u00e4ftsf\u00fchrer Moritz B\u00f6cking (rechts im Bild) den Wachstumskurs der international t\u00e4tigen Unternehmensgruppe verantworten. Damian Ikemann (links) tritt die Nachfolge von Bernd Wehming (Mitte) an, der Mitte Juni in den Ruhestand tritt. Fortan leitet Damian Ikemann die Bereiche Finanzen, Controlling, Human Resources, Legal, IT und Produktion. \u201cWir freuen uns sehr dar\u00fcber, Damian Ikemann f\u00fcr Klasmann-Deilmann gewinnen zu k\u00f6nnen,\u201d so\" \/>\n<meta property=\"og:url\" content=\"https:\/\/klasmann-deilmann.com\/de\/damian-ikemann-wird-geschaeftsfuehrer\/\" \/>\n<meta property=\"og:site_name\" content=\"Klasmann-Deilmann\" \/>\n<meta property=\"article:published_time\" content=\"2024-05-27T10:09:13+00:00\" \/>\n<meta property=\"article:modified_time\" content=\"2024-09-02T13:28:50+00:00\" \/>\n<meta property=\"og:image\" content=\"https:\/\/klasmann-deilmann.com\/wp-content\/uploads\/2024-05-16-Damian-Ikemann-Bernd-Wehming-Moritz-Boecking.jpg\" \/>\n<meta name=\"author\" content=\"Dirk R\u00f6se\" \/>\n<meta name=\"twitter:card\" content=\"summary_large_image\" \/>\n<meta name=\"twitter:label1\" content=\"Verfasst von\" \/>\n\t<meta name=\"twitter:data1\" content=\"Dirk R\u00f6se\" \/>\n\t<meta name=\"twitter:label2\" content=\"Gesch\u00e4tzte Lesezeit\" \/>\n\t<meta name=\"twitter:data2\" content=\"1\u00a0Minute\" \/>\n<script type=\"application\/ld+json\" class=\"yoast-schema-graph\">{\"@context\":\"https:\\\/\\\/schema.org\",\"@graph\":[{\"@type\":\"Article\",\"@id\":\"https:\\\/\\\/klasmann-deilmann.com\\\/de\\\/damian-ikemann-wird-geschaeftsfuehrer\\\/#article\",\"isPartOf\":{\"@id\":\"https:\\\/\\\/klasmann-deilmann.com\\\/de\\\/damian-ikemann-wird-geschaeftsfuehrer\\\/\"},\"author\":{\"name\":\"Dirk R\u00f6se\",\"@id\":\"https:\\\/\\\/klasmann-deilmann.com\\\/en\\\/#\\\/schema\\\/person\\\/2502425feab4548f9995e2f1fa23fb3d\"},\"headline\":\"Damian Ikemann wird Gesch\u00e4ftsf\u00fchrer\",\"datePublished\":\"2024-05-27T10:09:13+00:00\",\"dateModified\":\"2024-09-02T13:28:50+00:00\",\"mainEntityOfPage\":{\"@id\":\"https:\\\/\\\/klasmann-deilmann.com\\\/de\\\/damian-ikemann-wird-geschaeftsfuehrer\\\/\"},\"wordCount\":264,\"commentCount\":0,\"image\":{\"@id\":\"https:\\\/\\\/klasmann-deilmann.com\\\/de\\\/damian-ikemann-wird-geschaeftsfuehrer\\\/#primaryimage\"},\"thumbnailUrl\":\"https:\\\/\\\/klasmann-deilmann.com\\\/wp-content\\\/uploads\\\/2024-05-16-Damian-Ikemann-Bernd-Wehming-Moritz-Boecking.jpg\",\"articleSection\":[\"Unternehmen\"],\"inLanguage\":\"de\",\"potentialAction\":[{\"@type\":\"CommentAction\",\"name\":\"Comment\",\"target\":[\"https:\\\/\\\/klasmann-deilmann.com\\\/de\\\/damian-ikemann-wird-geschaeftsfuehrer\\\/#respond\"]}]},{\"@type\":\"WebPage\",\"@id\":\"https:\\\/\\\/klasmann-deilmann.com\\\/de\\\/damian-ikemann-wird-geschaeftsfuehrer\\\/\",\"url\":\"https:\\\/\\\/klasmann-deilmann.com\\\/de\\\/damian-ikemann-wird-geschaeftsfuehrer\\\/\",\"name\":\"Damian Ikemann wird Gesch\u00e4ftsf\u00fchrer - Klasmann-Deilmann\",\"isPartOf\":{\"@id\":\"https:\\\/\\\/klasmann-deilmann.com\\\/en\\\/#website\"},\"primaryImageOfPage\":{\"@id\":\"https:\\\/\\\/klasmann-deilmann.com\\\/de\\\/damian-ikemann-wird-geschaeftsfuehrer\\\/#primaryimage\"},\"image\":{\"@id\":\"https:\\\/\\\/klasmann-deilmann.com\\\/de\\\/damian-ikemann-wird-geschaeftsfuehrer\\\/#primaryimage\"},\"thumbnailUrl\":\"https:\\\/\\\/klasmann-deilmann.com\\\/wp-content\\\/uploads\\\/2024-05-16-Damian-Ikemann-Bernd-Wehming-Moritz-Boecking.jpg\",\"datePublished\":\"2024-05-27T10:09:13+00:00\",\"dateModified\":\"2024-09-02T13:28:50+00:00\",\"author\":{\"@id\":\"https:\\\/\\\/klasmann-deilmann.com\\\/en\\\/#\\\/schema\\\/person\\\/2502425feab4548f9995e2f1fa23fb3d\"},\"breadcrumb\":{\"@id\":\"https:\\\/\\\/klasmann-deilmann.com\\\/de\\\/damian-ikemann-wird-geschaeftsfuehrer\\\/#breadcrumb\"},\"inLanguage\":\"de\",\"potentialAction\":[{\"@type\":\"ReadAction\",\"target\":[\"https:\\\/\\\/klasmann-deilmann.com\\\/de\\\/damian-ikemann-wird-geschaeftsfuehrer\\\/\"]}]},{\"@type\":\"ImageObject\",\"inLanguage\":\"de\",\"@id\":\"https:\\\/\\\/klasmann-deilmann.com\\\/de\\\/damian-ikemann-wird-geschaeftsfuehrer\\\/#primaryimage\",\"url\":\"https:\\\/\\\/klasmann-deilmann.com\\\/wp-content\\\/uploads\\\/2024-05-16-Damian-Ikemann-Bernd-Wehming-Moritz-Boecking.jpg\",\"contentUrl\":\"https:\\\/\\\/klasmann-deilmann.com\\\/wp-content\\\/uploads\\\/2024-05-16-Damian-Ikemann-Bernd-Wehming-Moritz-Boecking.jpg\"},{\"@type\":\"BreadcrumbList\",\"@id\":\"https:\\\/\\\/klasmann-deilmann.com\\\/de\\\/damian-ikemann-wird-geschaeftsfuehrer\\\/#breadcrumb\",\"itemListElement\":[{\"@type\":\"ListItem\",\"position\":1,\"name\":\"Home\",\"item\":\"https:\\\/\\\/klasmann-deilmann.com\\\/de\\\/\"},{\"@type\":\"ListItem\",\"position\":2,\"name\":\"Damian Ikemann wird Gesch\u00e4ftsf\u00fchrer\"}]},{\"@type\":\"WebSite\",\"@id\":\"https:\\\/\\\/klasmann-deilmann.com\\\/en\\\/#website\",\"url\":\"https:\\\/\\\/klasmann-deilmann.com\\\/en\\\/\",\"name\":\"Klasmann-Deilmann\",\"description\":\"\",\"potentialAction\":[{\"@type\":\"SearchAction\",\"target\":{\"@type\":\"EntryPoint\",\"urlTemplate\":\"https:\\\/\\\/klasmann-deilmann.com\\\/en\\\/?s={search_term_string}\"},\"query-input\":{\"@type\":\"PropertyValueSpecification\",\"valueRequired\":true,\"valueName\":\"search_term_string\"}}],\"inLanguage\":\"de\"},{\"@type\":\"Person\",\"@id\":\"https:\\\/\\\/klasmann-deilmann.com\\\/en\\\/#\\\/schema\\\/person\\\/2502425feab4548f9995e2f1fa23fb3d\",\"name\":\"Dirk R\u00f6se\",\"image\":{\"@type\":\"ImageObject\",\"inLanguage\":\"de\",\"@id\":\"https:\\\/\\\/secure.gravatar.com\\\/avatar\\\/850ab4c80e0a5eca25933f2ee062a09ec1d50f1fa10d0057f65f04b9827f102f?s=96&d=mm&r=g\",\"url\":\"https:\\\/\\\/secure.gravatar.com\\\/avatar\\\/850ab4c80e0a5eca25933f2ee062a09ec1d50f1fa10d0057f65f04b9827f102f?s=96&d=mm&r=g\",\"contentUrl\":\"https:\\\/\\\/secure.gravatar.com\\\/avatar\\\/850ab4c80e0a5eca25933f2ee062a09ec1d50f1fa10d0057f65f04b9827f102f?s=96&d=mm&r=g\",\"caption\":\"Dirk R\u00f6se\"},\"sameAs\":[\"http:\\\/\\\/klasmann-deilmann.com\"],\"url\":\"https:\\\/\\\/klasmann-deilmann.com\\\/de\\\/author\\\/dirk-roese\\\/\"}]}<\/script>\n<!-- \/ Yoast SEO plugin. -->","yoast_head_json":{"title":"Damian Ikemann wird Gesch\u00e4ftsf\u00fchrer - Klasmann-Deilmann","robots":{"index":"index","follow":"follow","max-snippet":"max-snippet:-1","max-image-preview":"max-image-preview:large","max-video-preview":"max-video-preview:-1"},"canonical":"https:\/\/klasmann-deilmann.com\/de\/damian-ikemann-wird-geschaeftsfuehrer\/","og_locale":"de_DE","og_type":"article","og_title":"Damian Ikemann wird Gesch\u00e4ftsf\u00fchrer - Klasmann-Deilmann","og_description":"Ab 1. Juli 2024 bei Klasmann-Deilmann Damian Ikemann wird Gesch\u00e4ftsf\u00fchrer der Klasmann-Deilmann GmbH. Ab dem 1. Juli 2024 wird er gemeinsam mit Gesch\u00e4ftsf\u00fchrer Moritz B\u00f6cking (rechts im Bild) den Wachstumskurs der international t\u00e4tigen Unternehmensgruppe verantworten. Damian Ikemann (links) tritt die Nachfolge von Bernd Wehming (Mitte) an, der Mitte Juni in den Ruhestand tritt. Fortan leitet Damian Ikemann die Bereiche Finanzen, Controlling, Human Resources, Legal, IT und Produktion. \u201cWir freuen uns sehr dar\u00fcber, Damian Ikemann f\u00fcr Klasmann-Deilmann gewinnen zu k\u00f6nnen,\u201d so","og_url":"https:\/\/klasmann-deilmann.com\/de\/damian-ikemann-wird-geschaeftsfuehrer\/","og_site_name":"Klasmann-Deilmann","article_published_time":"2024-05-27T10:09:13+00:00","article_modified_time":"2024-09-02T13:28:50+00:00","og_image":[{"url":"https:\/\/klasmann-deilmann.com\/wp-content\/uploads\/2024-05-16-Damian-Ikemann-Bernd-Wehming-Moritz-Boecking.jpg","type":"","width":"","height":""}],"author":"Dirk R\u00f6se","twitter_card":"summary_large_image","twitter_misc":{"Verfasst von":"Dirk R\u00f6se","Gesch\u00e4tzte Lesezeit":"1\u00a0Minute"},"schema":{"@context":"https:\/\/schema.org","@graph":[{"@type":"Article","@id":"https:\/\/klasmann-deilmann.com\/de\/damian-ikemann-wird-geschaeftsfuehrer\/#article","isPartOf":{"@id":"https:\/\/klasmann-deilmann.com\/de\/damian-ikemann-wird-geschaeftsfuehrer\/"},"author":{"name":"Dirk R\u00f6se","@id":"https:\/\/klasmann-deilmann.com\/en\/#\/schema\/person\/2502425feab4548f9995e2f1fa23fb3d"},"headline":"Damian Ikemann wird Gesch\u00e4ftsf\u00fchrer","datePublished":"2024-05-27T10:09:13+00:00","dateModified":"2024-09-02T13:28:50+00:00","mainEntityOfPage":{"@id":"https:\/\/klasmann-deilmann.com\/de\/damian-ikemann-wird-geschaeftsfuehrer\/"},"wordCount":264,"commentCount":0,"image":{"@id":"https:\/\/klasmann-deilmann.com\/de\/damian-ikemann-wird-geschaeftsfuehrer\/#primaryimage"},"thumbnailUrl":"https:\/\/klasmann-deilmann.com\/wp-content\/uploads\/2024-05-16-Damian-Ikemann-Bernd-Wehming-Moritz-Boecking.jpg","articleSection":["Unternehmen"],"inLanguage":"de","potentialAction":[{"@type":"CommentAction","name":"Comment","target":["https:\/\/klasmann-deilmann.com\/de\/damian-ikemann-wird-geschaeftsfuehrer\/#respond"]}]},{"@type":"WebPage","@id":"https:\/\/klasmann-deilmann.com\/de\/damian-ikemann-wird-geschaeftsfuehrer\/","url":"https:\/\/klasmann-deilmann.com\/de\/damian-ikemann-wird-geschaeftsfuehrer\/","name":"Damian Ikemann wird Gesch\u00e4ftsf\u00fchrer - Klasmann-Deilmann","isPartOf":{"@id":"https:\/\/klasmann-deilmann.com\/en\/#website"},"primaryImageOfPage":{"@id":"https:\/\/klasmann-deilmann.com\/de\/damian-ikemann-wird-geschaeftsfuehrer\/#primaryimage"},"image":{"@id":"https:\/\/klasmann-deilmann.com\/de\/damian-ikemann-wird-geschaeftsfuehrer\/#primaryimage"},"thumbnailUrl":"https:\/\/klasmann-deilmann.com\/wp-content\/uploads\/2024-05-16-Damian-Ikemann-Bernd-Wehming-Moritz-Boecking.jpg","datePublished":"2024-05-27T10:09:13+00:00","dateModified":"2024-09-02T13:28:50+00:00","author":{"@id":"https:\/\/klasmann-deilmann.com\/en\/#\/schema\/person\/2502425feab4548f9995e2f1fa23fb3d"},"breadcrumb":{"@id":"https:\/\/klasmann-deilmann.com\/de\/damian-ikemann-wird-geschaeftsfuehrer\/#breadcrumb"},"inLanguage":"de","potentialAction":[{"@type":"ReadAction","target":["https:\/\/klasmann-deilmann.com\/de\/damian-ikemann-wird-geschaeftsfuehrer\/"]}]},{"@type":"ImageObject","inLanguage":"de","@id":"https:\/\/klasmann-deilmann.com\/de\/damian-ikemann-wird-geschaeftsfuehrer\/#primaryimage","url":"https:\/\/klasmann-deilmann.com\/wp-content\/uploads\/2024-05-16-Damian-Ikemann-Bernd-Wehming-Moritz-Boecking.jpg","contentUrl":"https:\/\/klasmann-deilmann.com\/wp-content\/uploads\/2024-05-16-Damian-Ikemann-Bernd-Wehming-Moritz-Boecking.jpg"},{"@type":"BreadcrumbList","@id":"https:\/\/klasmann-deilmann.com\/de\/damian-ikemann-wird-geschaeftsfuehrer\/#breadcrumb","itemListElement":[{"@type":"ListItem","position":1,"name":"Home","item":"https:\/\/klasmann-deilmann.com\/de\/"},{"@type":"ListItem","position":2,"name":"Damian Ikemann wird Gesch\u00e4ftsf\u00fchrer"}]},{"@type":"WebSite","@id":"https:\/\/klasmann-deilmann.com\/en\/#website","url":"https:\/\/klasmann-deilmann.com\/en\/","name":"Klasmann-Deilmann","description":"","potentialAction":[{"@type":"SearchAction","target":{"@type":"EntryPoint","urlTemplate":"https:\/\/klasmann-deilmann.com\/en\/?s={search_term_string}"},"query-input":{"@type":"PropertyValueSpecification","valueRequired":true,"valueName":"search_term_string"}}],"inLanguage":"de"},{"@type":"Person","@id":"https:\/\/klasmann-deilmann.com\/en\/#\/schema\/person\/2502425feab4548f9995e2f1fa23fb3d","name":"Dirk R\u00f6se","image":{"@type":"ImageObject","inLanguage":"de","@id":"https:\/\/secure.gravatar.com\/avatar\/850ab4c80e0a5eca25933f2ee062a09ec1d50f1fa10d0057f65f04b9827f102f?s=96&d=mm&r=g","url":"https:\/\/secure.gravatar.com\/avatar\/850ab4c80e0a5eca25933f2ee062a09ec1d50f1fa10d0057f65f04b9827f102f?s=96&d=mm&r=g","contentUrl":"https:\/\/secure.gravatar.com\/avatar\/850ab4c80e0a5eca25933f2ee062a09ec1d50f1fa10d0057f65f04b9827f102f?s=96&d=mm&r=g","caption":"Dirk R\u00f6se"},"sameAs":["http:\/\/klasmann-deilmann.com"],"url":"https:\/\/klasmann-deilmann.com\/de\/author\/dirk-roese\/"}]}},"_links":{"self":[{"href":"https:\/\/klasmann-deilmann.com\/de\/wp-json\/wp\/v2\/posts\/84518","targetHints":{"allow":["GET"]}}],"collection":[{"href":"https:\/\/klasmann-deilmann.com\/de\/wp-json\/wp\/v2\/posts"}],"about":[{"href":"https:\/\/klasmann-deilmann.com\/de\/wp-json\/wp\/v2\/types\/post"}],"author":[{"embeddable":true,"href":"https:\/\/klasmann-deilmann.com\/de\/wp-json\/wp\/v2\/users\/8"}],"replies":[{"embeddable":true,"href":"https:\/\/klasmann-deilmann.com\/de\/wp-json\/wp\/v2\/comments?post=84518"}],"version-history":[{"count":8,"href":"https:\/\/klasmann-deilmann.com\/de\/wp-json\/wp\/v2\/posts\/84518\/revisions"}],"predecessor-version":[{"id":86780,"href":"https:\/\/klasmann-deilmann.com\/de\/wp-json\/wp\/v2\/posts\/84518\/revisions\/86780"}],"wp:attachment":[{"href":"https:\/\/klasmann-deilmann.com\/de\/wp-json\/wp\/v2\/media?parent=84518"}],"wp:term":[{"taxonomy":"category","embeddable":true,"href":"https:\/\/klasmann-deilmann.com\/de\/wp-json\/wp\/v2\/categories?post=84518"},{"taxonomy":"post_tag","embeddable":true,"href":"https:\/\/klasmann-deilmann.com\/de\/wp-json\/wp\/v2\/tags?post=84518"}],"curies":[{"name":"wp","href":"https:\/\/api.w.org\/{rel}","templated":true}]}}