{"id":7840,"date":"2018-09-10T06:00:11","date_gmt":"2018-09-10T04:00:11","guid":{"rendered":"http:\/\/klasmann-deilmann.com\/?p=7840"},"modified":"2018-09-07T13:54:16","modified_gmt":"2018-09-07T11:54:16","slug":"niedersaechsische-allianz-fuer-nachhaltigkeit-wir-sind-dabei","status":"publish","type":"post","link":"https:\/\/klasmann-deilmann.com\/de\/niedersaechsische-allianz-fuer-nachhaltigkeit-wir-sind-dabei\/","title":{"rendered":"Nieders\u00e4chsische Allianz f\u00fcr Nachhaltigkeit \u2013 Wir sind dabei!"},"content":{"rendered":"<p><strong>Klasmann-Deilmann wurde von der \u201eNiedersachsen Allianz f\u00fcr Nachhaltigkeit\u201c f\u00fcr ihr \u201enachhaltiges Wirtschaften\u201c ausgezeichnet.<br \/>\n<\/strong><\/p>\n<p>Seit knapp zehn Jahren ist Klasmann-Deilmann Mitglied der \u201eNiedersachsen Allianz f\u00fcr Nachhaltigkeit\u201c. Dahinter verbirgt sich ein Netzwerk aus Unternehmen, NGOs und Politik, das die nachhaltige Entwicklung in Niedersachsen voranbringen will und sich mindestens einmal im Jahr zu einer gr\u00f6\u00dferen Veranstaltung trifft.<\/p>\n<p>Niedersachsens Umweltminister Olaf Lies begr\u00fc\u00dfte in diesem Jahr 120 Teilnehmende aus Wirtschaft, Politik und Gesellschaft auf der Jahresveranstaltung der \u201eNiedersachsen Allianz f\u00fcr Nachhaltigkeit\u201c. Sie diskutierten im Haus der Wirtschaft in Hannover aktuelle Herausforderungen und M\u00f6glichkeiten des Wissensmanagements.<\/p>\n<p>Professor Christoph Igel vom Deutschen Forschungszentrum f\u00fcr K\u00fcnstliche Intelligenz in Berlin verdeutlichte die ver\u00e4nderten Anspr\u00fcche an die Wissenssicherung in den Unternehmen. Es sei eine gewaltige Herausforderung, die neuen technologischen L\u00f6sungen so zu nutzen, dass die Datenstr\u00f6me zwischen Mensch und Maschine f\u00fcr das eigene Unternehmen gewinnbringend eingesetzt werden k\u00f6nnen. Wesentlich daf\u00fcr sei ein bewusstes Eingehen auf neue Logiken im Rahmen der Digitalisierung und eine ver\u00e4nderte Rollenverteilung der Aufgaben zwischen Mensch und Maschine. Weiterhin warb er daf\u00fcr, sich auch in mittelst\u00e4ndischen Unternehmen mit den Fragen der Anwendung und Einbettung von K\u00fcnstlicher Intelligenz zu besch\u00e4ftigen. Bei einer anschlie\u00dfenden Podiumsdiskussion wurde zugleich deutlich, dass die pers\u00f6nliche Wissensweitergabe jedoch die erfolgversprechendste Methode ist und auch in Zukunft sein wird.<\/p>\n<p>Im Rahmen der Veranstaltung wurden erstmals elf Unternehmen mit der Kennzeichnung f\u00fcr nachhaltiges Wirtschaften pr\u00e4miert. Mit dem Banner \u201eWir sind dabei.\u201c wird das Engagement von Unternehmen gew\u00fcrdigt, die sich f\u00fcr Nachhaltigkeit in ihrem Betrieb einsetzen und konkrete Ma\u00dfnahmen in allen drei Bereichen der Nachhaltigkeit \u2013 wirtschaftlich, \u00f6kologisch, sozial \u2013 umsetzen. Hierzu \u00fcberreichten die Vertreter der Allianz hochwertige T\u00fcrschilder an die Unternehmen. <a href=\"https:\/\/klasmann-deilmann.com\/nachhaltigkeitsallianz-wir-sind-dabei\/\">Klasmann-Deilmann hatte sich bereits im April um die Auszeichnung beworben<\/a>.<\/p>\n<div id=\"attachment_7841\" style=\"width: 1034px\" class=\"wp-caption aligncenter\"><img loading=\"lazy\" decoding=\"async\" aria-describedby=\"caption-attachment-7841\" class=\"wp-image-7841 size-large\" src=\"\/wp-content\/uploads\/2018-09-10-BB-NAN-Wir-sind-dabei_Feierliche-Verleihung-01-1024x724.jpg\" alt=\"\" width=\"1024\" height=\"724\" srcset=\"https:\/\/klasmann-deilmann.com\/wp-content\/uploads\/2018-09-10-BB-NAN-Wir-sind-dabei_Feierliche-Verleihung-01-1024x724.jpg 1024w, https:\/\/klasmann-deilmann.com\/wp-content\/uploads\/2018-09-10-BB-NAN-Wir-sind-dabei_Feierliche-Verleihung-01-300x212.jpg 300w, https:\/\/klasmann-deilmann.com\/wp-content\/uploads\/2018-09-10-BB-NAN-Wir-sind-dabei_Feierliche-Verleihung-01-768x543.jpg 768w, https:\/\/klasmann-deilmann.com\/wp-content\/uploads\/2018-09-10-BB-NAN-Wir-sind-dabei_Feierliche-Verleihung-01-600x424.jpg 600w, https:\/\/klasmann-deilmann.com\/wp-content\/uploads\/2018-09-10-BB-NAN-Wir-sind-dabei_Feierliche-Verleihung-01-125x88.jpg 125w\" sizes=\"auto, (max-width: 1024px) 100vw, 1024px\" \/><\/p>\n<p id=\"caption-attachment-7841\" class=\"wp-caption-text\">Aus den H\u00e4nden von Dr. Volker M\u00fcller (links), Hauptgesch\u00e4ftsf\u00fchrer der Unternehmerverb\u00e4nde Niedersachsen (UVN) nahm Dr. Jan K\u00f6bbing (Production &amp; Sustainability Management) die Auszeichnung entgegen.<\/p>\n<\/div>\n<p>&nbsp;<\/p>\n","protected":false},"excerpt":{"rendered":"<p>Klasmann-Deilmann wurde von der \u201eNiedersachsen Allianz f\u00fcr Nachhaltigkeit\u201c f\u00fcr ihr \u201enachhaltiges Wirtschaften\u201c ausgezeichnet. Seit knapp zehn Jahren ist Klasmann-Deilmann Mitglied der \u201eNiedersachsen Allianz f\u00fcr Nachhaltigkeit\u201c. Dahinter verbirgt sich ein Netzwerk aus Unternehmen, NGOs und Politik, das die nachhaltige Entwicklung in Niedersachsen voranbringen will und sich mindestens einmal im Jahr zu einer gr\u00f6\u00dferen Veranstaltung trifft. Niedersachsens Umweltminister Olaf Lies begr\u00fc\u00dfte in diesem Jahr 120 Teilnehmende aus Wirtschaft, Politik und Gesellschaft auf der Jahresveranstaltung der \u201eNiedersachsen Allianz f\u00fcr Nachhaltigkeit\u201c. Sie diskutierten im<\/p>\n","protected":false},"author":13,"featured_media":0,"comment_status":"open","ping_status":"closed","sticky":false,"template":"","format":"standard","meta":{"_acf_changed":false,"inline_featured_image":false,"footnotes":""},"categories":[136],"tags":[],"class_list":["post-7840","post","type-post","status-publish","format-standard","hentry","category-nachhaltigkeit"],"acf":[],"yoast_head":"<!-- This site is optimized with the Yoast SEO plugin v27.5 - https:\/\/yoast.com\/product\/yoast-seo-wordpress\/ -->\n<title>Nieders\u00e4chsische Allianz f\u00fcr Nachhaltigkeit \u2013 Wir sind dabei! - Klasmann-Deilmann<\/title>\n<meta name=\"robots\" content=\"index, follow, max-snippet:-1, max-image-preview:large, max-video-preview:-1\" \/>\n<link rel=\"canonical\" href=\"https:\/\/klasmann-deilmann.com\/de\/niedersaechsische-allianz-fuer-nachhaltigkeit-wir-sind-dabei\/\" \/>\n<meta property=\"og:locale\" content=\"de_DE\" \/>\n<meta property=\"og:type\" content=\"article\" \/>\n<meta property=\"og:title\" content=\"Nieders\u00e4chsische Allianz f\u00fcr Nachhaltigkeit \u2013 Wir sind dabei! - Klasmann-Deilmann\" \/>\n<meta property=\"og:description\" content=\"Klasmann-Deilmann wurde von der \u201eNiedersachsen Allianz f\u00fcr Nachhaltigkeit\u201c f\u00fcr ihr \u201enachhaltiges Wirtschaften\u201c ausgezeichnet. Seit knapp zehn Jahren ist Klasmann-Deilmann Mitglied der \u201eNiedersachsen Allianz f\u00fcr Nachhaltigkeit\u201c. Dahinter verbirgt sich ein Netzwerk aus Unternehmen, NGOs und Politik, das die nachhaltige Entwicklung in Niedersachsen voranbringen will und sich mindestens einmal im Jahr zu einer gr\u00f6\u00dferen Veranstaltung trifft. Niedersachsens Umweltminister Olaf Lies begr\u00fc\u00dfte in diesem Jahr 120 Teilnehmende aus Wirtschaft, Politik und Gesellschaft auf der Jahresveranstaltung der \u201eNiedersachsen Allianz f\u00fcr Nachhaltigkeit\u201c. Sie diskutierten im\" \/>\n<meta property=\"og:url\" content=\"https:\/\/klasmann-deilmann.com\/de\/niedersaechsische-allianz-fuer-nachhaltigkeit-wir-sind-dabei\/\" \/>\n<meta property=\"og:site_name\" content=\"Klasmann-Deilmann\" \/>\n<meta property=\"article:published_time\" content=\"2018-09-10T04:00:11+00:00\" \/>\n<meta property=\"og:image\" content=\"https:\/\/klasmann-deilmann.com\/wp-content\/uploads\/2018-09-10-BB-NAN-Wir-sind-dabei_Feierliche-Verleihung-01-1024x724.jpg\" \/>\n<meta name=\"author\" content=\"Manfred Dechering\" \/>\n<meta name=\"twitter:card\" content=\"summary_large_image\" \/>\n<meta name=\"twitter:label1\" content=\"Verfasst von\" \/>\n\t<meta name=\"twitter:data1\" content=\"Manfred Dechering\" \/>\n\t<meta name=\"twitter:label2\" content=\"Gesch\u00e4tzte Lesezeit\" \/>\n\t<meta name=\"twitter:data2\" content=\"2\u00a0Minuten\" \/>\n<script type=\"application\/ld+json\" class=\"yoast-schema-graph\">{\"@context\":\"https:\\\/\\\/schema.org\",\"@graph\":[{\"@type\":\"Article\",\"@id\":\"https:\\\/\\\/klasmann-deilmann.com\\\/de\\\/niedersaechsische-allianz-fuer-nachhaltigkeit-wir-sind-dabei\\\/#article\",\"isPartOf\":{\"@id\":\"https:\\\/\\\/klasmann-deilmann.com\\\/de\\\/niedersaechsische-allianz-fuer-nachhaltigkeit-wir-sind-dabei\\\/\"},\"author\":{\"name\":\"Manfred Dechering\",\"@id\":\"https:\\\/\\\/klasmann-deilmann.com\\\/en\\\/#\\\/schema\\\/person\\\/495ae3730a87fccaed52acc9045a93d5\"},\"headline\":\"Nieders\u00e4chsische Allianz f\u00fcr Nachhaltigkeit \u2013 Wir sind dabei!\",\"datePublished\":\"2018-09-10T04:00:11+00:00\",\"mainEntityOfPage\":{\"@id\":\"https:\\\/\\\/klasmann-deilmann.com\\\/de\\\/niedersaechsische-allianz-fuer-nachhaltigkeit-wir-sind-dabei\\\/\"},\"wordCount\":349,\"commentCount\":0,\"articleSection\":[\"Nachhaltigkeit\"],\"inLanguage\":\"de\",\"potentialAction\":[{\"@type\":\"CommentAction\",\"name\":\"Comment\",\"target\":[\"https:\\\/\\\/klasmann-deilmann.com\\\/de\\\/niedersaechsische-allianz-fuer-nachhaltigkeit-wir-sind-dabei\\\/#respond\"]}]},{\"@type\":\"WebPage\",\"@id\":\"https:\\\/\\\/klasmann-deilmann.com\\\/de\\\/niedersaechsische-allianz-fuer-nachhaltigkeit-wir-sind-dabei\\\/\",\"url\":\"https:\\\/\\\/klasmann-deilmann.com\\\/de\\\/niedersaechsische-allianz-fuer-nachhaltigkeit-wir-sind-dabei\\\/\",\"name\":\"Nieders\u00e4chsische Allianz f\u00fcr Nachhaltigkeit \u2013 Wir sind dabei! - Klasmann-Deilmann\",\"isPartOf\":{\"@id\":\"https:\\\/\\\/klasmann-deilmann.com\\\/en\\\/#website\"},\"datePublished\":\"2018-09-10T04:00:11+00:00\",\"author\":{\"@id\":\"https:\\\/\\\/klasmann-deilmann.com\\\/en\\\/#\\\/schema\\\/person\\\/495ae3730a87fccaed52acc9045a93d5\"},\"breadcrumb\":{\"@id\":\"https:\\\/\\\/klasmann-deilmann.com\\\/de\\\/niedersaechsische-allianz-fuer-nachhaltigkeit-wir-sind-dabei\\\/#breadcrumb\"},\"inLanguage\":\"de\",\"potentialAction\":[{\"@type\":\"ReadAction\",\"target\":[\"https:\\\/\\\/klasmann-deilmann.com\\\/de\\\/niedersaechsische-allianz-fuer-nachhaltigkeit-wir-sind-dabei\\\/\"]}]},{\"@type\":\"BreadcrumbList\",\"@id\":\"https:\\\/\\\/klasmann-deilmann.com\\\/de\\\/niedersaechsische-allianz-fuer-nachhaltigkeit-wir-sind-dabei\\\/#breadcrumb\",\"itemListElement\":[{\"@type\":\"ListItem\",\"position\":1,\"name\":\"Home\",\"item\":\"https:\\\/\\\/klasmann-deilmann.com\\\/de\\\/\"},{\"@type\":\"ListItem\",\"position\":2,\"name\":\"Nieders\u00e4chsische Allianz f\u00fcr Nachhaltigkeit \u2013 Wir sind dabei!\"}]},{\"@type\":\"WebSite\",\"@id\":\"https:\\\/\\\/klasmann-deilmann.com\\\/en\\\/#website\",\"url\":\"https:\\\/\\\/klasmann-deilmann.com\\\/en\\\/\",\"name\":\"Klasmann-Deilmann\",\"description\":\"\",\"potentialAction\":[{\"@type\":\"SearchAction\",\"target\":{\"@type\":\"EntryPoint\",\"urlTemplate\":\"https:\\\/\\\/klasmann-deilmann.com\\\/en\\\/?s={search_term_string}\"},\"query-input\":{\"@type\":\"PropertyValueSpecification\",\"valueRequired\":true,\"valueName\":\"search_term_string\"}}],\"inLanguage\":\"de\"},{\"@type\":\"Person\",\"@id\":\"https:\\\/\\\/klasmann-deilmann.com\\\/en\\\/#\\\/schema\\\/person\\\/495ae3730a87fccaed52acc9045a93d5\",\"name\":\"Manfred Dechering\",\"image\":{\"@type\":\"ImageObject\",\"inLanguage\":\"de\",\"@id\":\"https:\\\/\\\/secure.gravatar.com\\\/avatar\\\/2c247759970c05c763b351d9161e4d9057785e0043f190f7b5e9b7a972b12df5?s=96&d=mm&r=g\",\"url\":\"https:\\\/\\\/secure.gravatar.com\\\/avatar\\\/2c247759970c05c763b351d9161e4d9057785e0043f190f7b5e9b7a972b12df5?s=96&d=mm&r=g\",\"contentUrl\":\"https:\\\/\\\/secure.gravatar.com\\\/avatar\\\/2c247759970c05c763b351d9161e4d9057785e0043f190f7b5e9b7a972b12df5?s=96&d=mm&r=g\",\"caption\":\"Manfred Dechering\"},\"url\":\"https:\\\/\\\/klasmann-deilmann.com\\\/de\\\/author\\\/m-dechering\\\/\"}]}<\/script>\n<!-- \/ Yoast SEO plugin. -->","yoast_head_json":{"title":"Nieders\u00e4chsische Allianz f\u00fcr Nachhaltigkeit \u2013 Wir sind dabei! - Klasmann-Deilmann","robots":{"index":"index","follow":"follow","max-snippet":"max-snippet:-1","max-image-preview":"max-image-preview:large","max-video-preview":"max-video-preview:-1"},"canonical":"https:\/\/klasmann-deilmann.com\/de\/niedersaechsische-allianz-fuer-nachhaltigkeit-wir-sind-dabei\/","og_locale":"de_DE","og_type":"article","og_title":"Nieders\u00e4chsische Allianz f\u00fcr Nachhaltigkeit \u2013 Wir sind dabei! - Klasmann-Deilmann","og_description":"Klasmann-Deilmann wurde von der \u201eNiedersachsen Allianz f\u00fcr Nachhaltigkeit\u201c f\u00fcr ihr \u201enachhaltiges Wirtschaften\u201c ausgezeichnet. Seit knapp zehn Jahren ist Klasmann-Deilmann Mitglied der \u201eNiedersachsen Allianz f\u00fcr Nachhaltigkeit\u201c. Dahinter verbirgt sich ein Netzwerk aus Unternehmen, NGOs und Politik, das die nachhaltige Entwicklung in Niedersachsen voranbringen will und sich mindestens einmal im Jahr zu einer gr\u00f6\u00dferen Veranstaltung trifft. Niedersachsens Umweltminister Olaf Lies begr\u00fc\u00dfte in diesem Jahr 120 Teilnehmende aus Wirtschaft, Politik und Gesellschaft auf der Jahresveranstaltung der \u201eNiedersachsen Allianz f\u00fcr Nachhaltigkeit\u201c. Sie diskutierten im","og_url":"https:\/\/klasmann-deilmann.com\/de\/niedersaechsische-allianz-fuer-nachhaltigkeit-wir-sind-dabei\/","og_site_name":"Klasmann-Deilmann","article_published_time":"2018-09-10T04:00:11+00:00","og_image":[{"url":"https:\/\/klasmann-deilmann.com\/wp-content\/uploads\/2018-09-10-BB-NAN-Wir-sind-dabei_Feierliche-Verleihung-01-1024x724.jpg","type":"","width":"","height":""}],"author":"Manfred Dechering","twitter_card":"summary_large_image","twitter_misc":{"Verfasst von":"Manfred Dechering","Gesch\u00e4tzte Lesezeit":"2\u00a0Minuten"},"schema":{"@context":"https:\/\/schema.org","@graph":[{"@type":"Article","@id":"https:\/\/klasmann-deilmann.com\/de\/niedersaechsische-allianz-fuer-nachhaltigkeit-wir-sind-dabei\/#article","isPartOf":{"@id":"https:\/\/klasmann-deilmann.com\/de\/niedersaechsische-allianz-fuer-nachhaltigkeit-wir-sind-dabei\/"},"author":{"name":"Manfred Dechering","@id":"https:\/\/klasmann-deilmann.com\/en\/#\/schema\/person\/495ae3730a87fccaed52acc9045a93d5"},"headline":"Nieders\u00e4chsische Allianz f\u00fcr Nachhaltigkeit \u2013 Wir sind dabei!","datePublished":"2018-09-10T04:00:11+00:00","mainEntityOfPage":{"@id":"https:\/\/klasmann-deilmann.com\/de\/niedersaechsische-allianz-fuer-nachhaltigkeit-wir-sind-dabei\/"},"wordCount":349,"commentCount":0,"articleSection":["Nachhaltigkeit"],"inLanguage":"de","potentialAction":[{"@type":"CommentAction","name":"Comment","target":["https:\/\/klasmann-deilmann.com\/de\/niedersaechsische-allianz-fuer-nachhaltigkeit-wir-sind-dabei\/#respond"]}]},{"@type":"WebPage","@id":"https:\/\/klasmann-deilmann.com\/de\/niedersaechsische-allianz-fuer-nachhaltigkeit-wir-sind-dabei\/","url":"https:\/\/klasmann-deilmann.com\/de\/niedersaechsische-allianz-fuer-nachhaltigkeit-wir-sind-dabei\/","name":"Nieders\u00e4chsische Allianz f\u00fcr Nachhaltigkeit \u2013 Wir sind dabei! - Klasmann-Deilmann","isPartOf":{"@id":"https:\/\/klasmann-deilmann.com\/en\/#website"},"datePublished":"2018-09-10T04:00:11+00:00","author":{"@id":"https:\/\/klasmann-deilmann.com\/en\/#\/schema\/person\/495ae3730a87fccaed52acc9045a93d5"},"breadcrumb":{"@id":"https:\/\/klasmann-deilmann.com\/de\/niedersaechsische-allianz-fuer-nachhaltigkeit-wir-sind-dabei\/#breadcrumb"},"inLanguage":"de","potentialAction":[{"@type":"ReadAction","target":["https:\/\/klasmann-deilmann.com\/de\/niedersaechsische-allianz-fuer-nachhaltigkeit-wir-sind-dabei\/"]}]},{"@type":"BreadcrumbList","@id":"https:\/\/klasmann-deilmann.com\/de\/niedersaechsische-allianz-fuer-nachhaltigkeit-wir-sind-dabei\/#breadcrumb","itemListElement":[{"@type":"ListItem","position":1,"name":"Home","item":"https:\/\/klasmann-deilmann.com\/de\/"},{"@type":"ListItem","position":2,"name":"Nieders\u00e4chsische Allianz f\u00fcr Nachhaltigkeit \u2013 Wir sind dabei!"}]},{"@type":"WebSite","@id":"https:\/\/klasmann-deilmann.com\/en\/#website","url":"https:\/\/klasmann-deilmann.com\/en\/","name":"Klasmann-Deilmann","description":"","potentialAction":[{"@type":"SearchAction","target":{"@type":"EntryPoint","urlTemplate":"https:\/\/klasmann-deilmann.com\/en\/?s={search_term_string}"},"query-input":{"@type":"PropertyValueSpecification","valueRequired":true,"valueName":"search_term_string"}}],"inLanguage":"de"},{"@type":"Person","@id":"https:\/\/klasmann-deilmann.com\/en\/#\/schema\/person\/495ae3730a87fccaed52acc9045a93d5","name":"Manfred Dechering","image":{"@type":"ImageObject","inLanguage":"de","@id":"https:\/\/secure.gravatar.com\/avatar\/2c247759970c05c763b351d9161e4d9057785e0043f190f7b5e9b7a972b12df5?s=96&d=mm&r=g","url":"https:\/\/secure.gravatar.com\/avatar\/2c247759970c05c763b351d9161e4d9057785e0043f190f7b5e9b7a972b12df5?s=96&d=mm&r=g","contentUrl":"https:\/\/secure.gravatar.com\/avatar\/2c247759970c05c763b351d9161e4d9057785e0043f190f7b5e9b7a972b12df5?s=96&d=mm&r=g","caption":"Manfred Dechering"},"url":"https:\/\/klasmann-deilmann.com\/de\/author\/m-dechering\/"}]}},"_links":{"self":[{"href":"https:\/\/klasmann-deilmann.com\/de\/wp-json\/wp\/v2\/posts\/7840","targetHints":{"allow":["GET"]}}],"collection":[{"href":"https:\/\/klasmann-deilmann.com\/de\/wp-json\/wp\/v2\/posts"}],"about":[{"href":"https:\/\/klasmann-deilmann.com\/de\/wp-json\/wp\/v2\/types\/post"}],"author":[{"embeddable":true,"href":"https:\/\/klasmann-deilmann.com\/de\/wp-json\/wp\/v2\/users\/13"}],"replies":[{"embeddable":true,"href":"https:\/\/klasmann-deilmann.com\/de\/wp-json\/wp\/v2\/comments?post=7840"}],"version-history":[{"count":3,"href":"https:\/\/klasmann-deilmann.com\/de\/wp-json\/wp\/v2\/posts\/7840\/revisions"}],"predecessor-version":[{"id":7858,"href":"https:\/\/klasmann-deilmann.com\/de\/wp-json\/wp\/v2\/posts\/7840\/revisions\/7858"}],"wp:attachment":[{"href":"https:\/\/klasmann-deilmann.com\/de\/wp-json\/wp\/v2\/media?parent=7840"}],"wp:term":[{"taxonomy":"category","embeddable":true,"href":"https:\/\/klasmann-deilmann.com\/de\/wp-json\/wp\/v2\/categories?post=7840"},{"taxonomy":"post_tag","embeddable":true,"href":"https:\/\/klasmann-deilmann.com\/de\/wp-json\/wp\/v2\/tags?post=7840"}],"curies":[{"name":"wp","href":"https:\/\/api.w.org\/{rel}","templated":true}]}}