{"id":7670,"date":"2018-08-27T06:00:26","date_gmt":"2018-08-27T04:00:26","guid":{"rendered":"http:\/\/klasmann-deilmann.com\/?p=7670"},"modified":"2018-11-20T13:33:58","modified_gmt":"2018-11-20T12:33:58","slug":"biodiversitaet-auf-torfmoosflaechen-teil-1","status":"publish","type":"post","link":"https:\/\/klasmann-deilmann.com\/de\/biodiversitaet-auf-torfmoosflaechen-teil-1\/","title":{"rendered":"Biodiversit\u00e4t auf Torfmoosfl\u00e4chen &#8211; Teil 1"},"content":{"rendered":"<h2>Pflanzen von der Roten Liste nachgewiesen<\/h2>\n<p><strong>Wie viele Pflanzenarten wachsen auf den Torfmoosfl\u00e4chen von Klasmann-Deilmann? Und welche davon stehen auf der Roten Liste? Mit diesen Fragen besch\u00e4ftigte sich eine Doktorandin des Instituts f\u00fcr Umweltplanung der Leibniz Universit\u00e4t Hannover. Sie verglich das Pflanzenvorkommen auf den Torfmoosfl\u00e4chen mit denen auf naturnahen Moorstandorten sowie Renaturierungsfl\u00e4chen und kam zu einem erstaunlichen Ergebnis.<\/strong><\/p>\n<p><img loading=\"lazy\" decoding=\"async\" width=\"1024\" height=\"540\" class=\"size-large wp-image-7675 aligncenter\" src=\"\/wp-content\/uploads\/2018-08-27-BB-Biodiversit\u00e4t-auf-Torfmoosfl\u00e4che_Rote-Liste-Teil-1-Wollgras.bearb_-1024x540.jpg\" alt=\"\" srcset=\"https:\/\/klasmann-deilmann.com\/wp-content\/uploads\/2018-08-27-BB-Biodiversit\u00e4t-auf-Torfmoosfl\u00e4che_Rote-Liste-Teil-1-Wollgras.bearb_-1024x540.jpg 1024w, https:\/\/klasmann-deilmann.com\/wp-content\/uploads\/2018-08-27-BB-Biodiversit\u00e4t-auf-Torfmoosfl\u00e4che_Rote-Liste-Teil-1-Wollgras.bearb_-300x158.jpg 300w, https:\/\/klasmann-deilmann.com\/wp-content\/uploads\/2018-08-27-BB-Biodiversit\u00e4t-auf-Torfmoosfl\u00e4che_Rote-Liste-Teil-1-Wollgras.bearb_-768x405.jpg 768w, https:\/\/klasmann-deilmann.com\/wp-content\/uploads\/2018-08-27-BB-Biodiversit\u00e4t-auf-Torfmoosfl\u00e4che_Rote-Liste-Teil-1-Wollgras.bearb_-600x316.jpg 600w, https:\/\/klasmann-deilmann.com\/wp-content\/uploads\/2018-08-27-BB-Biodiversit\u00e4t-auf-Torfmoosfl\u00e4che_Rote-Liste-Teil-1-Wollgras.bearb_-125x66.jpg 125w\" sizes=\"auto, (max-width: 1024px) 100vw, 1024px\" \/>Ziel der Torfmooskultivierung ist die nachhaltige Nutzung ehemaliger Torfgewinnungsfl\u00e4chen. Dar\u00fcber hinaus bieten die Torfmoosfl\u00e4chen einen Lebensraum f\u00fcr bedrohte Tiere und Pflanzen. <a href=\"https:\/\/klasmann-deilmann.com\/renaturierung-mit-torfmooskultivierung\/\">Das Projekt<\/a> findet in enger Kooperation mit dem Th\u00fcnen-Institut Braunschweig und dem Institut f\u00fcr Umweltplanung der Leibniz Universit\u00e4t Hannover statt.<\/p>\n<p>Seit M\u00e4rz 2017 untersuchen Amanda Grobe und Lotta Zoch, Doktorandinnen des Instituts f\u00fcr Umweltplanung der Leibniz Universit\u00e4t Hannover, das Tier- und Pflanzenvorkommen auf unseren Torfmoosfl\u00e4chen. Amanda Grobe wies auf den Fl\u00e4chen bedrohte Pflanzen nach, die auf der Roten Liste stehen. Aber was versteht man eigentlich unter der Roten Liste?<\/p>\n<h3><strong>Rote Liste<\/strong><\/h3>\n<p>Die Rote Liste weist Tiere und Pflanzen aus, die gef\u00e4hrdet, verschollen oder ausgestorben sind. Die Weltnaturschutzunion (IUCN) ver\u00f6ffentlicht in regelm\u00e4\u00dfigen Abst\u00e4nden eine Rote Liste. Neben der internationalen Liste sind in Deutschland die Roten Listen des Bundes und der Bundesl\u00e4nder relevant. Anhand der Roten Listen l\u00e4sst sich feststellen, wie bedroht einzelne Arten sind. Dar\u00fcber hinaus zeigen die Listen auf, wo dringender Handlungsbedarf besteht, um vom Aussterben bedrohte Arten zu sch\u00fctzen. Die Roten Listen sind ein Indikator f\u00fcr den R\u00fcckgang der weltweiten Biodiversit\u00e4t.<\/p>\n<p><img loading=\"lazy\" decoding=\"async\" width=\"1024\" height=\"536\" class=\"size-large wp-image-7682 aligncenter\" src=\"\/wp-content\/uploads\/2018-08-27-BB-Biodiversit\u00e4t-auf-Torfmoosfl\u00e4che_Teil-1-Rote-Liste-Sonnentau.bearb_.-1024x536.jpg\" alt=\"\" srcset=\"https:\/\/klasmann-deilmann.com\/wp-content\/uploads\/2018-08-27-BB-Biodiversit\u00e4t-auf-Torfmoosfl\u00e4che_Teil-1-Rote-Liste-Sonnentau.bearb_.-1024x536.jpg 1024w, https:\/\/klasmann-deilmann.com\/wp-content\/uploads\/2018-08-27-BB-Biodiversit\u00e4t-auf-Torfmoosfl\u00e4che_Teil-1-Rote-Liste-Sonnentau.bearb_.-300x157.jpg 300w, https:\/\/klasmann-deilmann.com\/wp-content\/uploads\/2018-08-27-BB-Biodiversit\u00e4t-auf-Torfmoosfl\u00e4che_Teil-1-Rote-Liste-Sonnentau.bearb_.-768x402.jpg 768w, https:\/\/klasmann-deilmann.com\/wp-content\/uploads\/2018-08-27-BB-Biodiversit\u00e4t-auf-Torfmoosfl\u00e4che_Teil-1-Rote-Liste-Sonnentau.bearb_.-600x314.jpg 600w, https:\/\/klasmann-deilmann.com\/wp-content\/uploads\/2018-08-27-BB-Biodiversit\u00e4t-auf-Torfmoosfl\u00e4che_Teil-1-Rote-Liste-Sonnentau.bearb_.-125x65.jpg 125w\" sizes=\"auto, (max-width: 1024px) 100vw, 1024px\" \/><\/p>\n<h3><strong>Situation in Deutschland<\/strong><\/h3>\n<p>In Deutschland sind rund 28.000 Pflanzenarten beheimatet. Um eine \u201eRote Liste der gef\u00e4hrdeten Pflanzen Deutschlands\u201c zu erstellen, hat das Bundesamt f\u00fcr Naturschutz knapp 50 Prozent der beheimateten Pflanzenarten\u00a0\u2011 insgesamt 13.907\u00a0\u2011 auf ihre Gef\u00e4hrdung hin untersucht. Von diesen untersuchten Pflanzen stufte das Bundesamt f\u00fcr Naturschutz 3.990 Arten als gef\u00e4hrdet und 512 Arten als ausgestorben ein.<\/p>\n<h3><strong>Pflanzenvorkommen auf unseren Torfmoosfl\u00e4chen <\/strong><\/h3>\n<p>Die Untersuchungen von Amanda Grobe ergaben, dass etwa 50 verschiedene Pflanzenarten (Gef\u00e4\u00dfpflanzen und Moose) auf unseren Torfmoosfl\u00e4chen wachsen. Rund 20 Pflanzen davon stehen auf der Roten Liste, beispielsweise das Mittlere Torfmoos (Sphagnum magellanicum), das Wei\u00dfe Schnabelried (Rhynchospora alba) und die Rosmarinheide (Andromeda polifolia). Diese Pflanzenarten sind charakteristisch f\u00fcr Hochmoore. Die Doktorandin verglich das Pflanzenvorkommen auf unseren Torfmoosfl\u00e4chen mit dem auf naturnahen Moorstandorten und Renaturierungsfl\u00e4chen. Sie wies auf den naturnahen Moorfl\u00e4chen im Durchschnitt 35 Pflanzenarten nach\u00a0\u2011 20 davon stehen auf der Roten Liste von Niedersachsen und Bremen. Zum Vergleich: Die Vielfalt auf den Renaturierungsfl\u00e4chen ist mit 15 Arten\u00a0\u2011 davon f\u00fcnf Arten der Roten Liste\u00a0\u2011 niedriger. Diese Ergebnisse zeigen, dass sich bestimmte hochmoortypische Arten nicht von selbst in Renaturierungsfl\u00e4chen etablieren. Das Ausbringen von Torfmoosen auf ehemaligen Torfgewinnungsfl\u00e4chen kann dagegen die biologische Vielfalt erh\u00f6hen. Bisher ist das aktive Einbringen von hochmoortypischer Vegetation wie Torfmoosen nicht vom Gesetzgeber vorgesehen. Unsere Ergebnisse sprechen jedoch daf\u00fcr, dies als eine Nachnutzungsform zuzulassen. Hierf\u00fcr m\u00fcssen die rechtlichen Rahmenbedingungen angepasst und entsprechende Finanzierungskonzepte wie beispielsweise eine Verg\u00fctung f\u00fcr den zus\u00e4tzlich gebundenen Kohlenstoff oder die h\u00f6here Artenvielfalt gefunden werden.<\/p>\n<p>Sie m\u00f6chten wissen, welche Tiere sich auf unseren Torfmoosfl\u00e4chen niedergelassen haben? Dann klicken Sie <a href=\"https:\/\/klasmann-deilmann.com\/biodiversitaet-auf-torfmoosflaechen-2\/\">hier<\/a>, um den zweiten Teil zu lesen. Einer der Vertreter ist der Kiebitz.<\/p>\n<p>&nbsp;<\/p>\n","protected":false},"excerpt":{"rendered":"<p>Pflanzen von der Roten Liste nachgewiesen Wie viele Pflanzenarten wachsen auf den Torfmoosfl\u00e4chen von Klasmann-Deilmann? Und welche davon stehen auf der Roten Liste? Mit diesen Fragen besch\u00e4ftigte sich eine Doktorandin des Instituts f\u00fcr Umweltplanung der Leibniz Universit\u00e4t Hannover. Sie verglich das Pflanzenvorkommen auf den Torfmoosfl\u00e4chen mit denen auf naturnahen Moorstandorten sowie Renaturierungsfl\u00e4chen und kam zu einem erstaunlichen Ergebnis. Ziel der Torfmooskultivierung ist die nachhaltige Nutzung ehemaliger Torfgewinnungsfl\u00e4chen. Dar\u00fcber hinaus bieten die Torfmoosfl\u00e4chen einen Lebensraum f\u00fcr bedrohte Tiere und Pflanzen. Das<\/p>\n","protected":false},"author":13,"featured_media":0,"comment_status":"open","ping_status":"closed","sticky":false,"template":"","format":"standard","meta":{"_acf_changed":false,"inline_featured_image":false,"footnotes":""},"categories":[136],"tags":[],"class_list":["post-7670","post","type-post","status-publish","format-standard","hentry","category-nachhaltigkeit"],"acf":[],"yoast_head":"<!-- This site is optimized with the Yoast SEO plugin v27.5 - https:\/\/yoast.com\/product\/yoast-seo-wordpress\/ -->\n<title>Biodiversit\u00e4t auf Torfmoosfl\u00e4chen - Teil 1 - Klasmann-Deilmann<\/title>\n<meta name=\"robots\" content=\"index, follow, max-snippet:-1, max-image-preview:large, max-video-preview:-1\" \/>\n<link rel=\"canonical\" href=\"https:\/\/klasmann-deilmann.com\/de\/biodiversitaet-auf-torfmoosflaechen-teil-1\/\" \/>\n<meta property=\"og:locale\" content=\"de_DE\" \/>\n<meta property=\"og:type\" content=\"article\" \/>\n<meta property=\"og:title\" content=\"Biodiversit\u00e4t auf Torfmoosfl\u00e4chen - Teil 1 - Klasmann-Deilmann\" \/>\n<meta property=\"og:description\" content=\"Pflanzen von der Roten Liste nachgewiesen Wie viele Pflanzenarten wachsen auf den Torfmoosfl\u00e4chen von Klasmann-Deilmann? Und welche davon stehen auf der Roten Liste? Mit diesen Fragen besch\u00e4ftigte sich eine Doktorandin des Instituts f\u00fcr Umweltplanung der Leibniz Universit\u00e4t Hannover. Sie verglich das Pflanzenvorkommen auf den Torfmoosfl\u00e4chen mit denen auf naturnahen Moorstandorten sowie Renaturierungsfl\u00e4chen und kam zu einem erstaunlichen Ergebnis. Ziel der Torfmooskultivierung ist die nachhaltige Nutzung ehemaliger Torfgewinnungsfl\u00e4chen. Dar\u00fcber hinaus bieten die Torfmoosfl\u00e4chen einen Lebensraum f\u00fcr bedrohte Tiere und Pflanzen. Das\" \/>\n<meta property=\"og:url\" content=\"https:\/\/klasmann-deilmann.com\/de\/biodiversitaet-auf-torfmoosflaechen-teil-1\/\" \/>\n<meta property=\"og:site_name\" content=\"Klasmann-Deilmann\" \/>\n<meta property=\"article:published_time\" content=\"2018-08-27T04:00:26+00:00\" \/>\n<meta property=\"article:modified_time\" content=\"2018-11-20T12:33:58+00:00\" \/>\n<meta property=\"og:image\" content=\"https:\/\/klasmann-deilmann.com\/wp-content\/uploads\/2018-08-27-BB-Biodiversit\u00e4t-auf-Torfmoosfl\u00e4che_Rote-Liste-Teil-1-Wollgras.bearb_-1024x540.jpg\" \/>\n<meta name=\"author\" content=\"Manfred Dechering\" \/>\n<meta name=\"twitter:card\" content=\"summary_large_image\" \/>\n<meta name=\"twitter:label1\" content=\"Verfasst von\" \/>\n\t<meta name=\"twitter:data1\" content=\"Manfred Dechering\" \/>\n\t<meta name=\"twitter:label2\" content=\"Gesch\u00e4tzte Lesezeit\" \/>\n\t<meta name=\"twitter:data2\" content=\"3\u00a0Minuten\" \/>\n<script type=\"application\/ld+json\" class=\"yoast-schema-graph\">{\"@context\":\"https:\\\/\\\/schema.org\",\"@graph\":[{\"@type\":\"Article\",\"@id\":\"https:\\\/\\\/klasmann-deilmann.com\\\/de\\\/biodiversitaet-auf-torfmoosflaechen-teil-1\\\/#article\",\"isPartOf\":{\"@id\":\"https:\\\/\\\/klasmann-deilmann.com\\\/de\\\/biodiversitaet-auf-torfmoosflaechen-teil-1\\\/\"},\"author\":{\"name\":\"Manfred Dechering\",\"@id\":\"https:\\\/\\\/klasmann-deilmann.com\\\/en\\\/#\\\/schema\\\/person\\\/495ae3730a87fccaed52acc9045a93d5\"},\"headline\":\"Biodiversit\u00e4t auf Torfmoosfl\u00e4chen &#8211; Teil 1\",\"datePublished\":\"2018-08-27T04:00:26+00:00\",\"dateModified\":\"2018-11-20T12:33:58+00:00\",\"mainEntityOfPage\":{\"@id\":\"https:\\\/\\\/klasmann-deilmann.com\\\/de\\\/biodiversitaet-auf-torfmoosflaechen-teil-1\\\/\"},\"wordCount\":551,\"commentCount\":0,\"articleSection\":[\"Nachhaltigkeit\"],\"inLanguage\":\"de\",\"potentialAction\":[{\"@type\":\"CommentAction\",\"name\":\"Comment\",\"target\":[\"https:\\\/\\\/klasmann-deilmann.com\\\/de\\\/biodiversitaet-auf-torfmoosflaechen-teil-1\\\/#respond\"]}]},{\"@type\":\"WebPage\",\"@id\":\"https:\\\/\\\/klasmann-deilmann.com\\\/de\\\/biodiversitaet-auf-torfmoosflaechen-teil-1\\\/\",\"url\":\"https:\\\/\\\/klasmann-deilmann.com\\\/de\\\/biodiversitaet-auf-torfmoosflaechen-teil-1\\\/\",\"name\":\"Biodiversit\u00e4t auf Torfmoosfl\u00e4chen - Teil 1 - Klasmann-Deilmann\",\"isPartOf\":{\"@id\":\"https:\\\/\\\/klasmann-deilmann.com\\\/en\\\/#website\"},\"datePublished\":\"2018-08-27T04:00:26+00:00\",\"dateModified\":\"2018-11-20T12:33:58+00:00\",\"author\":{\"@id\":\"https:\\\/\\\/klasmann-deilmann.com\\\/en\\\/#\\\/schema\\\/person\\\/495ae3730a87fccaed52acc9045a93d5\"},\"breadcrumb\":{\"@id\":\"https:\\\/\\\/klasmann-deilmann.com\\\/de\\\/biodiversitaet-auf-torfmoosflaechen-teil-1\\\/#breadcrumb\"},\"inLanguage\":\"de\",\"potentialAction\":[{\"@type\":\"ReadAction\",\"target\":[\"https:\\\/\\\/klasmann-deilmann.com\\\/de\\\/biodiversitaet-auf-torfmoosflaechen-teil-1\\\/\"]}]},{\"@type\":\"BreadcrumbList\",\"@id\":\"https:\\\/\\\/klasmann-deilmann.com\\\/de\\\/biodiversitaet-auf-torfmoosflaechen-teil-1\\\/#breadcrumb\",\"itemListElement\":[{\"@type\":\"ListItem\",\"position\":1,\"name\":\"Home\",\"item\":\"https:\\\/\\\/klasmann-deilmann.com\\\/de\\\/\"},{\"@type\":\"ListItem\",\"position\":2,\"name\":\"Biodiversit\u00e4t auf Torfmoosfl\u00e4chen &#8211; Teil 1\"}]},{\"@type\":\"WebSite\",\"@id\":\"https:\\\/\\\/klasmann-deilmann.com\\\/en\\\/#website\",\"url\":\"https:\\\/\\\/klasmann-deilmann.com\\\/en\\\/\",\"name\":\"Klasmann-Deilmann\",\"description\":\"\",\"potentialAction\":[{\"@type\":\"SearchAction\",\"target\":{\"@type\":\"EntryPoint\",\"urlTemplate\":\"https:\\\/\\\/klasmann-deilmann.com\\\/en\\\/?s={search_term_string}\"},\"query-input\":{\"@type\":\"PropertyValueSpecification\",\"valueRequired\":true,\"valueName\":\"search_term_string\"}}],\"inLanguage\":\"de\"},{\"@type\":\"Person\",\"@id\":\"https:\\\/\\\/klasmann-deilmann.com\\\/en\\\/#\\\/schema\\\/person\\\/495ae3730a87fccaed52acc9045a93d5\",\"name\":\"Manfred Dechering\",\"image\":{\"@type\":\"ImageObject\",\"inLanguage\":\"de\",\"@id\":\"https:\\\/\\\/secure.gravatar.com\\\/avatar\\\/2c247759970c05c763b351d9161e4d9057785e0043f190f7b5e9b7a972b12df5?s=96&d=mm&r=g\",\"url\":\"https:\\\/\\\/secure.gravatar.com\\\/avatar\\\/2c247759970c05c763b351d9161e4d9057785e0043f190f7b5e9b7a972b12df5?s=96&d=mm&r=g\",\"contentUrl\":\"https:\\\/\\\/secure.gravatar.com\\\/avatar\\\/2c247759970c05c763b351d9161e4d9057785e0043f190f7b5e9b7a972b12df5?s=96&d=mm&r=g\",\"caption\":\"Manfred Dechering\"},\"url\":\"https:\\\/\\\/klasmann-deilmann.com\\\/de\\\/author\\\/m-dechering\\\/\"}]}<\/script>\n<!-- \/ Yoast SEO plugin. -->","yoast_head_json":{"title":"Biodiversit\u00e4t auf Torfmoosfl\u00e4chen - Teil 1 - Klasmann-Deilmann","robots":{"index":"index","follow":"follow","max-snippet":"max-snippet:-1","max-image-preview":"max-image-preview:large","max-video-preview":"max-video-preview:-1"},"canonical":"https:\/\/klasmann-deilmann.com\/de\/biodiversitaet-auf-torfmoosflaechen-teil-1\/","og_locale":"de_DE","og_type":"article","og_title":"Biodiversit\u00e4t auf Torfmoosfl\u00e4chen - Teil 1 - Klasmann-Deilmann","og_description":"Pflanzen von der Roten Liste nachgewiesen Wie viele Pflanzenarten wachsen auf den Torfmoosfl\u00e4chen von Klasmann-Deilmann? Und welche davon stehen auf der Roten Liste? Mit diesen Fragen besch\u00e4ftigte sich eine Doktorandin des Instituts f\u00fcr Umweltplanung der Leibniz Universit\u00e4t Hannover. Sie verglich das Pflanzenvorkommen auf den Torfmoosfl\u00e4chen mit denen auf naturnahen Moorstandorten sowie Renaturierungsfl\u00e4chen und kam zu einem erstaunlichen Ergebnis. Ziel der Torfmooskultivierung ist die nachhaltige Nutzung ehemaliger Torfgewinnungsfl\u00e4chen. Dar\u00fcber hinaus bieten die Torfmoosfl\u00e4chen einen Lebensraum f\u00fcr bedrohte Tiere und Pflanzen. Das","og_url":"https:\/\/klasmann-deilmann.com\/de\/biodiversitaet-auf-torfmoosflaechen-teil-1\/","og_site_name":"Klasmann-Deilmann","article_published_time":"2018-08-27T04:00:26+00:00","article_modified_time":"2018-11-20T12:33:58+00:00","og_image":[{"url":"https:\/\/klasmann-deilmann.com\/wp-content\/uploads\/2018-08-27-BB-Biodiversit\u00e4t-auf-Torfmoosfl\u00e4che_Rote-Liste-Teil-1-Wollgras.bearb_-1024x540.jpg","type":"","width":"","height":""}],"author":"Manfred Dechering","twitter_card":"summary_large_image","twitter_misc":{"Verfasst von":"Manfred Dechering","Gesch\u00e4tzte Lesezeit":"3\u00a0Minuten"},"schema":{"@context":"https:\/\/schema.org","@graph":[{"@type":"Article","@id":"https:\/\/klasmann-deilmann.com\/de\/biodiversitaet-auf-torfmoosflaechen-teil-1\/#article","isPartOf":{"@id":"https:\/\/klasmann-deilmann.com\/de\/biodiversitaet-auf-torfmoosflaechen-teil-1\/"},"author":{"name":"Manfred Dechering","@id":"https:\/\/klasmann-deilmann.com\/en\/#\/schema\/person\/495ae3730a87fccaed52acc9045a93d5"},"headline":"Biodiversit\u00e4t auf Torfmoosfl\u00e4chen &#8211; Teil 1","datePublished":"2018-08-27T04:00:26+00:00","dateModified":"2018-11-20T12:33:58+00:00","mainEntityOfPage":{"@id":"https:\/\/klasmann-deilmann.com\/de\/biodiversitaet-auf-torfmoosflaechen-teil-1\/"},"wordCount":551,"commentCount":0,"articleSection":["Nachhaltigkeit"],"inLanguage":"de","potentialAction":[{"@type":"CommentAction","name":"Comment","target":["https:\/\/klasmann-deilmann.com\/de\/biodiversitaet-auf-torfmoosflaechen-teil-1\/#respond"]}]},{"@type":"WebPage","@id":"https:\/\/klasmann-deilmann.com\/de\/biodiversitaet-auf-torfmoosflaechen-teil-1\/","url":"https:\/\/klasmann-deilmann.com\/de\/biodiversitaet-auf-torfmoosflaechen-teil-1\/","name":"Biodiversit\u00e4t auf Torfmoosfl\u00e4chen - Teil 1 - Klasmann-Deilmann","isPartOf":{"@id":"https:\/\/klasmann-deilmann.com\/en\/#website"},"datePublished":"2018-08-27T04:00:26+00:00","dateModified":"2018-11-20T12:33:58+00:00","author":{"@id":"https:\/\/klasmann-deilmann.com\/en\/#\/schema\/person\/495ae3730a87fccaed52acc9045a93d5"},"breadcrumb":{"@id":"https:\/\/klasmann-deilmann.com\/de\/biodiversitaet-auf-torfmoosflaechen-teil-1\/#breadcrumb"},"inLanguage":"de","potentialAction":[{"@type":"ReadAction","target":["https:\/\/klasmann-deilmann.com\/de\/biodiversitaet-auf-torfmoosflaechen-teil-1\/"]}]},{"@type":"BreadcrumbList","@id":"https:\/\/klasmann-deilmann.com\/de\/biodiversitaet-auf-torfmoosflaechen-teil-1\/#breadcrumb","itemListElement":[{"@type":"ListItem","position":1,"name":"Home","item":"https:\/\/klasmann-deilmann.com\/de\/"},{"@type":"ListItem","position":2,"name":"Biodiversit\u00e4t auf Torfmoosfl\u00e4chen &#8211; Teil 1"}]},{"@type":"WebSite","@id":"https:\/\/klasmann-deilmann.com\/en\/#website","url":"https:\/\/klasmann-deilmann.com\/en\/","name":"Klasmann-Deilmann","description":"","potentialAction":[{"@type":"SearchAction","target":{"@type":"EntryPoint","urlTemplate":"https:\/\/klasmann-deilmann.com\/en\/?s={search_term_string}"},"query-input":{"@type":"PropertyValueSpecification","valueRequired":true,"valueName":"search_term_string"}}],"inLanguage":"de"},{"@type":"Person","@id":"https:\/\/klasmann-deilmann.com\/en\/#\/schema\/person\/495ae3730a87fccaed52acc9045a93d5","name":"Manfred Dechering","image":{"@type":"ImageObject","inLanguage":"de","@id":"https:\/\/secure.gravatar.com\/avatar\/2c247759970c05c763b351d9161e4d9057785e0043f190f7b5e9b7a972b12df5?s=96&d=mm&r=g","url":"https:\/\/secure.gravatar.com\/avatar\/2c247759970c05c763b351d9161e4d9057785e0043f190f7b5e9b7a972b12df5?s=96&d=mm&r=g","contentUrl":"https:\/\/secure.gravatar.com\/avatar\/2c247759970c05c763b351d9161e4d9057785e0043f190f7b5e9b7a972b12df5?s=96&d=mm&r=g","caption":"Manfred Dechering"},"url":"https:\/\/klasmann-deilmann.com\/de\/author\/m-dechering\/"}]}},"_links":{"self":[{"href":"https:\/\/klasmann-deilmann.com\/de\/wp-json\/wp\/v2\/posts\/7670","targetHints":{"allow":["GET"]}}],"collection":[{"href":"https:\/\/klasmann-deilmann.com\/de\/wp-json\/wp\/v2\/posts"}],"about":[{"href":"https:\/\/klasmann-deilmann.com\/de\/wp-json\/wp\/v2\/types\/post"}],"author":[{"embeddable":true,"href":"https:\/\/klasmann-deilmann.com\/de\/wp-json\/wp\/v2\/users\/13"}],"replies":[{"embeddable":true,"href":"https:\/\/klasmann-deilmann.com\/de\/wp-json\/wp\/v2\/comments?post=7670"}],"version-history":[{"count":7,"href":"https:\/\/klasmann-deilmann.com\/de\/wp-json\/wp\/v2\/posts\/7670\/revisions"}],"predecessor-version":[{"id":8377,"href":"https:\/\/klasmann-deilmann.com\/de\/wp-json\/wp\/v2\/posts\/7670\/revisions\/8377"}],"wp:attachment":[{"href":"https:\/\/klasmann-deilmann.com\/de\/wp-json\/wp\/v2\/media?parent=7670"}],"wp:term":[{"taxonomy":"category","embeddable":true,"href":"https:\/\/klasmann-deilmann.com\/de\/wp-json\/wp\/v2\/categories?post=7670"},{"taxonomy":"post_tag","embeddable":true,"href":"https:\/\/klasmann-deilmann.com\/de\/wp-json\/wp\/v2\/tags?post=7670"}],"curies":[{"name":"wp","href":"https:\/\/api.w.org\/{rel}","templated":true}]}}