{"id":6193,"date":"2018-01-08T07:54:14","date_gmt":"2018-01-08T06:54:14","guid":{"rendered":"\/\/klasmann-deilmann.com\/?p=6193"},"modified":"2018-01-05T10:02:26","modified_gmt":"2018-01-05T09:02:26","slug":"stefaan-vandaele-ist-neuer-vorsitzender-von-growing-media-europe","status":"publish","type":"post","link":"https:\/\/klasmann-deilmann.com\/de\/stefaan-vandaele-ist-neuer-vorsitzender-von-growing-media-europe\/","title":{"rendered":"Stefaan Vandaele ist neuer Vorsitzender von Growing Media Europe"},"content":{"rendered":"<p><strong>Der bisherige stellvertretende Vorsitzende Stefaan Vandaele hat am 1. Januar 2018 den Vorsitz der Growing Media Europe \u00fcbernommen. Mit Blick auf den Ende 2019 beginnenden Ruhestand trat Norbert Siebels von dieser Position zur\u00fcck.<\/strong><\/p>\n<div id=\"attachment_6194\" style=\"width: 194px\" class=\"wp-caption alignleft\"><img loading=\"lazy\" decoding=\"async\" aria-describedby=\"caption-attachment-6194\" class=\"wp-image-6194\" src=\"\/\/klasmann-deilmann.com\/wp-content\/uploads\/2018-01-08-Growing-Media-Europe_Neuer-Erster-Vorsitzender-Vandaele_PM-Siebels-2-757x1024.jpg\" alt=\"\" width=\"184\" height=\"249\" srcset=\"https:\/\/klasmann-deilmann.com\/wp-content\/uploads\/2018-01-08-Growing-Media-Europe_Neuer-Erster-Vorsitzender-Vandaele_PM-Siebels-2-757x1024.jpg 757w, https:\/\/klasmann-deilmann.com\/wp-content\/uploads\/2018-01-08-Growing-Media-Europe_Neuer-Erster-Vorsitzender-Vandaele_PM-Siebels-2-222x300.jpg 222w, https:\/\/klasmann-deilmann.com\/wp-content\/uploads\/2018-01-08-Growing-Media-Europe_Neuer-Erster-Vorsitzender-Vandaele_PM-Siebels-2-768x1038.jpg 768w, https:\/\/klasmann-deilmann.com\/wp-content\/uploads\/2018-01-08-Growing-Media-Europe_Neuer-Erster-Vorsitzender-Vandaele_PM-Siebels-2-444x600.jpg 444w, https:\/\/klasmann-deilmann.com\/wp-content\/uploads\/2018-01-08-Growing-Media-Europe_Neuer-Erster-Vorsitzender-Vandaele_PM-Siebels-2-92x125.jpg 92w, https:\/\/klasmann-deilmann.com\/wp-content\/uploads\/2018-01-08-Growing-Media-Europe_Neuer-Erster-Vorsitzender-Vandaele_PM-Siebels-2.jpg 1806w\" sizes=\"auto, (max-width: 184px) 100vw, 184px\" \/><\/p>\n<p id=\"caption-attachment-6194\" class=\"wp-caption-text\">Ehemaliger Vorstandsvorsitzender Norbert Siebels<\/p>\n<\/div>\n<p>Als Vorstandsmitglied, stellvertretender Vorsitzender und schlie\u00dflich Erster Vorsitzender der EPAGMA (der Vorl\u00e4uferorganisation der Growing Media Europe) war Norbert Siebels seit 2004 eine Leitfigur und starke Antriebskraft f\u00fcr die europ\u00e4ische Interessensvertretung der Torf- und Substratbranche. Als Erster Vorsitzender von Growing Media Europe war er mit dem \u00dcbergang zur neuen Organisation und ihrem erfolgreichen Start in 2016 betraut. \u201eDie Mitglieder von Growing Media Europe und zuvor EPAGMA sind Norbert Siebels zu gro\u00dfem Dank verpflichtet f\u00fcr seinen leidenschaftlichen Einsatz, sein verl\u00e4ssliches Engagement und seine weitsichtigen Entscheidungen, die wegbereitend f\u00fcr den Erfolg beider Organisationen waren\u201c, erkl\u00e4rte Stefaan Vandaele. Dieser war im letzten Jahr von den Vorstandsmitgliedern in anonymer Wahl zum Nachfolger von Norbert Siebels ernannt worden.<\/p>\n<div id=\"attachment_6195\" style=\"width: 361px\" class=\"wp-caption alignright\"><img loading=\"lazy\" decoding=\"async\" aria-describedby=\"caption-attachment-6195\" class=\"wp-image-6195\" src=\"\/\/klasmann-deilmann.com\/wp-content\/uploads\/2018-01-08-Growing-Media-Europe_Neuer-Erster-Vorsitzender-Vandaele_PM-Vandaele.jpg\" alt=\"\" width=\"351\" height=\"228\" srcset=\"https:\/\/klasmann-deilmann.com\/wp-content\/uploads\/2018-01-08-Growing-Media-Europe_Neuer-Erster-Vorsitzender-Vandaele_PM-Vandaele.jpg 500w, https:\/\/klasmann-deilmann.com\/wp-content\/uploads\/2018-01-08-Growing-Media-Europe_Neuer-Erster-Vorsitzender-Vandaele_PM-Vandaele-300x195.jpg 300w, https:\/\/klasmann-deilmann.com\/wp-content\/uploads\/2018-01-08-Growing-Media-Europe_Neuer-Erster-Vorsitzender-Vandaele_PM-Vandaele-125x81.jpg 125w\" sizes=\"auto, (max-width: 351px) 100vw, 351px\" \/><\/p>\n<p id=\"caption-attachment-6195\" class=\"wp-caption-text\">Neuer Vorstandsvorsitzender Stefaan Vandaele<\/p>\n<\/div>\n<p>Stefaan Vandaele ist Gesch\u00e4ftsf\u00fchrer von Greenyard Horticulture, eines der Gr\u00fcndungsmitglieder von Growing Media Europe. Bereits seit 2005 engagierte er sich tatkr\u00e4ftig in der Vorg\u00e4ngerorganisation. Seine Vision f\u00fcr Growing Media Europe zusammenfassend, betont er: \u201eUnsere Branche ist nicht nur f\u00fcr die Zukunft gut ger\u00fcstet, sie bildet eine starke Basis, um eine nachhaltigere Zukunft zu schaffen. Hoch innovative Kultursubstrate tragen zu einer gesunden und nachhaltigen Lebensmittelproduktion, einer Entsch\u00e4rfung des Klimawandels und gr\u00fcneren Lebensr\u00e4umen bei. Um die nachhaltige Entwicklung unserer Branche zu gew\u00e4hrleisten und einen konstruktiven Dialog in Gang zu setzen, bauen wir auf Growing Media Europe. Sie b\u00fcndelt die Sichtweisen unserer Mitglieder und agiert als Anlaufstelle in Br\u00fcssel. Meine neue Verantwortung als Erster Vorsitzender nehme ich an, um etwas f\u00fcr unsere Branche zu bewegen.\u201c<\/p>\n<p><em>Hinweis f\u00fcr Redakteure: Growing Media Europe AISBL ist eine internationale gemeinn\u00fctzige Organisation. Sie repr\u00e4sentiert die Hersteller von Kultursubstraten und Bodenverbesserungsmitteln auf europ\u00e4ischer Ebene. F\u00fcr weitere Informationen wenden Sie sich gerne an Generalsekret\u00e4rin Cecilia Luetgebrune: <a href=\"mailto:cecilia.luetgebrune@growing-media.eu\">cecilia.luetgebrune@growing-media.eu<\/a><\/em><\/p>\n<p>&nbsp;<\/p>\n<p>&nbsp;<\/p>\n","protected":false},"excerpt":{"rendered":"<p>Der bisherige stellvertretende Vorsitzende Stefaan Vandaele hat am 1. Januar 2018 den Vorsitz der Growing Media Europe \u00fcbernommen. Mit Blick auf den Ende 2019 beginnenden Ruhestand trat Norbert Siebels von dieser Position zur\u00fcck. Als Vorstandsmitglied, stellvertretender Vorsitzender und schlie\u00dflich Erster Vorsitzender der EPAGMA (der Vorl\u00e4uferorganisation der Growing Media Europe) war Norbert Siebels seit 2004 eine Leitfigur und starke Antriebskraft f\u00fcr die europ\u00e4ische Interessensvertretung der Torf- und Substratbranche. Als Erster Vorsitzender von Growing Media Europe war er mit dem \u00dcbergang zur<\/p>\n","protected":false},"author":14,"featured_media":0,"comment_status":"open","ping_status":"closed","sticky":false,"template":"","format":"standard","meta":{"_acf_changed":false,"inline_featured_image":false,"footnotes":""},"categories":[225],"tags":[],"class_list":["post-6193","post","type-post","status-publish","format-standard","hentry","category-unternehmen"],"acf":[],"yoast_head":"<!-- This site is optimized with the Yoast SEO plugin v27.5 - https:\/\/yoast.com\/product\/yoast-seo-wordpress\/ -->\n<title>Stefaan Vandaele ist neuer Vorsitzender von Growing Media Europe - Klasmann-Deilmann<\/title>\n<meta name=\"robots\" content=\"index, follow, max-snippet:-1, max-image-preview:large, max-video-preview:-1\" \/>\n<link rel=\"canonical\" href=\"https:\/\/klasmann-deilmann.com\/de\/stefaan-vandaele-ist-neuer-vorsitzender-von-growing-media-europe\/\" \/>\n<meta property=\"og:locale\" content=\"de_DE\" \/>\n<meta property=\"og:type\" content=\"article\" \/>\n<meta property=\"og:title\" content=\"Stefaan Vandaele ist neuer Vorsitzender von Growing Media Europe - Klasmann-Deilmann\" \/>\n<meta property=\"og:description\" content=\"Der bisherige stellvertretende Vorsitzende Stefaan Vandaele hat am 1. Januar 2018 den Vorsitz der Growing Media Europe \u00fcbernommen. Mit Blick auf den Ende 2019 beginnenden Ruhestand trat Norbert Siebels von dieser Position zur\u00fcck. Als Vorstandsmitglied, stellvertretender Vorsitzender und schlie\u00dflich Erster Vorsitzender der EPAGMA (der Vorl\u00e4uferorganisation der Growing Media Europe) war Norbert Siebels seit 2004 eine Leitfigur und starke Antriebskraft f\u00fcr die europ\u00e4ische Interessensvertretung der Torf- und Substratbranche. Als Erster Vorsitzender von Growing Media Europe war er mit dem \u00dcbergang zur\" \/>\n<meta property=\"og:url\" content=\"https:\/\/klasmann-deilmann.com\/de\/stefaan-vandaele-ist-neuer-vorsitzender-von-growing-media-europe\/\" \/>\n<meta property=\"og:site_name\" content=\"Klasmann-Deilmann\" \/>\n<meta property=\"article:published_time\" content=\"2018-01-08T06:54:14+00:00\" \/>\n<meta property=\"og:image\" content=\"\/\/klasmann-deilmann.com\/wp-content\/uploads\/2018-01-08-Growing-Media-Europe_Neuer-Erster-Vorsitzender-Vandaele_PM-Siebels-2-757x1024.jpg\" \/>\n<meta name=\"author\" content=\"Annette Schindler\" \/>\n<meta name=\"twitter:card\" content=\"summary_large_image\" \/>\n<meta name=\"twitter:label1\" content=\"Verfasst von\" \/>\n\t<meta name=\"twitter:data1\" content=\"Annette Schindler\" \/>\n\t<meta name=\"twitter:label2\" content=\"Gesch\u00e4tzte Lesezeit\" \/>\n\t<meta name=\"twitter:data2\" content=\"2\u00a0Minuten\" \/>\n<script type=\"application\/ld+json\" class=\"yoast-schema-graph\">{\"@context\":\"https:\\\/\\\/schema.org\",\"@graph\":[{\"@type\":\"Article\",\"@id\":\"https:\\\/\\\/klasmann-deilmann.com\\\/de\\\/stefaan-vandaele-ist-neuer-vorsitzender-von-growing-media-europe\\\/#article\",\"isPartOf\":{\"@id\":\"https:\\\/\\\/klasmann-deilmann.com\\\/de\\\/stefaan-vandaele-ist-neuer-vorsitzender-von-growing-media-europe\\\/\"},\"author\":{\"name\":\"Annette Schindler\",\"@id\":\"https:\\\/\\\/klasmann-deilmann.com\\\/en\\\/#\\\/schema\\\/person\\\/8d49f7c13f73b7ed2a379b67860ca862\"},\"headline\":\"Stefaan Vandaele ist neuer Vorsitzender von Growing Media Europe\",\"datePublished\":\"2018-01-08T06:54:14+00:00\",\"mainEntityOfPage\":{\"@id\":\"https:\\\/\\\/klasmann-deilmann.com\\\/de\\\/stefaan-vandaele-ist-neuer-vorsitzender-von-growing-media-europe\\\/\"},\"wordCount\":363,\"commentCount\":0,\"articleSection\":[\"Unternehmen\"],\"inLanguage\":\"de\",\"potentialAction\":[{\"@type\":\"CommentAction\",\"name\":\"Comment\",\"target\":[\"https:\\\/\\\/klasmann-deilmann.com\\\/de\\\/stefaan-vandaele-ist-neuer-vorsitzender-von-growing-media-europe\\\/#respond\"]}]},{\"@type\":\"WebPage\",\"@id\":\"https:\\\/\\\/klasmann-deilmann.com\\\/de\\\/stefaan-vandaele-ist-neuer-vorsitzender-von-growing-media-europe\\\/\",\"url\":\"https:\\\/\\\/klasmann-deilmann.com\\\/de\\\/stefaan-vandaele-ist-neuer-vorsitzender-von-growing-media-europe\\\/\",\"name\":\"Stefaan Vandaele ist neuer Vorsitzender von Growing Media Europe - Klasmann-Deilmann\",\"isPartOf\":{\"@id\":\"https:\\\/\\\/klasmann-deilmann.com\\\/en\\\/#website\"},\"datePublished\":\"2018-01-08T06:54:14+00:00\",\"author\":{\"@id\":\"https:\\\/\\\/klasmann-deilmann.com\\\/en\\\/#\\\/schema\\\/person\\\/8d49f7c13f73b7ed2a379b67860ca862\"},\"breadcrumb\":{\"@id\":\"https:\\\/\\\/klasmann-deilmann.com\\\/de\\\/stefaan-vandaele-ist-neuer-vorsitzender-von-growing-media-europe\\\/#breadcrumb\"},\"inLanguage\":\"de\",\"potentialAction\":[{\"@type\":\"ReadAction\",\"target\":[\"https:\\\/\\\/klasmann-deilmann.com\\\/de\\\/stefaan-vandaele-ist-neuer-vorsitzender-von-growing-media-europe\\\/\"]}]},{\"@type\":\"BreadcrumbList\",\"@id\":\"https:\\\/\\\/klasmann-deilmann.com\\\/de\\\/stefaan-vandaele-ist-neuer-vorsitzender-von-growing-media-europe\\\/#breadcrumb\",\"itemListElement\":[{\"@type\":\"ListItem\",\"position\":1,\"name\":\"Home\",\"item\":\"https:\\\/\\\/klasmann-deilmann.com\\\/de\\\/\"},{\"@type\":\"ListItem\",\"position\":2,\"name\":\"Stefaan Vandaele ist neuer Vorsitzender von Growing Media Europe\"}]},{\"@type\":\"WebSite\",\"@id\":\"https:\\\/\\\/klasmann-deilmann.com\\\/en\\\/#website\",\"url\":\"https:\\\/\\\/klasmann-deilmann.com\\\/en\\\/\",\"name\":\"Klasmann-Deilmann\",\"description\":\"\",\"potentialAction\":[{\"@type\":\"SearchAction\",\"target\":{\"@type\":\"EntryPoint\",\"urlTemplate\":\"https:\\\/\\\/klasmann-deilmann.com\\\/en\\\/?s={search_term_string}\"},\"query-input\":{\"@type\":\"PropertyValueSpecification\",\"valueRequired\":true,\"valueName\":\"search_term_string\"}}],\"inLanguage\":\"de\"},{\"@type\":\"Person\",\"@id\":\"https:\\\/\\\/klasmann-deilmann.com\\\/en\\\/#\\\/schema\\\/person\\\/8d49f7c13f73b7ed2a379b67860ca862\",\"name\":\"Annette Schindler\",\"image\":{\"@type\":\"ImageObject\",\"inLanguage\":\"de\",\"@id\":\"https:\\\/\\\/secure.gravatar.com\\\/avatar\\\/c6187481f9efb3f35697c7e6a8994c8eca86b16438b2a0cd1125c6ade3ff297e?s=96&d=mm&r=g\",\"url\":\"https:\\\/\\\/secure.gravatar.com\\\/avatar\\\/c6187481f9efb3f35697c7e6a8994c8eca86b16438b2a0cd1125c6ade3ff297e?s=96&d=mm&r=g\",\"contentUrl\":\"https:\\\/\\\/secure.gravatar.com\\\/avatar\\\/c6187481f9efb3f35697c7e6a8994c8eca86b16438b2a0cd1125c6ade3ff297e?s=96&d=mm&r=g\",\"caption\":\"Annette Schindler\"},\"sameAs\":[\"http:\\\/\\\/klasmann-deilmann.com\"],\"url\":\"https:\\\/\\\/klasmann-deilmann.com\\\/de\\\/author\\\/annette-schindler\\\/\"}]}<\/script>\n<!-- \/ Yoast SEO plugin. -->","yoast_head_json":{"title":"Stefaan Vandaele ist neuer Vorsitzender von Growing Media Europe - Klasmann-Deilmann","robots":{"index":"index","follow":"follow","max-snippet":"max-snippet:-1","max-image-preview":"max-image-preview:large","max-video-preview":"max-video-preview:-1"},"canonical":"https:\/\/klasmann-deilmann.com\/de\/stefaan-vandaele-ist-neuer-vorsitzender-von-growing-media-europe\/","og_locale":"de_DE","og_type":"article","og_title":"Stefaan Vandaele ist neuer Vorsitzender von Growing Media Europe - Klasmann-Deilmann","og_description":"Der bisherige stellvertretende Vorsitzende Stefaan Vandaele hat am 1. Januar 2018 den Vorsitz der Growing Media Europe \u00fcbernommen. Mit Blick auf den Ende 2019 beginnenden Ruhestand trat Norbert Siebels von dieser Position zur\u00fcck. Als Vorstandsmitglied, stellvertretender Vorsitzender und schlie\u00dflich Erster Vorsitzender der EPAGMA (der Vorl\u00e4uferorganisation der Growing Media Europe) war Norbert Siebels seit 2004 eine Leitfigur und starke Antriebskraft f\u00fcr die europ\u00e4ische Interessensvertretung der Torf- und Substratbranche. Als Erster Vorsitzender von Growing Media Europe war er mit dem \u00dcbergang zur","og_url":"https:\/\/klasmann-deilmann.com\/de\/stefaan-vandaele-ist-neuer-vorsitzender-von-growing-media-europe\/","og_site_name":"Klasmann-Deilmann","article_published_time":"2018-01-08T06:54:14+00:00","og_image":[{"url":"\/\/klasmann-deilmann.com\/wp-content\/uploads\/2018-01-08-Growing-Media-Europe_Neuer-Erster-Vorsitzender-Vandaele_PM-Siebels-2-757x1024.jpg","type":"","width":"","height":""}],"author":"Annette Schindler","twitter_card":"summary_large_image","twitter_misc":{"Verfasst von":"Annette Schindler","Gesch\u00e4tzte Lesezeit":"2\u00a0Minuten"},"schema":{"@context":"https:\/\/schema.org","@graph":[{"@type":"Article","@id":"https:\/\/klasmann-deilmann.com\/de\/stefaan-vandaele-ist-neuer-vorsitzender-von-growing-media-europe\/#article","isPartOf":{"@id":"https:\/\/klasmann-deilmann.com\/de\/stefaan-vandaele-ist-neuer-vorsitzender-von-growing-media-europe\/"},"author":{"name":"Annette Schindler","@id":"https:\/\/klasmann-deilmann.com\/en\/#\/schema\/person\/8d49f7c13f73b7ed2a379b67860ca862"},"headline":"Stefaan Vandaele ist neuer Vorsitzender von Growing Media Europe","datePublished":"2018-01-08T06:54:14+00:00","mainEntityOfPage":{"@id":"https:\/\/klasmann-deilmann.com\/de\/stefaan-vandaele-ist-neuer-vorsitzender-von-growing-media-europe\/"},"wordCount":363,"commentCount":0,"articleSection":["Unternehmen"],"inLanguage":"de","potentialAction":[{"@type":"CommentAction","name":"Comment","target":["https:\/\/klasmann-deilmann.com\/de\/stefaan-vandaele-ist-neuer-vorsitzender-von-growing-media-europe\/#respond"]}]},{"@type":"WebPage","@id":"https:\/\/klasmann-deilmann.com\/de\/stefaan-vandaele-ist-neuer-vorsitzender-von-growing-media-europe\/","url":"https:\/\/klasmann-deilmann.com\/de\/stefaan-vandaele-ist-neuer-vorsitzender-von-growing-media-europe\/","name":"Stefaan Vandaele ist neuer Vorsitzender von Growing Media Europe - Klasmann-Deilmann","isPartOf":{"@id":"https:\/\/klasmann-deilmann.com\/en\/#website"},"datePublished":"2018-01-08T06:54:14+00:00","author":{"@id":"https:\/\/klasmann-deilmann.com\/en\/#\/schema\/person\/8d49f7c13f73b7ed2a379b67860ca862"},"breadcrumb":{"@id":"https:\/\/klasmann-deilmann.com\/de\/stefaan-vandaele-ist-neuer-vorsitzender-von-growing-media-europe\/#breadcrumb"},"inLanguage":"de","potentialAction":[{"@type":"ReadAction","target":["https:\/\/klasmann-deilmann.com\/de\/stefaan-vandaele-ist-neuer-vorsitzender-von-growing-media-europe\/"]}]},{"@type":"BreadcrumbList","@id":"https:\/\/klasmann-deilmann.com\/de\/stefaan-vandaele-ist-neuer-vorsitzender-von-growing-media-europe\/#breadcrumb","itemListElement":[{"@type":"ListItem","position":1,"name":"Home","item":"https:\/\/klasmann-deilmann.com\/de\/"},{"@type":"ListItem","position":2,"name":"Stefaan Vandaele ist neuer Vorsitzender von Growing Media Europe"}]},{"@type":"WebSite","@id":"https:\/\/klasmann-deilmann.com\/en\/#website","url":"https:\/\/klasmann-deilmann.com\/en\/","name":"Klasmann-Deilmann","description":"","potentialAction":[{"@type":"SearchAction","target":{"@type":"EntryPoint","urlTemplate":"https:\/\/klasmann-deilmann.com\/en\/?s={search_term_string}"},"query-input":{"@type":"PropertyValueSpecification","valueRequired":true,"valueName":"search_term_string"}}],"inLanguage":"de"},{"@type":"Person","@id":"https:\/\/klasmann-deilmann.com\/en\/#\/schema\/person\/8d49f7c13f73b7ed2a379b67860ca862","name":"Annette Schindler","image":{"@type":"ImageObject","inLanguage":"de","@id":"https:\/\/secure.gravatar.com\/avatar\/c6187481f9efb3f35697c7e6a8994c8eca86b16438b2a0cd1125c6ade3ff297e?s=96&d=mm&r=g","url":"https:\/\/secure.gravatar.com\/avatar\/c6187481f9efb3f35697c7e6a8994c8eca86b16438b2a0cd1125c6ade3ff297e?s=96&d=mm&r=g","contentUrl":"https:\/\/secure.gravatar.com\/avatar\/c6187481f9efb3f35697c7e6a8994c8eca86b16438b2a0cd1125c6ade3ff297e?s=96&d=mm&r=g","caption":"Annette Schindler"},"sameAs":["http:\/\/klasmann-deilmann.com"],"url":"https:\/\/klasmann-deilmann.com\/de\/author\/annette-schindler\/"}]}},"_links":{"self":[{"href":"https:\/\/klasmann-deilmann.com\/de\/wp-json\/wp\/v2\/posts\/6193","targetHints":{"allow":["GET"]}}],"collection":[{"href":"https:\/\/klasmann-deilmann.com\/de\/wp-json\/wp\/v2\/posts"}],"about":[{"href":"https:\/\/klasmann-deilmann.com\/de\/wp-json\/wp\/v2\/types\/post"}],"author":[{"embeddable":true,"href":"https:\/\/klasmann-deilmann.com\/de\/wp-json\/wp\/v2\/users\/14"}],"replies":[{"embeddable":true,"href":"https:\/\/klasmann-deilmann.com\/de\/wp-json\/wp\/v2\/comments?post=6193"}],"version-history":[{"count":5,"href":"https:\/\/klasmann-deilmann.com\/de\/wp-json\/wp\/v2\/posts\/6193\/revisions"}],"predecessor-version":[{"id":6208,"href":"https:\/\/klasmann-deilmann.com\/de\/wp-json\/wp\/v2\/posts\/6193\/revisions\/6208"}],"wp:attachment":[{"href":"https:\/\/klasmann-deilmann.com\/de\/wp-json\/wp\/v2\/media?parent=6193"}],"wp:term":[{"taxonomy":"category","embeddable":true,"href":"https:\/\/klasmann-deilmann.com\/de\/wp-json\/wp\/v2\/categories?post=6193"},{"taxonomy":"post_tag","embeddable":true,"href":"https:\/\/klasmann-deilmann.com\/de\/wp-json\/wp\/v2\/tags?post=6193"}],"curies":[{"name":"wp","href":"https:\/\/api.w.org\/{rel}","templated":true}]}}