{"id":6134,"date":"2017-12-06T07:51:18","date_gmt":"2017-12-06T06:51:18","guid":{"rendered":"\/\/klasmann-deilmann.com\/?p=6134"},"modified":"2024-10-09T10:42:14","modified_gmt":"2024-10-09T08:42:14","slug":"klasmann-deilmann-ehrt-jubilare-und-ruhestaendler","status":"publish","type":"post","link":"https:\/\/klasmann-deilmann.com\/de\/klasmann-deilmann-ehrt-jubilare-und-ruhestaendler\/","title":{"rendered":"Klasmann-Deilmann ehrt Jubilare und Ruhest\u00e4ndler"},"content":{"rendered":"<h2><strong>Insgesamt mehr als 850 Jubil\u00e4en begangen<\/strong><\/h2>\n<p><strong>Im Rahmen einer Feierstunde hat Klasmann-Deilmann acht Mitarbeiterinnen und Mitarbeiter in den Ruhestand verabschiedet. Zugleich wurden zehn Jubilare f\u00fcr ihre langj\u00e4hrige Betriebszugeh\u00f6rigkeit geehrt.<\/strong><\/p>\n<div id=\"attachment_6136\" style=\"width: 504px\" class=\"wp-caption alignleft\"><img loading=\"lazy\" decoding=\"async\" aria-describedby=\"caption-attachment-6136\" class=\"wp-image-6136\" src=\"\/\/klasmann-deilmann.com\/wp-content\/uploads\/2017-12-06-BB-Jubilare-und-Ruhest\u00e4ndler-Ausschnitt-1024x614.jpg\" alt=\"\" width=\"494\" height=\"296\" srcset=\"https:\/\/klasmann-deilmann.com\/wp-content\/uploads\/2017-12-06-BB-Jubilare-und-Ruhest\u00e4ndler-Ausschnitt-1024x614.jpg 1024w, https:\/\/klasmann-deilmann.com\/wp-content\/uploads\/2017-12-06-BB-Jubilare-und-Ruhest\u00e4ndler-Ausschnitt-300x180.jpg 300w, https:\/\/klasmann-deilmann.com\/wp-content\/uploads\/2017-12-06-BB-Jubilare-und-Ruhest\u00e4ndler-Ausschnitt-768x461.jpg 768w, https:\/\/klasmann-deilmann.com\/wp-content\/uploads\/2017-12-06-BB-Jubilare-und-Ruhest\u00e4ndler-Ausschnitt-600x360.jpg 600w, https:\/\/klasmann-deilmann.com\/wp-content\/uploads\/2017-12-06-BB-Jubilare-und-Ruhest\u00e4ndler-Ausschnitt-125x75.jpg 125w\" sizes=\"auto, (max-width: 494px) 100vw, 494px\" \/><\/p>\n<p id=\"caption-attachment-6136\" class=\"wp-caption-text\">Die Jubilare von Klasmann-Deilmann (v. l.): Michael Perschl (Gesch\u00e4ftsf\u00fchrer Produktionsgesellschaft S\u00fcd), Daniel Hackmann (Werksleiter Produktionsgesellschaft Nord), Angela L\u00fcken (40 Jahre und Verabschiedung), Gerda G\u00f6cken (40 Jahre und Verabschiedung), Fritz Kalmlage (40 Jahre), Maria Kohne (25 Jahre), Josef Marien (Verabschiedung), Sabine R\u00f6wekamp (25 Jahre), Bernhard Falke (40 Jahre), Hermann Veltrup (Verabschiedung), Heinz H\u00f6ltershinken (Verabschiedung), Personalleiter Benedikt Kossen, Martin Jansen (40 Jahre), Matthias Hermsen (Gesch\u00e4ftsf\u00fchrer Servicegesellschaft), Waltraud Nagel (25 Jahre), Hermann Leisdon (40 Jahre), Matthias Landwehr (40 Jahre), Martin Moss (Verabschiedung), Bernhard Jansen (Verabschiedung), Gesamtbetriebsratsvorsitzender Wolfgang Otto, Gesch\u00e4ftsf\u00fchrer Moritz B\u00f6cking. Es fehlen auf dem Bild Hussein Kaya (25 Jahre), Dirk Haase (25 Jahre) und Heinz Pressgut (Verabschiedung).<\/p>\n<\/div>\n<p>Gesch\u00e4ftsf\u00fchrer Moritz B\u00f6cking dankte den Jubilaren und Ruhest\u00e4ndlern im Namen des Unternehmens: \u201eJeder Einzelne von Ihnen hat in ganz unterschiedlichen Bereichen dazu beigetragen, Klasmann-Deilmann zu einem \u00fcberaus erfolgreichen Unternehmen zu machen \u2013 zu einem Unternehmen, das in seiner Branche weltweit f\u00fchrend ist.\u201c Er w\u00fcnschte den Ruhest\u00e4ndlern alles Gute und vor allem Gesundheit im neuen Lebensabschnitt. Mit Blick auf die Jubilare freute er sich auf eine Fortsetzung der Zusammenarbeit. Auch Personalleiter Benedikt Kossen dankte f\u00fcr das langj\u00e4hrige Engagement der Ehreng\u00e4ste und ihre Treue zum Unternehmen. In diesem Zusammenhang erg\u00e4nzte Moritz B\u00f6cking, dass es in den vergangenen Jahrzehnten bereits 637 Jubilare mit 25-j\u00e4hriger Betriebszugeh\u00f6rigkeit und 219 Jubilare mit 40-j\u00e4hriger Betriebszugeh\u00f6rigkeit gegeben habe. \u201eWir sind stolz auf diese enge Bindung zwischen Arbeitgeber und Arbeitnehmer.\u201c<\/p>\n<p>&nbsp;<\/p>\n<p>&nbsp;<\/p>\n","protected":false},"excerpt":{"rendered":"<p>Insgesamt mehr als 850 Jubil\u00e4en begangen Im Rahmen einer Feierstunde hat Klasmann-Deilmann acht Mitarbeiterinnen und Mitarbeiter in den Ruhestand verabschiedet. Zugleich wurden zehn Jubilare f\u00fcr ihre langj\u00e4hrige Betriebszugeh\u00f6rigkeit geehrt. Gesch\u00e4ftsf\u00fchrer Moritz B\u00f6cking dankte den Jubilaren und Ruhest\u00e4ndlern im Namen des Unternehmens: \u201eJeder Einzelne von Ihnen hat in ganz unterschiedlichen Bereichen dazu beigetragen, Klasmann-Deilmann zu einem \u00fcberaus erfolgreichen Unternehmen zu machen \u2013 zu einem Unternehmen, das in seiner Branche weltweit f\u00fchrend ist.\u201c Er w\u00fcnschte den Ruhest\u00e4ndlern alles Gute und vor allem<\/p>\n","protected":false},"author":8,"featured_media":0,"comment_status":"open","ping_status":"closed","sticky":false,"template":"","format":"standard","meta":{"_acf_changed":false,"inline_featured_image":false,"footnotes":""},"categories":[],"tags":[],"class_list":["post-6134","post","type-post","status-publish","format-standard","hentry"],"acf":[],"yoast_head":"<!-- This site is optimized with the Yoast SEO plugin v27.5 - https:\/\/yoast.com\/product\/yoast-seo-wordpress\/ -->\n<title>Klasmann-Deilmann ehrt Jubilare und Ruhest\u00e4ndler - Klasmann-Deilmann<\/title>\n<meta name=\"robots\" content=\"index, follow, max-snippet:-1, max-image-preview:large, max-video-preview:-1\" \/>\n<link rel=\"canonical\" href=\"https:\/\/klasmann-deilmann.com\/de\/klasmann-deilmann-ehrt-jubilare-und-ruhestaendler\/\" \/>\n<meta property=\"og:locale\" content=\"de_DE\" \/>\n<meta property=\"og:type\" content=\"article\" \/>\n<meta property=\"og:title\" content=\"Klasmann-Deilmann ehrt Jubilare und Ruhest\u00e4ndler - Klasmann-Deilmann\" \/>\n<meta property=\"og:description\" content=\"Insgesamt mehr als 850 Jubil\u00e4en begangen Im Rahmen einer Feierstunde hat Klasmann-Deilmann acht Mitarbeiterinnen und Mitarbeiter in den Ruhestand verabschiedet. Zugleich wurden zehn Jubilare f\u00fcr ihre langj\u00e4hrige Betriebszugeh\u00f6rigkeit geehrt. Gesch\u00e4ftsf\u00fchrer Moritz B\u00f6cking dankte den Jubilaren und Ruhest\u00e4ndlern im Namen des Unternehmens: \u201eJeder Einzelne von Ihnen hat in ganz unterschiedlichen Bereichen dazu beigetragen, Klasmann-Deilmann zu einem \u00fcberaus erfolgreichen Unternehmen zu machen \u2013 zu einem Unternehmen, das in seiner Branche weltweit f\u00fchrend ist.\u201c Er w\u00fcnschte den Ruhest\u00e4ndlern alles Gute und vor allem\" \/>\n<meta property=\"og:url\" content=\"https:\/\/klasmann-deilmann.com\/de\/klasmann-deilmann-ehrt-jubilare-und-ruhestaendler\/\" \/>\n<meta property=\"og:site_name\" content=\"Klasmann-Deilmann\" \/>\n<meta property=\"article:published_time\" content=\"2017-12-06T06:51:18+00:00\" \/>\n<meta property=\"article:modified_time\" content=\"2024-10-09T08:42:14+00:00\" \/>\n<meta name=\"author\" content=\"Dirk R\u00f6se\" \/>\n<meta name=\"twitter:card\" content=\"summary_large_image\" \/>\n<meta name=\"twitter:label1\" content=\"Verfasst von\" \/>\n\t<meta name=\"twitter:data1\" content=\"Dirk R\u00f6se\" \/>\n\t<meta name=\"twitter:label2\" content=\"Gesch\u00e4tzte Lesezeit\" \/>\n\t<meta name=\"twitter:data2\" content=\"1\u00a0Minute\" \/>\n<script type=\"application\/ld+json\" class=\"yoast-schema-graph\">{\"@context\":\"https:\\\/\\\/schema.org\",\"@graph\":[{\"@type\":\"Article\",\"@id\":\"https:\\\/\\\/klasmann-deilmann.com\\\/de\\\/klasmann-deilmann-ehrt-jubilare-und-ruhestaendler\\\/#article\",\"isPartOf\":{\"@id\":\"https:\\\/\\\/klasmann-deilmann.com\\\/de\\\/klasmann-deilmann-ehrt-jubilare-und-ruhestaendler\\\/\"},\"author\":{\"name\":\"Dirk R\u00f6se\",\"@id\":\"https:\\\/\\\/klasmann-deilmann.com\\\/en\\\/#\\\/schema\\\/person\\\/2502425feab4548f9995e2f1fa23fb3d\"},\"headline\":\"Klasmann-Deilmann ehrt Jubilare und Ruhest\u00e4ndler\",\"datePublished\":\"2017-12-06T06:51:18+00:00\",\"dateModified\":\"2024-10-09T08:42:14+00:00\",\"mainEntityOfPage\":{\"@id\":\"https:\\\/\\\/klasmann-deilmann.com\\\/de\\\/klasmann-deilmann-ehrt-jubilare-und-ruhestaendler\\\/\"},\"wordCount\":286,\"commentCount\":0,\"inLanguage\":\"de\",\"potentialAction\":[{\"@type\":\"CommentAction\",\"name\":\"Comment\",\"target\":[\"https:\\\/\\\/klasmann-deilmann.com\\\/de\\\/klasmann-deilmann-ehrt-jubilare-und-ruhestaendler\\\/#respond\"]}]},{\"@type\":\"WebPage\",\"@id\":\"https:\\\/\\\/klasmann-deilmann.com\\\/de\\\/klasmann-deilmann-ehrt-jubilare-und-ruhestaendler\\\/\",\"url\":\"https:\\\/\\\/klasmann-deilmann.com\\\/de\\\/klasmann-deilmann-ehrt-jubilare-und-ruhestaendler\\\/\",\"name\":\"Klasmann-Deilmann ehrt Jubilare und Ruhest\u00e4ndler - Klasmann-Deilmann\",\"isPartOf\":{\"@id\":\"https:\\\/\\\/klasmann-deilmann.com\\\/en\\\/#website\"},\"datePublished\":\"2017-12-06T06:51:18+00:00\",\"dateModified\":\"2024-10-09T08:42:14+00:00\",\"author\":{\"@id\":\"https:\\\/\\\/klasmann-deilmann.com\\\/en\\\/#\\\/schema\\\/person\\\/2502425feab4548f9995e2f1fa23fb3d\"},\"breadcrumb\":{\"@id\":\"https:\\\/\\\/klasmann-deilmann.com\\\/de\\\/klasmann-deilmann-ehrt-jubilare-und-ruhestaendler\\\/#breadcrumb\"},\"inLanguage\":\"de\",\"potentialAction\":[{\"@type\":\"ReadAction\",\"target\":[\"https:\\\/\\\/klasmann-deilmann.com\\\/de\\\/klasmann-deilmann-ehrt-jubilare-und-ruhestaendler\\\/\"]}]},{\"@type\":\"BreadcrumbList\",\"@id\":\"https:\\\/\\\/klasmann-deilmann.com\\\/de\\\/klasmann-deilmann-ehrt-jubilare-und-ruhestaendler\\\/#breadcrumb\",\"itemListElement\":[{\"@type\":\"ListItem\",\"position\":1,\"name\":\"Home\",\"item\":\"https:\\\/\\\/klasmann-deilmann.com\\\/de\\\/\"},{\"@type\":\"ListItem\",\"position\":2,\"name\":\"Klasmann-Deilmann ehrt Jubilare und Ruhest\u00e4ndler\"}]},{\"@type\":\"WebSite\",\"@id\":\"https:\\\/\\\/klasmann-deilmann.com\\\/en\\\/#website\",\"url\":\"https:\\\/\\\/klasmann-deilmann.com\\\/en\\\/\",\"name\":\"Klasmann-Deilmann\",\"description\":\"\",\"potentialAction\":[{\"@type\":\"SearchAction\",\"target\":{\"@type\":\"EntryPoint\",\"urlTemplate\":\"https:\\\/\\\/klasmann-deilmann.com\\\/en\\\/?s={search_term_string}\"},\"query-input\":{\"@type\":\"PropertyValueSpecification\",\"valueRequired\":true,\"valueName\":\"search_term_string\"}}],\"inLanguage\":\"de\"},{\"@type\":\"Person\",\"@id\":\"https:\\\/\\\/klasmann-deilmann.com\\\/en\\\/#\\\/schema\\\/person\\\/2502425feab4548f9995e2f1fa23fb3d\",\"name\":\"Dirk R\u00f6se\",\"image\":{\"@type\":\"ImageObject\",\"inLanguage\":\"de\",\"@id\":\"https:\\\/\\\/secure.gravatar.com\\\/avatar\\\/850ab4c80e0a5eca25933f2ee062a09ec1d50f1fa10d0057f65f04b9827f102f?s=96&d=mm&r=g\",\"url\":\"https:\\\/\\\/secure.gravatar.com\\\/avatar\\\/850ab4c80e0a5eca25933f2ee062a09ec1d50f1fa10d0057f65f04b9827f102f?s=96&d=mm&r=g\",\"contentUrl\":\"https:\\\/\\\/secure.gravatar.com\\\/avatar\\\/850ab4c80e0a5eca25933f2ee062a09ec1d50f1fa10d0057f65f04b9827f102f?s=96&d=mm&r=g\",\"caption\":\"Dirk R\u00f6se\"},\"sameAs\":[\"http:\\\/\\\/klasmann-deilmann.com\"],\"url\":\"https:\\\/\\\/klasmann-deilmann.com\\\/de\\\/author\\\/dirk-roese\\\/\"}]}<\/script>\n<!-- \/ Yoast SEO plugin. -->","yoast_head_json":{"title":"Klasmann-Deilmann ehrt Jubilare und Ruhest\u00e4ndler - Klasmann-Deilmann","robots":{"index":"index","follow":"follow","max-snippet":"max-snippet:-1","max-image-preview":"max-image-preview:large","max-video-preview":"max-video-preview:-1"},"canonical":"https:\/\/klasmann-deilmann.com\/de\/klasmann-deilmann-ehrt-jubilare-und-ruhestaendler\/","og_locale":"de_DE","og_type":"article","og_title":"Klasmann-Deilmann ehrt Jubilare und Ruhest\u00e4ndler - Klasmann-Deilmann","og_description":"Insgesamt mehr als 850 Jubil\u00e4en begangen Im Rahmen einer Feierstunde hat Klasmann-Deilmann acht Mitarbeiterinnen und Mitarbeiter in den Ruhestand verabschiedet. Zugleich wurden zehn Jubilare f\u00fcr ihre langj\u00e4hrige Betriebszugeh\u00f6rigkeit geehrt. Gesch\u00e4ftsf\u00fchrer Moritz B\u00f6cking dankte den Jubilaren und Ruhest\u00e4ndlern im Namen des Unternehmens: \u201eJeder Einzelne von Ihnen hat in ganz unterschiedlichen Bereichen dazu beigetragen, Klasmann-Deilmann zu einem \u00fcberaus erfolgreichen Unternehmen zu machen \u2013 zu einem Unternehmen, das in seiner Branche weltweit f\u00fchrend ist.\u201c Er w\u00fcnschte den Ruhest\u00e4ndlern alles Gute und vor allem","og_url":"https:\/\/klasmann-deilmann.com\/de\/klasmann-deilmann-ehrt-jubilare-und-ruhestaendler\/","og_site_name":"Klasmann-Deilmann","article_published_time":"2017-12-06T06:51:18+00:00","article_modified_time":"2024-10-09T08:42:14+00:00","author":"Dirk R\u00f6se","twitter_card":"summary_large_image","twitter_misc":{"Verfasst von":"Dirk R\u00f6se","Gesch\u00e4tzte Lesezeit":"1\u00a0Minute"},"schema":{"@context":"https:\/\/schema.org","@graph":[{"@type":"Article","@id":"https:\/\/klasmann-deilmann.com\/de\/klasmann-deilmann-ehrt-jubilare-und-ruhestaendler\/#article","isPartOf":{"@id":"https:\/\/klasmann-deilmann.com\/de\/klasmann-deilmann-ehrt-jubilare-und-ruhestaendler\/"},"author":{"name":"Dirk R\u00f6se","@id":"https:\/\/klasmann-deilmann.com\/en\/#\/schema\/person\/2502425feab4548f9995e2f1fa23fb3d"},"headline":"Klasmann-Deilmann ehrt Jubilare und Ruhest\u00e4ndler","datePublished":"2017-12-06T06:51:18+00:00","dateModified":"2024-10-09T08:42:14+00:00","mainEntityOfPage":{"@id":"https:\/\/klasmann-deilmann.com\/de\/klasmann-deilmann-ehrt-jubilare-und-ruhestaendler\/"},"wordCount":286,"commentCount":0,"inLanguage":"de","potentialAction":[{"@type":"CommentAction","name":"Comment","target":["https:\/\/klasmann-deilmann.com\/de\/klasmann-deilmann-ehrt-jubilare-und-ruhestaendler\/#respond"]}]},{"@type":"WebPage","@id":"https:\/\/klasmann-deilmann.com\/de\/klasmann-deilmann-ehrt-jubilare-und-ruhestaendler\/","url":"https:\/\/klasmann-deilmann.com\/de\/klasmann-deilmann-ehrt-jubilare-und-ruhestaendler\/","name":"Klasmann-Deilmann ehrt Jubilare und Ruhest\u00e4ndler - Klasmann-Deilmann","isPartOf":{"@id":"https:\/\/klasmann-deilmann.com\/en\/#website"},"datePublished":"2017-12-06T06:51:18+00:00","dateModified":"2024-10-09T08:42:14+00:00","author":{"@id":"https:\/\/klasmann-deilmann.com\/en\/#\/schema\/person\/2502425feab4548f9995e2f1fa23fb3d"},"breadcrumb":{"@id":"https:\/\/klasmann-deilmann.com\/de\/klasmann-deilmann-ehrt-jubilare-und-ruhestaendler\/#breadcrumb"},"inLanguage":"de","potentialAction":[{"@type":"ReadAction","target":["https:\/\/klasmann-deilmann.com\/de\/klasmann-deilmann-ehrt-jubilare-und-ruhestaendler\/"]}]},{"@type":"BreadcrumbList","@id":"https:\/\/klasmann-deilmann.com\/de\/klasmann-deilmann-ehrt-jubilare-und-ruhestaendler\/#breadcrumb","itemListElement":[{"@type":"ListItem","position":1,"name":"Home","item":"https:\/\/klasmann-deilmann.com\/de\/"},{"@type":"ListItem","position":2,"name":"Klasmann-Deilmann ehrt Jubilare und Ruhest\u00e4ndler"}]},{"@type":"WebSite","@id":"https:\/\/klasmann-deilmann.com\/en\/#website","url":"https:\/\/klasmann-deilmann.com\/en\/","name":"Klasmann-Deilmann","description":"","potentialAction":[{"@type":"SearchAction","target":{"@type":"EntryPoint","urlTemplate":"https:\/\/klasmann-deilmann.com\/en\/?s={search_term_string}"},"query-input":{"@type":"PropertyValueSpecification","valueRequired":true,"valueName":"search_term_string"}}],"inLanguage":"de"},{"@type":"Person","@id":"https:\/\/klasmann-deilmann.com\/en\/#\/schema\/person\/2502425feab4548f9995e2f1fa23fb3d","name":"Dirk R\u00f6se","image":{"@type":"ImageObject","inLanguage":"de","@id":"https:\/\/secure.gravatar.com\/avatar\/850ab4c80e0a5eca25933f2ee062a09ec1d50f1fa10d0057f65f04b9827f102f?s=96&d=mm&r=g","url":"https:\/\/secure.gravatar.com\/avatar\/850ab4c80e0a5eca25933f2ee062a09ec1d50f1fa10d0057f65f04b9827f102f?s=96&d=mm&r=g","contentUrl":"https:\/\/secure.gravatar.com\/avatar\/850ab4c80e0a5eca25933f2ee062a09ec1d50f1fa10d0057f65f04b9827f102f?s=96&d=mm&r=g","caption":"Dirk R\u00f6se"},"sameAs":["http:\/\/klasmann-deilmann.com"],"url":"https:\/\/klasmann-deilmann.com\/de\/author\/dirk-roese\/"}]}},"_links":{"self":[{"href":"https:\/\/klasmann-deilmann.com\/de\/wp-json\/wp\/v2\/posts\/6134","targetHints":{"allow":["GET"]}}],"collection":[{"href":"https:\/\/klasmann-deilmann.com\/de\/wp-json\/wp\/v2\/posts"}],"about":[{"href":"https:\/\/klasmann-deilmann.com\/de\/wp-json\/wp\/v2\/types\/post"}],"author":[{"embeddable":true,"href":"https:\/\/klasmann-deilmann.com\/de\/wp-json\/wp\/v2\/users\/8"}],"replies":[{"embeddable":true,"href":"https:\/\/klasmann-deilmann.com\/de\/wp-json\/wp\/v2\/comments?post=6134"}],"version-history":[{"count":7,"href":"https:\/\/klasmann-deilmann.com\/de\/wp-json\/wp\/v2\/posts\/6134\/revisions"}],"predecessor-version":[{"id":87167,"href":"https:\/\/klasmann-deilmann.com\/de\/wp-json\/wp\/v2\/posts\/6134\/revisions\/87167"}],"wp:attachment":[{"href":"https:\/\/klasmann-deilmann.com\/de\/wp-json\/wp\/v2\/media?parent=6134"}],"wp:term":[{"taxonomy":"category","embeddable":true,"href":"https:\/\/klasmann-deilmann.com\/de\/wp-json\/wp\/v2\/categories?post=6134"},{"taxonomy":"post_tag","embeddable":true,"href":"https:\/\/klasmann-deilmann.com\/de\/wp-json\/wp\/v2\/tags?post=6134"}],"curies":[{"name":"wp","href":"https:\/\/api.w.org\/{rel}","templated":true}]}}