{"id":6050,"date":"2017-11-01T07:31:38","date_gmt":"2017-11-01T06:31:38","guid":{"rendered":"\/\/klasmann-deilmann.com\/?p=6050"},"modified":"2024-10-09T10:42:07","modified_gmt":"2024-10-09T08:42:07","slug":"emissionen-senken-verantwortung-staerken","status":"publish","type":"post","link":"https:\/\/klasmann-deilmann.com\/de\/emissionen-senken-verantwortung-staerken\/","title":{"rendered":"Emissionen senken, Verantwortung st\u00e4rken"},"content":{"rendered":"<h2>Klasmann-Deilmann legt Nachhaltigkeitsbericht vor<\/h2>\n<p><strong>Die Klasmann-Deilmann GmbH hat ihren <a href=\"\/\/klasmann-deilmann.com\/wp-content\/uploads\/CSR_Bericht_de_web.pdf\">Nachhaltigkeitsbericht 2016<\/a> vorgelegt. Mit dieser Ver\u00f6ffent\u00adlichung informiert das Unternehmen regelm\u00e4\u00dfig \u00fcber wesentliche Entwicklungen im Natur- und Klima\u00adschutz, in der Nutzung von Rohstoffen sowie bei den festgelegten Zielen im Nachhaltigkeitsmanage\u00adment. \u201eWir nehmen unsere unternehmerische Verantwortung f\u00fcr \u00d6kologie, \u00d6konomie und soziale Themen sehr ernst und arbeiten in vielen Bereichen kontinuierlich an weiteren Verbesserungen\u201c, sagte Gesch\u00e4ftsf\u00fchrer Norbert Siebels dazu. \u201eUnser Nachhaltigkeitsbericht sorgt f\u00fcr die notwendige Transparenz im Dialog mit der \u00d6ffentlichkeit.\u201c<\/strong><\/p>\n<p>So hat Klasmann-Deilmann in den zur\u00fcckliegenden Jahrzehnten gut 8.000 ha ehemalige Torfgewinnungs\u00adfl\u00e4chen wiedervern\u00e4sst, aufgeforstet oder f\u00fcr die landwirtschaftliche Folgenutzung hergerichtet. \u201eMehr als 3.800 ha dieser Fl\u00e4chen stehen als Biotope dauerhaft dem Natur- und Klimaschutz zur Verf\u00fcgung\u201c, so Siebels.<\/p>\n<p>\u00dcber die beh\u00f6rdlichen Vorgaben hinaus unterliegen aktive Gewinnungsfl\u00e4chen verst\u00e4rkt freiwilligen Selbstverpflichtungen. An Bedeutung gewinnt in diesem Kontext das unabh\u00e4ngige Zertifizierungssystem \u201eResponsibly Produced Peat\u201c (RPP), das die Auswahl, Nutzung und Wiederherrichtung von Gewinnungs\u00adfl\u00e4chen mit strengen Auflagen verbindet. \u201eBis Ende 2017 werden bereits 70 % unserer Gewinnungsmengen nach RPP zertifiziert sein\u201c, k\u00fcndigte Siebels an. \u201eDas ist eine gute Nachricht, denn das Zertifikat best\u00e4tigt insbesondere unseren Kunden im Produktionsgartenbau, dass unsere Substrate mit verantwortungsvoll gewonnenen Rohstoffen hergestellt werden.\u201c<\/p>\n<p><img loading=\"lazy\" decoding=\"async\" class=\" wp-image-6052 alignleft\" src=\"\/\/klasmann-deilmann.com\/wp-content\/uploads\/2017-11-01-BB-Emissionen-senken_Nachhaltigkeitsbericht-PM-Front-Page-German-724x1024.jpg\" alt=\"\" width=\"349\" height=\"494\" srcset=\"https:\/\/klasmann-deilmann.com\/wp-content\/uploads\/2017-11-01-BB-Emissionen-senken_Nachhaltigkeitsbericht-PM-Front-Page-German-724x1024.jpg 724w, https:\/\/klasmann-deilmann.com\/wp-content\/uploads\/2017-11-01-BB-Emissionen-senken_Nachhaltigkeitsbericht-PM-Front-Page-German-212x300.jpg 212w, https:\/\/klasmann-deilmann.com\/wp-content\/uploads\/2017-11-01-BB-Emissionen-senken_Nachhaltigkeitsbericht-PM-Front-Page-German-768x1086.jpg 768w, https:\/\/klasmann-deilmann.com\/wp-content\/uploads\/2017-11-01-BB-Emissionen-senken_Nachhaltigkeitsbericht-PM-Front-Page-German-424x600.jpg 424w, https:\/\/klasmann-deilmann.com\/wp-content\/uploads\/2017-11-01-BB-Emissionen-senken_Nachhaltigkeitsbericht-PM-Front-Page-German-88x125.jpg 88w\" sizes=\"auto, (max-width: 349px) 100vw, 349px\" \/>Die durch Klasmann-Deilmann verursachten Emissionen stiegen von 204.144 t CO<sub>2<\/sub>e (2013) auf 208.929 t CO<sub>2<\/sub>e (2016). \u201eDieser Anstieg resultiert aus dem Wachstum unseres Unternehmens\u201c, sagte Gesch\u00e4ftsf\u00fchrer Moritz B\u00f6cking. \u201eIm selben Zeitraum haben wir aber auch die Emissionen pro Kubikmeter Substrat von 63 kg CO<sub>2<\/sub>e auf knapp 59\u00a0kg CO<sub>2<\/sub>e gesenkt. An diesem zentralen Punkt sind wir also auf einem sehr guten Weg.\u201c<\/p>\n<p>In der Klimabilanz wurden au\u00dferdem die Ergebnisse einer durch Klasmann-Deilmann beauftragten Studie ber\u00fcck\u00adsichtigt, bei der nach wissenschaftlichen Kriterien zwei Jahre lang die Emissionen auf Torffl\u00e4chen gemessen wurden. \u201eDie Rohstoffgewinnung verursacht pro Jahr deutlich weniger klimasch\u00e4dliche Gase als bisher angenommen\u201c, so B\u00f6cking.<\/p>\n<p>Bis zum Jahr 2020 will Klasmann-Deilmann die eigenen Emissionen auf 160.000 t CO<sub>2<\/sub>e reduzieren. \u201eDas ist angesichts unseres starken Wachstums ein ehrgeiziges Vorhaben\u201c, so B\u00f6cking, \u201eaber wir sehen M\u00f6glichkeiten, dieses Ziel zu erreichen.\u201c Hinzu kommen positive Effekte aus dem Gesch\u00e4ftsbereich der erneuerbaren Energien. \u201eUnsere nachwachsenden Rohstoffe tragen insbesondere in den baltischen Staaten zu einer umweltfreundlichen Strom- und W\u00e4rmeversorgung bei\u201c, so Norbert Siebels. \u201eDer Einsatz konventioneller Energietr\u00e4ger wie Erd\u00f6l, Erdgas und Kohle kann auf diese Weise reduziert werden.\u201c<\/p>\n<p><a href=\"\/\/klasmann-deilmann.com\/wp-content\/uploads\/CSR_Report_2016_GRI_Standards_de_web.pdf\">Der Nachhaltigkeitsbericht 2016 entspricht den international anerkannten Richtlinien der \u201eGlobal Reporting Initiative\u201c (GRI)<\/a>, die breit gef\u00e4cherte Informationen vorschreiben. Mit den sog. \u201eGRI-Standards\u201c hat Klasmann-Deilmann als eines der ersten Unternehmen in Deutschland die neueste Generation der Richtlinien umgesetzt.<\/p>\n","protected":false},"excerpt":{"rendered":"<p>Klasmann-Deilmann legt Nachhaltigkeitsbericht vor Die Klasmann-Deilmann GmbH hat ihren Nachhaltigkeitsbericht 2016 vorgelegt. Mit dieser Ver\u00f6ffent\u00adlichung informiert das Unternehmen regelm\u00e4\u00dfig \u00fcber wesentliche Entwicklungen im Natur- und Klima\u00adschutz, in der Nutzung von Rohstoffen sowie bei den festgelegten Zielen im Nachhaltigkeitsmanage\u00adment. \u201eWir nehmen unsere unternehmerische Verantwortung f\u00fcr \u00d6kologie, \u00d6konomie und soziale Themen sehr ernst und arbeiten in vielen Bereichen kontinuierlich an weiteren Verbesserungen\u201c, sagte Gesch\u00e4ftsf\u00fchrer Norbert Siebels dazu. \u201eUnser Nachhaltigkeitsbericht sorgt f\u00fcr die notwendige Transparenz im Dialog mit der \u00d6ffentlichkeit.\u201c So hat Klasmann-Deilmann<\/p>\n","protected":false},"author":8,"featured_media":0,"comment_status":"open","ping_status":"closed","sticky":false,"template":"","format":"standard","meta":{"_acf_changed":false,"inline_featured_image":false,"footnotes":""},"categories":[136],"tags":[],"class_list":["post-6050","post","type-post","status-publish","format-standard","hentry","category-nachhaltigkeit"],"acf":[],"yoast_head":"<!-- This site is optimized with the Yoast SEO plugin v27.5 - https:\/\/yoast.com\/product\/yoast-seo-wordpress\/ -->\n<title>Emissionen senken, Verantwortung st\u00e4rken - Klasmann-Deilmann<\/title>\n<meta name=\"robots\" content=\"index, follow, max-snippet:-1, max-image-preview:large, max-video-preview:-1\" \/>\n<link rel=\"canonical\" href=\"https:\/\/klasmann-deilmann.com\/de\/emissionen-senken-verantwortung-staerken\/\" \/>\n<meta property=\"og:locale\" content=\"de_DE\" \/>\n<meta property=\"og:type\" content=\"article\" \/>\n<meta property=\"og:title\" content=\"Emissionen senken, Verantwortung st\u00e4rken - Klasmann-Deilmann\" \/>\n<meta property=\"og:description\" content=\"Klasmann-Deilmann legt Nachhaltigkeitsbericht vor Die Klasmann-Deilmann GmbH hat ihren Nachhaltigkeitsbericht 2016 vorgelegt. Mit dieser Ver\u00f6ffent\u00adlichung informiert das Unternehmen regelm\u00e4\u00dfig \u00fcber wesentliche Entwicklungen im Natur- und Klima\u00adschutz, in der Nutzung von Rohstoffen sowie bei den festgelegten Zielen im Nachhaltigkeitsmanage\u00adment. \u201eWir nehmen unsere unternehmerische Verantwortung f\u00fcr \u00d6kologie, \u00d6konomie und soziale Themen sehr ernst und arbeiten in vielen Bereichen kontinuierlich an weiteren Verbesserungen\u201c, sagte Gesch\u00e4ftsf\u00fchrer Norbert Siebels dazu. \u201eUnser Nachhaltigkeitsbericht sorgt f\u00fcr die notwendige Transparenz im Dialog mit der \u00d6ffentlichkeit.\u201c So hat Klasmann-Deilmann\" \/>\n<meta property=\"og:url\" content=\"https:\/\/klasmann-deilmann.com\/de\/emissionen-senken-verantwortung-staerken\/\" \/>\n<meta property=\"og:site_name\" content=\"Klasmann-Deilmann\" \/>\n<meta property=\"article:published_time\" content=\"2017-11-01T06:31:38+00:00\" \/>\n<meta property=\"article:modified_time\" content=\"2024-10-09T08:42:07+00:00\" \/>\n<meta name=\"author\" content=\"Dirk R\u00f6se\" \/>\n<meta name=\"twitter:card\" content=\"summary_large_image\" \/>\n<meta name=\"twitter:label1\" content=\"Verfasst von\" \/>\n\t<meta name=\"twitter:data1\" content=\"Dirk R\u00f6se\" \/>\n\t<meta name=\"twitter:label2\" content=\"Gesch\u00e4tzte Lesezeit\" \/>\n\t<meta name=\"twitter:data2\" content=\"2\u00a0Minuten\" \/>\n<script type=\"application\/ld+json\" class=\"yoast-schema-graph\">{\"@context\":\"https:\\\/\\\/schema.org\",\"@graph\":[{\"@type\":\"Article\",\"@id\":\"https:\\\/\\\/klasmann-deilmann.com\\\/de\\\/emissionen-senken-verantwortung-staerken\\\/#article\",\"isPartOf\":{\"@id\":\"https:\\\/\\\/klasmann-deilmann.com\\\/de\\\/emissionen-senken-verantwortung-staerken\\\/\"},\"author\":{\"name\":\"Dirk R\u00f6se\",\"@id\":\"https:\\\/\\\/klasmann-deilmann.com\\\/en\\\/#\\\/schema\\\/person\\\/2502425feab4548f9995e2f1fa23fb3d\"},\"headline\":\"Emissionen senken, Verantwortung st\u00e4rken\",\"datePublished\":\"2017-11-01T06:31:38+00:00\",\"dateModified\":\"2024-10-09T08:42:07+00:00\",\"mainEntityOfPage\":{\"@id\":\"https:\\\/\\\/klasmann-deilmann.com\\\/de\\\/emissionen-senken-verantwortung-staerken\\\/\"},\"wordCount\":442,\"commentCount\":0,\"articleSection\":[\"Nachhaltigkeit\"],\"inLanguage\":\"de\",\"potentialAction\":[{\"@type\":\"CommentAction\",\"name\":\"Comment\",\"target\":[\"https:\\\/\\\/klasmann-deilmann.com\\\/de\\\/emissionen-senken-verantwortung-staerken\\\/#respond\"]}]},{\"@type\":\"WebPage\",\"@id\":\"https:\\\/\\\/klasmann-deilmann.com\\\/de\\\/emissionen-senken-verantwortung-staerken\\\/\",\"url\":\"https:\\\/\\\/klasmann-deilmann.com\\\/de\\\/emissionen-senken-verantwortung-staerken\\\/\",\"name\":\"Emissionen senken, Verantwortung st\u00e4rken - Klasmann-Deilmann\",\"isPartOf\":{\"@id\":\"https:\\\/\\\/klasmann-deilmann.com\\\/en\\\/#website\"},\"datePublished\":\"2017-11-01T06:31:38+00:00\",\"dateModified\":\"2024-10-09T08:42:07+00:00\",\"author\":{\"@id\":\"https:\\\/\\\/klasmann-deilmann.com\\\/en\\\/#\\\/schema\\\/person\\\/2502425feab4548f9995e2f1fa23fb3d\"},\"breadcrumb\":{\"@id\":\"https:\\\/\\\/klasmann-deilmann.com\\\/de\\\/emissionen-senken-verantwortung-staerken\\\/#breadcrumb\"},\"inLanguage\":\"de\",\"potentialAction\":[{\"@type\":\"ReadAction\",\"target\":[\"https:\\\/\\\/klasmann-deilmann.com\\\/de\\\/emissionen-senken-verantwortung-staerken\\\/\"]}]},{\"@type\":\"BreadcrumbList\",\"@id\":\"https:\\\/\\\/klasmann-deilmann.com\\\/de\\\/emissionen-senken-verantwortung-staerken\\\/#breadcrumb\",\"itemListElement\":[{\"@type\":\"ListItem\",\"position\":1,\"name\":\"Home\",\"item\":\"https:\\\/\\\/klasmann-deilmann.com\\\/de\\\/\"},{\"@type\":\"ListItem\",\"position\":2,\"name\":\"Emissionen senken, Verantwortung st\u00e4rken\"}]},{\"@type\":\"WebSite\",\"@id\":\"https:\\\/\\\/klasmann-deilmann.com\\\/en\\\/#website\",\"url\":\"https:\\\/\\\/klasmann-deilmann.com\\\/en\\\/\",\"name\":\"Klasmann-Deilmann\",\"description\":\"\",\"potentialAction\":[{\"@type\":\"SearchAction\",\"target\":{\"@type\":\"EntryPoint\",\"urlTemplate\":\"https:\\\/\\\/klasmann-deilmann.com\\\/en\\\/?s={search_term_string}\"},\"query-input\":{\"@type\":\"PropertyValueSpecification\",\"valueRequired\":true,\"valueName\":\"search_term_string\"}}],\"inLanguage\":\"de\"},{\"@type\":\"Person\",\"@id\":\"https:\\\/\\\/klasmann-deilmann.com\\\/en\\\/#\\\/schema\\\/person\\\/2502425feab4548f9995e2f1fa23fb3d\",\"name\":\"Dirk R\u00f6se\",\"image\":{\"@type\":\"ImageObject\",\"inLanguage\":\"de\",\"@id\":\"https:\\\/\\\/secure.gravatar.com\\\/avatar\\\/850ab4c80e0a5eca25933f2ee062a09ec1d50f1fa10d0057f65f04b9827f102f?s=96&d=mm&r=g\",\"url\":\"https:\\\/\\\/secure.gravatar.com\\\/avatar\\\/850ab4c80e0a5eca25933f2ee062a09ec1d50f1fa10d0057f65f04b9827f102f?s=96&d=mm&r=g\",\"contentUrl\":\"https:\\\/\\\/secure.gravatar.com\\\/avatar\\\/850ab4c80e0a5eca25933f2ee062a09ec1d50f1fa10d0057f65f04b9827f102f?s=96&d=mm&r=g\",\"caption\":\"Dirk R\u00f6se\"},\"sameAs\":[\"http:\\\/\\\/klasmann-deilmann.com\"],\"url\":\"https:\\\/\\\/klasmann-deilmann.com\\\/de\\\/author\\\/dirk-roese\\\/\"}]}<\/script>\n<!-- \/ Yoast SEO plugin. -->","yoast_head_json":{"title":"Emissionen senken, Verantwortung st\u00e4rken - Klasmann-Deilmann","robots":{"index":"index","follow":"follow","max-snippet":"max-snippet:-1","max-image-preview":"max-image-preview:large","max-video-preview":"max-video-preview:-1"},"canonical":"https:\/\/klasmann-deilmann.com\/de\/emissionen-senken-verantwortung-staerken\/","og_locale":"de_DE","og_type":"article","og_title":"Emissionen senken, Verantwortung st\u00e4rken - Klasmann-Deilmann","og_description":"Klasmann-Deilmann legt Nachhaltigkeitsbericht vor Die Klasmann-Deilmann GmbH hat ihren Nachhaltigkeitsbericht 2016 vorgelegt. Mit dieser Ver\u00f6ffent\u00adlichung informiert das Unternehmen regelm\u00e4\u00dfig \u00fcber wesentliche Entwicklungen im Natur- und Klima\u00adschutz, in der Nutzung von Rohstoffen sowie bei den festgelegten Zielen im Nachhaltigkeitsmanage\u00adment. \u201eWir nehmen unsere unternehmerische Verantwortung f\u00fcr \u00d6kologie, \u00d6konomie und soziale Themen sehr ernst und arbeiten in vielen Bereichen kontinuierlich an weiteren Verbesserungen\u201c, sagte Gesch\u00e4ftsf\u00fchrer Norbert Siebels dazu. \u201eUnser Nachhaltigkeitsbericht sorgt f\u00fcr die notwendige Transparenz im Dialog mit der \u00d6ffentlichkeit.\u201c So hat Klasmann-Deilmann","og_url":"https:\/\/klasmann-deilmann.com\/de\/emissionen-senken-verantwortung-staerken\/","og_site_name":"Klasmann-Deilmann","article_published_time":"2017-11-01T06:31:38+00:00","article_modified_time":"2024-10-09T08:42:07+00:00","author":"Dirk R\u00f6se","twitter_card":"summary_large_image","twitter_misc":{"Verfasst von":"Dirk R\u00f6se","Gesch\u00e4tzte Lesezeit":"2\u00a0Minuten"},"schema":{"@context":"https:\/\/schema.org","@graph":[{"@type":"Article","@id":"https:\/\/klasmann-deilmann.com\/de\/emissionen-senken-verantwortung-staerken\/#article","isPartOf":{"@id":"https:\/\/klasmann-deilmann.com\/de\/emissionen-senken-verantwortung-staerken\/"},"author":{"name":"Dirk R\u00f6se","@id":"https:\/\/klasmann-deilmann.com\/en\/#\/schema\/person\/2502425feab4548f9995e2f1fa23fb3d"},"headline":"Emissionen senken, Verantwortung st\u00e4rken","datePublished":"2017-11-01T06:31:38+00:00","dateModified":"2024-10-09T08:42:07+00:00","mainEntityOfPage":{"@id":"https:\/\/klasmann-deilmann.com\/de\/emissionen-senken-verantwortung-staerken\/"},"wordCount":442,"commentCount":0,"articleSection":["Nachhaltigkeit"],"inLanguage":"de","potentialAction":[{"@type":"CommentAction","name":"Comment","target":["https:\/\/klasmann-deilmann.com\/de\/emissionen-senken-verantwortung-staerken\/#respond"]}]},{"@type":"WebPage","@id":"https:\/\/klasmann-deilmann.com\/de\/emissionen-senken-verantwortung-staerken\/","url":"https:\/\/klasmann-deilmann.com\/de\/emissionen-senken-verantwortung-staerken\/","name":"Emissionen senken, Verantwortung st\u00e4rken - Klasmann-Deilmann","isPartOf":{"@id":"https:\/\/klasmann-deilmann.com\/en\/#website"},"datePublished":"2017-11-01T06:31:38+00:00","dateModified":"2024-10-09T08:42:07+00:00","author":{"@id":"https:\/\/klasmann-deilmann.com\/en\/#\/schema\/person\/2502425feab4548f9995e2f1fa23fb3d"},"breadcrumb":{"@id":"https:\/\/klasmann-deilmann.com\/de\/emissionen-senken-verantwortung-staerken\/#breadcrumb"},"inLanguage":"de","potentialAction":[{"@type":"ReadAction","target":["https:\/\/klasmann-deilmann.com\/de\/emissionen-senken-verantwortung-staerken\/"]}]},{"@type":"BreadcrumbList","@id":"https:\/\/klasmann-deilmann.com\/de\/emissionen-senken-verantwortung-staerken\/#breadcrumb","itemListElement":[{"@type":"ListItem","position":1,"name":"Home","item":"https:\/\/klasmann-deilmann.com\/de\/"},{"@type":"ListItem","position":2,"name":"Emissionen senken, Verantwortung st\u00e4rken"}]},{"@type":"WebSite","@id":"https:\/\/klasmann-deilmann.com\/en\/#website","url":"https:\/\/klasmann-deilmann.com\/en\/","name":"Klasmann-Deilmann","description":"","potentialAction":[{"@type":"SearchAction","target":{"@type":"EntryPoint","urlTemplate":"https:\/\/klasmann-deilmann.com\/en\/?s={search_term_string}"},"query-input":{"@type":"PropertyValueSpecification","valueRequired":true,"valueName":"search_term_string"}}],"inLanguage":"de"},{"@type":"Person","@id":"https:\/\/klasmann-deilmann.com\/en\/#\/schema\/person\/2502425feab4548f9995e2f1fa23fb3d","name":"Dirk R\u00f6se","image":{"@type":"ImageObject","inLanguage":"de","@id":"https:\/\/secure.gravatar.com\/avatar\/850ab4c80e0a5eca25933f2ee062a09ec1d50f1fa10d0057f65f04b9827f102f?s=96&d=mm&r=g","url":"https:\/\/secure.gravatar.com\/avatar\/850ab4c80e0a5eca25933f2ee062a09ec1d50f1fa10d0057f65f04b9827f102f?s=96&d=mm&r=g","contentUrl":"https:\/\/secure.gravatar.com\/avatar\/850ab4c80e0a5eca25933f2ee062a09ec1d50f1fa10d0057f65f04b9827f102f?s=96&d=mm&r=g","caption":"Dirk R\u00f6se"},"sameAs":["http:\/\/klasmann-deilmann.com"],"url":"https:\/\/klasmann-deilmann.com\/de\/author\/dirk-roese\/"}]}},"_links":{"self":[{"href":"https:\/\/klasmann-deilmann.com\/de\/wp-json\/wp\/v2\/posts\/6050","targetHints":{"allow":["GET"]}}],"collection":[{"href":"https:\/\/klasmann-deilmann.com\/de\/wp-json\/wp\/v2\/posts"}],"about":[{"href":"https:\/\/klasmann-deilmann.com\/de\/wp-json\/wp\/v2\/types\/post"}],"author":[{"embeddable":true,"href":"https:\/\/klasmann-deilmann.com\/de\/wp-json\/wp\/v2\/users\/8"}],"replies":[{"embeddable":true,"href":"https:\/\/klasmann-deilmann.com\/de\/wp-json\/wp\/v2\/comments?post=6050"}],"version-history":[{"count":3,"href":"https:\/\/klasmann-deilmann.com\/de\/wp-json\/wp\/v2\/posts\/6050\/revisions"}],"predecessor-version":[{"id":87166,"href":"https:\/\/klasmann-deilmann.com\/de\/wp-json\/wp\/v2\/posts\/6050\/revisions\/87166"}],"wp:attachment":[{"href":"https:\/\/klasmann-deilmann.com\/de\/wp-json\/wp\/v2\/media?parent=6050"}],"wp:term":[{"taxonomy":"category","embeddable":true,"href":"https:\/\/klasmann-deilmann.com\/de\/wp-json\/wp\/v2\/categories?post=6050"},{"taxonomy":"post_tag","embeddable":true,"href":"https:\/\/klasmann-deilmann.com\/de\/wp-json\/wp\/v2\/tags?post=6050"}],"curies":[{"name":"wp","href":"https:\/\/api.w.org\/{rel}","templated":true}]}}