{"id":57314,"date":"2023-02-02T08:02:30","date_gmt":"2023-02-02T07:02:30","guid":{"rendered":"https:\/\/klasmann-deilmann.com\/?p=57314"},"modified":"2023-04-12T14:20:27","modified_gmt":"2023-04-12T12:20:27","slug":"wiedereintritt-in-den-ivg","status":"publish","type":"post","link":"https:\/\/klasmann-deilmann.com\/de\/wiedereintritt-in-den-ivg\/","title":{"rendered":"Wiedereintritt in den IVG"},"content":{"rendered":"<h2><img loading=\"lazy\" decoding=\"async\" width=\"1024\" height=\"576\" class=\"alignleft size-large wp-image-57315\" src=\"\/wp-content\/uploads\/2023-01-31-Wiedereintritt-IVG-1024x576.jpg\" alt=\"\" srcset=\"https:\/\/klasmann-deilmann.com\/wp-content\/uploads\/2023-01-31-Wiedereintritt-IVG-1024x576.jpg 1024w, https:\/\/klasmann-deilmann.com\/wp-content\/uploads\/2023-01-31-Wiedereintritt-IVG-300x169.jpg 300w, https:\/\/klasmann-deilmann.com\/wp-content\/uploads\/2023-01-31-Wiedereintritt-IVG-768x432.jpg 768w, https:\/\/klasmann-deilmann.com\/wp-content\/uploads\/2023-01-31-Wiedereintritt-IVG-1536x864.jpg 1536w, https:\/\/klasmann-deilmann.com\/wp-content\/uploads\/2023-01-31-Wiedereintritt-IVG.jpg 1920w\" sizes=\"auto, (max-width: 1024px) 100vw, 1024px\" \/><\/h2>\n<h2><strong>Gemeinsame Arbeit im Verband<\/strong><\/h2>\n<p><strong>Seit dem 1. Januar 2023 ist Klasmann-Deilmann wieder Mitglied im Industrieverband Garten e.V. (IVG). Gemeinsam mit anderen Unternehmen werden wir uns f\u00fcr die Interessen unserer Branche einsetzen und wichtige Kompetenzen b\u00fcndeln.<\/strong><\/p>\n<p>Dirk R\u00f6se (Head of Corporate Communications) berichtet: \u201eIn den vergangenen Jahren konnten wir Klasmann-Deilmann bei verschiedenen Veranstaltungen als wichtigen und kompetenten Gespr\u00e4chspartner positionieren. Da aber der politische Druck auf unsere Branche vor allem aus Berlin zunimmt und nach Br\u00fcssel ausstrahlt, sollten die deutschen Substratproduzenten mit vereinten Kr\u00e4ften auftreten.\u201c<\/p>\n<p>Gesch\u00e4ftsf\u00fchrer Moritz B\u00f6cking unterst\u00fctzt diese Entwicklung: \u201eIn Berlin und Br\u00fcssel wird an vielen Gesetzen und Pl\u00e4nen gearbeitet, die eine direkte Auswirkung auf unsere wirtschaftliche Entwicklung und unsere Rohstoffsituation haben k\u00f6nnen. Es ist daher wichtig, dass wir uns als Branche auf allen Ebenen einbringen und uns f\u00fcr tragf\u00e4hige Rahmenbedingungen stark machen.\u201c<\/p>\n<p>Nicht nur in Deutschland, sondern auch in anderen L\u00e4ndern beteiligen wir uns \u00fcber die nationalen Verb\u00e4nde an den politischen Entwicklungen. Wichtigster Verband bleibt Growing Media Europe mit Sitz in Br\u00fcssel. Ziel ist es, L\u00f6sungen zu entwickeln, die die Interessen der Politik, des Klimaschutzes, der Gartenbaubetriebe sowie der Substrathersteller ber\u00fccksichtigen.<\/p>\n<p>Mehr Informationen zum IVG finden Sie hier: <a href=\"https:\/\/www.ivg.org\/der-ivg\" target=\"_blank\" rel=\"noopener\">Der IVG<\/a><\/p>\n","protected":false},"excerpt":{"rendered":"<p>Gemeinsame Arbeit im Verband Seit dem 1. Januar 2023 ist Klasmann-Deilmann wieder Mitglied im Industrieverband Garten e.V. (IVG). Gemeinsam mit anderen Unternehmen werden wir uns f\u00fcr die Interessen unserer Branche einsetzen und wichtige Kompetenzen b\u00fcndeln. Dirk R\u00f6se (Head of Corporate Communications) berichtet: \u201eIn den vergangenen Jahren konnten wir Klasmann-Deilmann bei verschiedenen Veranstaltungen als wichtigen und kompetenten Gespr\u00e4chspartner positionieren. Da aber der politische Druck auf unsere Branche vor allem aus Berlin zunimmt und nach Br\u00fcssel ausstrahlt, sollten die deutschen Substratproduzenten mit<\/p>\n","protected":false},"author":8,"featured_media":0,"comment_status":"open","ping_status":"open","sticky":false,"template":"","format":"standard","meta":{"_acf_changed":false,"inline_featured_image":false,"footnotes":""},"categories":[606],"tags":[],"class_list":["post-57314","post","type-post","status-publish","format-standard","hentry","category-unternehmen-2"],"acf":[],"yoast_head":"<!-- This site is optimized with the Yoast SEO plugin v27.5 - https:\/\/yoast.com\/product\/yoast-seo-wordpress\/ -->\n<title>Wiedereintritt in den IVG - Klasmann-Deilmann<\/title>\n<meta name=\"robots\" content=\"index, follow, max-snippet:-1, max-image-preview:large, max-video-preview:-1\" \/>\n<link rel=\"canonical\" href=\"https:\/\/klasmann-deilmann.com\/de\/wiedereintritt-in-den-ivg\/\" \/>\n<meta property=\"og:locale\" content=\"de_DE\" \/>\n<meta property=\"og:type\" content=\"article\" \/>\n<meta property=\"og:title\" content=\"Wiedereintritt in den IVG - Klasmann-Deilmann\" \/>\n<meta property=\"og:description\" content=\"Gemeinsame Arbeit im Verband Seit dem 1. Januar 2023 ist Klasmann-Deilmann wieder Mitglied im Industrieverband Garten e.V. (IVG). Gemeinsam mit anderen Unternehmen werden wir uns f\u00fcr die Interessen unserer Branche einsetzen und wichtige Kompetenzen b\u00fcndeln. Dirk R\u00f6se (Head of Corporate Communications) berichtet: \u201eIn den vergangenen Jahren konnten wir Klasmann-Deilmann bei verschiedenen Veranstaltungen als wichtigen und kompetenten Gespr\u00e4chspartner positionieren. Da aber der politische Druck auf unsere Branche vor allem aus Berlin zunimmt und nach Br\u00fcssel ausstrahlt, sollten die deutschen Substratproduzenten mit\" \/>\n<meta property=\"og:url\" content=\"https:\/\/klasmann-deilmann.com\/de\/wiedereintritt-in-den-ivg\/\" \/>\n<meta property=\"og:site_name\" content=\"Klasmann-Deilmann\" \/>\n<meta property=\"article:published_time\" content=\"2023-02-02T07:02:30+00:00\" \/>\n<meta property=\"article:modified_time\" content=\"2023-04-12T12:20:27+00:00\" \/>\n<meta name=\"author\" content=\"Dirk R\u00f6se\" \/>\n<meta name=\"twitter:card\" content=\"summary_large_image\" \/>\n<meta name=\"twitter:label1\" content=\"Verfasst von\" \/>\n\t<meta name=\"twitter:data1\" content=\"Dirk R\u00f6se\" \/>\n\t<meta name=\"twitter:label2\" content=\"Gesch\u00e4tzte Lesezeit\" \/>\n\t<meta name=\"twitter:data2\" content=\"1\u00a0Minute\" \/>\n<script type=\"application\/ld+json\" class=\"yoast-schema-graph\">{\"@context\":\"https:\\\/\\\/schema.org\",\"@graph\":[{\"@type\":\"Article\",\"@id\":\"https:\\\/\\\/klasmann-deilmann.com\\\/de\\\/wiedereintritt-in-den-ivg\\\/#article\",\"isPartOf\":{\"@id\":\"https:\\\/\\\/klasmann-deilmann.com\\\/de\\\/wiedereintritt-in-den-ivg\\\/\"},\"author\":{\"name\":\"Dirk R\u00f6se\",\"@id\":\"https:\\\/\\\/klasmann-deilmann.com\\\/en\\\/#\\\/schema\\\/person\\\/2502425feab4548f9995e2f1fa23fb3d\"},\"headline\":\"Wiedereintritt in den IVG\",\"datePublished\":\"2023-02-02T07:02:30+00:00\",\"dateModified\":\"2023-04-12T12:20:27+00:00\",\"mainEntityOfPage\":{\"@id\":\"https:\\\/\\\/klasmann-deilmann.com\\\/de\\\/wiedereintritt-in-den-ivg\\\/\"},\"wordCount\":214,\"commentCount\":0,\"articleSection\":[\"Unternehmen\"],\"inLanguage\":\"de\",\"potentialAction\":[{\"@type\":\"CommentAction\",\"name\":\"Comment\",\"target\":[\"https:\\\/\\\/klasmann-deilmann.com\\\/de\\\/wiedereintritt-in-den-ivg\\\/#respond\"]}]},{\"@type\":\"WebPage\",\"@id\":\"https:\\\/\\\/klasmann-deilmann.com\\\/de\\\/wiedereintritt-in-den-ivg\\\/\",\"url\":\"https:\\\/\\\/klasmann-deilmann.com\\\/de\\\/wiedereintritt-in-den-ivg\\\/\",\"name\":\"Wiedereintritt in den IVG - Klasmann-Deilmann\",\"isPartOf\":{\"@id\":\"https:\\\/\\\/klasmann-deilmann.com\\\/en\\\/#website\"},\"datePublished\":\"2023-02-02T07:02:30+00:00\",\"dateModified\":\"2023-04-12T12:20:27+00:00\",\"author\":{\"@id\":\"https:\\\/\\\/klasmann-deilmann.com\\\/en\\\/#\\\/schema\\\/person\\\/2502425feab4548f9995e2f1fa23fb3d\"},\"breadcrumb\":{\"@id\":\"https:\\\/\\\/klasmann-deilmann.com\\\/de\\\/wiedereintritt-in-den-ivg\\\/#breadcrumb\"},\"inLanguage\":\"de\",\"potentialAction\":[{\"@type\":\"ReadAction\",\"target\":[\"https:\\\/\\\/klasmann-deilmann.com\\\/de\\\/wiedereintritt-in-den-ivg\\\/\"]}]},{\"@type\":\"BreadcrumbList\",\"@id\":\"https:\\\/\\\/klasmann-deilmann.com\\\/de\\\/wiedereintritt-in-den-ivg\\\/#breadcrumb\",\"itemListElement\":[{\"@type\":\"ListItem\",\"position\":1,\"name\":\"Home\",\"item\":\"https:\\\/\\\/klasmann-deilmann.com\\\/de\\\/\"},{\"@type\":\"ListItem\",\"position\":2,\"name\":\"Wiedereintritt in den IVG\"}]},{\"@type\":\"WebSite\",\"@id\":\"https:\\\/\\\/klasmann-deilmann.com\\\/en\\\/#website\",\"url\":\"https:\\\/\\\/klasmann-deilmann.com\\\/en\\\/\",\"name\":\"Klasmann-Deilmann\",\"description\":\"\",\"potentialAction\":[{\"@type\":\"SearchAction\",\"target\":{\"@type\":\"EntryPoint\",\"urlTemplate\":\"https:\\\/\\\/klasmann-deilmann.com\\\/en\\\/?s={search_term_string}\"},\"query-input\":{\"@type\":\"PropertyValueSpecification\",\"valueRequired\":true,\"valueName\":\"search_term_string\"}}],\"inLanguage\":\"de\"},{\"@type\":\"Person\",\"@id\":\"https:\\\/\\\/klasmann-deilmann.com\\\/en\\\/#\\\/schema\\\/person\\\/2502425feab4548f9995e2f1fa23fb3d\",\"name\":\"Dirk R\u00f6se\",\"image\":{\"@type\":\"ImageObject\",\"inLanguage\":\"de\",\"@id\":\"https:\\\/\\\/secure.gravatar.com\\\/avatar\\\/850ab4c80e0a5eca25933f2ee062a09ec1d50f1fa10d0057f65f04b9827f102f?s=96&d=mm&r=g\",\"url\":\"https:\\\/\\\/secure.gravatar.com\\\/avatar\\\/850ab4c80e0a5eca25933f2ee062a09ec1d50f1fa10d0057f65f04b9827f102f?s=96&d=mm&r=g\",\"contentUrl\":\"https:\\\/\\\/secure.gravatar.com\\\/avatar\\\/850ab4c80e0a5eca25933f2ee062a09ec1d50f1fa10d0057f65f04b9827f102f?s=96&d=mm&r=g\",\"caption\":\"Dirk R\u00f6se\"},\"sameAs\":[\"http:\\\/\\\/klasmann-deilmann.com\"],\"url\":\"https:\\\/\\\/klasmann-deilmann.com\\\/de\\\/author\\\/dirk-roese\\\/\"}]}<\/script>\n<!-- \/ Yoast SEO plugin. -->","yoast_head_json":{"title":"Wiedereintritt in den IVG - Klasmann-Deilmann","robots":{"index":"index","follow":"follow","max-snippet":"max-snippet:-1","max-image-preview":"max-image-preview:large","max-video-preview":"max-video-preview:-1"},"canonical":"https:\/\/klasmann-deilmann.com\/de\/wiedereintritt-in-den-ivg\/","og_locale":"de_DE","og_type":"article","og_title":"Wiedereintritt in den IVG - Klasmann-Deilmann","og_description":"Gemeinsame Arbeit im Verband Seit dem 1. Januar 2023 ist Klasmann-Deilmann wieder Mitglied im Industrieverband Garten e.V. (IVG). Gemeinsam mit anderen Unternehmen werden wir uns f\u00fcr die Interessen unserer Branche einsetzen und wichtige Kompetenzen b\u00fcndeln. Dirk R\u00f6se (Head of Corporate Communications) berichtet: \u201eIn den vergangenen Jahren konnten wir Klasmann-Deilmann bei verschiedenen Veranstaltungen als wichtigen und kompetenten Gespr\u00e4chspartner positionieren. Da aber der politische Druck auf unsere Branche vor allem aus Berlin zunimmt und nach Br\u00fcssel ausstrahlt, sollten die deutschen Substratproduzenten mit","og_url":"https:\/\/klasmann-deilmann.com\/de\/wiedereintritt-in-den-ivg\/","og_site_name":"Klasmann-Deilmann","article_published_time":"2023-02-02T07:02:30+00:00","article_modified_time":"2023-04-12T12:20:27+00:00","author":"Dirk R\u00f6se","twitter_card":"summary_large_image","twitter_misc":{"Verfasst von":"Dirk R\u00f6se","Gesch\u00e4tzte Lesezeit":"1\u00a0Minute"},"schema":{"@context":"https:\/\/schema.org","@graph":[{"@type":"Article","@id":"https:\/\/klasmann-deilmann.com\/de\/wiedereintritt-in-den-ivg\/#article","isPartOf":{"@id":"https:\/\/klasmann-deilmann.com\/de\/wiedereintritt-in-den-ivg\/"},"author":{"name":"Dirk R\u00f6se","@id":"https:\/\/klasmann-deilmann.com\/en\/#\/schema\/person\/2502425feab4548f9995e2f1fa23fb3d"},"headline":"Wiedereintritt in den IVG","datePublished":"2023-02-02T07:02:30+00:00","dateModified":"2023-04-12T12:20:27+00:00","mainEntityOfPage":{"@id":"https:\/\/klasmann-deilmann.com\/de\/wiedereintritt-in-den-ivg\/"},"wordCount":214,"commentCount":0,"articleSection":["Unternehmen"],"inLanguage":"de","potentialAction":[{"@type":"CommentAction","name":"Comment","target":["https:\/\/klasmann-deilmann.com\/de\/wiedereintritt-in-den-ivg\/#respond"]}]},{"@type":"WebPage","@id":"https:\/\/klasmann-deilmann.com\/de\/wiedereintritt-in-den-ivg\/","url":"https:\/\/klasmann-deilmann.com\/de\/wiedereintritt-in-den-ivg\/","name":"Wiedereintritt in den IVG - Klasmann-Deilmann","isPartOf":{"@id":"https:\/\/klasmann-deilmann.com\/en\/#website"},"datePublished":"2023-02-02T07:02:30+00:00","dateModified":"2023-04-12T12:20:27+00:00","author":{"@id":"https:\/\/klasmann-deilmann.com\/en\/#\/schema\/person\/2502425feab4548f9995e2f1fa23fb3d"},"breadcrumb":{"@id":"https:\/\/klasmann-deilmann.com\/de\/wiedereintritt-in-den-ivg\/#breadcrumb"},"inLanguage":"de","potentialAction":[{"@type":"ReadAction","target":["https:\/\/klasmann-deilmann.com\/de\/wiedereintritt-in-den-ivg\/"]}]},{"@type":"BreadcrumbList","@id":"https:\/\/klasmann-deilmann.com\/de\/wiedereintritt-in-den-ivg\/#breadcrumb","itemListElement":[{"@type":"ListItem","position":1,"name":"Home","item":"https:\/\/klasmann-deilmann.com\/de\/"},{"@type":"ListItem","position":2,"name":"Wiedereintritt in den IVG"}]},{"@type":"WebSite","@id":"https:\/\/klasmann-deilmann.com\/en\/#website","url":"https:\/\/klasmann-deilmann.com\/en\/","name":"Klasmann-Deilmann","description":"","potentialAction":[{"@type":"SearchAction","target":{"@type":"EntryPoint","urlTemplate":"https:\/\/klasmann-deilmann.com\/en\/?s={search_term_string}"},"query-input":{"@type":"PropertyValueSpecification","valueRequired":true,"valueName":"search_term_string"}}],"inLanguage":"de"},{"@type":"Person","@id":"https:\/\/klasmann-deilmann.com\/en\/#\/schema\/person\/2502425feab4548f9995e2f1fa23fb3d","name":"Dirk R\u00f6se","image":{"@type":"ImageObject","inLanguage":"de","@id":"https:\/\/secure.gravatar.com\/avatar\/850ab4c80e0a5eca25933f2ee062a09ec1d50f1fa10d0057f65f04b9827f102f?s=96&d=mm&r=g","url":"https:\/\/secure.gravatar.com\/avatar\/850ab4c80e0a5eca25933f2ee062a09ec1d50f1fa10d0057f65f04b9827f102f?s=96&d=mm&r=g","contentUrl":"https:\/\/secure.gravatar.com\/avatar\/850ab4c80e0a5eca25933f2ee062a09ec1d50f1fa10d0057f65f04b9827f102f?s=96&d=mm&r=g","caption":"Dirk R\u00f6se"},"sameAs":["http:\/\/klasmann-deilmann.com"],"url":"https:\/\/klasmann-deilmann.com\/de\/author\/dirk-roese\/"}]}},"_links":{"self":[{"href":"https:\/\/klasmann-deilmann.com\/de\/wp-json\/wp\/v2\/posts\/57314","targetHints":{"allow":["GET"]}}],"collection":[{"href":"https:\/\/klasmann-deilmann.com\/de\/wp-json\/wp\/v2\/posts"}],"about":[{"href":"https:\/\/klasmann-deilmann.com\/de\/wp-json\/wp\/v2\/types\/post"}],"author":[{"embeddable":true,"href":"https:\/\/klasmann-deilmann.com\/de\/wp-json\/wp\/v2\/users\/8"}],"replies":[{"embeddable":true,"href":"https:\/\/klasmann-deilmann.com\/de\/wp-json\/wp\/v2\/comments?post=57314"}],"version-history":[{"count":1,"href":"https:\/\/klasmann-deilmann.com\/de\/wp-json\/wp\/v2\/posts\/57314\/revisions"}],"predecessor-version":[{"id":57325,"href":"https:\/\/klasmann-deilmann.com\/de\/wp-json\/wp\/v2\/posts\/57314\/revisions\/57325"}],"wp:attachment":[{"href":"https:\/\/klasmann-deilmann.com\/de\/wp-json\/wp\/v2\/media?parent=57314"}],"wp:term":[{"taxonomy":"category","embeddable":true,"href":"https:\/\/klasmann-deilmann.com\/de\/wp-json\/wp\/v2\/categories?post=57314"},{"taxonomy":"post_tag","embeddable":true,"href":"https:\/\/klasmann-deilmann.com\/de\/wp-json\/wp\/v2\/tags?post=57314"}],"curies":[{"name":"wp","href":"https:\/\/api.w.org\/{rel}","templated":true}]}}