{"id":5700,"date":"2017-08-17T07:55:28","date_gmt":"2017-08-17T05:55:28","guid":{"rendered":"\/\/klasmann-deilmann.com\/?p=5700\/"},"modified":"2024-10-09T11:11:55","modified_gmt":"2024-10-09T09:11:55","slug":"familie-und-beruf","status":"publish","type":"post","link":"https:\/\/klasmann-deilmann.com\/de\/familie-und-beruf\/","title":{"rendered":"Familie und Beruf"},"content":{"rendered":"<h2><strong>Angebot f\u00fcr berufst\u00e4tige Eltern<\/strong><\/h2>\n<p><strong>Die Vereinbarkeit von Familie und Beruf spielt eine immer gr\u00f6\u00dfere Rolle. Da in vielen F\u00e4llen beide Elternteile berufst\u00e4tig sind, kommt es verst\u00e4rkt darauf an, den Alltag gut zu organisieren. Wenn es trotzdem mal eng wird, ist Unterst\u00fctzung vom Arbeitgeber hilfreich. Bei Klasmann-Deilmann gibt es jetzt ein neues Angebot: eine Notfallbetreuung f\u00fcr Kinder. Unsere Personalreferentin Ilka Krane hat uns im Interview erz\u00e4hlt, was es mit diesem Angebot auf sich hat.<\/strong><\/p>\n<p><em><strong>Eine Notfallbetreuung f\u00fcr Kinder\u00a0\u2011 was muss man darunter verstehen?<\/strong><\/em><\/p>\n<p>Stellen Sie sich folgende Situation vor: Die Tagesmutter meldet sich krank, der Partner ist auf Dienstreise und Sie haben einen wichtigen Termin auf der Arbeit, der sich nicht verschieben l\u00e4sst. Hier springt die Notfallbetreuung der Ems-Achse ein. Sie stellt den Kontakt zu einer Tagesmutter her, die spontan einspringt, wenn die regul\u00e4re Kinderbetreuung ausf\u00e4llt.<\/p>\n<p>Da Klasmann-Deilmann Mitglied der <a href=\"http:\/\/www.emsachse.de\/projekte\/fachkraefteinitiative\/notfallbetreuung.html\">Ems-Achse<\/a> ist, haben wir eine Vereinbarung getroffen, dass wir unseren Mitarbeiterinnen und Mitarbeitern im Emsland diesen Service kostenfrei anbieten k\u00f6nnen.<\/p>\n<p><strong><em>Wie ist der Ablauf in so einem Notfall?\u00a0\u00a0\u00a0\u00a0\u00a0\u00a0\u00a0\u00a0\u00a0\u00a0<\/em>\u00a0\u00a0\u00a0\u00a0\u00a0\u00a0\u00a0\u00a0\u00a0\u00a0\u00a0\u00a0\u00a0\u00a0\u00a0\u00a0\u00a0\u00a0\u00a0\u00a0\u00a0\u00a0\u00a0\u00a0 <\/strong><\/p>\n<p>Bei einem Betreuungsproblem wendet sich der Vater oder die Mutter an mich oder meine Kollegen im Personalbereich. Ich melde der Koordinationsstelle der Tagesm\u00fctter den Bedarf. Die Tagesmutter nimmt dann direkten Kontakt mit dem Mitarbeiter oder der Mitarbeiterin auf, um die Eckdaten aufzunehmen. Beispielsweise wann genau die Betreuung ben\u00f6tigt wird und an welchem Ort, ob das Kind zu Hause betreut werden kann oder in B\u00fcror\u00e4umlichkeiten, w\u00e4hrend der oder die Betroffene einen Termin wahrnimmt.<\/p>\n<p><em><strong>Das Thema Beruf und Familie ist Ihnen offenbar ein wichtiges Anliegen.<\/strong><\/em><\/p>\n<p>Da ich selbst zwei Kinder im Alter von 2 und 4 Jahren habe, wei\u00df ich, wie wichtig ein gutes Betreuungsnetzwerk ist. Auch wenn die Arbeitswoche und der Familienalltag perfekt organisiert sind, kommt es immer wieder zu Engp\u00e4ssen, wenn etwas anders kommt als geplant. Das wird jeder best\u00e4tigen k\u00f6nnen, der Kinder hat.<\/p>\n<p><img loading=\"lazy\" decoding=\"async\" class=\" wp-image-5701 alignright\" src=\"\/\/klasmann-deilmann.com\/wp-content\/uploads\/2017-08-16-BB-Familie-und-Beruf_Notfallbetreuung-Interview-Portr\u00e4t-Krane-797x1024.jpg\" alt=\"\" width=\"274\" height=\"352\" srcset=\"https:\/\/klasmann-deilmann.com\/wp-content\/uploads\/2017-08-16-BB-Familie-und-Beruf_Notfallbetreuung-Interview-Portr\u00e4t-Krane-797x1024.jpg 797w, https:\/\/klasmann-deilmann.com\/wp-content\/uploads\/2017-08-16-BB-Familie-und-Beruf_Notfallbetreuung-Interview-Portr\u00e4t-Krane-233x300.jpg 233w, https:\/\/klasmann-deilmann.com\/wp-content\/uploads\/2017-08-16-BB-Familie-und-Beruf_Notfallbetreuung-Interview-Portr\u00e4t-Krane-768x987.jpg 768w, https:\/\/klasmann-deilmann.com\/wp-content\/uploads\/2017-08-16-BB-Familie-und-Beruf_Notfallbetreuung-Interview-Portr\u00e4t-Krane-467x600.jpg 467w, https:\/\/klasmann-deilmann.com\/wp-content\/uploads\/2017-08-16-BB-Familie-und-Beruf_Notfallbetreuung-Interview-Portr\u00e4t-Krane-97x125.jpg 97w, https:\/\/klasmann-deilmann.com\/wp-content\/uploads\/2017-08-16-BB-Familie-und-Beruf_Notfallbetreuung-Interview-Portr\u00e4t-Krane.jpg 1838w\" sizes=\"auto, (max-width: 274px) 100vw, 274px\" \/>Aus meiner Sicht gibt es zwei wesentliche Faktoren, die die Vereinbarkeit von Beruf und Familie erleichtern. Erstens ist es hilfreich, wenn die Kinderbetreuung als partnerschaftliche Aufgabe von Mutter und Vater gelebt wird. Bei einem gleichberechtigten Rollenbild k\u00f6nnen sich beide Elternteile engagiert im Beruf einbringen und Zeit mit der Familie verbringen. Und zweitens ist es wichtig, dass der Arbeitgeber die Mitarbeiter in der Vereinbarkeit unterst\u00fctzt. Das f\u00e4ngt bei flexiblen Arbeitskonzepten an, geht \u00fcber die Vermittlung von Kita-Pl\u00e4tzen bis hin zu einem F\u00fchrungsverst\u00e4ndnis, das sich an Leistung und weniger an Pr\u00e4senzzeit orientiert.<\/p>\n<p><em><strong>Sehen Sie noch weiteren Bedarf bei der Vereinbarkeit von Familie und Beruf, wo Mitarbeiter unterst\u00fctzt werden k\u00f6nnen?<\/strong><\/em><\/p>\n<p>Als familienfreundlich zertifiziertes Unternehmen ist es uns ein Anliegen, unsere Mitarbeiter und Mitarbeiterinnen so zu unterst\u00fctzen, dass sie den Spagat zwischen Familie und Beruf gut hinbekommen.<\/p>\n<p>Und es geht nicht nur um die Betreuung von Kindern. F\u00fcr viele wird auch die Pflege von Angeh\u00f6rigen wie Eltern oder Schwiegereltern irgendwann zum Thema. Auch da wollen wir individuelle L\u00f6sungen anbieten, wenn jemand betroffen ist.<\/p>\n<p><em><strong>Wie geht es weiter mit der Vereinbarkeit von Familie und Beruf?<\/strong><\/em><\/p>\n<p>Wir sind zun\u00e4chst an Feedback interessiert: Wie gelingt V\u00e4tern und M\u00fcttern die Vereinbarkeit? Woran hakt es im Alltag zwischen Familie und Job immer wieder? Wie kann Klasmann-Deilmann besser unterst\u00fctzen? Wir haben daf\u00fcr ein offenes Ohr und freuen uns \u00fcber Anregungen.<\/p>\n<p><img loading=\"lazy\" decoding=\"async\" class=\" wp-image-5702 alignleft\" src=\"\/\/klasmann-deilmann.com\/wp-content\/uploads\/2017-08-16-BB-Familie-und-Beruf_Notfallbetreuung-Interview-Szene-Klinke-Ausschnitt-1024x805.jpg\" alt=\"\" width=\"623\" height=\"490\" srcset=\"https:\/\/klasmann-deilmann.com\/wp-content\/uploads\/2017-08-16-BB-Familie-und-Beruf_Notfallbetreuung-Interview-Szene-Klinke-Ausschnitt-1024x805.jpg 1024w, https:\/\/klasmann-deilmann.com\/wp-content\/uploads\/2017-08-16-BB-Familie-und-Beruf_Notfallbetreuung-Interview-Szene-Klinke-Ausschnitt-300x236.jpg 300w, https:\/\/klasmann-deilmann.com\/wp-content\/uploads\/2017-08-16-BB-Familie-und-Beruf_Notfallbetreuung-Interview-Szene-Klinke-Ausschnitt-768x604.jpg 768w, https:\/\/klasmann-deilmann.com\/wp-content\/uploads\/2017-08-16-BB-Familie-und-Beruf_Notfallbetreuung-Interview-Szene-Klinke-Ausschnitt-600x472.jpg 600w, https:\/\/klasmann-deilmann.com\/wp-content\/uploads\/2017-08-16-BB-Familie-und-Beruf_Notfallbetreuung-Interview-Szene-Klinke-Ausschnitt-125x98.jpg 125w, https:\/\/klasmann-deilmann.com\/wp-content\/uploads\/2017-08-16-BB-Familie-und-Beruf_Notfallbetreuung-Interview-Szene-Klinke-Ausschnitt.jpg 1610w\" sizes=\"auto, (max-width: 623px) 100vw, 623px\" \/><\/p>\n","protected":false},"excerpt":{"rendered":"<p>Angebot f\u00fcr berufst\u00e4tige Eltern Die Vereinbarkeit von Familie und Beruf spielt eine immer gr\u00f6\u00dfere Rolle. Da in vielen F\u00e4llen beide Elternteile berufst\u00e4tig sind, kommt es verst\u00e4rkt darauf an, den Alltag gut zu organisieren. Wenn es trotzdem mal eng wird, ist Unterst\u00fctzung vom Arbeitgeber hilfreich. Bei Klasmann-Deilmann gibt es jetzt ein neues Angebot: eine Notfallbetreuung f\u00fcr Kinder. Unsere Personalreferentin Ilka Krane hat uns im Interview erz\u00e4hlt, was es mit diesem Angebot auf sich hat. Eine Notfallbetreuung f\u00fcr Kinder\u00a0\u2011 was muss man<\/p>\n","protected":false},"author":8,"featured_media":0,"comment_status":"open","ping_status":"closed","sticky":false,"template":"","format":"standard","meta":{"_acf_changed":false,"inline_featured_image":false,"footnotes":""},"categories":[137],"tags":[],"class_list":["post-5700","post","type-post","status-publish","format-standard","hentry","category-karriere"],"acf":[],"yoast_head":"<!-- This site is optimized with the Yoast SEO plugin v27.5 - https:\/\/yoast.com\/product\/yoast-seo-wordpress\/ -->\n<title>Familie und Beruf - Klasmann-Deilmann<\/title>\n<meta name=\"robots\" content=\"index, follow, max-snippet:-1, max-image-preview:large, max-video-preview:-1\" \/>\n<link rel=\"canonical\" href=\"https:\/\/klasmann-deilmann.com\/de\/familie-und-beruf\/\" \/>\n<meta property=\"og:locale\" content=\"de_DE\" \/>\n<meta property=\"og:type\" content=\"article\" \/>\n<meta property=\"og:title\" content=\"Familie und Beruf - Klasmann-Deilmann\" \/>\n<meta property=\"og:description\" content=\"Angebot f\u00fcr berufst\u00e4tige Eltern Die Vereinbarkeit von Familie und Beruf spielt eine immer gr\u00f6\u00dfere Rolle. Da in vielen F\u00e4llen beide Elternteile berufst\u00e4tig sind, kommt es verst\u00e4rkt darauf an, den Alltag gut zu organisieren. Wenn es trotzdem mal eng wird, ist Unterst\u00fctzung vom Arbeitgeber hilfreich. Bei Klasmann-Deilmann gibt es jetzt ein neues Angebot: eine Notfallbetreuung f\u00fcr Kinder. Unsere Personalreferentin Ilka Krane hat uns im Interview erz\u00e4hlt, was es mit diesem Angebot auf sich hat. Eine Notfallbetreuung f\u00fcr Kinder\u00a0\u2011 was muss man\" \/>\n<meta property=\"og:url\" content=\"https:\/\/klasmann-deilmann.com\/de\/familie-und-beruf\/\" \/>\n<meta property=\"og:site_name\" content=\"Klasmann-Deilmann\" \/>\n<meta property=\"article:published_time\" content=\"2017-08-17T05:55:28+00:00\" \/>\n<meta property=\"article:modified_time\" content=\"2024-10-09T09:11:55+00:00\" \/>\n<meta name=\"author\" content=\"Dirk R\u00f6se\" \/>\n<meta name=\"twitter:card\" content=\"summary_large_image\" \/>\n<meta name=\"twitter:label1\" content=\"Verfasst von\" \/>\n\t<meta name=\"twitter:data1\" content=\"Dirk R\u00f6se\" \/>\n\t<meta name=\"twitter:label2\" content=\"Gesch\u00e4tzte Lesezeit\" \/>\n\t<meta name=\"twitter:data2\" content=\"3\u00a0Minuten\" \/>\n<script type=\"application\/ld+json\" class=\"yoast-schema-graph\">{\"@context\":\"https:\\\/\\\/schema.org\",\"@graph\":[{\"@type\":\"Article\",\"@id\":\"https:\\\/\\\/klasmann-deilmann.com\\\/de\\\/familie-und-beruf\\\/#article\",\"isPartOf\":{\"@id\":\"https:\\\/\\\/klasmann-deilmann.com\\\/de\\\/familie-und-beruf\\\/\"},\"author\":{\"name\":\"Dirk R\u00f6se\",\"@id\":\"https:\\\/\\\/klasmann-deilmann.com\\\/en\\\/#\\\/schema\\\/person\\\/2502425feab4548f9995e2f1fa23fb3d\"},\"headline\":\"Familie und Beruf\",\"datePublished\":\"2017-08-17T05:55:28+00:00\",\"dateModified\":\"2024-10-09T09:11:55+00:00\",\"mainEntityOfPage\":{\"@id\":\"https:\\\/\\\/klasmann-deilmann.com\\\/de\\\/familie-und-beruf\\\/\"},\"wordCount\":562,\"commentCount\":0,\"articleSection\":[\"Karriere\"],\"inLanguage\":\"de\",\"potentialAction\":[{\"@type\":\"CommentAction\",\"name\":\"Comment\",\"target\":[\"https:\\\/\\\/klasmann-deilmann.com\\\/de\\\/familie-und-beruf\\\/#respond\"]}]},{\"@type\":\"WebPage\",\"@id\":\"https:\\\/\\\/klasmann-deilmann.com\\\/de\\\/familie-und-beruf\\\/\",\"url\":\"https:\\\/\\\/klasmann-deilmann.com\\\/de\\\/familie-und-beruf\\\/\",\"name\":\"Familie und Beruf - Klasmann-Deilmann\",\"isPartOf\":{\"@id\":\"https:\\\/\\\/klasmann-deilmann.com\\\/en\\\/#website\"},\"datePublished\":\"2017-08-17T05:55:28+00:00\",\"dateModified\":\"2024-10-09T09:11:55+00:00\",\"author\":{\"@id\":\"https:\\\/\\\/klasmann-deilmann.com\\\/en\\\/#\\\/schema\\\/person\\\/2502425feab4548f9995e2f1fa23fb3d\"},\"breadcrumb\":{\"@id\":\"https:\\\/\\\/klasmann-deilmann.com\\\/de\\\/familie-und-beruf\\\/#breadcrumb\"},\"inLanguage\":\"de\",\"potentialAction\":[{\"@type\":\"ReadAction\",\"target\":[\"https:\\\/\\\/klasmann-deilmann.com\\\/de\\\/familie-und-beruf\\\/\"]}]},{\"@type\":\"BreadcrumbList\",\"@id\":\"https:\\\/\\\/klasmann-deilmann.com\\\/de\\\/familie-und-beruf\\\/#breadcrumb\",\"itemListElement\":[{\"@type\":\"ListItem\",\"position\":1,\"name\":\"Home\",\"item\":\"https:\\\/\\\/klasmann-deilmann.com\\\/de\\\/\"},{\"@type\":\"ListItem\",\"position\":2,\"name\":\"Familie und Beruf\"}]},{\"@type\":\"WebSite\",\"@id\":\"https:\\\/\\\/klasmann-deilmann.com\\\/en\\\/#website\",\"url\":\"https:\\\/\\\/klasmann-deilmann.com\\\/en\\\/\",\"name\":\"Klasmann-Deilmann\",\"description\":\"\",\"potentialAction\":[{\"@type\":\"SearchAction\",\"target\":{\"@type\":\"EntryPoint\",\"urlTemplate\":\"https:\\\/\\\/klasmann-deilmann.com\\\/en\\\/?s={search_term_string}\"},\"query-input\":{\"@type\":\"PropertyValueSpecification\",\"valueRequired\":true,\"valueName\":\"search_term_string\"}}],\"inLanguage\":\"de\"},{\"@type\":\"Person\",\"@id\":\"https:\\\/\\\/klasmann-deilmann.com\\\/en\\\/#\\\/schema\\\/person\\\/2502425feab4548f9995e2f1fa23fb3d\",\"name\":\"Dirk R\u00f6se\",\"image\":{\"@type\":\"ImageObject\",\"inLanguage\":\"de\",\"@id\":\"https:\\\/\\\/secure.gravatar.com\\\/avatar\\\/850ab4c80e0a5eca25933f2ee062a09ec1d50f1fa10d0057f65f04b9827f102f?s=96&d=mm&r=g\",\"url\":\"https:\\\/\\\/secure.gravatar.com\\\/avatar\\\/850ab4c80e0a5eca25933f2ee062a09ec1d50f1fa10d0057f65f04b9827f102f?s=96&d=mm&r=g\",\"contentUrl\":\"https:\\\/\\\/secure.gravatar.com\\\/avatar\\\/850ab4c80e0a5eca25933f2ee062a09ec1d50f1fa10d0057f65f04b9827f102f?s=96&d=mm&r=g\",\"caption\":\"Dirk R\u00f6se\"},\"sameAs\":[\"http:\\\/\\\/klasmann-deilmann.com\"],\"url\":\"https:\\\/\\\/klasmann-deilmann.com\\\/de\\\/author\\\/dirk-roese\\\/\"}]}<\/script>\n<!-- \/ Yoast SEO plugin. -->","yoast_head_json":{"title":"Familie und Beruf - Klasmann-Deilmann","robots":{"index":"index","follow":"follow","max-snippet":"max-snippet:-1","max-image-preview":"max-image-preview:large","max-video-preview":"max-video-preview:-1"},"canonical":"https:\/\/klasmann-deilmann.com\/de\/familie-und-beruf\/","og_locale":"de_DE","og_type":"article","og_title":"Familie und Beruf - Klasmann-Deilmann","og_description":"Angebot f\u00fcr berufst\u00e4tige Eltern Die Vereinbarkeit von Familie und Beruf spielt eine immer gr\u00f6\u00dfere Rolle. Da in vielen F\u00e4llen beide Elternteile berufst\u00e4tig sind, kommt es verst\u00e4rkt darauf an, den Alltag gut zu organisieren. Wenn es trotzdem mal eng wird, ist Unterst\u00fctzung vom Arbeitgeber hilfreich. Bei Klasmann-Deilmann gibt es jetzt ein neues Angebot: eine Notfallbetreuung f\u00fcr Kinder. Unsere Personalreferentin Ilka Krane hat uns im Interview erz\u00e4hlt, was es mit diesem Angebot auf sich hat. Eine Notfallbetreuung f\u00fcr Kinder\u00a0\u2011 was muss man","og_url":"https:\/\/klasmann-deilmann.com\/de\/familie-und-beruf\/","og_site_name":"Klasmann-Deilmann","article_published_time":"2017-08-17T05:55:28+00:00","article_modified_time":"2024-10-09T09:11:55+00:00","author":"Dirk R\u00f6se","twitter_card":"summary_large_image","twitter_misc":{"Verfasst von":"Dirk R\u00f6se","Gesch\u00e4tzte Lesezeit":"3\u00a0Minuten"},"schema":{"@context":"https:\/\/schema.org","@graph":[{"@type":"Article","@id":"https:\/\/klasmann-deilmann.com\/de\/familie-und-beruf\/#article","isPartOf":{"@id":"https:\/\/klasmann-deilmann.com\/de\/familie-und-beruf\/"},"author":{"name":"Dirk R\u00f6se","@id":"https:\/\/klasmann-deilmann.com\/en\/#\/schema\/person\/2502425feab4548f9995e2f1fa23fb3d"},"headline":"Familie und Beruf","datePublished":"2017-08-17T05:55:28+00:00","dateModified":"2024-10-09T09:11:55+00:00","mainEntityOfPage":{"@id":"https:\/\/klasmann-deilmann.com\/de\/familie-und-beruf\/"},"wordCount":562,"commentCount":0,"articleSection":["Karriere"],"inLanguage":"de","potentialAction":[{"@type":"CommentAction","name":"Comment","target":["https:\/\/klasmann-deilmann.com\/de\/familie-und-beruf\/#respond"]}]},{"@type":"WebPage","@id":"https:\/\/klasmann-deilmann.com\/de\/familie-und-beruf\/","url":"https:\/\/klasmann-deilmann.com\/de\/familie-und-beruf\/","name":"Familie und Beruf - Klasmann-Deilmann","isPartOf":{"@id":"https:\/\/klasmann-deilmann.com\/en\/#website"},"datePublished":"2017-08-17T05:55:28+00:00","dateModified":"2024-10-09T09:11:55+00:00","author":{"@id":"https:\/\/klasmann-deilmann.com\/en\/#\/schema\/person\/2502425feab4548f9995e2f1fa23fb3d"},"breadcrumb":{"@id":"https:\/\/klasmann-deilmann.com\/de\/familie-und-beruf\/#breadcrumb"},"inLanguage":"de","potentialAction":[{"@type":"ReadAction","target":["https:\/\/klasmann-deilmann.com\/de\/familie-und-beruf\/"]}]},{"@type":"BreadcrumbList","@id":"https:\/\/klasmann-deilmann.com\/de\/familie-und-beruf\/#breadcrumb","itemListElement":[{"@type":"ListItem","position":1,"name":"Home","item":"https:\/\/klasmann-deilmann.com\/de\/"},{"@type":"ListItem","position":2,"name":"Familie und Beruf"}]},{"@type":"WebSite","@id":"https:\/\/klasmann-deilmann.com\/en\/#website","url":"https:\/\/klasmann-deilmann.com\/en\/","name":"Klasmann-Deilmann","description":"","potentialAction":[{"@type":"SearchAction","target":{"@type":"EntryPoint","urlTemplate":"https:\/\/klasmann-deilmann.com\/en\/?s={search_term_string}"},"query-input":{"@type":"PropertyValueSpecification","valueRequired":true,"valueName":"search_term_string"}}],"inLanguage":"de"},{"@type":"Person","@id":"https:\/\/klasmann-deilmann.com\/en\/#\/schema\/person\/2502425feab4548f9995e2f1fa23fb3d","name":"Dirk R\u00f6se","image":{"@type":"ImageObject","inLanguage":"de","@id":"https:\/\/secure.gravatar.com\/avatar\/850ab4c80e0a5eca25933f2ee062a09ec1d50f1fa10d0057f65f04b9827f102f?s=96&d=mm&r=g","url":"https:\/\/secure.gravatar.com\/avatar\/850ab4c80e0a5eca25933f2ee062a09ec1d50f1fa10d0057f65f04b9827f102f?s=96&d=mm&r=g","contentUrl":"https:\/\/secure.gravatar.com\/avatar\/850ab4c80e0a5eca25933f2ee062a09ec1d50f1fa10d0057f65f04b9827f102f?s=96&d=mm&r=g","caption":"Dirk R\u00f6se"},"sameAs":["http:\/\/klasmann-deilmann.com"],"url":"https:\/\/klasmann-deilmann.com\/de\/author\/dirk-roese\/"}]}},"_links":{"self":[{"href":"https:\/\/klasmann-deilmann.com\/de\/wp-json\/wp\/v2\/posts\/5700","targetHints":{"allow":["GET"]}}],"collection":[{"href":"https:\/\/klasmann-deilmann.com\/de\/wp-json\/wp\/v2\/posts"}],"about":[{"href":"https:\/\/klasmann-deilmann.com\/de\/wp-json\/wp\/v2\/types\/post"}],"author":[{"embeddable":true,"href":"https:\/\/klasmann-deilmann.com\/de\/wp-json\/wp\/v2\/users\/8"}],"replies":[{"embeddable":true,"href":"https:\/\/klasmann-deilmann.com\/de\/wp-json\/wp\/v2\/comments?post=5700"}],"version-history":[{"count":5,"href":"https:\/\/klasmann-deilmann.com\/de\/wp-json\/wp\/v2\/posts\/5700\/revisions"}],"predecessor-version":[{"id":87212,"href":"https:\/\/klasmann-deilmann.com\/de\/wp-json\/wp\/v2\/posts\/5700\/revisions\/87212"}],"wp:attachment":[{"href":"https:\/\/klasmann-deilmann.com\/de\/wp-json\/wp\/v2\/media?parent=5700"}],"wp:term":[{"taxonomy":"category","embeddable":true,"href":"https:\/\/klasmann-deilmann.com\/de\/wp-json\/wp\/v2\/categories?post=5700"},{"taxonomy":"post_tag","embeddable":true,"href":"https:\/\/klasmann-deilmann.com\/de\/wp-json\/wp\/v2\/tags?post=5700"}],"curies":[{"name":"wp","href":"https:\/\/api.w.org\/{rel}","templated":true}]}}