{"id":56049,"date":"2022-11-07T09:53:12","date_gmt":"2022-11-07T08:53:12","guid":{"rendered":"https:\/\/klasmann-deilmann.com\/?p=56049"},"modified":"2022-11-10T16:17:30","modified_gmt":"2022-11-10T15:17:30","slug":"das-emsland-als-zukunftsregion","status":"publish","type":"post","link":"https:\/\/klasmann-deilmann.com\/de\/das-emsland-als-zukunftsregion\/","title":{"rendered":"Das Emsland als Zukunftsregion"},"content":{"rendered":"<p><img loading=\"lazy\" decoding=\"async\" width=\"1024\" height=\"576\" class=\"alignleft size-large wp-image-56050\" src=\"\/wp-content\/uploads\/2022-10-26-Zukunftsregion-Emsland-1024x576.jpg\" alt=\"\" srcset=\"https:\/\/klasmann-deilmann.com\/wp-content\/uploads\/2022-10-26-Zukunftsregion-Emsland-1024x576.jpg 1024w, https:\/\/klasmann-deilmann.com\/wp-content\/uploads\/2022-10-26-Zukunftsregion-Emsland-300x169.jpg 300w, https:\/\/klasmann-deilmann.com\/wp-content\/uploads\/2022-10-26-Zukunftsregion-Emsland-768x432.jpg 768w, https:\/\/klasmann-deilmann.com\/wp-content\/uploads\/2022-10-26-Zukunftsregion-Emsland-1536x864.jpg 1536w, https:\/\/klasmann-deilmann.com\/wp-content\/uploads\/2022-10-26-Zukunftsregion-Emsland.jpg 1920w\" sizes=\"auto, (max-width: 1024px) 100vw, 1024px\" \/><\/p>\n<p><strong>Der \u201ePrognose Zukunftsatlas\u201c ermittelt f\u00fcr alle 400 Landkreise und kreisfreien St\u00e4dte in Deutschland die Zukunftschancen und -risiken. Seit 2004 werden alle drei Jahre die Ergebnisse neu erhoben und gegeneinander abgewogen. Und das Emsland konnte in diesem Jahr punkten und im Ranking weiter aufsteigen. <\/strong><\/p>\n<p>F\u00fcr die positive Entwicklung des Emslandes sprechen vielf\u00e4ltige Gr\u00fcnde. Zum einen zeichnet sich die Region durch eine wachsende Bev\u00f6lkerung aus. Zum anderen hat die Region eine starke Wirtschaftsstruktur, die durch vielz\u00e4hlige Unternehmen gesichert wird.<\/p>\n<p>Vor diesem Hintergrund schaffte das Emsland in diesem Jahr den Sprung zur \u201eRegion mit Zukunftschancen\u201c. Das BIP wuchs im Vergleich zu den anderen Kreisen \u00fcberdurchschnittlich. Gleiches gilt f\u00fcr die Besch\u00e4ftigungsrate. Hintergrund ist, dass der Landkreis sich in den vergangenen Jahren zu einem wichtigen Wirtschaftsstandort entwickelt hat, der zahlreiche Unternehmen aus verschiedenen Branchen anzieht.<\/p>\n<p>Klasmann-Deilmann ist seit \u00fcber 100 Jahren im Emsland verwurzelt und bleibt fester Teil dieser Entwicklung. Innovation, Nachhaltigkeit, Strategie und eine starke Belegschaft sind wesentliche Faktoren unserer erfolgreichen Unternehmenskultur und ein Vorbild f\u00fcr andere Unternehmen in einer zukunftsstarken Region.<\/p>\n<p>Als Arbeitgeber setzen wir darauf, dass weiterhin immer mehr Nachwuchs- und Fachkr\u00e4fte diese Entwicklung wahrnehmen und in der Region \u2013 auch bei uns im Unternehmen \u2013 eine Anstellung und Heimat finden. Es gibt im Emsland einen berechtigten und lohnenden Aufw\u00e4rtstrend, der es verdient, langfristig gesichert zu werden.<\/p>\n<p>&nbsp;<\/p>\n<p>&nbsp;<\/p>\n<p>Bildquelle: iStock&nbsp;<\/p>\n<p>&nbsp;<\/p>\n","protected":false},"excerpt":{"rendered":"<p>Der \u201ePrognose Zukunftsatlas\u201c ermittelt f\u00fcr alle 400 Landkreise und kreisfreien St\u00e4dte in Deutschland die Zukunftschancen und -risiken. Seit 2004 werden alle drei Jahre die Ergebnisse neu erhoben und gegeneinander abgewogen. Und das Emsland konnte in diesem Jahr punkten und im Ranking weiter aufsteigen. F\u00fcr die positive Entwicklung des Emslandes sprechen vielf\u00e4ltige Gr\u00fcnde. Zum einen zeichnet sich die Region durch eine wachsende Bev\u00f6lkerung aus. Zum anderen hat die Region eine starke Wirtschaftsstruktur, die durch vielz\u00e4hlige Unternehmen gesichert wird. Vor diesem Hintergrund<\/p>\n","protected":false},"author":9,"featured_media":0,"comment_status":"open","ping_status":"open","sticky":false,"template":"","format":"standard","meta":{"_acf_changed":false,"inline_featured_image":false,"footnotes":""},"categories":[606],"tags":[],"class_list":["post-56049","post","type-post","status-publish","format-standard","hentry","category-unternehmen-2"],"acf":[],"yoast_head":"<!-- This site is optimized with the Yoast SEO plugin v27.5 - https:\/\/yoast.com\/product\/yoast-seo-wordpress\/ -->\n<title>Das Emsland als Zukunftsregion - Klasmann-Deilmann<\/title>\n<meta name=\"robots\" content=\"index, follow, max-snippet:-1, max-image-preview:large, max-video-preview:-1\" \/>\n<link rel=\"canonical\" href=\"https:\/\/klasmann-deilmann.com\/de\/das-emsland-als-zukunftsregion\/\" \/>\n<meta property=\"og:locale\" content=\"de_DE\" \/>\n<meta property=\"og:type\" content=\"article\" \/>\n<meta property=\"og:title\" content=\"Das Emsland als Zukunftsregion - Klasmann-Deilmann\" \/>\n<meta property=\"og:description\" content=\"Der \u201ePrognose Zukunftsatlas\u201c ermittelt f\u00fcr alle 400 Landkreise und kreisfreien St\u00e4dte in Deutschland die Zukunftschancen und -risiken. Seit 2004 werden alle drei Jahre die Ergebnisse neu erhoben und gegeneinander abgewogen. Und das Emsland konnte in diesem Jahr punkten und im Ranking weiter aufsteigen. F\u00fcr die positive Entwicklung des Emslandes sprechen vielf\u00e4ltige Gr\u00fcnde. Zum einen zeichnet sich die Region durch eine wachsende Bev\u00f6lkerung aus. Zum anderen hat die Region eine starke Wirtschaftsstruktur, die durch vielz\u00e4hlige Unternehmen gesichert wird. Vor diesem Hintergrund\" \/>\n<meta property=\"og:url\" content=\"https:\/\/klasmann-deilmann.com\/de\/das-emsland-als-zukunftsregion\/\" \/>\n<meta property=\"og:site_name\" content=\"Klasmann-Deilmann\" \/>\n<meta property=\"article:published_time\" content=\"2022-11-07T08:53:12+00:00\" \/>\n<meta property=\"article:modified_time\" content=\"2022-11-10T15:17:30+00:00\" \/>\n<meta name=\"author\" content=\"Skadi Menne\" \/>\n<meta name=\"twitter:card\" content=\"summary_large_image\" \/>\n<meta name=\"twitter:label1\" content=\"Verfasst von\" \/>\n\t<meta name=\"twitter:data1\" content=\"Skadi Menne\" \/>\n\t<meta name=\"twitter:label2\" content=\"Gesch\u00e4tzte Lesezeit\" \/>\n\t<meta name=\"twitter:data2\" content=\"1\u00a0Minute\" \/>\n<script type=\"application\/ld+json\" class=\"yoast-schema-graph\">{\"@context\":\"https:\\\/\\\/schema.org\",\"@graph\":[{\"@type\":\"Article\",\"@id\":\"https:\\\/\\\/klasmann-deilmann.com\\\/de\\\/das-emsland-als-zukunftsregion\\\/#article\",\"isPartOf\":{\"@id\":\"https:\\\/\\\/klasmann-deilmann.com\\\/de\\\/das-emsland-als-zukunftsregion\\\/\"},\"author\":{\"name\":\"Skadi Menne\",\"@id\":\"https:\\\/\\\/klasmann-deilmann.com\\\/en\\\/#\\\/schema\\\/person\\\/2a02390c1accd5ba0af1cf5b5395dc6d\"},\"headline\":\"Das Emsland als Zukunftsregion\",\"datePublished\":\"2022-11-07T08:53:12+00:00\",\"dateModified\":\"2022-11-10T15:17:30+00:00\",\"mainEntityOfPage\":{\"@id\":\"https:\\\/\\\/klasmann-deilmann.com\\\/de\\\/das-emsland-als-zukunftsregion\\\/\"},\"wordCount\":232,\"commentCount\":0,\"articleSection\":[\"Unternehmen\"],\"inLanguage\":\"de\",\"potentialAction\":[{\"@type\":\"CommentAction\",\"name\":\"Comment\",\"target\":[\"https:\\\/\\\/klasmann-deilmann.com\\\/de\\\/das-emsland-als-zukunftsregion\\\/#respond\"]}]},{\"@type\":\"WebPage\",\"@id\":\"https:\\\/\\\/klasmann-deilmann.com\\\/de\\\/das-emsland-als-zukunftsregion\\\/\",\"url\":\"https:\\\/\\\/klasmann-deilmann.com\\\/de\\\/das-emsland-als-zukunftsregion\\\/\",\"name\":\"Das Emsland als Zukunftsregion - Klasmann-Deilmann\",\"isPartOf\":{\"@id\":\"https:\\\/\\\/klasmann-deilmann.com\\\/en\\\/#website\"},\"datePublished\":\"2022-11-07T08:53:12+00:00\",\"dateModified\":\"2022-11-10T15:17:30+00:00\",\"author\":{\"@id\":\"https:\\\/\\\/klasmann-deilmann.com\\\/en\\\/#\\\/schema\\\/person\\\/2a02390c1accd5ba0af1cf5b5395dc6d\"},\"breadcrumb\":{\"@id\":\"https:\\\/\\\/klasmann-deilmann.com\\\/de\\\/das-emsland-als-zukunftsregion\\\/#breadcrumb\"},\"inLanguage\":\"de\",\"potentialAction\":[{\"@type\":\"ReadAction\",\"target\":[\"https:\\\/\\\/klasmann-deilmann.com\\\/de\\\/das-emsland-als-zukunftsregion\\\/\"]}]},{\"@type\":\"BreadcrumbList\",\"@id\":\"https:\\\/\\\/klasmann-deilmann.com\\\/de\\\/das-emsland-als-zukunftsregion\\\/#breadcrumb\",\"itemListElement\":[{\"@type\":\"ListItem\",\"position\":1,\"name\":\"Home\",\"item\":\"https:\\\/\\\/klasmann-deilmann.com\\\/de\\\/\"},{\"@type\":\"ListItem\",\"position\":2,\"name\":\"Das Emsland als Zukunftsregion\"}]},{\"@type\":\"WebSite\",\"@id\":\"https:\\\/\\\/klasmann-deilmann.com\\\/en\\\/#website\",\"url\":\"https:\\\/\\\/klasmann-deilmann.com\\\/en\\\/\",\"name\":\"Klasmann-Deilmann\",\"description\":\"\",\"potentialAction\":[{\"@type\":\"SearchAction\",\"target\":{\"@type\":\"EntryPoint\",\"urlTemplate\":\"https:\\\/\\\/klasmann-deilmann.com\\\/en\\\/?s={search_term_string}\"},\"query-input\":{\"@type\":\"PropertyValueSpecification\",\"valueRequired\":true,\"valueName\":\"search_term_string\"}}],\"inLanguage\":\"de\"},{\"@type\":\"Person\",\"@id\":\"https:\\\/\\\/klasmann-deilmann.com\\\/en\\\/#\\\/schema\\\/person\\\/2a02390c1accd5ba0af1cf5b5395dc6d\",\"name\":\"Skadi Menne\",\"image\":{\"@type\":\"ImageObject\",\"inLanguage\":\"de\",\"@id\":\"https:\\\/\\\/secure.gravatar.com\\\/avatar\\\/1e7666b84625fa98ef9576982eb5eac6e2775c2259f2cdd3634dbdc08370cd1f?s=96&d=mm&r=g\",\"url\":\"https:\\\/\\\/secure.gravatar.com\\\/avatar\\\/1e7666b84625fa98ef9576982eb5eac6e2775c2259f2cdd3634dbdc08370cd1f?s=96&d=mm&r=g\",\"contentUrl\":\"https:\\\/\\\/secure.gravatar.com\\\/avatar\\\/1e7666b84625fa98ef9576982eb5eac6e2775c2259f2cdd3634dbdc08370cd1f?s=96&d=mm&r=g\",\"caption\":\"Skadi Menne\"},\"sameAs\":[\"http:\\\/\\\/klasmann-deilmann.com\"],\"url\":\"https:\\\/\\\/klasmann-deilmann.com\\\/de\\\/author\\\/skadi-menne\\\/\"}]}<\/script>\n<!-- \/ Yoast SEO plugin. -->","yoast_head_json":{"title":"Das Emsland als Zukunftsregion - Klasmann-Deilmann","robots":{"index":"index","follow":"follow","max-snippet":"max-snippet:-1","max-image-preview":"max-image-preview:large","max-video-preview":"max-video-preview:-1"},"canonical":"https:\/\/klasmann-deilmann.com\/de\/das-emsland-als-zukunftsregion\/","og_locale":"de_DE","og_type":"article","og_title":"Das Emsland als Zukunftsregion - Klasmann-Deilmann","og_description":"Der \u201ePrognose Zukunftsatlas\u201c ermittelt f\u00fcr alle 400 Landkreise und kreisfreien St\u00e4dte in Deutschland die Zukunftschancen und -risiken. Seit 2004 werden alle drei Jahre die Ergebnisse neu erhoben und gegeneinander abgewogen. Und das Emsland konnte in diesem Jahr punkten und im Ranking weiter aufsteigen. F\u00fcr die positive Entwicklung des Emslandes sprechen vielf\u00e4ltige Gr\u00fcnde. Zum einen zeichnet sich die Region durch eine wachsende Bev\u00f6lkerung aus. Zum anderen hat die Region eine starke Wirtschaftsstruktur, die durch vielz\u00e4hlige Unternehmen gesichert wird. Vor diesem Hintergrund","og_url":"https:\/\/klasmann-deilmann.com\/de\/das-emsland-als-zukunftsregion\/","og_site_name":"Klasmann-Deilmann","article_published_time":"2022-11-07T08:53:12+00:00","article_modified_time":"2022-11-10T15:17:30+00:00","author":"Skadi Menne","twitter_card":"summary_large_image","twitter_misc":{"Verfasst von":"Skadi Menne","Gesch\u00e4tzte Lesezeit":"1\u00a0Minute"},"schema":{"@context":"https:\/\/schema.org","@graph":[{"@type":"Article","@id":"https:\/\/klasmann-deilmann.com\/de\/das-emsland-als-zukunftsregion\/#article","isPartOf":{"@id":"https:\/\/klasmann-deilmann.com\/de\/das-emsland-als-zukunftsregion\/"},"author":{"name":"Skadi Menne","@id":"https:\/\/klasmann-deilmann.com\/en\/#\/schema\/person\/2a02390c1accd5ba0af1cf5b5395dc6d"},"headline":"Das Emsland als Zukunftsregion","datePublished":"2022-11-07T08:53:12+00:00","dateModified":"2022-11-10T15:17:30+00:00","mainEntityOfPage":{"@id":"https:\/\/klasmann-deilmann.com\/de\/das-emsland-als-zukunftsregion\/"},"wordCount":232,"commentCount":0,"articleSection":["Unternehmen"],"inLanguage":"de","potentialAction":[{"@type":"CommentAction","name":"Comment","target":["https:\/\/klasmann-deilmann.com\/de\/das-emsland-als-zukunftsregion\/#respond"]}]},{"@type":"WebPage","@id":"https:\/\/klasmann-deilmann.com\/de\/das-emsland-als-zukunftsregion\/","url":"https:\/\/klasmann-deilmann.com\/de\/das-emsland-als-zukunftsregion\/","name":"Das Emsland als Zukunftsregion - Klasmann-Deilmann","isPartOf":{"@id":"https:\/\/klasmann-deilmann.com\/en\/#website"},"datePublished":"2022-11-07T08:53:12+00:00","dateModified":"2022-11-10T15:17:30+00:00","author":{"@id":"https:\/\/klasmann-deilmann.com\/en\/#\/schema\/person\/2a02390c1accd5ba0af1cf5b5395dc6d"},"breadcrumb":{"@id":"https:\/\/klasmann-deilmann.com\/de\/das-emsland-als-zukunftsregion\/#breadcrumb"},"inLanguage":"de","potentialAction":[{"@type":"ReadAction","target":["https:\/\/klasmann-deilmann.com\/de\/das-emsland-als-zukunftsregion\/"]}]},{"@type":"BreadcrumbList","@id":"https:\/\/klasmann-deilmann.com\/de\/das-emsland-als-zukunftsregion\/#breadcrumb","itemListElement":[{"@type":"ListItem","position":1,"name":"Home","item":"https:\/\/klasmann-deilmann.com\/de\/"},{"@type":"ListItem","position":2,"name":"Das Emsland als Zukunftsregion"}]},{"@type":"WebSite","@id":"https:\/\/klasmann-deilmann.com\/en\/#website","url":"https:\/\/klasmann-deilmann.com\/en\/","name":"Klasmann-Deilmann","description":"","potentialAction":[{"@type":"SearchAction","target":{"@type":"EntryPoint","urlTemplate":"https:\/\/klasmann-deilmann.com\/en\/?s={search_term_string}"},"query-input":{"@type":"PropertyValueSpecification","valueRequired":true,"valueName":"search_term_string"}}],"inLanguage":"de"},{"@type":"Person","@id":"https:\/\/klasmann-deilmann.com\/en\/#\/schema\/person\/2a02390c1accd5ba0af1cf5b5395dc6d","name":"Skadi Menne","image":{"@type":"ImageObject","inLanguage":"de","@id":"https:\/\/secure.gravatar.com\/avatar\/1e7666b84625fa98ef9576982eb5eac6e2775c2259f2cdd3634dbdc08370cd1f?s=96&d=mm&r=g","url":"https:\/\/secure.gravatar.com\/avatar\/1e7666b84625fa98ef9576982eb5eac6e2775c2259f2cdd3634dbdc08370cd1f?s=96&d=mm&r=g","contentUrl":"https:\/\/secure.gravatar.com\/avatar\/1e7666b84625fa98ef9576982eb5eac6e2775c2259f2cdd3634dbdc08370cd1f?s=96&d=mm&r=g","caption":"Skadi Menne"},"sameAs":["http:\/\/klasmann-deilmann.com"],"url":"https:\/\/klasmann-deilmann.com\/de\/author\/skadi-menne\/"}]}},"_links":{"self":[{"href":"https:\/\/klasmann-deilmann.com\/de\/wp-json\/wp\/v2\/posts\/56049","targetHints":{"allow":["GET"]}}],"collection":[{"href":"https:\/\/klasmann-deilmann.com\/de\/wp-json\/wp\/v2\/posts"}],"about":[{"href":"https:\/\/klasmann-deilmann.com\/de\/wp-json\/wp\/v2\/types\/post"}],"author":[{"embeddable":true,"href":"https:\/\/klasmann-deilmann.com\/de\/wp-json\/wp\/v2\/users\/9"}],"replies":[{"embeddable":true,"href":"https:\/\/klasmann-deilmann.com\/de\/wp-json\/wp\/v2\/comments?post=56049"}],"version-history":[{"count":1,"href":"https:\/\/klasmann-deilmann.com\/de\/wp-json\/wp\/v2\/posts\/56049\/revisions"}],"predecessor-version":[{"id":56060,"href":"https:\/\/klasmann-deilmann.com\/de\/wp-json\/wp\/v2\/posts\/56049\/revisions\/56060"}],"wp:attachment":[{"href":"https:\/\/klasmann-deilmann.com\/de\/wp-json\/wp\/v2\/media?parent=56049"}],"wp:term":[{"taxonomy":"category","embeddable":true,"href":"https:\/\/klasmann-deilmann.com\/de\/wp-json\/wp\/v2\/categories?post=56049"},{"taxonomy":"post_tag","embeddable":true,"href":"https:\/\/klasmann-deilmann.com\/de\/wp-json\/wp\/v2\/tags?post=56049"}],"curies":[{"name":"wp","href":"https:\/\/api.w.org\/{rel}","templated":true}]}}