{"id":4847,"date":"2016-12-13T15:44:35","date_gmt":"2016-12-13T14:44:35","guid":{"rendered":"\/\/klasmann-deilmann.com\/?p=4847"},"modified":"2024-10-09T10:41:32","modified_gmt":"2024-10-09T08:41:32","slug":"klasmann-deilmann-als-top-ausbildungsbetrieb-zertifiziert","status":"publish","type":"post","link":"https:\/\/klasmann-deilmann.com\/de\/klasmann-deilmann-als-top-ausbildungsbetrieb-zertifiziert\/","title":{"rendered":"Klasmann-Deilmann als TOP-Ausbildungsbetrieb zertifiziert"},"content":{"rendered":"<p><img loading=\"lazy\" decoding=\"async\" class=\"wp-image-5317 alignnone\" src=\"\/\/klasmann-deilmann.com\/wp-content\/uploads\/IHKOS-TOP_Ausbildungsbetrieb_RGB_2016-2020_mit_Rand-1024x893.jpg\" alt=\"\" width=\"750\" height=\"654\" srcset=\"https:\/\/klasmann-deilmann.com\/wp-content\/uploads\/IHKOS-TOP_Ausbildungsbetrieb_RGB_2016-2020_mit_Rand-1024x893.jpg 1024w, https:\/\/klasmann-deilmann.com\/wp-content\/uploads\/IHKOS-TOP_Ausbildungsbetrieb_RGB_2016-2020_mit_Rand-300x262.jpg 300w, https:\/\/klasmann-deilmann.com\/wp-content\/uploads\/IHKOS-TOP_Ausbildungsbetrieb_RGB_2016-2020_mit_Rand-768x670.jpg 768w, https:\/\/klasmann-deilmann.com\/wp-content\/uploads\/IHKOS-TOP_Ausbildungsbetrieb_RGB_2016-2020_mit_Rand-600x523.jpg 600w, https:\/\/klasmann-deilmann.com\/wp-content\/uploads\/IHKOS-TOP_Ausbildungsbetrieb_RGB_2016-2020_mit_Rand-125x109.jpg 125w, https:\/\/klasmann-deilmann.com\/wp-content\/uploads\/IHKOS-TOP_Ausbildungsbetrieb_RGB_2016-2020_mit_Rand.jpg 1100w\" sizes=\"auto, (max-width: 750px) 100vw, 750px\" \/><\/p>\n<p><strong>Wir bieten jungen Menschen eine fundierte Ausbildung. Die F\u00f6rderung von Nachwuchskr\u00e4ften im Rahmen einer anerkannten Berufsausbildung oder eines dualen Studiums geh\u00f6rt seit vielen Jahren zu den sehr erfolgreichen Ma\u00dfnahmen im Bereich Human Resources unseres Unternehmens. Nun ist Klasmann-Deilmann von der IHK Osnabr\u00fcck-Emsland-Grafschaft Bentheim als TOP-Ausbildungsbetrieb zertifiziert worden.<\/strong><\/p>\n<p>IHK-Gesch\u00e4ftsf\u00fchrer Marco Graf war eigens angereist, um Moritz B\u00f6cking als zust\u00e4ndigem Gesch\u00e4ftsf\u00fchrer von Klasmann-Deilmann die Urkunde zu \u00fcberreichen. W\u00e4hrend des dazu anberaumten Pressetermins sagte B\u00f6cking: \u201eWir sind sehr stolz auf diese Auszeichnung. Sie ehrt die vielen Kolleginnen und Kollegen, die sich kontinuierlich und mit gro\u00dfem Einsatz um unsere Auszubildenden k\u00fcmmern.\u201c Marco Graf wies darauf hin, dass das Zertifikat \u201enicht verschenkt\u201c werde, sondern im Vorfeld ein zweistufiges Verfahren durchlaufen werden muss. \u00dcber die formal-gesetzlichen Vorgaben hinaus gehe es z. B. um eine eingehende Befragung durch die IHK und eine zus\u00e4tzliche Pr\u00fcfung durch eine unabh\u00e4ngige externe Instanz. Gepr\u00fcft wird dabei u. a., wie niedrig die Quote von Ausbildungsabbr\u00fcchen ist. Graf nannte Klasmann-Deilmann in diesem Zusammenhang einen \u201eVorzeigebetrieb\u201c. \u201eMit Blick auf zur\u00fcckgehende Sch\u00fclerzahlen ist das Zertifikat ein gro\u00dfes Plus im <a href=\"\/\/klasmann-deilmann.com\/wir-nehmen-unsere-rolle-als-ausbildungsbetrieb-ernst\/\" target=\"_blank\" rel=\"noopener\">Werben um die besten Nachwuchskr\u00e4fte<\/a>. Es zeigt den jungen Menschen, dass sie in Ihrem Unternehmen eine Top Ausbildung erhalten, die der Grundstein f\u00fcr eine erfolgreiche berufliche Zukunft ist\u201c, betonte Graf.<\/p>\n<p>Benedikt Kossen, Leiter unserer Human Resources, zeigte sich ebenfalls erfreut \u00fcber diesen Erfolg. \u201eDie Auszeichnung wird uns dabei helfen, auch zuk\u00fcnftig immer wieder Auszubildende zu finden, die gut zu unserem Unternehmen passen.\u201c In diesem Zusammenhang wurde die Initiative unseres Studenten Lars Wortelboer gew\u00fcrdigt, der die Zertifizierung von Klasmann-Deilmann vorgeschlagen hatte. Marco Graf sagte, es sei vermutlich das erste Mal, dass ein solcher Vorschlag aus dem Kreis der Auszubildenden komme.<\/p>\n<p>Auf die Frage der Presse nach den Erfolgsfaktoren von Klasmann-Deilmann f\u00fchrte Moritz B\u00f6cking aus, dass die internationale Ausrichtung sehr zur Attraktivit\u00e4t unseres Unternehmens beitrage. \u201eV\u00f6llig zu Recht schlie\u00dfen junge Menschen darauf, dass Ihnen dadurch vielf\u00e4ltige Entwicklungsm\u00f6glichkeiten sowie langfristige berufliche Perspektiven offen stehen und dass sie es mit einem zuverl\u00e4ssigen Arbeitgeber zu tun haben, der auch in drei\u00dfig, vierzig Jahren noch erfolgreich am Markt ist.\u201c Benedikt Kossen f\u00fcgte hinzu, dass junge Menschen verst\u00e4rkt nach der Nachhaltigkeit eines Ausbildungsbetriebes fragen. \u201eHier haben wir uns gut aufgestellt, indem wir all unsere Aktivit\u00e4ten sehr transparent kommunizieren.\u201c Moritz B\u00f6cking erg\u00e4nzte: \u201eBewerberinnen und Bewerber wollen eingebunden sein in den Zweck eines Unternehmens, ganz gleich, ob es sich um einen <a href=\"\/\/klasmann-deilmann.com\/neue-mitarbeiter-werden-gut-integriert\/\" target=\"_blank\" rel=\"noopener\">Ausbildungsplatz, ein Studium<\/a> oder bereits um eine Festanstellung handelt. Und genau das erleben sie bei Klasmann-Deilmann: Jeder wei\u00df, was wir wollen und wohin wir wollen, und ebenso wei\u00df jeder, dass der eigene Beitrag dazu ungemein wichtig ist.\u201c<\/p>\n<div id=\"attachment_4843\" style=\"width: 563px\" class=\"wp-caption alignright\"><img loading=\"lazy\" decoding=\"async\" aria-describedby=\"caption-attachment-4843\" class=\"wp-image-4843\" src=\"\/\/klasmann-deilmann.com\/wp-content\/uploads\/2017-01-03-BB-IHK-TOP-Ausbildungsbetrieb-Zertifikat-1024x684.jpg\" alt=\"Verleihung IHK TOP-Ausbildungsbetrieb\" width=\"553\" height=\"369\" srcset=\"https:\/\/klasmann-deilmann.com\/wp-content\/uploads\/2017-01-03-BB-IHK-TOP-Ausbildungsbetrieb-Zertifikat-1024x684.jpg 1024w, https:\/\/klasmann-deilmann.com\/wp-content\/uploads\/2017-01-03-BB-IHK-TOP-Ausbildungsbetrieb-Zertifikat-300x200.jpg 300w, https:\/\/klasmann-deilmann.com\/wp-content\/uploads\/2017-01-03-BB-IHK-TOP-Ausbildungsbetrieb-Zertifikat-768x513.jpg 768w, https:\/\/klasmann-deilmann.com\/wp-content\/uploads\/2017-01-03-BB-IHK-TOP-Ausbildungsbetrieb-Zertifikat-600x401.jpg 600w, https:\/\/klasmann-deilmann.com\/wp-content\/uploads\/2017-01-03-BB-IHK-TOP-Ausbildungsbetrieb-Zertifikat-125x83.jpg 125w\" sizes=\"auto, (max-width: 553px) 100vw, 553px\" \/><\/p>\n<p id=\"caption-attachment-4843\" class=\"wp-caption-text\">Freuten sich \u00fcber die Auszeichnung: (v. l.) Benedikt Kossen, Tanja Arens, Moritz B\u00f6cking, Marco Graf, Lars Wortelboer.<\/p>\n<\/div>\n<p>Insgesamt besch\u00e4ftigt Klasmann-Deilmann in Deutschland durchschnittlich 25 junge Frauen und M\u00e4nner, die sich zu Industriekaufleuten, Fachinformatikern\/innen, Kaufleuten f\u00fcr Marketingkommunikation, Bauger\u00e4tef\u00fchrern\/innen, Elektronikern\/innen f\u00fcr Betriebstechnik oder zu Industriemechanikern\/innen ausbilden lassen. Die Zertifizierung als TOP-Ausbildungsbetrieb gilt f\u00fcr die kommenden vier Jahre, danach kann sie erneuert werden.<\/p>\n<p>Am Ende des Pressetermins zeigte sich ein Medienvertreter erstaunt: \u201eDas klingt wirklich gut.\u201c Und Moritz B\u00f6cking konnte erg\u00e4nzen: \u201eDas ist auch gut!\u201c<\/p>\n<p>&nbsp;<\/p>\n<p>H\u00f6ren Sie hier den Radiobeitrag der Ems-Vechte-Welle (Quelle: <a href=\"http:\/\/www.emsvechtewelle.de\/podcasts\/ihk-zeichnet-unternehmen-in-geeste-aus-30276.html\" target=\"_blank\" rel=\"noopener\">www.emsvechtewelle.de<\/a>). Wir bedanken uns f\u00fcr die freundliche Genehmigung.<\/p>\n<p><audio class=\"wp-audio-shortcode\" id=\"audio-4847-1\" preload=\"none\" style=\"width: 100%;\" controls=\"controls\"><source type=\"audio\/mpeg\" src=\"\/\/klasmann-deilmann.com\/wp-content\/uploads\/2017-01-03-BB-IHK-TOP-Ausbildungsbetrieb_Ems-Vechte-Welle.mp3?_=1\" \/><a href=\"\/\/klasmann-deilmann.com\/wp-content\/uploads\/2017-01-03-BB-IHK-TOP-Ausbildungsbetrieb_Ems-Vechte-Welle.mp3\">\/\/klasmann-deilmann.com\/wp-content\/uploads\/2017-01-03-BB-IHK-TOP-Ausbildungsbetrieb_Ems-Vechte-Welle.mp3<\/a><\/audio><\/p>\n","protected":false},"excerpt":{"rendered":"<p>Wir bieten jungen Menschen eine fundierte Ausbildung. Die F\u00f6rderung von Nachwuchskr\u00e4ften im Rahmen einer anerkannten Berufsausbildung oder eines dualen Studiums geh\u00f6rt seit vielen Jahren zu den sehr erfolgreichen Ma\u00dfnahmen im Bereich Human Resources unseres Unternehmens. Nun ist Klasmann-Deilmann von der IHK Osnabr\u00fcck-Emsland-Grafschaft Bentheim als TOP-Ausbildungsbetrieb zertifiziert worden. IHK-Gesch\u00e4ftsf\u00fchrer Marco Graf war eigens angereist, um Moritz B\u00f6cking als zust\u00e4ndigem Gesch\u00e4ftsf\u00fchrer von Klasmann-Deilmann die Urkunde zu \u00fcberreichen. W\u00e4hrend des dazu anberaumten Pressetermins sagte B\u00f6cking: \u201eWir sind sehr stolz auf diese Auszeichnung. Sie<\/p>\n","protected":false},"author":8,"featured_media":0,"comment_status":"open","ping_status":"closed","sticky":false,"template":"","format":"standard","meta":{"_acf_changed":false,"inline_featured_image":false,"footnotes":""},"categories":[137],"tags":[],"class_list":["post-4847","post","type-post","status-publish","format-standard","hentry","category-karriere"],"acf":[],"yoast_head":"<!-- This site is optimized with the Yoast SEO plugin v27.5 - https:\/\/yoast.com\/product\/yoast-seo-wordpress\/ -->\n<title>Klasmann-Deilmann als TOP-Ausbildungsbetrieb zertifiziert - Klasmann-Deilmann<\/title>\n<meta name=\"robots\" content=\"index, follow, max-snippet:-1, max-image-preview:large, max-video-preview:-1\" \/>\n<link rel=\"canonical\" href=\"https:\/\/klasmann-deilmann.com\/de\/klasmann-deilmann-als-top-ausbildungsbetrieb-zertifiziert\/\" \/>\n<meta property=\"og:locale\" content=\"de_DE\" \/>\n<meta property=\"og:type\" content=\"article\" \/>\n<meta property=\"og:title\" content=\"Klasmann-Deilmann als TOP-Ausbildungsbetrieb zertifiziert - Klasmann-Deilmann\" \/>\n<meta property=\"og:description\" content=\"Wir bieten jungen Menschen eine fundierte Ausbildung. Die F\u00f6rderung von Nachwuchskr\u00e4ften im Rahmen einer anerkannten Berufsausbildung oder eines dualen Studiums geh\u00f6rt seit vielen Jahren zu den sehr erfolgreichen Ma\u00dfnahmen im Bereich Human Resources unseres Unternehmens. Nun ist Klasmann-Deilmann von der IHK Osnabr\u00fcck-Emsland-Grafschaft Bentheim als TOP-Ausbildungsbetrieb zertifiziert worden. IHK-Gesch\u00e4ftsf\u00fchrer Marco Graf war eigens angereist, um Moritz B\u00f6cking als zust\u00e4ndigem Gesch\u00e4ftsf\u00fchrer von Klasmann-Deilmann die Urkunde zu \u00fcberreichen. W\u00e4hrend des dazu anberaumten Pressetermins sagte B\u00f6cking: \u201eWir sind sehr stolz auf diese Auszeichnung. Sie\" \/>\n<meta property=\"og:url\" content=\"https:\/\/klasmann-deilmann.com\/de\/klasmann-deilmann-als-top-ausbildungsbetrieb-zertifiziert\/\" \/>\n<meta property=\"og:site_name\" content=\"Klasmann-Deilmann\" \/>\n<meta property=\"article:published_time\" content=\"2016-12-13T14:44:35+00:00\" \/>\n<meta property=\"article:modified_time\" content=\"2024-10-09T08:41:32+00:00\" \/>\n<meta name=\"author\" content=\"Dirk R\u00f6se\" \/>\n<meta name=\"twitter:card\" content=\"summary_large_image\" \/>\n<meta name=\"twitter:label1\" content=\"Verfasst von\" \/>\n\t<meta name=\"twitter:data1\" content=\"Dirk R\u00f6se\" \/>\n\t<meta name=\"twitter:label2\" content=\"Gesch\u00e4tzte Lesezeit\" \/>\n\t<meta name=\"twitter:data2\" content=\"3\u00a0Minuten\" \/>\n<script type=\"application\/ld+json\" class=\"yoast-schema-graph\">{\"@context\":\"https:\\\/\\\/schema.org\",\"@graph\":[{\"@type\":\"Article\",\"@id\":\"https:\\\/\\\/klasmann-deilmann.com\\\/de\\\/klasmann-deilmann-als-top-ausbildungsbetrieb-zertifiziert\\\/#article\",\"isPartOf\":{\"@id\":\"https:\\\/\\\/klasmann-deilmann.com\\\/de\\\/klasmann-deilmann-als-top-ausbildungsbetrieb-zertifiziert\\\/\"},\"author\":{\"name\":\"Dirk R\u00f6se\",\"@id\":\"https:\\\/\\\/klasmann-deilmann.com\\\/en\\\/#\\\/schema\\\/person\\\/2502425feab4548f9995e2f1fa23fb3d\"},\"headline\":\"Klasmann-Deilmann als TOP-Ausbildungsbetrieb zertifiziert\",\"datePublished\":\"2016-12-13T14:44:35+00:00\",\"dateModified\":\"2024-10-09T08:41:32+00:00\",\"mainEntityOfPage\":{\"@id\":\"https:\\\/\\\/klasmann-deilmann.com\\\/de\\\/klasmann-deilmann-als-top-ausbildungsbetrieb-zertifiziert\\\/\"},\"wordCount\":603,\"commentCount\":0,\"articleSection\":[\"Karriere\"],\"inLanguage\":\"de\",\"potentialAction\":[{\"@type\":\"CommentAction\",\"name\":\"Comment\",\"target\":[\"https:\\\/\\\/klasmann-deilmann.com\\\/de\\\/klasmann-deilmann-als-top-ausbildungsbetrieb-zertifiziert\\\/#respond\"]}]},{\"@type\":\"WebPage\",\"@id\":\"https:\\\/\\\/klasmann-deilmann.com\\\/de\\\/klasmann-deilmann-als-top-ausbildungsbetrieb-zertifiziert\\\/\",\"url\":\"https:\\\/\\\/klasmann-deilmann.com\\\/de\\\/klasmann-deilmann-als-top-ausbildungsbetrieb-zertifiziert\\\/\",\"name\":\"Klasmann-Deilmann als TOP-Ausbildungsbetrieb zertifiziert - Klasmann-Deilmann\",\"isPartOf\":{\"@id\":\"https:\\\/\\\/klasmann-deilmann.com\\\/en\\\/#website\"},\"datePublished\":\"2016-12-13T14:44:35+00:00\",\"dateModified\":\"2024-10-09T08:41:32+00:00\",\"author\":{\"@id\":\"https:\\\/\\\/klasmann-deilmann.com\\\/en\\\/#\\\/schema\\\/person\\\/2502425feab4548f9995e2f1fa23fb3d\"},\"breadcrumb\":{\"@id\":\"https:\\\/\\\/klasmann-deilmann.com\\\/de\\\/klasmann-deilmann-als-top-ausbildungsbetrieb-zertifiziert\\\/#breadcrumb\"},\"inLanguage\":\"de\",\"potentialAction\":[{\"@type\":\"ReadAction\",\"target\":[\"https:\\\/\\\/klasmann-deilmann.com\\\/de\\\/klasmann-deilmann-als-top-ausbildungsbetrieb-zertifiziert\\\/\"]}]},{\"@type\":\"BreadcrumbList\",\"@id\":\"https:\\\/\\\/klasmann-deilmann.com\\\/de\\\/klasmann-deilmann-als-top-ausbildungsbetrieb-zertifiziert\\\/#breadcrumb\",\"itemListElement\":[{\"@type\":\"ListItem\",\"position\":1,\"name\":\"Home\",\"item\":\"https:\\\/\\\/klasmann-deilmann.com\\\/de\\\/\"},{\"@type\":\"ListItem\",\"position\":2,\"name\":\"Klasmann-Deilmann als TOP-Ausbildungsbetrieb zertifiziert\"}]},{\"@type\":\"WebSite\",\"@id\":\"https:\\\/\\\/klasmann-deilmann.com\\\/en\\\/#website\",\"url\":\"https:\\\/\\\/klasmann-deilmann.com\\\/en\\\/\",\"name\":\"Klasmann-Deilmann\",\"description\":\"\",\"potentialAction\":[{\"@type\":\"SearchAction\",\"target\":{\"@type\":\"EntryPoint\",\"urlTemplate\":\"https:\\\/\\\/klasmann-deilmann.com\\\/en\\\/?s={search_term_string}\"},\"query-input\":{\"@type\":\"PropertyValueSpecification\",\"valueRequired\":true,\"valueName\":\"search_term_string\"}}],\"inLanguage\":\"de\"},{\"@type\":\"Person\",\"@id\":\"https:\\\/\\\/klasmann-deilmann.com\\\/en\\\/#\\\/schema\\\/person\\\/2502425feab4548f9995e2f1fa23fb3d\",\"name\":\"Dirk R\u00f6se\",\"image\":{\"@type\":\"ImageObject\",\"inLanguage\":\"de\",\"@id\":\"https:\\\/\\\/secure.gravatar.com\\\/avatar\\\/850ab4c80e0a5eca25933f2ee062a09ec1d50f1fa10d0057f65f04b9827f102f?s=96&d=mm&r=g\",\"url\":\"https:\\\/\\\/secure.gravatar.com\\\/avatar\\\/850ab4c80e0a5eca25933f2ee062a09ec1d50f1fa10d0057f65f04b9827f102f?s=96&d=mm&r=g\",\"contentUrl\":\"https:\\\/\\\/secure.gravatar.com\\\/avatar\\\/850ab4c80e0a5eca25933f2ee062a09ec1d50f1fa10d0057f65f04b9827f102f?s=96&d=mm&r=g\",\"caption\":\"Dirk R\u00f6se\"},\"sameAs\":[\"http:\\\/\\\/klasmann-deilmann.com\"],\"url\":\"https:\\\/\\\/klasmann-deilmann.com\\\/de\\\/author\\\/dirk-roese\\\/\"}]}<\/script>\n<!-- \/ Yoast SEO plugin. -->","yoast_head_json":{"title":"Klasmann-Deilmann als TOP-Ausbildungsbetrieb zertifiziert - Klasmann-Deilmann","robots":{"index":"index","follow":"follow","max-snippet":"max-snippet:-1","max-image-preview":"max-image-preview:large","max-video-preview":"max-video-preview:-1"},"canonical":"https:\/\/klasmann-deilmann.com\/de\/klasmann-deilmann-als-top-ausbildungsbetrieb-zertifiziert\/","og_locale":"de_DE","og_type":"article","og_title":"Klasmann-Deilmann als TOP-Ausbildungsbetrieb zertifiziert - Klasmann-Deilmann","og_description":"Wir bieten jungen Menschen eine fundierte Ausbildung. Die F\u00f6rderung von Nachwuchskr\u00e4ften im Rahmen einer anerkannten Berufsausbildung oder eines dualen Studiums geh\u00f6rt seit vielen Jahren zu den sehr erfolgreichen Ma\u00dfnahmen im Bereich Human Resources unseres Unternehmens. Nun ist Klasmann-Deilmann von der IHK Osnabr\u00fcck-Emsland-Grafschaft Bentheim als TOP-Ausbildungsbetrieb zertifiziert worden. IHK-Gesch\u00e4ftsf\u00fchrer Marco Graf war eigens angereist, um Moritz B\u00f6cking als zust\u00e4ndigem Gesch\u00e4ftsf\u00fchrer von Klasmann-Deilmann die Urkunde zu \u00fcberreichen. W\u00e4hrend des dazu anberaumten Pressetermins sagte B\u00f6cking: \u201eWir sind sehr stolz auf diese Auszeichnung. Sie","og_url":"https:\/\/klasmann-deilmann.com\/de\/klasmann-deilmann-als-top-ausbildungsbetrieb-zertifiziert\/","og_site_name":"Klasmann-Deilmann","article_published_time":"2016-12-13T14:44:35+00:00","article_modified_time":"2024-10-09T08:41:32+00:00","author":"Dirk R\u00f6se","twitter_card":"summary_large_image","twitter_misc":{"Verfasst von":"Dirk R\u00f6se","Gesch\u00e4tzte Lesezeit":"3\u00a0Minuten"},"schema":{"@context":"https:\/\/schema.org","@graph":[{"@type":"Article","@id":"https:\/\/klasmann-deilmann.com\/de\/klasmann-deilmann-als-top-ausbildungsbetrieb-zertifiziert\/#article","isPartOf":{"@id":"https:\/\/klasmann-deilmann.com\/de\/klasmann-deilmann-als-top-ausbildungsbetrieb-zertifiziert\/"},"author":{"name":"Dirk R\u00f6se","@id":"https:\/\/klasmann-deilmann.com\/en\/#\/schema\/person\/2502425feab4548f9995e2f1fa23fb3d"},"headline":"Klasmann-Deilmann als TOP-Ausbildungsbetrieb zertifiziert","datePublished":"2016-12-13T14:44:35+00:00","dateModified":"2024-10-09T08:41:32+00:00","mainEntityOfPage":{"@id":"https:\/\/klasmann-deilmann.com\/de\/klasmann-deilmann-als-top-ausbildungsbetrieb-zertifiziert\/"},"wordCount":603,"commentCount":0,"articleSection":["Karriere"],"inLanguage":"de","potentialAction":[{"@type":"CommentAction","name":"Comment","target":["https:\/\/klasmann-deilmann.com\/de\/klasmann-deilmann-als-top-ausbildungsbetrieb-zertifiziert\/#respond"]}]},{"@type":"WebPage","@id":"https:\/\/klasmann-deilmann.com\/de\/klasmann-deilmann-als-top-ausbildungsbetrieb-zertifiziert\/","url":"https:\/\/klasmann-deilmann.com\/de\/klasmann-deilmann-als-top-ausbildungsbetrieb-zertifiziert\/","name":"Klasmann-Deilmann als TOP-Ausbildungsbetrieb zertifiziert - Klasmann-Deilmann","isPartOf":{"@id":"https:\/\/klasmann-deilmann.com\/en\/#website"},"datePublished":"2016-12-13T14:44:35+00:00","dateModified":"2024-10-09T08:41:32+00:00","author":{"@id":"https:\/\/klasmann-deilmann.com\/en\/#\/schema\/person\/2502425feab4548f9995e2f1fa23fb3d"},"breadcrumb":{"@id":"https:\/\/klasmann-deilmann.com\/de\/klasmann-deilmann-als-top-ausbildungsbetrieb-zertifiziert\/#breadcrumb"},"inLanguage":"de","potentialAction":[{"@type":"ReadAction","target":["https:\/\/klasmann-deilmann.com\/de\/klasmann-deilmann-als-top-ausbildungsbetrieb-zertifiziert\/"]}]},{"@type":"BreadcrumbList","@id":"https:\/\/klasmann-deilmann.com\/de\/klasmann-deilmann-als-top-ausbildungsbetrieb-zertifiziert\/#breadcrumb","itemListElement":[{"@type":"ListItem","position":1,"name":"Home","item":"https:\/\/klasmann-deilmann.com\/de\/"},{"@type":"ListItem","position":2,"name":"Klasmann-Deilmann als TOP-Ausbildungsbetrieb zertifiziert"}]},{"@type":"WebSite","@id":"https:\/\/klasmann-deilmann.com\/en\/#website","url":"https:\/\/klasmann-deilmann.com\/en\/","name":"Klasmann-Deilmann","description":"","potentialAction":[{"@type":"SearchAction","target":{"@type":"EntryPoint","urlTemplate":"https:\/\/klasmann-deilmann.com\/en\/?s={search_term_string}"},"query-input":{"@type":"PropertyValueSpecification","valueRequired":true,"valueName":"search_term_string"}}],"inLanguage":"de"},{"@type":"Person","@id":"https:\/\/klasmann-deilmann.com\/en\/#\/schema\/person\/2502425feab4548f9995e2f1fa23fb3d","name":"Dirk R\u00f6se","image":{"@type":"ImageObject","inLanguage":"de","@id":"https:\/\/secure.gravatar.com\/avatar\/850ab4c80e0a5eca25933f2ee062a09ec1d50f1fa10d0057f65f04b9827f102f?s=96&d=mm&r=g","url":"https:\/\/secure.gravatar.com\/avatar\/850ab4c80e0a5eca25933f2ee062a09ec1d50f1fa10d0057f65f04b9827f102f?s=96&d=mm&r=g","contentUrl":"https:\/\/secure.gravatar.com\/avatar\/850ab4c80e0a5eca25933f2ee062a09ec1d50f1fa10d0057f65f04b9827f102f?s=96&d=mm&r=g","caption":"Dirk R\u00f6se"},"sameAs":["http:\/\/klasmann-deilmann.com"],"url":"https:\/\/klasmann-deilmann.com\/de\/author\/dirk-roese\/"}]}},"_links":{"self":[{"href":"https:\/\/klasmann-deilmann.com\/de\/wp-json\/wp\/v2\/posts\/4847","targetHints":{"allow":["GET"]}}],"collection":[{"href":"https:\/\/klasmann-deilmann.com\/de\/wp-json\/wp\/v2\/posts"}],"about":[{"href":"https:\/\/klasmann-deilmann.com\/de\/wp-json\/wp\/v2\/types\/post"}],"author":[{"embeddable":true,"href":"https:\/\/klasmann-deilmann.com\/de\/wp-json\/wp\/v2\/users\/8"}],"replies":[{"embeddable":true,"href":"https:\/\/klasmann-deilmann.com\/de\/wp-json\/wp\/v2\/comments?post=4847"}],"version-history":[{"count":13,"href":"https:\/\/klasmann-deilmann.com\/de\/wp-json\/wp\/v2\/posts\/4847\/revisions"}],"predecessor-version":[{"id":87162,"href":"https:\/\/klasmann-deilmann.com\/de\/wp-json\/wp\/v2\/posts\/4847\/revisions\/87162"}],"wp:attachment":[{"href":"https:\/\/klasmann-deilmann.com\/de\/wp-json\/wp\/v2\/media?parent=4847"}],"wp:term":[{"taxonomy":"category","embeddable":true,"href":"https:\/\/klasmann-deilmann.com\/de\/wp-json\/wp\/v2\/categories?post=4847"},{"taxonomy":"post_tag","embeddable":true,"href":"https:\/\/klasmann-deilmann.com\/de\/wp-json\/wp\/v2\/tags?post=4847"}],"curies":[{"name":"wp","href":"https:\/\/api.w.org\/{rel}","templated":true}]}}