{"id":4832,"date":"2016-12-16T07:00:45","date_gmt":"2016-12-16T06:00:45","guid":{"rendered":"\/\/klasmann-deilmann.com\/?p=4832"},"modified":"2024-10-09T11:09:51","modified_gmt":"2024-10-09T09:09:51","slug":"vor-95-jahren-wurde-der-kabelkran-ueber-die-ems-gespannt","status":"publish","type":"post","link":"https:\/\/klasmann-deilmann.com\/de\/vor-95-jahren-wurde-der-kabelkran-ueber-die-ems-gespannt\/","title":{"rendered":"Vor 95 Jahren wurde der Kabelkran \u00fcber die Ems gespannt"},"content":{"rendered":"<h2><strong>Kleiner Exkurs in die Klasmann-Deilmann-Historie<\/strong><\/h2>\n<p><strong>Im Winter 1921 wurde in Meppen ein sogenannter Kabelkran \u00fcber die Ems gespannt. Dieser stellte die Anbindung des Heseper Torfwerks an den Emshafen Meppen sicher, f\u00fcr das Unternehmen damals sozusagen das Tor zur Welt.<\/strong><\/p>\n<p>Nach dem 1.\u00a0Weltkrieg war die Feldbahnverbindung nach Meppen unumg\u00e4nglich f\u00fcr das Heseper Torfwerk, wollte es dauerhaft expandieren. Denn aufgrund der zu erwartenden Reparationszahlungen war die erhoffte Bahnverbindung von Meppen nach Ter Apel in ungewisse Ferne ger\u00fcckt. Der Emshafen Meppen verf\u00fcgte \u00fcber einen Gleisanschluss, ebenso konnte hier aber auch auf Lkws oder Schiffe umgeladen werden. Voraussetzung f\u00fcr diese Anbindung war, die Ems zu \u00fcberqueren.<\/p>\n<p>Zwar gab es zur \u00dcberquerung der Ems eine Holzbr\u00fccke, doch f\u00fcr eine Feldbahn war sie nicht stabil genug und zu steil. Eine tragf\u00e4hige Feldbahnbr\u00fccke w\u00e4re teuer gewesen: Die Ems hatte f\u00fcr Schiffe stets passierbar zu sein. Aufgrund des Hochwassers h\u00e4tte eine Br\u00fccke mindestens 15 Meter hoch sein m\u00fcssen. Zudem w\u00e4re f\u00fcr die Feldbahn der Bau von langen Rampen notwendig gewesen, da diese nur geringe Steigungen \u00fcberwinden kann.<\/p>\n<p>Eine Alternative h\u00e4tte eine Transportseilbahn bieten k\u00f6nnen. Ein Vorbild gab es beim Torfwerk \u201eTorfverwertung Dykerhoff\u201c im Poggenmoor bei Neustadt am R\u00fcbenberge (nieders\u00e4chsische Stadt zwischen Hannover und Bremen). Doch die Seilbahn des Heseper Torfwerks h\u00e4tte eine Strecke von mehr als zehn Kilometer \u00fcberbr\u00fccken m\u00fcssen. Neben dem Anschaffungspreis w\u00e4ren die Unterhaltungskosten nicht zu tragen gewesen.<\/p>\n<h3>Ein Seilkran als wirtschaftlichste L\u00f6sung<\/h3>\n<p>Deshalb stellte der Bau einer Werkbahn mit alternativer Emsquerung die wirtschaftlichste L\u00f6sung des Problems dar. Nach dem Ende des Krieges machte Georg Klasmann auf dem Holzlagerplatz eines S\u00e4gewerks in Haltern eine entscheidende Entdeckung: Quer \u00fcber den Platz war ein Stahlseil gespannt, \u00fcber das eine Laufkatze lief. Mit einem Flaschenzug und einer Greifzange konnte sie das Holz anheben und transportieren.<\/p>\n<p>F\u00fcr das Heseper Torfwerk war die L\u00f6sung gefunden: Ein Seilkran sollte die beladenen Werkbahnwaggons an das \u00f6stliche Emsufer bringen und die Torfprodukte im Emshafen entladen.<\/p>\n<p><img loading=\"lazy\" decoding=\"async\" class=\"wp-image-4834 alignright\" src=\"\/\/klasmann-deilmann.com\/wp-content\/uploads\/2016-12-15-BB-Historie_Kabelkran-1024x685.jpg\" alt=\"2016-12-15-bb-historie_kabelkran\" width=\"570\" height=\"381\" srcset=\"https:\/\/klasmann-deilmann.com\/wp-content\/uploads\/2016-12-15-BB-Historie_Kabelkran-1024x685.jpg 1024w, https:\/\/klasmann-deilmann.com\/wp-content\/uploads\/2016-12-15-BB-Historie_Kabelkran-300x201.jpg 300w, https:\/\/klasmann-deilmann.com\/wp-content\/uploads\/2016-12-15-BB-Historie_Kabelkran-768x513.jpg 768w, https:\/\/klasmann-deilmann.com\/wp-content\/uploads\/2016-12-15-BB-Historie_Kabelkran-600x401.jpg 600w, https:\/\/klasmann-deilmann.com\/wp-content\/uploads\/2016-12-15-BB-Historie_Kabelkran-125x84.jpg 125w\" sizes=\"auto, (max-width: 570px) 100vw, 570px\" \/>Kurzerhand wurde mit dem Werkbahnbau begonnen und der Auftrag f\u00fcr die Konstruktion eines Seilkrans vergeben. Und zwar an die Pohlig AG aus K\u00f6ln. Das Unternehmen des deutschen Ingenieurs Julius Pohlig hatte bereits 1908 die erste Kabinen-Seilbahn f\u00fcr den \u00f6ffentlichen Personentransport der Welt in Hongkong sowie 1913 die Seilbahn auf den Zuckerhut in Rio de Janeiro konstruiert und Weltruhm erlangt.<\/p>\n<p>Allein das Tragseil des Krans in Meppen\u00a0\u2013 wegen seines Querschnitts von 6,5 Zentimetern \u201eKabel\u201c genannt\u00a0\u2013 wog bei einer L\u00e4nge von 155 Metern 5,5 Tonnen. Zwischen zwei 20 Meter hohen Seilst\u00fctzen wurde es im Winter 1921 \u00fcber die Ems gespannt. Ein 70 Tonnen schweres Spanngewicht sorgte daf\u00fcr, dass das st\u00e4hlerne Tragseil gespannt blieb und verhinderte ein \u00dcberbelasten durch zu schwere Ladegewichte.<\/p>\n<p>Mit der Umstellung des Versands auf Lkw-Transport in Containern und Stra\u00dfenrollern \u00fcber Gro\u00df Hesepe und Dalum zum Bahnhof Osterbrock ab 1969 wie auch der Einrichtung von Verladeeinrichtungen im Werk selbst wurde der Kabelkran 1971 \u00fcberfl\u00fcssig und am 31. M\u00e4rz 1974 zusammen mit den dazugeh\u00f6rigen Verladeanlagen am Ostufer abgebrochen.<\/p>\n","protected":false},"excerpt":{"rendered":"<p>Kleiner Exkurs in die Klasmann-Deilmann-Historie Im Winter 1921 wurde in Meppen ein sogenannter Kabelkran \u00fcber die Ems gespannt. Dieser stellte die Anbindung des Heseper Torfwerks an den Emshafen Meppen sicher, f\u00fcr das Unternehmen damals sozusagen das Tor zur Welt. Nach dem 1.\u00a0Weltkrieg war die Feldbahnverbindung nach Meppen unumg\u00e4nglich f\u00fcr das Heseper Torfwerk, wollte es dauerhaft expandieren. Denn aufgrund der zu erwartenden Reparationszahlungen war die erhoffte Bahnverbindung von Meppen nach Ter Apel in ungewisse Ferne ger\u00fcckt. Der Emshafen Meppen verf\u00fcgte \u00fcber<\/p>\n","protected":false},"author":8,"featured_media":0,"comment_status":"open","ping_status":"closed","sticky":false,"template":"","format":"standard","meta":{"_acf_changed":false,"inline_featured_image":false,"footnotes":""},"categories":[],"tags":[380,381,372,373,374,375],"class_list":["post-4832","post","type-post","status-publish","format-standard","hentry","tag-1-weltkrieg","tag-zuckerhut","tag-unternehmensgeschichte","tag-heseper-torfwerk","tag-emshafen-meppen","tag-julius-pohlig"],"acf":[],"yoast_head":"<!-- This site is optimized with the Yoast SEO plugin v27.5 - https:\/\/yoast.com\/product\/yoast-seo-wordpress\/ -->\n<title>Vor 95 Jahren wurde der Kabelkran \u00fcber die Ems gespannt - Klasmann-Deilmann<\/title>\n<meta name=\"robots\" content=\"index, follow, max-snippet:-1, max-image-preview:large, max-video-preview:-1\" \/>\n<link rel=\"canonical\" href=\"https:\/\/klasmann-deilmann.com\/de\/vor-95-jahren-wurde-der-kabelkran-ueber-die-ems-gespannt\/\" \/>\n<meta property=\"og:locale\" content=\"de_DE\" \/>\n<meta property=\"og:type\" content=\"article\" \/>\n<meta property=\"og:title\" content=\"Vor 95 Jahren wurde der Kabelkran \u00fcber die Ems gespannt - Klasmann-Deilmann\" \/>\n<meta property=\"og:description\" content=\"Kleiner Exkurs in die Klasmann-Deilmann-Historie Im Winter 1921 wurde in Meppen ein sogenannter Kabelkran \u00fcber die Ems gespannt. Dieser stellte die Anbindung des Heseper Torfwerks an den Emshafen Meppen sicher, f\u00fcr das Unternehmen damals sozusagen das Tor zur Welt. Nach dem 1.\u00a0Weltkrieg war die Feldbahnverbindung nach Meppen unumg\u00e4nglich f\u00fcr das Heseper Torfwerk, wollte es dauerhaft expandieren. Denn aufgrund der zu erwartenden Reparationszahlungen war die erhoffte Bahnverbindung von Meppen nach Ter Apel in ungewisse Ferne ger\u00fcckt. Der Emshafen Meppen verf\u00fcgte \u00fcber\" \/>\n<meta property=\"og:url\" content=\"https:\/\/klasmann-deilmann.com\/de\/vor-95-jahren-wurde-der-kabelkran-ueber-die-ems-gespannt\/\" \/>\n<meta property=\"og:site_name\" content=\"Klasmann-Deilmann\" \/>\n<meta property=\"article:published_time\" content=\"2016-12-16T06:00:45+00:00\" \/>\n<meta property=\"article:modified_time\" content=\"2024-10-09T09:09:51+00:00\" \/>\n<meta name=\"author\" content=\"Dirk R\u00f6se\" \/>\n<meta name=\"twitter:card\" content=\"summary_large_image\" \/>\n<meta name=\"twitter:label1\" content=\"Verfasst von\" \/>\n\t<meta name=\"twitter:data1\" content=\"Dirk R\u00f6se\" \/>\n\t<meta name=\"twitter:label2\" content=\"Gesch\u00e4tzte Lesezeit\" \/>\n\t<meta name=\"twitter:data2\" content=\"3\u00a0Minuten\" \/>\n<script type=\"application\/ld+json\" class=\"yoast-schema-graph\">{\"@context\":\"https:\\\/\\\/schema.org\",\"@graph\":[{\"@type\":\"Article\",\"@id\":\"https:\\\/\\\/klasmann-deilmann.com\\\/de\\\/vor-95-jahren-wurde-der-kabelkran-ueber-die-ems-gespannt\\\/#article\",\"isPartOf\":{\"@id\":\"https:\\\/\\\/klasmann-deilmann.com\\\/de\\\/vor-95-jahren-wurde-der-kabelkran-ueber-die-ems-gespannt\\\/\"},\"author\":{\"name\":\"Dirk R\u00f6se\",\"@id\":\"https:\\\/\\\/klasmann-deilmann.com\\\/en\\\/#\\\/schema\\\/person\\\/2502425feab4548f9995e2f1fa23fb3d\"},\"headline\":\"Vor 95 Jahren wurde der Kabelkran \u00fcber die Ems gespannt\",\"datePublished\":\"2016-12-16T06:00:45+00:00\",\"dateModified\":\"2024-10-09T09:09:51+00:00\",\"mainEntityOfPage\":{\"@id\":\"https:\\\/\\\/klasmann-deilmann.com\\\/de\\\/vor-95-jahren-wurde-der-kabelkran-ueber-die-ems-gespannt\\\/\"},\"wordCount\":514,\"commentCount\":0,\"keywords\":[\"1. Weltkrieg\",\"Zuckerhut\",\"Unternehmensgeschichte\",\"Heseper Torfwerk\",\"Emshafen Meppen\",\"Julius Pohlig\"],\"inLanguage\":\"de\",\"potentialAction\":[{\"@type\":\"CommentAction\",\"name\":\"Comment\",\"target\":[\"https:\\\/\\\/klasmann-deilmann.com\\\/de\\\/vor-95-jahren-wurde-der-kabelkran-ueber-die-ems-gespannt\\\/#respond\"]}]},{\"@type\":\"WebPage\",\"@id\":\"https:\\\/\\\/klasmann-deilmann.com\\\/de\\\/vor-95-jahren-wurde-der-kabelkran-ueber-die-ems-gespannt\\\/\",\"url\":\"https:\\\/\\\/klasmann-deilmann.com\\\/de\\\/vor-95-jahren-wurde-der-kabelkran-ueber-die-ems-gespannt\\\/\",\"name\":\"Vor 95 Jahren wurde der Kabelkran \u00fcber die Ems gespannt - Klasmann-Deilmann\",\"isPartOf\":{\"@id\":\"https:\\\/\\\/klasmann-deilmann.com\\\/en\\\/#website\"},\"datePublished\":\"2016-12-16T06:00:45+00:00\",\"dateModified\":\"2024-10-09T09:09:51+00:00\",\"author\":{\"@id\":\"https:\\\/\\\/klasmann-deilmann.com\\\/en\\\/#\\\/schema\\\/person\\\/2502425feab4548f9995e2f1fa23fb3d\"},\"breadcrumb\":{\"@id\":\"https:\\\/\\\/klasmann-deilmann.com\\\/de\\\/vor-95-jahren-wurde-der-kabelkran-ueber-die-ems-gespannt\\\/#breadcrumb\"},\"inLanguage\":\"de\",\"potentialAction\":[{\"@type\":\"ReadAction\",\"target\":[\"https:\\\/\\\/klasmann-deilmann.com\\\/de\\\/vor-95-jahren-wurde-der-kabelkran-ueber-die-ems-gespannt\\\/\"]}]},{\"@type\":\"BreadcrumbList\",\"@id\":\"https:\\\/\\\/klasmann-deilmann.com\\\/de\\\/vor-95-jahren-wurde-der-kabelkran-ueber-die-ems-gespannt\\\/#breadcrumb\",\"itemListElement\":[{\"@type\":\"ListItem\",\"position\":1,\"name\":\"Home\",\"item\":\"https:\\\/\\\/klasmann-deilmann.com\\\/de\\\/\"},{\"@type\":\"ListItem\",\"position\":2,\"name\":\"Vor 95 Jahren wurde der Kabelkran \u00fcber die Ems gespannt\"}]},{\"@type\":\"WebSite\",\"@id\":\"https:\\\/\\\/klasmann-deilmann.com\\\/en\\\/#website\",\"url\":\"https:\\\/\\\/klasmann-deilmann.com\\\/en\\\/\",\"name\":\"Klasmann-Deilmann\",\"description\":\"\",\"potentialAction\":[{\"@type\":\"SearchAction\",\"target\":{\"@type\":\"EntryPoint\",\"urlTemplate\":\"https:\\\/\\\/klasmann-deilmann.com\\\/en\\\/?s={search_term_string}\"},\"query-input\":{\"@type\":\"PropertyValueSpecification\",\"valueRequired\":true,\"valueName\":\"search_term_string\"}}],\"inLanguage\":\"de\"},{\"@type\":\"Person\",\"@id\":\"https:\\\/\\\/klasmann-deilmann.com\\\/en\\\/#\\\/schema\\\/person\\\/2502425feab4548f9995e2f1fa23fb3d\",\"name\":\"Dirk R\u00f6se\",\"image\":{\"@type\":\"ImageObject\",\"inLanguage\":\"de\",\"@id\":\"https:\\\/\\\/secure.gravatar.com\\\/avatar\\\/850ab4c80e0a5eca25933f2ee062a09ec1d50f1fa10d0057f65f04b9827f102f?s=96&d=mm&r=g\",\"url\":\"https:\\\/\\\/secure.gravatar.com\\\/avatar\\\/850ab4c80e0a5eca25933f2ee062a09ec1d50f1fa10d0057f65f04b9827f102f?s=96&d=mm&r=g\",\"contentUrl\":\"https:\\\/\\\/secure.gravatar.com\\\/avatar\\\/850ab4c80e0a5eca25933f2ee062a09ec1d50f1fa10d0057f65f04b9827f102f?s=96&d=mm&r=g\",\"caption\":\"Dirk R\u00f6se\"},\"sameAs\":[\"http:\\\/\\\/klasmann-deilmann.com\"],\"url\":\"https:\\\/\\\/klasmann-deilmann.com\\\/de\\\/author\\\/dirk-roese\\\/\"}]}<\/script>\n<!-- \/ Yoast SEO plugin. -->","yoast_head_json":{"title":"Vor 95 Jahren wurde der Kabelkran \u00fcber die Ems gespannt - Klasmann-Deilmann","robots":{"index":"index","follow":"follow","max-snippet":"max-snippet:-1","max-image-preview":"max-image-preview:large","max-video-preview":"max-video-preview:-1"},"canonical":"https:\/\/klasmann-deilmann.com\/de\/vor-95-jahren-wurde-der-kabelkran-ueber-die-ems-gespannt\/","og_locale":"de_DE","og_type":"article","og_title":"Vor 95 Jahren wurde der Kabelkran \u00fcber die Ems gespannt - Klasmann-Deilmann","og_description":"Kleiner Exkurs in die Klasmann-Deilmann-Historie Im Winter 1921 wurde in Meppen ein sogenannter Kabelkran \u00fcber die Ems gespannt. Dieser stellte die Anbindung des Heseper Torfwerks an den Emshafen Meppen sicher, f\u00fcr das Unternehmen damals sozusagen das Tor zur Welt. Nach dem 1.\u00a0Weltkrieg war die Feldbahnverbindung nach Meppen unumg\u00e4nglich f\u00fcr das Heseper Torfwerk, wollte es dauerhaft expandieren. Denn aufgrund der zu erwartenden Reparationszahlungen war die erhoffte Bahnverbindung von Meppen nach Ter Apel in ungewisse Ferne ger\u00fcckt. Der Emshafen Meppen verf\u00fcgte \u00fcber","og_url":"https:\/\/klasmann-deilmann.com\/de\/vor-95-jahren-wurde-der-kabelkran-ueber-die-ems-gespannt\/","og_site_name":"Klasmann-Deilmann","article_published_time":"2016-12-16T06:00:45+00:00","article_modified_time":"2024-10-09T09:09:51+00:00","author":"Dirk R\u00f6se","twitter_card":"summary_large_image","twitter_misc":{"Verfasst von":"Dirk R\u00f6se","Gesch\u00e4tzte Lesezeit":"3\u00a0Minuten"},"schema":{"@context":"https:\/\/schema.org","@graph":[{"@type":"Article","@id":"https:\/\/klasmann-deilmann.com\/de\/vor-95-jahren-wurde-der-kabelkran-ueber-die-ems-gespannt\/#article","isPartOf":{"@id":"https:\/\/klasmann-deilmann.com\/de\/vor-95-jahren-wurde-der-kabelkran-ueber-die-ems-gespannt\/"},"author":{"name":"Dirk R\u00f6se","@id":"https:\/\/klasmann-deilmann.com\/en\/#\/schema\/person\/2502425feab4548f9995e2f1fa23fb3d"},"headline":"Vor 95 Jahren wurde der Kabelkran \u00fcber die Ems gespannt","datePublished":"2016-12-16T06:00:45+00:00","dateModified":"2024-10-09T09:09:51+00:00","mainEntityOfPage":{"@id":"https:\/\/klasmann-deilmann.com\/de\/vor-95-jahren-wurde-der-kabelkran-ueber-die-ems-gespannt\/"},"wordCount":514,"commentCount":0,"keywords":["1. Weltkrieg","Zuckerhut","Unternehmensgeschichte","Heseper Torfwerk","Emshafen Meppen","Julius Pohlig"],"inLanguage":"de","potentialAction":[{"@type":"CommentAction","name":"Comment","target":["https:\/\/klasmann-deilmann.com\/de\/vor-95-jahren-wurde-der-kabelkran-ueber-die-ems-gespannt\/#respond"]}]},{"@type":"WebPage","@id":"https:\/\/klasmann-deilmann.com\/de\/vor-95-jahren-wurde-der-kabelkran-ueber-die-ems-gespannt\/","url":"https:\/\/klasmann-deilmann.com\/de\/vor-95-jahren-wurde-der-kabelkran-ueber-die-ems-gespannt\/","name":"Vor 95 Jahren wurde der Kabelkran \u00fcber die Ems gespannt - Klasmann-Deilmann","isPartOf":{"@id":"https:\/\/klasmann-deilmann.com\/en\/#website"},"datePublished":"2016-12-16T06:00:45+00:00","dateModified":"2024-10-09T09:09:51+00:00","author":{"@id":"https:\/\/klasmann-deilmann.com\/en\/#\/schema\/person\/2502425feab4548f9995e2f1fa23fb3d"},"breadcrumb":{"@id":"https:\/\/klasmann-deilmann.com\/de\/vor-95-jahren-wurde-der-kabelkran-ueber-die-ems-gespannt\/#breadcrumb"},"inLanguage":"de","potentialAction":[{"@type":"ReadAction","target":["https:\/\/klasmann-deilmann.com\/de\/vor-95-jahren-wurde-der-kabelkran-ueber-die-ems-gespannt\/"]}]},{"@type":"BreadcrumbList","@id":"https:\/\/klasmann-deilmann.com\/de\/vor-95-jahren-wurde-der-kabelkran-ueber-die-ems-gespannt\/#breadcrumb","itemListElement":[{"@type":"ListItem","position":1,"name":"Home","item":"https:\/\/klasmann-deilmann.com\/de\/"},{"@type":"ListItem","position":2,"name":"Vor 95 Jahren wurde der Kabelkran \u00fcber die Ems gespannt"}]},{"@type":"WebSite","@id":"https:\/\/klasmann-deilmann.com\/en\/#website","url":"https:\/\/klasmann-deilmann.com\/en\/","name":"Klasmann-Deilmann","description":"","potentialAction":[{"@type":"SearchAction","target":{"@type":"EntryPoint","urlTemplate":"https:\/\/klasmann-deilmann.com\/en\/?s={search_term_string}"},"query-input":{"@type":"PropertyValueSpecification","valueRequired":true,"valueName":"search_term_string"}}],"inLanguage":"de"},{"@type":"Person","@id":"https:\/\/klasmann-deilmann.com\/en\/#\/schema\/person\/2502425feab4548f9995e2f1fa23fb3d","name":"Dirk R\u00f6se","image":{"@type":"ImageObject","inLanguage":"de","@id":"https:\/\/secure.gravatar.com\/avatar\/850ab4c80e0a5eca25933f2ee062a09ec1d50f1fa10d0057f65f04b9827f102f?s=96&d=mm&r=g","url":"https:\/\/secure.gravatar.com\/avatar\/850ab4c80e0a5eca25933f2ee062a09ec1d50f1fa10d0057f65f04b9827f102f?s=96&d=mm&r=g","contentUrl":"https:\/\/secure.gravatar.com\/avatar\/850ab4c80e0a5eca25933f2ee062a09ec1d50f1fa10d0057f65f04b9827f102f?s=96&d=mm&r=g","caption":"Dirk R\u00f6se"},"sameAs":["http:\/\/klasmann-deilmann.com"],"url":"https:\/\/klasmann-deilmann.com\/de\/author\/dirk-roese\/"}]}},"_links":{"self":[{"href":"https:\/\/klasmann-deilmann.com\/de\/wp-json\/wp\/v2\/posts\/4832","targetHints":{"allow":["GET"]}}],"collection":[{"href":"https:\/\/klasmann-deilmann.com\/de\/wp-json\/wp\/v2\/posts"}],"about":[{"href":"https:\/\/klasmann-deilmann.com\/de\/wp-json\/wp\/v2\/types\/post"}],"author":[{"embeddable":true,"href":"https:\/\/klasmann-deilmann.com\/de\/wp-json\/wp\/v2\/users\/8"}],"replies":[{"embeddable":true,"href":"https:\/\/klasmann-deilmann.com\/de\/wp-json\/wp\/v2\/comments?post=4832"}],"version-history":[{"count":4,"href":"https:\/\/klasmann-deilmann.com\/de\/wp-json\/wp\/v2\/posts\/4832\/revisions"}],"predecessor-version":[{"id":87194,"href":"https:\/\/klasmann-deilmann.com\/de\/wp-json\/wp\/v2\/posts\/4832\/revisions\/87194"}],"wp:attachment":[{"href":"https:\/\/klasmann-deilmann.com\/de\/wp-json\/wp\/v2\/media?parent=4832"}],"wp:term":[{"taxonomy":"category","embeddable":true,"href":"https:\/\/klasmann-deilmann.com\/de\/wp-json\/wp\/v2\/categories?post=4832"},{"taxonomy":"post_tag","embeddable":true,"href":"https:\/\/klasmann-deilmann.com\/de\/wp-json\/wp\/v2\/tags?post=4832"}],"curies":[{"name":"wp","href":"https:\/\/api.w.org\/{rel}","templated":true}]}}