{"id":4800,"date":"2016-11-30T09:00:19","date_gmt":"2016-11-30T08:00:19","guid":{"rendered":"\/\/klasmann-deilmann.com\/?p=4800"},"modified":"2025-05-13T09:03:42","modified_gmt":"2025-05-13T07:03:42","slug":"zum-tod-von-dr-hans-gerhard-kampf","status":"publish","type":"post","link":"https:\/\/klasmann-deilmann.com\/de\/zum-tod-von-dr-hans-gerhard-kampf\/","title":{"rendered":"Zum Tod von Dr. Hans-Gerhard Kampf"},"content":{"rendered":"<div id=\"attachment_4801\" style=\"width: 142px\" class=\"wp-caption alignright\"><img loading=\"lazy\" decoding=\"async\" aria-describedby=\"caption-attachment-4801\" class=\"wp-image-4801\" src=\"https:\/\/klasmann-deilmann.com\/wp-content\/uploads\/2016-11-28-Blogbeitrag-Nachruf-Dr-Kampf-01.jpg\" width=\"132\" height=\"188\" srcset=\"https:\/\/klasmann-deilmann.com\/wp-content\/uploads\/2016-11-28-Blogbeitrag-Nachruf-Dr-Kampf-01.jpg 1000w, https:\/\/klasmann-deilmann.com\/wp-content\/uploads\/2016-11-28-Blogbeitrag-Nachruf-Dr-Kampf-01-211x300.jpg 211w, https:\/\/klasmann-deilmann.com\/wp-content\/uploads\/2016-11-28-Blogbeitrag-Nachruf-Dr-Kampf-01-768x1094.jpg 768w, https:\/\/klasmann-deilmann.com\/wp-content\/uploads\/2016-11-28-Blogbeitrag-Nachruf-Dr-Kampf-01-719x1024.jpg 719w, https:\/\/klasmann-deilmann.com\/wp-content\/uploads\/2016-11-28-Blogbeitrag-Nachruf-Dr-Kampf-01-421x600.jpg 421w, https:\/\/klasmann-deilmann.com\/wp-content\/uploads\/2016-11-28-Blogbeitrag-Nachruf-Dr-Kampf-01-88x125.jpg 88w\" sizes=\"auto, (max-width: 132px) 100vw, 132px\" \/><\/p>\n<p id=\"caption-attachment-4801\" class=\"wp-caption-text\">Dr. Hans-Gerhard Kampf in den 1980er Jahren als Gesch\u00e4ftsf\u00fchrer der Klasmann Werke.<\/p>\n<\/div>\n<p>Wir trauern um unseren ehemaligen Gesch\u00e4ftsf\u00fchrer Herrn Dr.-Ing. Hans-Gerhard Kampf, der am 19. November 2016 im Alter von 93 Jahren verstarb.<\/p>\n<p>Dr. Kampf war w\u00e4hrend seiner 32-j\u00e4hrigen Zugeh\u00f6rigkeit zur fr\u00fcheren Heseper Torfwerk GmbH und sp\u00e4teren Klasmann Werke GmbH in leitender Funktion und dabei von 1971 bis zu seinem Austritt im Jahr 1988 als technischer Gesch\u00e4ftsf\u00fchrer t\u00e4tig. \u201eMit Dr. Kampf verlieren wir eine Pers\u00f6nlichkeit, die unser Unternehmen nach innen und au\u00dfen dauerhaft gepr\u00e4gt hat, einen Menschen, der in der Belegschaft und \u00fcber das Unternehmen hinaus gro\u00dfen Respekt erfuhr\u201c, so Norbert Siebels und Moritz B\u00f6cking, Gesch\u00e4ftsf\u00fchrer der Klasmann-Deilmann-Gruppe. \u201eEr leitete unser Unternehmen mit gro\u00dfem Engagement und Weitblick und trug damit ma\u00dfgeblich zu unserem Erfolg bei.\u201c<\/p>\n<p>Dr. Hans-Gerhard Kampf wurde am 17. November 1923 geboren, promovierte in Ingenieurswissenschaften und trat \u2013 noch zu Lebzeiten unseres Unternehmensgr\u00fcnders Georg Klasmann \u2013 am 16. Juli 1956 in die damalige Heseper Torfwerk GmbH ein. In einer Anekdote \u00fcber das Bewerbungsgespr\u00e4ch mit Dr. Kampf wird Georg Klasmann mit den Worten zitiert: \u201eEs war alles in Ordnung, nur, dass er noch nach der Arbeitszeit gefragt hat, gibt mir doch zu denken. Aber ich glaube, er ist wohl brauchbar!\u201c Dr. Kampf leitete zun\u00e4chst das technische B\u00fcro und wurde am 26. September 1961 zum Prokuristen bestellt, zu einer Zeit also, als der Maschinenbau zu einem wesentlichen Gesch\u00e4ftsfeld des Unternehmens z\u00e4hlte. Da er der erste Mitarbeiter mit Doktortitel im Unternehmen war, wurde er schon bald nur noch \u201eder Doktor\u201c genannt.<\/p>\n<div id=\"attachment_4802\" style=\"width: 204px\" class=\"wp-caption alignleft\"><img loading=\"lazy\" decoding=\"async\" aria-describedby=\"caption-attachment-4802\" class=\"wp-image-4802\" src=\"https:\/\/klasmann-deilmann.com\/wp-content\/uploads\/2016-11-28-Blogbeitrag-Nachruf-Dr-Kampf-02.jpg\" width=\"194\" height=\"131\" srcset=\"https:\/\/klasmann-deilmann.com\/wp-content\/uploads\/2016-11-28-Blogbeitrag-Nachruf-Dr-Kampf-02.jpg 1600w, https:\/\/klasmann-deilmann.com\/wp-content\/uploads\/2016-11-28-Blogbeitrag-Nachruf-Dr-Kampf-02-300x203.jpg 300w, https:\/\/klasmann-deilmann.com\/wp-content\/uploads\/2016-11-28-Blogbeitrag-Nachruf-Dr-Kampf-02-768x518.jpg 768w, https:\/\/klasmann-deilmann.com\/wp-content\/uploads\/2016-11-28-Blogbeitrag-Nachruf-Dr-Kampf-02-1024x691.jpg 1024w, https:\/\/klasmann-deilmann.com\/wp-content\/uploads\/2016-11-28-Blogbeitrag-Nachruf-Dr-Kampf-02-600x405.jpg 600w, https:\/\/klasmann-deilmann.com\/wp-content\/uploads\/2016-11-28-Blogbeitrag-Nachruf-Dr-Kampf-02-125x84.jpg 125w\" sizes=\"auto, (max-width: 194px) 100vw, 194px\" \/><\/p>\n<p id=\"caption-attachment-4802\" class=\"wp-caption-text\">Dr. Kampf in den fr\u00fchen 1960er Jahren auf dem Weg nach Schottland.<\/p>\n<\/div>\n<p>1971 wurde die Unternehmensgruppe neu strukturiert und in Klasmann Werke GmbH umfirmiert. Am 29. Juni des Jahres berief man Dr. Kampf in die Gesch\u00e4ftsf\u00fchrung. Von 1972 bis 1988 geh\u00f6rte er \u00fcberdies dem Aufsichtsrat der Torfforschung GmbH an und vertrat von 1972 bis 1988 als Mitglied der Deutschen Gesellschaft f\u00fcr Moor- und Torfkunde (DGMT) die Interessen der deutschen Torfindustrie und -wissenschaft im Vorstand der International Peat Society (heute International Peatland Society, IPS). Am 30. Juni 1988 schied Dr. Kampf aus unserem Unternehmen aus und trat in den wohlverdienten Ruhestand. In einer der Abschiedsreden jener Tage hie\u00df es anerkennend \u00fcber die Art und Weise, wie Dr. Kampf seine Meinung \u00e4u\u00dferte: \u201eSie l\u00e4sst gemessen auf sich warten, frappiert, wenn sie kommt, durch geruhsame Klarheit und verbl\u00fcfft oft durch unbek\u00fcmmerte Direktheit.\u201c<\/p>\n<div id=\"attachment_4803\" style=\"width: 239px\" class=\"wp-caption alignright\"><img loading=\"lazy\" decoding=\"async\" aria-describedby=\"caption-attachment-4803\" class=\"wp-image-4803\" src=\"https:\/\/klasmann-deilmann.com\/wp-content\/uploads\/2016-11-28-Blogbeitrag-Nachruf-Dr-Kampf-03.jpg\" width=\"229\" height=\"154\" srcset=\"https:\/\/klasmann-deilmann.com\/wp-content\/uploads\/2016-11-28-Blogbeitrag-Nachruf-Dr-Kampf-03.jpg 1600w, https:\/\/klasmann-deilmann.com\/wp-content\/uploads\/2016-11-28-Blogbeitrag-Nachruf-Dr-Kampf-03-300x203.jpg 300w, https:\/\/klasmann-deilmann.com\/wp-content\/uploads\/2016-11-28-Blogbeitrag-Nachruf-Dr-Kampf-03-768x518.jpg 768w, https:\/\/klasmann-deilmann.com\/wp-content\/uploads\/2016-11-28-Blogbeitrag-Nachruf-Dr-Kampf-03-1024x691.jpg 1024w, https:\/\/klasmann-deilmann.com\/wp-content\/uploads\/2016-11-28-Blogbeitrag-Nachruf-Dr-Kampf-03-600x405.jpg 600w, https:\/\/klasmann-deilmann.com\/wp-content\/uploads\/2016-11-28-Blogbeitrag-Nachruf-Dr-Kampf-03-125x84.jpg 125w\" sizes=\"auto, (max-width: 229px) 100vw, 229px\" \/><\/p>\n<p id=\"caption-attachment-4803\" class=\"wp-caption-text\">Die sp\u00e4teren Gesch\u00e4ftsf\u00fchrer Ernst Siebels und Dr. Hans-Gerhard Kampf (rechts) auf dem Flug nach Schottland.<\/p>\n<\/div>\n<p>Die Mitarbeiterinnen und Mitarbeiter unseres Unternehmens sch\u00e4tzten ihn f\u00fcr seine menschliche Gr\u00f6\u00dfe, seine humorvolle Art und seine unersch\u00fctterliche Gelassenheit. Bei seiner Verabschiedung wird auch dieser Charakterzug betont, der \u201emitentscheidend f\u00fcr deine Erfolge war. Das ist deine Beliebtheit bei den Mitarbeitern im Betrieb und der Respekt, den man dir entgegenbringt. Das wird z. B. dadurch deutlich, dass fast alle Mitarbeiter, wenn sie von dir reden, nicht etwa Dr. Kampf zitieren, sondern sagen: &#8222;Gao doch nao de Dokter&#8220; oder &#8222;de Dokter heff s\u00e4gt&#8220;.<\/p>\n<p>Wir bewahren Dr. Hans-Gerhard Kampf ein ehrendes Andenken.<\/p>\n","protected":false},"excerpt":{"rendered":"<p>Wir trauern um unseren ehemaligen Gesch\u00e4ftsf\u00fchrer Herrn Dr.-Ing. Hans-Gerhard Kampf, der am 19. November 2016 im Alter von 93 Jahren verstarb. Dr. Kampf war w\u00e4hrend seiner 32-j\u00e4hrigen Zugeh\u00f6rigkeit zur fr\u00fcheren Heseper Torfwerk GmbH und sp\u00e4teren Klasmann Werke GmbH in leitender Funktion und dabei von 1971 bis zu seinem Austritt im Jahr 1988 als technischer Gesch\u00e4ftsf\u00fchrer t\u00e4tig. \u201eMit Dr. Kampf verlieren wir eine Pers\u00f6nlichkeit, die unser Unternehmen nach innen und au\u00dfen dauerhaft gepr\u00e4gt hat, einen Menschen, der in der Belegschaft und<\/p>\n","protected":false},"author":8,"featured_media":0,"comment_status":"open","ping_status":"closed","sticky":false,"template":"","format":"standard","meta":{"_acf_changed":false,"inline_featured_image":false,"footnotes":""},"categories":[],"tags":[],"class_list":["post-4800","post","type-post","status-publish","format-standard","hentry"],"acf":[],"yoast_head":"<!-- This site is optimized with the Yoast SEO plugin v27.5 - https:\/\/yoast.com\/product\/yoast-seo-wordpress\/ -->\n<title>Zum Tod von Dr. Hans-Gerhard Kampf - Klasmann-Deilmann<\/title>\n<meta name=\"robots\" content=\"index, follow, max-snippet:-1, max-image-preview:large, max-video-preview:-1\" \/>\n<link rel=\"canonical\" href=\"https:\/\/klasmann-deilmann.com\/de\/zum-tod-von-dr-hans-gerhard-kampf\/\" \/>\n<meta property=\"og:locale\" content=\"de_DE\" \/>\n<meta property=\"og:type\" content=\"article\" \/>\n<meta property=\"og:title\" content=\"Zum Tod von Dr. Hans-Gerhard Kampf - Klasmann-Deilmann\" \/>\n<meta property=\"og:description\" content=\"Wir trauern um unseren ehemaligen Gesch\u00e4ftsf\u00fchrer Herrn Dr.-Ing. Hans-Gerhard Kampf, der am 19. November 2016 im Alter von 93 Jahren verstarb. Dr. Kampf war w\u00e4hrend seiner 32-j\u00e4hrigen Zugeh\u00f6rigkeit zur fr\u00fcheren Heseper Torfwerk GmbH und sp\u00e4teren Klasmann Werke GmbH in leitender Funktion und dabei von 1971 bis zu seinem Austritt im Jahr 1988 als technischer Gesch\u00e4ftsf\u00fchrer t\u00e4tig. \u201eMit Dr. Kampf verlieren wir eine Pers\u00f6nlichkeit, die unser Unternehmen nach innen und au\u00dfen dauerhaft gepr\u00e4gt hat, einen Menschen, der in der Belegschaft und\" \/>\n<meta property=\"og:url\" content=\"https:\/\/klasmann-deilmann.com\/de\/zum-tod-von-dr-hans-gerhard-kampf\/\" \/>\n<meta property=\"og:site_name\" content=\"Klasmann-Deilmann\" \/>\n<meta property=\"article:published_time\" content=\"2016-11-30T08:00:19+00:00\" \/>\n<meta property=\"article:modified_time\" content=\"2025-05-13T07:03:42+00:00\" \/>\n<meta property=\"og:image\" content=\"https:\/\/klasmann-deilmann.com\/wp-content\/uploads\/2016-11-28-Blogbeitrag-Nachruf-Dr-Kampf-01.jpg\" \/>\n\t<meta property=\"og:image:width\" content=\"1000\" \/>\n\t<meta property=\"og:image:height\" content=\"1425\" \/>\n\t<meta property=\"og:image:type\" content=\"image\/jpeg\" \/>\n<meta name=\"author\" content=\"Dirk R\u00f6se\" \/>\n<meta name=\"twitter:card\" content=\"summary_large_image\" \/>\n<meta name=\"twitter:label1\" content=\"Verfasst von\" \/>\n\t<meta name=\"twitter:data1\" content=\"Dirk R\u00f6se\" \/>\n\t<meta name=\"twitter:label2\" content=\"Gesch\u00e4tzte Lesezeit\" \/>\n\t<meta name=\"twitter:data2\" content=\"3\u00a0Minuten\" \/>\n<script type=\"application\/ld+json\" class=\"yoast-schema-graph\">{\"@context\":\"https:\\\/\\\/schema.org\",\"@graph\":[{\"@type\":\"Article\",\"@id\":\"https:\\\/\\\/klasmann-deilmann.com\\\/de\\\/zum-tod-von-dr-hans-gerhard-kampf\\\/#article\",\"isPartOf\":{\"@id\":\"https:\\\/\\\/klasmann-deilmann.com\\\/de\\\/zum-tod-von-dr-hans-gerhard-kampf\\\/\"},\"author\":{\"name\":\"Dirk R\u00f6se\",\"@id\":\"https:\\\/\\\/klasmann-deilmann.com\\\/en\\\/#\\\/schema\\\/person\\\/2502425feab4548f9995e2f1fa23fb3d\"},\"headline\":\"Zum Tod von Dr. Hans-Gerhard Kampf\",\"datePublished\":\"2016-11-30T08:00:19+00:00\",\"dateModified\":\"2025-05-13T07:03:42+00:00\",\"mainEntityOfPage\":{\"@id\":\"https:\\\/\\\/klasmann-deilmann.com\\\/de\\\/zum-tod-von-dr-hans-gerhard-kampf\\\/\"},\"wordCount\":545,\"commentCount\":0,\"image\":{\"@id\":\"https:\\\/\\\/klasmann-deilmann.com\\\/de\\\/zum-tod-von-dr-hans-gerhard-kampf\\\/#primaryimage\"},\"thumbnailUrl\":\"https:\\\/\\\/klasmann-deilmann.com\\\/wp-content\\\/uploads\\\/2016-11-28-Blogbeitrag-Nachruf-Dr-Kampf-01.jpg\",\"inLanguage\":\"de\",\"potentialAction\":[{\"@type\":\"CommentAction\",\"name\":\"Comment\",\"target\":[\"https:\\\/\\\/klasmann-deilmann.com\\\/de\\\/zum-tod-von-dr-hans-gerhard-kampf\\\/#respond\"]}]},{\"@type\":\"WebPage\",\"@id\":\"https:\\\/\\\/klasmann-deilmann.com\\\/de\\\/zum-tod-von-dr-hans-gerhard-kampf\\\/\",\"url\":\"https:\\\/\\\/klasmann-deilmann.com\\\/de\\\/zum-tod-von-dr-hans-gerhard-kampf\\\/\",\"name\":\"Zum Tod von Dr. Hans-Gerhard Kampf - Klasmann-Deilmann\",\"isPartOf\":{\"@id\":\"https:\\\/\\\/klasmann-deilmann.com\\\/en\\\/#website\"},\"primaryImageOfPage\":{\"@id\":\"https:\\\/\\\/klasmann-deilmann.com\\\/de\\\/zum-tod-von-dr-hans-gerhard-kampf\\\/#primaryimage\"},\"image\":{\"@id\":\"https:\\\/\\\/klasmann-deilmann.com\\\/de\\\/zum-tod-von-dr-hans-gerhard-kampf\\\/#primaryimage\"},\"thumbnailUrl\":\"https:\\\/\\\/klasmann-deilmann.com\\\/wp-content\\\/uploads\\\/2016-11-28-Blogbeitrag-Nachruf-Dr-Kampf-01.jpg\",\"datePublished\":\"2016-11-30T08:00:19+00:00\",\"dateModified\":\"2025-05-13T07:03:42+00:00\",\"author\":{\"@id\":\"https:\\\/\\\/klasmann-deilmann.com\\\/en\\\/#\\\/schema\\\/person\\\/2502425feab4548f9995e2f1fa23fb3d\"},\"breadcrumb\":{\"@id\":\"https:\\\/\\\/klasmann-deilmann.com\\\/de\\\/zum-tod-von-dr-hans-gerhard-kampf\\\/#breadcrumb\"},\"inLanguage\":\"de\",\"potentialAction\":[{\"@type\":\"ReadAction\",\"target\":[\"https:\\\/\\\/klasmann-deilmann.com\\\/de\\\/zum-tod-von-dr-hans-gerhard-kampf\\\/\"]}]},{\"@type\":\"ImageObject\",\"inLanguage\":\"de\",\"@id\":\"https:\\\/\\\/klasmann-deilmann.com\\\/de\\\/zum-tod-von-dr-hans-gerhard-kampf\\\/#primaryimage\",\"url\":\"https:\\\/\\\/klasmann-deilmann.com\\\/wp-content\\\/uploads\\\/2016-11-28-Blogbeitrag-Nachruf-Dr-Kampf-01.jpg\",\"contentUrl\":\"https:\\\/\\\/klasmann-deilmann.com\\\/wp-content\\\/uploads\\\/2016-11-28-Blogbeitrag-Nachruf-Dr-Kampf-01.jpg\"},{\"@type\":\"BreadcrumbList\",\"@id\":\"https:\\\/\\\/klasmann-deilmann.com\\\/de\\\/zum-tod-von-dr-hans-gerhard-kampf\\\/#breadcrumb\",\"itemListElement\":[{\"@type\":\"ListItem\",\"position\":1,\"name\":\"Home\",\"item\":\"https:\\\/\\\/klasmann-deilmann.com\\\/de\\\/\"},{\"@type\":\"ListItem\",\"position\":2,\"name\":\"Zum Tod von Dr. Hans-Gerhard Kampf\"}]},{\"@type\":\"WebSite\",\"@id\":\"https:\\\/\\\/klasmann-deilmann.com\\\/en\\\/#website\",\"url\":\"https:\\\/\\\/klasmann-deilmann.com\\\/en\\\/\",\"name\":\"Klasmann-Deilmann\",\"description\":\"\",\"potentialAction\":[{\"@type\":\"SearchAction\",\"target\":{\"@type\":\"EntryPoint\",\"urlTemplate\":\"https:\\\/\\\/klasmann-deilmann.com\\\/en\\\/?s={search_term_string}\"},\"query-input\":{\"@type\":\"PropertyValueSpecification\",\"valueRequired\":true,\"valueName\":\"search_term_string\"}}],\"inLanguage\":\"de\"},{\"@type\":\"Person\",\"@id\":\"https:\\\/\\\/klasmann-deilmann.com\\\/en\\\/#\\\/schema\\\/person\\\/2502425feab4548f9995e2f1fa23fb3d\",\"name\":\"Dirk R\u00f6se\",\"image\":{\"@type\":\"ImageObject\",\"inLanguage\":\"de\",\"@id\":\"https:\\\/\\\/secure.gravatar.com\\\/avatar\\\/850ab4c80e0a5eca25933f2ee062a09ec1d50f1fa10d0057f65f04b9827f102f?s=96&d=mm&r=g\",\"url\":\"https:\\\/\\\/secure.gravatar.com\\\/avatar\\\/850ab4c80e0a5eca25933f2ee062a09ec1d50f1fa10d0057f65f04b9827f102f?s=96&d=mm&r=g\",\"contentUrl\":\"https:\\\/\\\/secure.gravatar.com\\\/avatar\\\/850ab4c80e0a5eca25933f2ee062a09ec1d50f1fa10d0057f65f04b9827f102f?s=96&d=mm&r=g\",\"caption\":\"Dirk R\u00f6se\"},\"sameAs\":[\"http:\\\/\\\/klasmann-deilmann.com\"],\"url\":\"https:\\\/\\\/klasmann-deilmann.com\\\/de\\\/author\\\/dirk-roese\\\/\"}]}<\/script>\n<!-- \/ Yoast SEO plugin. -->","yoast_head_json":{"title":"Zum Tod von Dr. Hans-Gerhard Kampf - Klasmann-Deilmann","robots":{"index":"index","follow":"follow","max-snippet":"max-snippet:-1","max-image-preview":"max-image-preview:large","max-video-preview":"max-video-preview:-1"},"canonical":"https:\/\/klasmann-deilmann.com\/de\/zum-tod-von-dr-hans-gerhard-kampf\/","og_locale":"de_DE","og_type":"article","og_title":"Zum Tod von Dr. Hans-Gerhard Kampf - Klasmann-Deilmann","og_description":"Wir trauern um unseren ehemaligen Gesch\u00e4ftsf\u00fchrer Herrn Dr.-Ing. Hans-Gerhard Kampf, der am 19. November 2016 im Alter von 93 Jahren verstarb. Dr. Kampf war w\u00e4hrend seiner 32-j\u00e4hrigen Zugeh\u00f6rigkeit zur fr\u00fcheren Heseper Torfwerk GmbH und sp\u00e4teren Klasmann Werke GmbH in leitender Funktion und dabei von 1971 bis zu seinem Austritt im Jahr 1988 als technischer Gesch\u00e4ftsf\u00fchrer t\u00e4tig. \u201eMit Dr. Kampf verlieren wir eine Pers\u00f6nlichkeit, die unser Unternehmen nach innen und au\u00dfen dauerhaft gepr\u00e4gt hat, einen Menschen, der in der Belegschaft und","og_url":"https:\/\/klasmann-deilmann.com\/de\/zum-tod-von-dr-hans-gerhard-kampf\/","og_site_name":"Klasmann-Deilmann","article_published_time":"2016-11-30T08:00:19+00:00","article_modified_time":"2025-05-13T07:03:42+00:00","og_image":[{"width":1000,"height":1425,"url":"https:\/\/klasmann-deilmann.com\/wp-content\/uploads\/2016-11-28-Blogbeitrag-Nachruf-Dr-Kampf-01.jpg","type":"image\/jpeg"}],"author":"Dirk R\u00f6se","twitter_card":"summary_large_image","twitter_misc":{"Verfasst von":"Dirk R\u00f6se","Gesch\u00e4tzte Lesezeit":"3\u00a0Minuten"},"schema":{"@context":"https:\/\/schema.org","@graph":[{"@type":"Article","@id":"https:\/\/klasmann-deilmann.com\/de\/zum-tod-von-dr-hans-gerhard-kampf\/#article","isPartOf":{"@id":"https:\/\/klasmann-deilmann.com\/de\/zum-tod-von-dr-hans-gerhard-kampf\/"},"author":{"name":"Dirk R\u00f6se","@id":"https:\/\/klasmann-deilmann.com\/en\/#\/schema\/person\/2502425feab4548f9995e2f1fa23fb3d"},"headline":"Zum Tod von Dr. Hans-Gerhard Kampf","datePublished":"2016-11-30T08:00:19+00:00","dateModified":"2025-05-13T07:03:42+00:00","mainEntityOfPage":{"@id":"https:\/\/klasmann-deilmann.com\/de\/zum-tod-von-dr-hans-gerhard-kampf\/"},"wordCount":545,"commentCount":0,"image":{"@id":"https:\/\/klasmann-deilmann.com\/de\/zum-tod-von-dr-hans-gerhard-kampf\/#primaryimage"},"thumbnailUrl":"https:\/\/klasmann-deilmann.com\/wp-content\/uploads\/2016-11-28-Blogbeitrag-Nachruf-Dr-Kampf-01.jpg","inLanguage":"de","potentialAction":[{"@type":"CommentAction","name":"Comment","target":["https:\/\/klasmann-deilmann.com\/de\/zum-tod-von-dr-hans-gerhard-kampf\/#respond"]}]},{"@type":"WebPage","@id":"https:\/\/klasmann-deilmann.com\/de\/zum-tod-von-dr-hans-gerhard-kampf\/","url":"https:\/\/klasmann-deilmann.com\/de\/zum-tod-von-dr-hans-gerhard-kampf\/","name":"Zum Tod von Dr. Hans-Gerhard Kampf - Klasmann-Deilmann","isPartOf":{"@id":"https:\/\/klasmann-deilmann.com\/en\/#website"},"primaryImageOfPage":{"@id":"https:\/\/klasmann-deilmann.com\/de\/zum-tod-von-dr-hans-gerhard-kampf\/#primaryimage"},"image":{"@id":"https:\/\/klasmann-deilmann.com\/de\/zum-tod-von-dr-hans-gerhard-kampf\/#primaryimage"},"thumbnailUrl":"https:\/\/klasmann-deilmann.com\/wp-content\/uploads\/2016-11-28-Blogbeitrag-Nachruf-Dr-Kampf-01.jpg","datePublished":"2016-11-30T08:00:19+00:00","dateModified":"2025-05-13T07:03:42+00:00","author":{"@id":"https:\/\/klasmann-deilmann.com\/en\/#\/schema\/person\/2502425feab4548f9995e2f1fa23fb3d"},"breadcrumb":{"@id":"https:\/\/klasmann-deilmann.com\/de\/zum-tod-von-dr-hans-gerhard-kampf\/#breadcrumb"},"inLanguage":"de","potentialAction":[{"@type":"ReadAction","target":["https:\/\/klasmann-deilmann.com\/de\/zum-tod-von-dr-hans-gerhard-kampf\/"]}]},{"@type":"ImageObject","inLanguage":"de","@id":"https:\/\/klasmann-deilmann.com\/de\/zum-tod-von-dr-hans-gerhard-kampf\/#primaryimage","url":"https:\/\/klasmann-deilmann.com\/wp-content\/uploads\/2016-11-28-Blogbeitrag-Nachruf-Dr-Kampf-01.jpg","contentUrl":"https:\/\/klasmann-deilmann.com\/wp-content\/uploads\/2016-11-28-Blogbeitrag-Nachruf-Dr-Kampf-01.jpg"},{"@type":"BreadcrumbList","@id":"https:\/\/klasmann-deilmann.com\/de\/zum-tod-von-dr-hans-gerhard-kampf\/#breadcrumb","itemListElement":[{"@type":"ListItem","position":1,"name":"Home","item":"https:\/\/klasmann-deilmann.com\/de\/"},{"@type":"ListItem","position":2,"name":"Zum Tod von Dr. Hans-Gerhard Kampf"}]},{"@type":"WebSite","@id":"https:\/\/klasmann-deilmann.com\/en\/#website","url":"https:\/\/klasmann-deilmann.com\/en\/","name":"Klasmann-Deilmann","description":"","potentialAction":[{"@type":"SearchAction","target":{"@type":"EntryPoint","urlTemplate":"https:\/\/klasmann-deilmann.com\/en\/?s={search_term_string}"},"query-input":{"@type":"PropertyValueSpecification","valueRequired":true,"valueName":"search_term_string"}}],"inLanguage":"de"},{"@type":"Person","@id":"https:\/\/klasmann-deilmann.com\/en\/#\/schema\/person\/2502425feab4548f9995e2f1fa23fb3d","name":"Dirk R\u00f6se","image":{"@type":"ImageObject","inLanguage":"de","@id":"https:\/\/secure.gravatar.com\/avatar\/850ab4c80e0a5eca25933f2ee062a09ec1d50f1fa10d0057f65f04b9827f102f?s=96&d=mm&r=g","url":"https:\/\/secure.gravatar.com\/avatar\/850ab4c80e0a5eca25933f2ee062a09ec1d50f1fa10d0057f65f04b9827f102f?s=96&d=mm&r=g","contentUrl":"https:\/\/secure.gravatar.com\/avatar\/850ab4c80e0a5eca25933f2ee062a09ec1d50f1fa10d0057f65f04b9827f102f?s=96&d=mm&r=g","caption":"Dirk R\u00f6se"},"sameAs":["http:\/\/klasmann-deilmann.com"],"url":"https:\/\/klasmann-deilmann.com\/de\/author\/dirk-roese\/"}]}},"_links":{"self":[{"href":"https:\/\/klasmann-deilmann.com\/de\/wp-json\/wp\/v2\/posts\/4800","targetHints":{"allow":["GET"]}}],"collection":[{"href":"https:\/\/klasmann-deilmann.com\/de\/wp-json\/wp\/v2\/posts"}],"about":[{"href":"https:\/\/klasmann-deilmann.com\/de\/wp-json\/wp\/v2\/types\/post"}],"author":[{"embeddable":true,"href":"https:\/\/klasmann-deilmann.com\/de\/wp-json\/wp\/v2\/users\/8"}],"replies":[{"embeddable":true,"href":"https:\/\/klasmann-deilmann.com\/de\/wp-json\/wp\/v2\/comments?post=4800"}],"version-history":[{"count":3,"href":"https:\/\/klasmann-deilmann.com\/de\/wp-json\/wp\/v2\/posts\/4800\/revisions"}],"predecessor-version":[{"id":90102,"href":"https:\/\/klasmann-deilmann.com\/de\/wp-json\/wp\/v2\/posts\/4800\/revisions\/90102"}],"wp:attachment":[{"href":"https:\/\/klasmann-deilmann.com\/de\/wp-json\/wp\/v2\/media?parent=4800"}],"wp:term":[{"taxonomy":"category","embeddable":true,"href":"https:\/\/klasmann-deilmann.com\/de\/wp-json\/wp\/v2\/categories?post=4800"},{"taxonomy":"post_tag","embeddable":true,"href":"https:\/\/klasmann-deilmann.com\/de\/wp-json\/wp\/v2\/tags?post=4800"}],"curies":[{"name":"wp","href":"https:\/\/api.w.org\/{rel}","templated":true}]}}