{"id":38542,"date":"2021-07-28T16:03:21","date_gmt":"2021-07-28T14:03:21","guid":{"rendered":"https:\/\/klasmann-deilmann.com\/?p=38542"},"modified":"2021-11-11T09:23:57","modified_gmt":"2021-11-11T08:23:57","slug":"klasmann-deilmann-unterstuetzt-aktion-der-wirtschaftsjunioren","status":"publish","type":"post","link":"https:\/\/klasmann-deilmann.com\/de\/klasmann-deilmann-unterstuetzt-aktion-der-wirtschaftsjunioren\/","title":{"rendered":"Klasmann-Deilmann unterst\u00fctzt Aktion der Wirtschaftsjunioren"},"content":{"rendered":"<p><img loading=\"lazy\" decoding=\"async\" width=\"1500\" height=\"1000\" class=\"alignnone size-full wp-image-38543\" src=\"\/wp-content\/uploads\/2021-07-27-Spende-fuer-die-WJ.jpg\" alt=\"\" srcset=\"https:\/\/klasmann-deilmann.com\/wp-content\/uploads\/2021-07-27-Spende-fuer-die-WJ.jpg 1500w, https:\/\/klasmann-deilmann.com\/wp-content\/uploads\/2021-07-27-Spende-fuer-die-WJ-300x200.jpg 300w, https:\/\/klasmann-deilmann.com\/wp-content\/uploads\/2021-07-27-Spende-fuer-die-WJ-1024x683.jpg 1024w, https:\/\/klasmann-deilmann.com\/wp-content\/uploads\/2021-07-27-Spende-fuer-die-WJ-768x512.jpg 768w\" sizes=\"auto, (max-width: 1500px) 100vw, 1500px\" \/><\/p>\n<p><strong>Die Flutkatastrophe in Deutschland h\u00e4lt alle in Atem. Die Bilder der Verw\u00fcstung gehen zurzeit durch die Medien, doch richtig begreifen k\u00f6nnen wir es immer noch nicht. Was die Menschen jetzt brauchen, ist schnelle Hilfe! <\/strong><\/p>\n<p>Die Gesch\u00e4ftsf\u00fchrer Niklas Schulte und Lukas Augustin von der Firma Schulte und der Firma Augustin sind in der vergangenen Woche mit ihren Maschinen und einigen Mitarbeitenden nach Ehlingen, das in Rheinland-Pfalz liegt, gefahren, damit sie vor Ort helfen k\u00f6nnen. Sie haben genau die Maschinen und Materialien, die gebraucht werden, um die Arbeiten voranzubringen.<\/p>\n<p>Die beiden Gesch\u00e4ftsf\u00fchrer sind Mitglieder der Wirtschaftsjunioren Emsland-Grafschaft Bentheim und haben sich in den ersten Tagen einen genauen \u00dcberblick \u00fcber die Situation verschafft. Die Infrastruktur vor Ort ist komplett zusammengebrochen, weshalb dringend weitere Hilfen von au\u00dferhalb ben\u00f6tigt werden.&nbsp;<\/p>\n<p>Damit die Arbeiten auch zuk\u00fcnftig weitergehen k\u00f6nnen, wird dringen Diesel ben\u00f6tigt. Die Wirtschaftsjunioren haben sich daher dazu entschieden, einen Tanklastzug Diesel an die betroffene Stelle zu schicken. Damit sie dieses Vorhaben realisieren k\u00f6nnen, werden insgesamt 30.000 \u20ac ben\u00f6tigt.<\/p>\n<p>Wir haben uns dazu entschieden, diese Aktion mit 2.000 \u20ac zu unterst\u00fctzen. In Zeiten wie diesen, ist der Zusammenhalt untereinander wichtig und wir danken den Wirtschaftsjunioren f\u00fcr ihren vorbildlichen Einsatz.<\/p>\n<p>Wir w\u00fcnschen allen betroffenen Personen weiterhin viel Kraft und k\u00f6nnen nur hoffen, dass sich die Lage so schnell wie m\u00f6glich verbessert.<\/p>\n","protected":false},"excerpt":{"rendered":"<p>Die Flutkatastrophe in Deutschland h\u00e4lt alle in Atem. Die Bilder der Verw\u00fcstung gehen zurzeit durch die Medien, doch richtig begreifen k\u00f6nnen wir es immer noch nicht. Was die Menschen jetzt brauchen, ist schnelle Hilfe! Die Gesch\u00e4ftsf\u00fchrer Niklas Schulte und Lukas Augustin von der Firma Schulte und der Firma Augustin sind in der vergangenen Woche mit ihren Maschinen und einigen Mitarbeitenden nach Ehlingen, das in Rheinland-Pfalz liegt, gefahren, damit sie vor Ort helfen k\u00f6nnen. Sie haben genau die Maschinen und Materialien,<\/p>\n","protected":false},"author":9,"featured_media":0,"comment_status":"open","ping_status":"open","sticky":false,"template":"","format":"standard","meta":{"_acf_changed":false,"inline_featured_image":false,"footnotes":""},"categories":[606],"tags":[],"class_list":["post-38542","post","type-post","status-publish","format-standard","hentry","category-unternehmen-2"],"acf":[],"yoast_head":"<!-- This site is optimized with the Yoast SEO plugin v27.5 - https:\/\/yoast.com\/product\/yoast-seo-wordpress\/ -->\n<title>Klasmann-Deilmann unterst\u00fctzt Aktion der Wirtschaftsjunioren - Klasmann-Deilmann<\/title>\n<meta name=\"robots\" content=\"index, follow, max-snippet:-1, max-image-preview:large, max-video-preview:-1\" \/>\n<link rel=\"canonical\" href=\"https:\/\/klasmann-deilmann.com\/de\/klasmann-deilmann-unterstuetzt-aktion-der-wirtschaftsjunioren\/\" \/>\n<meta property=\"og:locale\" content=\"de_DE\" \/>\n<meta property=\"og:type\" content=\"article\" \/>\n<meta property=\"og:title\" content=\"Klasmann-Deilmann unterst\u00fctzt Aktion der Wirtschaftsjunioren - Klasmann-Deilmann\" \/>\n<meta property=\"og:description\" content=\"Die Flutkatastrophe in Deutschland h\u00e4lt alle in Atem. Die Bilder der Verw\u00fcstung gehen zurzeit durch die Medien, doch richtig begreifen k\u00f6nnen wir es immer noch nicht. Was die Menschen jetzt brauchen, ist schnelle Hilfe! Die Gesch\u00e4ftsf\u00fchrer Niklas Schulte und Lukas Augustin von der Firma Schulte und der Firma Augustin sind in der vergangenen Woche mit ihren Maschinen und einigen Mitarbeitenden nach Ehlingen, das in Rheinland-Pfalz liegt, gefahren, damit sie vor Ort helfen k\u00f6nnen. Sie haben genau die Maschinen und Materialien,\" \/>\n<meta property=\"og:url\" content=\"https:\/\/klasmann-deilmann.com\/de\/klasmann-deilmann-unterstuetzt-aktion-der-wirtschaftsjunioren\/\" \/>\n<meta property=\"og:site_name\" content=\"Klasmann-Deilmann\" \/>\n<meta property=\"article:published_time\" content=\"2021-07-28T14:03:21+00:00\" \/>\n<meta property=\"article:modified_time\" content=\"2021-11-11T08:23:57+00:00\" \/>\n<meta property=\"og:image\" content=\"https:\/\/klasmann-deilmann.com\/wp-content\/uploads\/2021-07-27-Spende-fuer-die-WJ.jpg\" \/>\n<meta name=\"author\" content=\"Skadi Menne\" \/>\n<meta name=\"twitter:card\" content=\"summary_large_image\" \/>\n<meta name=\"twitter:label1\" content=\"Verfasst von\" \/>\n\t<meta name=\"twitter:data1\" content=\"Skadi Menne\" \/>\n\t<meta name=\"twitter:label2\" content=\"Gesch\u00e4tzte Lesezeit\" \/>\n\t<meta name=\"twitter:data2\" content=\"1\u00a0Minute\" \/>\n<script type=\"application\/ld+json\" class=\"yoast-schema-graph\">{\"@context\":\"https:\\\/\\\/schema.org\",\"@graph\":[{\"@type\":\"Article\",\"@id\":\"https:\\\/\\\/klasmann-deilmann.com\\\/de\\\/klasmann-deilmann-unterstuetzt-aktion-der-wirtschaftsjunioren\\\/#article\",\"isPartOf\":{\"@id\":\"https:\\\/\\\/klasmann-deilmann.com\\\/de\\\/klasmann-deilmann-unterstuetzt-aktion-der-wirtschaftsjunioren\\\/\"},\"author\":{\"name\":\"Skadi Menne\",\"@id\":\"https:\\\/\\\/klasmann-deilmann.com\\\/en\\\/#\\\/schema\\\/person\\\/2a02390c1accd5ba0af1cf5b5395dc6d\"},\"headline\":\"Klasmann-Deilmann unterst\u00fctzt Aktion der Wirtschaftsjunioren\",\"datePublished\":\"2021-07-28T14:03:21+00:00\",\"dateModified\":\"2021-11-11T08:23:57+00:00\",\"mainEntityOfPage\":{\"@id\":\"https:\\\/\\\/klasmann-deilmann.com\\\/de\\\/klasmann-deilmann-unterstuetzt-aktion-der-wirtschaftsjunioren\\\/\"},\"wordCount\":237,\"commentCount\":0,\"articleSection\":[\"Unternehmen\"],\"inLanguage\":\"de\",\"potentialAction\":[{\"@type\":\"CommentAction\",\"name\":\"Comment\",\"target\":[\"https:\\\/\\\/klasmann-deilmann.com\\\/de\\\/klasmann-deilmann-unterstuetzt-aktion-der-wirtschaftsjunioren\\\/#respond\"]}]},{\"@type\":\"WebPage\",\"@id\":\"https:\\\/\\\/klasmann-deilmann.com\\\/de\\\/klasmann-deilmann-unterstuetzt-aktion-der-wirtschaftsjunioren\\\/\",\"url\":\"https:\\\/\\\/klasmann-deilmann.com\\\/de\\\/klasmann-deilmann-unterstuetzt-aktion-der-wirtschaftsjunioren\\\/\",\"name\":\"Klasmann-Deilmann unterst\u00fctzt Aktion der Wirtschaftsjunioren - Klasmann-Deilmann\",\"isPartOf\":{\"@id\":\"https:\\\/\\\/klasmann-deilmann.com\\\/en\\\/#website\"},\"datePublished\":\"2021-07-28T14:03:21+00:00\",\"dateModified\":\"2021-11-11T08:23:57+00:00\",\"author\":{\"@id\":\"https:\\\/\\\/klasmann-deilmann.com\\\/en\\\/#\\\/schema\\\/person\\\/2a02390c1accd5ba0af1cf5b5395dc6d\"},\"breadcrumb\":{\"@id\":\"https:\\\/\\\/klasmann-deilmann.com\\\/de\\\/klasmann-deilmann-unterstuetzt-aktion-der-wirtschaftsjunioren\\\/#breadcrumb\"},\"inLanguage\":\"de\",\"potentialAction\":[{\"@type\":\"ReadAction\",\"target\":[\"https:\\\/\\\/klasmann-deilmann.com\\\/de\\\/klasmann-deilmann-unterstuetzt-aktion-der-wirtschaftsjunioren\\\/\"]}]},{\"@type\":\"BreadcrumbList\",\"@id\":\"https:\\\/\\\/klasmann-deilmann.com\\\/de\\\/klasmann-deilmann-unterstuetzt-aktion-der-wirtschaftsjunioren\\\/#breadcrumb\",\"itemListElement\":[{\"@type\":\"ListItem\",\"position\":1,\"name\":\"Home\",\"item\":\"https:\\\/\\\/klasmann-deilmann.com\\\/de\\\/\"},{\"@type\":\"ListItem\",\"position\":2,\"name\":\"Klasmann-Deilmann unterst\u00fctzt Aktion der Wirtschaftsjunioren\"}]},{\"@type\":\"WebSite\",\"@id\":\"https:\\\/\\\/klasmann-deilmann.com\\\/en\\\/#website\",\"url\":\"https:\\\/\\\/klasmann-deilmann.com\\\/en\\\/\",\"name\":\"Klasmann-Deilmann\",\"description\":\"\",\"potentialAction\":[{\"@type\":\"SearchAction\",\"target\":{\"@type\":\"EntryPoint\",\"urlTemplate\":\"https:\\\/\\\/klasmann-deilmann.com\\\/en\\\/?s={search_term_string}\"},\"query-input\":{\"@type\":\"PropertyValueSpecification\",\"valueRequired\":true,\"valueName\":\"search_term_string\"}}],\"inLanguage\":\"de\"},{\"@type\":\"Person\",\"@id\":\"https:\\\/\\\/klasmann-deilmann.com\\\/en\\\/#\\\/schema\\\/person\\\/2a02390c1accd5ba0af1cf5b5395dc6d\",\"name\":\"Skadi Menne\",\"image\":{\"@type\":\"ImageObject\",\"inLanguage\":\"de\",\"@id\":\"https:\\\/\\\/secure.gravatar.com\\\/avatar\\\/1e7666b84625fa98ef9576982eb5eac6e2775c2259f2cdd3634dbdc08370cd1f?s=96&d=mm&r=g\",\"url\":\"https:\\\/\\\/secure.gravatar.com\\\/avatar\\\/1e7666b84625fa98ef9576982eb5eac6e2775c2259f2cdd3634dbdc08370cd1f?s=96&d=mm&r=g\",\"contentUrl\":\"https:\\\/\\\/secure.gravatar.com\\\/avatar\\\/1e7666b84625fa98ef9576982eb5eac6e2775c2259f2cdd3634dbdc08370cd1f?s=96&d=mm&r=g\",\"caption\":\"Skadi Menne\"},\"sameAs\":[\"http:\\\/\\\/klasmann-deilmann.com\"],\"url\":\"https:\\\/\\\/klasmann-deilmann.com\\\/de\\\/author\\\/skadi-menne\\\/\"}]}<\/script>\n<!-- \/ Yoast SEO plugin. -->","yoast_head_json":{"title":"Klasmann-Deilmann unterst\u00fctzt Aktion der Wirtschaftsjunioren - Klasmann-Deilmann","robots":{"index":"index","follow":"follow","max-snippet":"max-snippet:-1","max-image-preview":"max-image-preview:large","max-video-preview":"max-video-preview:-1"},"canonical":"https:\/\/klasmann-deilmann.com\/de\/klasmann-deilmann-unterstuetzt-aktion-der-wirtschaftsjunioren\/","og_locale":"de_DE","og_type":"article","og_title":"Klasmann-Deilmann unterst\u00fctzt Aktion der Wirtschaftsjunioren - Klasmann-Deilmann","og_description":"Die Flutkatastrophe in Deutschland h\u00e4lt alle in Atem. Die Bilder der Verw\u00fcstung gehen zurzeit durch die Medien, doch richtig begreifen k\u00f6nnen wir es immer noch nicht. Was die Menschen jetzt brauchen, ist schnelle Hilfe! Die Gesch\u00e4ftsf\u00fchrer Niklas Schulte und Lukas Augustin von der Firma Schulte und der Firma Augustin sind in der vergangenen Woche mit ihren Maschinen und einigen Mitarbeitenden nach Ehlingen, das in Rheinland-Pfalz liegt, gefahren, damit sie vor Ort helfen k\u00f6nnen. Sie haben genau die Maschinen und Materialien,","og_url":"https:\/\/klasmann-deilmann.com\/de\/klasmann-deilmann-unterstuetzt-aktion-der-wirtschaftsjunioren\/","og_site_name":"Klasmann-Deilmann","article_published_time":"2021-07-28T14:03:21+00:00","article_modified_time":"2021-11-11T08:23:57+00:00","og_image":[{"url":"https:\/\/klasmann-deilmann.com\/wp-content\/uploads\/2021-07-27-Spende-fuer-die-WJ.jpg","type":"","width":"","height":""}],"author":"Skadi Menne","twitter_card":"summary_large_image","twitter_misc":{"Verfasst von":"Skadi Menne","Gesch\u00e4tzte Lesezeit":"1\u00a0Minute"},"schema":{"@context":"https:\/\/schema.org","@graph":[{"@type":"Article","@id":"https:\/\/klasmann-deilmann.com\/de\/klasmann-deilmann-unterstuetzt-aktion-der-wirtschaftsjunioren\/#article","isPartOf":{"@id":"https:\/\/klasmann-deilmann.com\/de\/klasmann-deilmann-unterstuetzt-aktion-der-wirtschaftsjunioren\/"},"author":{"name":"Skadi Menne","@id":"https:\/\/klasmann-deilmann.com\/en\/#\/schema\/person\/2a02390c1accd5ba0af1cf5b5395dc6d"},"headline":"Klasmann-Deilmann unterst\u00fctzt Aktion der Wirtschaftsjunioren","datePublished":"2021-07-28T14:03:21+00:00","dateModified":"2021-11-11T08:23:57+00:00","mainEntityOfPage":{"@id":"https:\/\/klasmann-deilmann.com\/de\/klasmann-deilmann-unterstuetzt-aktion-der-wirtschaftsjunioren\/"},"wordCount":237,"commentCount":0,"articleSection":["Unternehmen"],"inLanguage":"de","potentialAction":[{"@type":"CommentAction","name":"Comment","target":["https:\/\/klasmann-deilmann.com\/de\/klasmann-deilmann-unterstuetzt-aktion-der-wirtschaftsjunioren\/#respond"]}]},{"@type":"WebPage","@id":"https:\/\/klasmann-deilmann.com\/de\/klasmann-deilmann-unterstuetzt-aktion-der-wirtschaftsjunioren\/","url":"https:\/\/klasmann-deilmann.com\/de\/klasmann-deilmann-unterstuetzt-aktion-der-wirtschaftsjunioren\/","name":"Klasmann-Deilmann unterst\u00fctzt Aktion der Wirtschaftsjunioren - Klasmann-Deilmann","isPartOf":{"@id":"https:\/\/klasmann-deilmann.com\/en\/#website"},"datePublished":"2021-07-28T14:03:21+00:00","dateModified":"2021-11-11T08:23:57+00:00","author":{"@id":"https:\/\/klasmann-deilmann.com\/en\/#\/schema\/person\/2a02390c1accd5ba0af1cf5b5395dc6d"},"breadcrumb":{"@id":"https:\/\/klasmann-deilmann.com\/de\/klasmann-deilmann-unterstuetzt-aktion-der-wirtschaftsjunioren\/#breadcrumb"},"inLanguage":"de","potentialAction":[{"@type":"ReadAction","target":["https:\/\/klasmann-deilmann.com\/de\/klasmann-deilmann-unterstuetzt-aktion-der-wirtschaftsjunioren\/"]}]},{"@type":"BreadcrumbList","@id":"https:\/\/klasmann-deilmann.com\/de\/klasmann-deilmann-unterstuetzt-aktion-der-wirtschaftsjunioren\/#breadcrumb","itemListElement":[{"@type":"ListItem","position":1,"name":"Home","item":"https:\/\/klasmann-deilmann.com\/de\/"},{"@type":"ListItem","position":2,"name":"Klasmann-Deilmann unterst\u00fctzt Aktion der Wirtschaftsjunioren"}]},{"@type":"WebSite","@id":"https:\/\/klasmann-deilmann.com\/en\/#website","url":"https:\/\/klasmann-deilmann.com\/en\/","name":"Klasmann-Deilmann","description":"","potentialAction":[{"@type":"SearchAction","target":{"@type":"EntryPoint","urlTemplate":"https:\/\/klasmann-deilmann.com\/en\/?s={search_term_string}"},"query-input":{"@type":"PropertyValueSpecification","valueRequired":true,"valueName":"search_term_string"}}],"inLanguage":"de"},{"@type":"Person","@id":"https:\/\/klasmann-deilmann.com\/en\/#\/schema\/person\/2a02390c1accd5ba0af1cf5b5395dc6d","name":"Skadi Menne","image":{"@type":"ImageObject","inLanguage":"de","@id":"https:\/\/secure.gravatar.com\/avatar\/1e7666b84625fa98ef9576982eb5eac6e2775c2259f2cdd3634dbdc08370cd1f?s=96&d=mm&r=g","url":"https:\/\/secure.gravatar.com\/avatar\/1e7666b84625fa98ef9576982eb5eac6e2775c2259f2cdd3634dbdc08370cd1f?s=96&d=mm&r=g","contentUrl":"https:\/\/secure.gravatar.com\/avatar\/1e7666b84625fa98ef9576982eb5eac6e2775c2259f2cdd3634dbdc08370cd1f?s=96&d=mm&r=g","caption":"Skadi Menne"},"sameAs":["http:\/\/klasmann-deilmann.com"],"url":"https:\/\/klasmann-deilmann.com\/de\/author\/skadi-menne\/"}]}},"_links":{"self":[{"href":"https:\/\/klasmann-deilmann.com\/de\/wp-json\/wp\/v2\/posts\/38542","targetHints":{"allow":["GET"]}}],"collection":[{"href":"https:\/\/klasmann-deilmann.com\/de\/wp-json\/wp\/v2\/posts"}],"about":[{"href":"https:\/\/klasmann-deilmann.com\/de\/wp-json\/wp\/v2\/types\/post"}],"author":[{"embeddable":true,"href":"https:\/\/klasmann-deilmann.com\/de\/wp-json\/wp\/v2\/users\/9"}],"replies":[{"embeddable":true,"href":"https:\/\/klasmann-deilmann.com\/de\/wp-json\/wp\/v2\/comments?post=38542"}],"version-history":[{"count":1,"href":"https:\/\/klasmann-deilmann.com\/de\/wp-json\/wp\/v2\/posts\/38542\/revisions"}],"predecessor-version":[{"id":38546,"href":"https:\/\/klasmann-deilmann.com\/de\/wp-json\/wp\/v2\/posts\/38542\/revisions\/38546"}],"wp:attachment":[{"href":"https:\/\/klasmann-deilmann.com\/de\/wp-json\/wp\/v2\/media?parent=38542"}],"wp:term":[{"taxonomy":"category","embeddable":true,"href":"https:\/\/klasmann-deilmann.com\/de\/wp-json\/wp\/v2\/categories?post=38542"},{"taxonomy":"post_tag","embeddable":true,"href":"https:\/\/klasmann-deilmann.com\/de\/wp-json\/wp\/v2\/tags?post=38542"}],"curies":[{"name":"wp","href":"https:\/\/api.w.org\/{rel}","templated":true}]}}