{"id":3673,"date":"2016-04-06T13:29:59","date_gmt":"2016-04-06T11:29:59","guid":{"rendered":"\/\/klasmann-deilmann.com\/?p=3673"},"modified":"2016-09-14T13:32:47","modified_gmt":"2016-09-14T11:32:47","slug":"photovoltaik-als-baustein-der-nachhaltigkeit","status":"publish","type":"post","link":"https:\/\/klasmann-deilmann.com\/de\/photovoltaik-als-baustein-der-nachhaltigkeit\/","title":{"rendered":"Photovoltaik als Baustein der Nachhaltigkeit"},"content":{"rendered":"<p><strong>Stromproduktion erh\u00f6ht<\/strong><\/p>\n<p>Klasmann-Deilmann ist Nachhaltigkeit ein zentrales Anliegen. Wir arbeiten kontinuierlich daran, unsere CO<sub>2<\/sub>-Bilanz zu verbessern. Einen Beitrag dazu leistet die Photovoltaik-Anlage auf dem Dach einer unserer Produktionshallen in Gro\u00df Hesepe. Sie hat im vergangenen Jahr \u00fcber 136.000 Kilowattstunden Strom produziert. Das reicht f\u00fcr die Versorgung von rund 40 Haushalten und spart mehr als 80 Tonnen CO<sub>2<\/sub>-Emissionen ein.<\/p>\n<p><img loading=\"lazy\" decoding=\"async\" class=\" wp-image-3483 alignleft\" src=\"\/\/klasmann-deilmann.com\/wp-content\/uploads\/Photovoltaik_1_060416.png\" alt=\"photovoltaik_1_060416\" width=\"503\" height=\"268\" srcset=\"https:\/\/klasmann-deilmann.com\/wp-content\/uploads\/Photovoltaik_1_060416.png 711w, https:\/\/klasmann-deilmann.com\/wp-content\/uploads\/Photovoltaik_1_060416-300x160.png 300w\" sizes=\"auto, (max-width: 503px) 100vw, 503px\" \/>Die firmeneigene Photovoltaik-Anlage \u2013 ein weiterer Baustein in unserer Strategie f\u00fcr mehr Nachhaltigkeit \u2013 ist bereits seit 2010 installiert und hat unter der Annahme der Standard-Testbedingungen eine Nennleistung von 135 Kilowatt. Standard-Testbedingungen liegen vor bei einer Solarzellentemperatur von 25 Grad Celsius, einer Bestrahlungsst\u00e4rke von 1.000 Watt pro Quadratmeter und einem Sonnenlichtspektrum gem\u00e4\u00df Luftmasse von 1,5. Im vergangenen Jahr hat die Anlage genau 136.518 Kilowattstunden elektrische Energie in das \u00f6ffentliche Stromnetz eingespeist. Eine beachtliche Steigerung, die der im Vergleich zum Vorjahr h\u00f6heren Anzahl von Sonnenstunden zu verdanken ist. Denn schon 2014 generierte die Anlage rund 135.000 Kilowattstunden Strom. \u201eDas war f\u00fcr unsere Breitengrade schon ziemlich viel\u201c, sagt Christian Nienhusmeier aus dem Bereich Technology &amp; Procurement.<\/p>\n<p>Im Sinne der Nachhaltigkeit betreiben wir au\u00dferdem Kurzumtriebsplantagen oder erm\u00f6glichen Auszubildenden die Teilnahme am Klimalotsen-Seminar. Seit 2011 ver\u00f6ffentlichen wir j\u00e4hrlich einen Nachhaltigkeitsbericht. Ende vergangenen Jahres setzten wir das weltweit gr\u00f6\u00dfte Projekt zur Kultivierung von Torfmoosen in Gang. In Sedelsberg sorgt seit Anfang 2013 unsere erste Holzhackschnitzelheizung f\u00fcr W\u00e4rme. Weitere sind in Litauen und Lettland im Einsatz. Eine vierte soll im Zuge des bis 2017 entstehenden Neubaus des Verwaltungsgeb\u00e4udes am Unternehmenssitz in Gro\u00df Hesepe hinzukommen.<\/p>\n<p>Regelm\u00e4\u00dfig werden alle unsere Standorte systematisch hinsichtlich des Energieverbrauchs untersucht, erkl\u00e4rt der Projektleiter f\u00fcr Energietechnik. \u201eGeb\u00e4udetechnik, Gas, \u00d6l, W\u00e4rme, Druckluft, Beleuchtung \u2013 alles kommt unter die Lupe und wird m\u00f6glichst optimiert.\u201c<\/p>\n<p>Auch in der Produktion wird nach Sparpotenzialen geforscht. Schon bevor es gesetzlich vorgeschrieben war, setzten wir effizientere Motoren in Maschinen ein und schulten Mitarbeiter in energiesparender Nutzung. \u201eWir halten die Augen und Ohren offen: Sobald eine neue Technik ausgereift ist und wir M\u00f6glichkeiten der Verbesserung sehen, setzen wir das um\u201c, sagt Christian Nienhusmeier und blickt auf die Photovoltaik-Anlage, \u201emal schauen, wie sonnenreich 2016 wird.\u201c<\/p>\n","protected":false},"excerpt":{"rendered":"<p>Stromproduktion erh\u00f6ht Klasmann-Deilmann ist Nachhaltigkeit ein zentrales Anliegen. Wir arbeiten kontinuierlich daran, unsere CO2-Bilanz zu verbessern. Einen Beitrag dazu leistet die Photovoltaik-Anlage auf dem Dach einer unserer Produktionshallen in Gro\u00df Hesepe. Sie hat im vergangenen Jahr \u00fcber 136.000 Kilowattstunden Strom produziert. Das reicht f\u00fcr die Versorgung von rund 40 Haushalten und spart mehr als 80 Tonnen CO2-Emissionen ein. Die firmeneigene Photovoltaik-Anlage \u2013 ein weiterer Baustein in unserer Strategie f\u00fcr mehr Nachhaltigkeit \u2013 ist bereits seit 2010 installiert und hat unter<\/p>\n","protected":false},"author":9,"featured_media":0,"comment_status":"open","ping_status":"closed","sticky":false,"template":"","format":"standard","meta":{"_acf_changed":false,"inline_featured_image":false,"footnotes":""},"categories":[136],"tags":[],"class_list":["post-3673","post","type-post","status-publish","format-standard","hentry","category-nachhaltigkeit"],"acf":[],"yoast_head":"<!-- This site is optimized with the Yoast SEO plugin v27.5 - https:\/\/yoast.com\/product\/yoast-seo-wordpress\/ -->\n<title>Photovoltaik als Baustein der Nachhaltigkeit - Klasmann-Deilmann<\/title>\n<meta name=\"robots\" content=\"index, follow, max-snippet:-1, max-image-preview:large, max-video-preview:-1\" \/>\n<link rel=\"canonical\" href=\"https:\/\/klasmann-deilmann.com\/de\/photovoltaik-als-baustein-der-nachhaltigkeit\/\" \/>\n<meta property=\"og:locale\" content=\"de_DE\" \/>\n<meta property=\"og:type\" content=\"article\" \/>\n<meta property=\"og:title\" content=\"Photovoltaik als Baustein der Nachhaltigkeit - Klasmann-Deilmann\" \/>\n<meta property=\"og:description\" content=\"Stromproduktion erh\u00f6ht Klasmann-Deilmann ist Nachhaltigkeit ein zentrales Anliegen. Wir arbeiten kontinuierlich daran, unsere CO2-Bilanz zu verbessern. Einen Beitrag dazu leistet die Photovoltaik-Anlage auf dem Dach einer unserer Produktionshallen in Gro\u00df Hesepe. Sie hat im vergangenen Jahr \u00fcber 136.000 Kilowattstunden Strom produziert. Das reicht f\u00fcr die Versorgung von rund 40 Haushalten und spart mehr als 80 Tonnen CO2-Emissionen ein. Die firmeneigene Photovoltaik-Anlage \u2013 ein weiterer Baustein in unserer Strategie f\u00fcr mehr Nachhaltigkeit \u2013 ist bereits seit 2010 installiert und hat unter\" \/>\n<meta property=\"og:url\" content=\"https:\/\/klasmann-deilmann.com\/de\/photovoltaik-als-baustein-der-nachhaltigkeit\/\" \/>\n<meta property=\"og:site_name\" content=\"Klasmann-Deilmann\" \/>\n<meta property=\"article:published_time\" content=\"2016-04-06T11:29:59+00:00\" \/>\n<meta property=\"article:modified_time\" content=\"2016-09-14T11:32:47+00:00\" \/>\n<meta property=\"og:image\" content=\"\/\/klasmann-deilmann.com\/wp-content\/uploads\/Photovoltaik_1_060416.png\" \/>\n<meta name=\"author\" content=\"Skadi Menne\" \/>\n<meta name=\"twitter:card\" content=\"summary_large_image\" \/>\n<meta name=\"twitter:label1\" content=\"Verfasst von\" \/>\n\t<meta name=\"twitter:data1\" content=\"Skadi Menne\" \/>\n\t<meta name=\"twitter:label2\" content=\"Gesch\u00e4tzte Lesezeit\" \/>\n\t<meta name=\"twitter:data2\" content=\"2\u00a0Minuten\" \/>\n<script type=\"application\/ld+json\" class=\"yoast-schema-graph\">{\"@context\":\"https:\\\/\\\/schema.org\",\"@graph\":[{\"@type\":\"Article\",\"@id\":\"https:\\\/\\\/klasmann-deilmann.com\\\/de\\\/photovoltaik-als-baustein-der-nachhaltigkeit\\\/#article\",\"isPartOf\":{\"@id\":\"https:\\\/\\\/klasmann-deilmann.com\\\/de\\\/photovoltaik-als-baustein-der-nachhaltigkeit\\\/\"},\"author\":{\"name\":\"Skadi Menne\",\"@id\":\"https:\\\/\\\/klasmann-deilmann.com\\\/en\\\/#\\\/schema\\\/person\\\/2a02390c1accd5ba0af1cf5b5395dc6d\"},\"headline\":\"Photovoltaik als Baustein der Nachhaltigkeit\",\"datePublished\":\"2016-04-06T11:29:59+00:00\",\"dateModified\":\"2016-09-14T11:32:47+00:00\",\"mainEntityOfPage\":{\"@id\":\"https:\\\/\\\/klasmann-deilmann.com\\\/de\\\/photovoltaik-als-baustein-der-nachhaltigkeit\\\/\"},\"wordCount\":351,\"commentCount\":0,\"articleSection\":[\"Nachhaltigkeit\"],\"inLanguage\":\"de\",\"potentialAction\":[{\"@type\":\"CommentAction\",\"name\":\"Comment\",\"target\":[\"https:\\\/\\\/klasmann-deilmann.com\\\/de\\\/photovoltaik-als-baustein-der-nachhaltigkeit\\\/#respond\"]}]},{\"@type\":\"WebPage\",\"@id\":\"https:\\\/\\\/klasmann-deilmann.com\\\/de\\\/photovoltaik-als-baustein-der-nachhaltigkeit\\\/\",\"url\":\"https:\\\/\\\/klasmann-deilmann.com\\\/de\\\/photovoltaik-als-baustein-der-nachhaltigkeit\\\/\",\"name\":\"Photovoltaik als Baustein der Nachhaltigkeit - Klasmann-Deilmann\",\"isPartOf\":{\"@id\":\"https:\\\/\\\/klasmann-deilmann.com\\\/en\\\/#website\"},\"datePublished\":\"2016-04-06T11:29:59+00:00\",\"dateModified\":\"2016-09-14T11:32:47+00:00\",\"author\":{\"@id\":\"https:\\\/\\\/klasmann-deilmann.com\\\/en\\\/#\\\/schema\\\/person\\\/2a02390c1accd5ba0af1cf5b5395dc6d\"},\"breadcrumb\":{\"@id\":\"https:\\\/\\\/klasmann-deilmann.com\\\/de\\\/photovoltaik-als-baustein-der-nachhaltigkeit\\\/#breadcrumb\"},\"inLanguage\":\"de\",\"potentialAction\":[{\"@type\":\"ReadAction\",\"target\":[\"https:\\\/\\\/klasmann-deilmann.com\\\/de\\\/photovoltaik-als-baustein-der-nachhaltigkeit\\\/\"]}]},{\"@type\":\"BreadcrumbList\",\"@id\":\"https:\\\/\\\/klasmann-deilmann.com\\\/de\\\/photovoltaik-als-baustein-der-nachhaltigkeit\\\/#breadcrumb\",\"itemListElement\":[{\"@type\":\"ListItem\",\"position\":1,\"name\":\"Home\",\"item\":\"https:\\\/\\\/klasmann-deilmann.com\\\/de\\\/\"},{\"@type\":\"ListItem\",\"position\":2,\"name\":\"Photovoltaik als Baustein der Nachhaltigkeit\"}]},{\"@type\":\"WebSite\",\"@id\":\"https:\\\/\\\/klasmann-deilmann.com\\\/en\\\/#website\",\"url\":\"https:\\\/\\\/klasmann-deilmann.com\\\/en\\\/\",\"name\":\"Klasmann-Deilmann\",\"description\":\"\",\"potentialAction\":[{\"@type\":\"SearchAction\",\"target\":{\"@type\":\"EntryPoint\",\"urlTemplate\":\"https:\\\/\\\/klasmann-deilmann.com\\\/en\\\/?s={search_term_string}\"},\"query-input\":{\"@type\":\"PropertyValueSpecification\",\"valueRequired\":true,\"valueName\":\"search_term_string\"}}],\"inLanguage\":\"de\"},{\"@type\":\"Person\",\"@id\":\"https:\\\/\\\/klasmann-deilmann.com\\\/en\\\/#\\\/schema\\\/person\\\/2a02390c1accd5ba0af1cf5b5395dc6d\",\"name\":\"Skadi Menne\",\"image\":{\"@type\":\"ImageObject\",\"inLanguage\":\"de\",\"@id\":\"https:\\\/\\\/secure.gravatar.com\\\/avatar\\\/1e7666b84625fa98ef9576982eb5eac6e2775c2259f2cdd3634dbdc08370cd1f?s=96&d=mm&r=g\",\"url\":\"https:\\\/\\\/secure.gravatar.com\\\/avatar\\\/1e7666b84625fa98ef9576982eb5eac6e2775c2259f2cdd3634dbdc08370cd1f?s=96&d=mm&r=g\",\"contentUrl\":\"https:\\\/\\\/secure.gravatar.com\\\/avatar\\\/1e7666b84625fa98ef9576982eb5eac6e2775c2259f2cdd3634dbdc08370cd1f?s=96&d=mm&r=g\",\"caption\":\"Skadi Menne\"},\"sameAs\":[\"http:\\\/\\\/klasmann-deilmann.com\"],\"url\":\"https:\\\/\\\/klasmann-deilmann.com\\\/de\\\/author\\\/skadi-menne\\\/\"}]}<\/script>\n<!-- \/ Yoast SEO plugin. -->","yoast_head_json":{"title":"Photovoltaik als Baustein der Nachhaltigkeit - Klasmann-Deilmann","robots":{"index":"index","follow":"follow","max-snippet":"max-snippet:-1","max-image-preview":"max-image-preview:large","max-video-preview":"max-video-preview:-1"},"canonical":"https:\/\/klasmann-deilmann.com\/de\/photovoltaik-als-baustein-der-nachhaltigkeit\/","og_locale":"de_DE","og_type":"article","og_title":"Photovoltaik als Baustein der Nachhaltigkeit - Klasmann-Deilmann","og_description":"Stromproduktion erh\u00f6ht Klasmann-Deilmann ist Nachhaltigkeit ein zentrales Anliegen. Wir arbeiten kontinuierlich daran, unsere CO2-Bilanz zu verbessern. Einen Beitrag dazu leistet die Photovoltaik-Anlage auf dem Dach einer unserer Produktionshallen in Gro\u00df Hesepe. Sie hat im vergangenen Jahr \u00fcber 136.000 Kilowattstunden Strom produziert. Das reicht f\u00fcr die Versorgung von rund 40 Haushalten und spart mehr als 80 Tonnen CO2-Emissionen ein. Die firmeneigene Photovoltaik-Anlage \u2013 ein weiterer Baustein in unserer Strategie f\u00fcr mehr Nachhaltigkeit \u2013 ist bereits seit 2010 installiert und hat unter","og_url":"https:\/\/klasmann-deilmann.com\/de\/photovoltaik-als-baustein-der-nachhaltigkeit\/","og_site_name":"Klasmann-Deilmann","article_published_time":"2016-04-06T11:29:59+00:00","article_modified_time":"2016-09-14T11:32:47+00:00","og_image":[{"url":"\/\/klasmann-deilmann.com\/wp-content\/uploads\/Photovoltaik_1_060416.png","type":"","width":"","height":""}],"author":"Skadi Menne","twitter_card":"summary_large_image","twitter_misc":{"Verfasst von":"Skadi Menne","Gesch\u00e4tzte Lesezeit":"2\u00a0Minuten"},"schema":{"@context":"https:\/\/schema.org","@graph":[{"@type":"Article","@id":"https:\/\/klasmann-deilmann.com\/de\/photovoltaik-als-baustein-der-nachhaltigkeit\/#article","isPartOf":{"@id":"https:\/\/klasmann-deilmann.com\/de\/photovoltaik-als-baustein-der-nachhaltigkeit\/"},"author":{"name":"Skadi Menne","@id":"https:\/\/klasmann-deilmann.com\/en\/#\/schema\/person\/2a02390c1accd5ba0af1cf5b5395dc6d"},"headline":"Photovoltaik als Baustein der Nachhaltigkeit","datePublished":"2016-04-06T11:29:59+00:00","dateModified":"2016-09-14T11:32:47+00:00","mainEntityOfPage":{"@id":"https:\/\/klasmann-deilmann.com\/de\/photovoltaik-als-baustein-der-nachhaltigkeit\/"},"wordCount":351,"commentCount":0,"articleSection":["Nachhaltigkeit"],"inLanguage":"de","potentialAction":[{"@type":"CommentAction","name":"Comment","target":["https:\/\/klasmann-deilmann.com\/de\/photovoltaik-als-baustein-der-nachhaltigkeit\/#respond"]}]},{"@type":"WebPage","@id":"https:\/\/klasmann-deilmann.com\/de\/photovoltaik-als-baustein-der-nachhaltigkeit\/","url":"https:\/\/klasmann-deilmann.com\/de\/photovoltaik-als-baustein-der-nachhaltigkeit\/","name":"Photovoltaik als Baustein der Nachhaltigkeit - Klasmann-Deilmann","isPartOf":{"@id":"https:\/\/klasmann-deilmann.com\/en\/#website"},"datePublished":"2016-04-06T11:29:59+00:00","dateModified":"2016-09-14T11:32:47+00:00","author":{"@id":"https:\/\/klasmann-deilmann.com\/en\/#\/schema\/person\/2a02390c1accd5ba0af1cf5b5395dc6d"},"breadcrumb":{"@id":"https:\/\/klasmann-deilmann.com\/de\/photovoltaik-als-baustein-der-nachhaltigkeit\/#breadcrumb"},"inLanguage":"de","potentialAction":[{"@type":"ReadAction","target":["https:\/\/klasmann-deilmann.com\/de\/photovoltaik-als-baustein-der-nachhaltigkeit\/"]}]},{"@type":"BreadcrumbList","@id":"https:\/\/klasmann-deilmann.com\/de\/photovoltaik-als-baustein-der-nachhaltigkeit\/#breadcrumb","itemListElement":[{"@type":"ListItem","position":1,"name":"Home","item":"https:\/\/klasmann-deilmann.com\/de\/"},{"@type":"ListItem","position":2,"name":"Photovoltaik als Baustein der Nachhaltigkeit"}]},{"@type":"WebSite","@id":"https:\/\/klasmann-deilmann.com\/en\/#website","url":"https:\/\/klasmann-deilmann.com\/en\/","name":"Klasmann-Deilmann","description":"","potentialAction":[{"@type":"SearchAction","target":{"@type":"EntryPoint","urlTemplate":"https:\/\/klasmann-deilmann.com\/en\/?s={search_term_string}"},"query-input":{"@type":"PropertyValueSpecification","valueRequired":true,"valueName":"search_term_string"}}],"inLanguage":"de"},{"@type":"Person","@id":"https:\/\/klasmann-deilmann.com\/en\/#\/schema\/person\/2a02390c1accd5ba0af1cf5b5395dc6d","name":"Skadi Menne","image":{"@type":"ImageObject","inLanguage":"de","@id":"https:\/\/secure.gravatar.com\/avatar\/1e7666b84625fa98ef9576982eb5eac6e2775c2259f2cdd3634dbdc08370cd1f?s=96&d=mm&r=g","url":"https:\/\/secure.gravatar.com\/avatar\/1e7666b84625fa98ef9576982eb5eac6e2775c2259f2cdd3634dbdc08370cd1f?s=96&d=mm&r=g","contentUrl":"https:\/\/secure.gravatar.com\/avatar\/1e7666b84625fa98ef9576982eb5eac6e2775c2259f2cdd3634dbdc08370cd1f?s=96&d=mm&r=g","caption":"Skadi Menne"},"sameAs":["http:\/\/klasmann-deilmann.com"],"url":"https:\/\/klasmann-deilmann.com\/de\/author\/skadi-menne\/"}]}},"_links":{"self":[{"href":"https:\/\/klasmann-deilmann.com\/de\/wp-json\/wp\/v2\/posts\/3673","targetHints":{"allow":["GET"]}}],"collection":[{"href":"https:\/\/klasmann-deilmann.com\/de\/wp-json\/wp\/v2\/posts"}],"about":[{"href":"https:\/\/klasmann-deilmann.com\/de\/wp-json\/wp\/v2\/types\/post"}],"author":[{"embeddable":true,"href":"https:\/\/klasmann-deilmann.com\/de\/wp-json\/wp\/v2\/users\/9"}],"replies":[{"embeddable":true,"href":"https:\/\/klasmann-deilmann.com\/de\/wp-json\/wp\/v2\/comments?post=3673"}],"version-history":[{"count":1,"href":"https:\/\/klasmann-deilmann.com\/de\/wp-json\/wp\/v2\/posts\/3673\/revisions"}],"predecessor-version":[{"id":3674,"href":"https:\/\/klasmann-deilmann.com\/de\/wp-json\/wp\/v2\/posts\/3673\/revisions\/3674"}],"wp:attachment":[{"href":"https:\/\/klasmann-deilmann.com\/de\/wp-json\/wp\/v2\/media?parent=3673"}],"wp:term":[{"taxonomy":"category","embeddable":true,"href":"https:\/\/klasmann-deilmann.com\/de\/wp-json\/wp\/v2\/categories?post=3673"},{"taxonomy":"post_tag","embeddable":true,"href":"https:\/\/klasmann-deilmann.com\/de\/wp-json\/wp\/v2\/tags?post=3673"}],"curies":[{"name":"wp","href":"https:\/\/api.w.org\/{rel}","templated":true}]}}