{"id":3650,"date":"2016-03-02T12:56:13","date_gmt":"2016-03-02T11:56:13","guid":{"rendered":"\/\/klasmann-deilmann.com\/?p=3650"},"modified":"2024-10-09T10:46:34","modified_gmt":"2024-10-09T08:46:34","slug":"auszubildende-fuer-den-klimaschutz","status":"publish","type":"post","link":"https:\/\/klasmann-deilmann.com\/de\/auszubildende-fuer-den-klimaschutz\/","title":{"rendered":"Auszubildende f\u00fcr den Klimaschutz"},"content":{"rendered":"<p><strong>Zertifikate f\u00fcr Klimalotsen<\/strong><\/p>\n<p>Unseren Nachwuchs f\u00f6rdern wir auch in Sachen Klimaschutz und erm\u00f6glichten den Auszubildenden Anna Borgmann und Elwin Janzen die Teilnahme an dem Seminar \u201eAuszubildende als Klimalotsen\u201c.<\/p>\n<p><img loading=\"lazy\" decoding=\"async\" width=\"282\" height=\"504\" class=\"size-full wp-image-3451 alignleft\" src=\"\/\/klasmann-deilmann.com\/wp-content\/uploads\/Azubi_020316.png\" alt=\"azubi_020316\" srcset=\"https:\/\/klasmann-deilmann.com\/wp-content\/uploads\/Azubi_020316.png 282w, https:\/\/klasmann-deilmann.com\/wp-content\/uploads\/Azubi_020316-168x300.png 168w\" sizes=\"auto, (max-width: 282px) 100vw, 282px\" \/>Die Weiterbildung entspringt einer Kooperation zwischen der Historisch-\u00d6kologischen Bildungsst\u00e4tte (H\u00d6B) in Papenburg, der Energieeffizienzagentur Landkreis Emsland und dem Klimacenter Werlte. Sie wird von der Nieders\u00e4chsischen Klima- und Energieagentur (KEAN) unterst\u00fctzt. Hauptziel des Seminars \u201eAuszubildende als Klimalotsen\u201c ist es, jungen Besch\u00e4ftigten die Themen Klimawandel und Klimaschutz n\u00e4herzubringen \u2013 auch damit sie wiederum ihre Arbeitskollegen und andere Menschen mit dem Thema vertraut machen und jeder seine Sinne f\u00fcr den Klimawandel sch\u00e4rft.<\/p>\n<p>\u201eIch finde es wichtig, so viel wie m\u00f6glich \u00fcber den Klimawandel zu wissen \u2013 und zu lernen, was man privat und im Unternehmen tun kann, um ihn zu stoppen. Wir m\u00fcssen die Auswirkungen so gering wie m\u00f6glich halten\u201c, beschreibt die angehende Industriekauffrau Anna Borgmann ihre Motivation, am Seminar teilzunehmen. Vor allem junge Leute f\u00fcr die Folgen des Klimawandels zu sensibilisieren, stelle f\u00fcr sie eine effektive Art dar, nachhaltig den Auswirkungen entgegenzutreten und Ma\u00dfnahmen zu entwickeln, um unn\u00f6tige Umweltsch\u00e4den zu vermeiden.<\/p>\n<p>Im insgesamt viert\u00e4gigen Seminar vermittelten die Referenten der H\u00d6B und des Klimacenters den aus unterschiedlichen Branchen und Ausbildungsberufen kommenden Teilnehmern Grundlagenwissen zum Klimawandel, das im Verlauf der Weiterbildung vertieft wurde. Angestellte einzelner Unternehmen berichteten von eigenen Erfahrungen und bei einer F\u00fchrung im Klimacenter sahen sich die Auszubildenden verschiedene Heizmethoden und Arten der Geb\u00e4uded\u00e4mmung an. \u201eBeeindruckend war der Vergleich des Energieverbrauchs bei einer guten und einer schlechten D\u00e4mmung\u201c, sagt Elwin Janzen. Er absolviert bei uns eine Ausbildung zum Industriemechaniker.<\/p>\n<p>Mit dem wichtigen Aspekt der Kosten besch\u00e4ftigten sich die angehenden Klimalotsen ebenfalls und bekamen in der Pr\u00e4sentation eines Unternehmers aufgezeigt, dass mit der Investition in klimasch\u00fctzende Ma\u00dfnahmen gleichzeitig Einsparungen zu erzielen sind. Auch f\u00fcr Klasmann-Deilmann ist die sukzessive Umstellung auf eine nachhaltige Energieversorgung mit eigenen <a href=\"http:\/\/www.klasmann-deilmann.com\/aktuelles\/aktuelle_meldungen\/was_ist_eigentlich_eine_kurzumtriebsplantage.html\">Kurzumtriebsplantagen<\/a> und Holzhackschnitzelheizwerken klimafreundlicher und zugleich wirtschaftlich sinnvoll.<\/p>\n<p>Fazit von Anna Borgmann und Elwin Janzen: Sie haben ihr Wissen vertiefen und neues hinzugewinnen k\u00f6nnen. Den Schutz des Klimas thematisierten sie bereits mit Familie, Freunden und Kollegen. \u201eKlimaschutz ist an vielen Stellen m\u00f6glich\u201c, findet Anna Borgmann. \u201eGenau\u201c, erg\u00e4nzt Elwin Janzen, \u201eden Standby-Modus am Fernseher ausschalten, M\u00fcll trennen oder im Unternehmen alte Maschinen umr\u00fcsten \u2013 da kann man vieles machen.\u201c<\/p>\n","protected":false},"excerpt":{"rendered":"<p>Zertifikate f\u00fcr Klimalotsen Unseren Nachwuchs f\u00f6rdern wir auch in Sachen Klimaschutz und erm\u00f6glichten den Auszubildenden Anna Borgmann und Elwin Janzen die Teilnahme an dem Seminar \u201eAuszubildende als Klimalotsen\u201c. Die Weiterbildung entspringt einer Kooperation zwischen der Historisch-\u00d6kologischen Bildungsst\u00e4tte (H\u00d6B) in Papenburg, der Energieeffizienzagentur Landkreis Emsland und dem Klimacenter Werlte. Sie wird von der Nieders\u00e4chsischen Klima- und Energieagentur (KEAN) unterst\u00fctzt. Hauptziel des Seminars \u201eAuszubildende als Klimalotsen\u201c ist es, jungen Besch\u00e4ftigten die Themen Klimawandel und Klimaschutz n\u00e4herzubringen \u2013 auch damit sie wiederum ihre<\/p>\n","protected":false},"author":8,"featured_media":0,"comment_status":"open","ping_status":"closed","sticky":false,"template":"","format":"standard","meta":{"_acf_changed":false,"inline_featured_image":false,"footnotes":""},"categories":[137],"tags":[],"class_list":["post-3650","post","type-post","status-publish","format-standard","hentry","category-karriere"],"acf":[],"yoast_head":"<!-- This site is optimized with the Yoast SEO plugin v27.5 - https:\/\/yoast.com\/product\/yoast-seo-wordpress\/ -->\n<title>Auszubildende f\u00fcr den Klimaschutz - Klasmann-Deilmann<\/title>\n<meta name=\"robots\" content=\"index, follow, max-snippet:-1, max-image-preview:large, max-video-preview:-1\" \/>\n<link rel=\"canonical\" href=\"https:\/\/klasmann-deilmann.com\/de\/auszubildende-fuer-den-klimaschutz\/\" \/>\n<meta property=\"og:locale\" content=\"de_DE\" \/>\n<meta property=\"og:type\" content=\"article\" \/>\n<meta property=\"og:title\" content=\"Auszubildende f\u00fcr den Klimaschutz - Klasmann-Deilmann\" \/>\n<meta property=\"og:description\" content=\"Zertifikate f\u00fcr Klimalotsen Unseren Nachwuchs f\u00f6rdern wir auch in Sachen Klimaschutz und erm\u00f6glichten den Auszubildenden Anna Borgmann und Elwin Janzen die Teilnahme an dem Seminar \u201eAuszubildende als Klimalotsen\u201c. Die Weiterbildung entspringt einer Kooperation zwischen der Historisch-\u00d6kologischen Bildungsst\u00e4tte (H\u00d6B) in Papenburg, der Energieeffizienzagentur Landkreis Emsland und dem Klimacenter Werlte. Sie wird von der Nieders\u00e4chsischen Klima- und Energieagentur (KEAN) unterst\u00fctzt. Hauptziel des Seminars \u201eAuszubildende als Klimalotsen\u201c ist es, jungen Besch\u00e4ftigten die Themen Klimawandel und Klimaschutz n\u00e4herzubringen \u2013 auch damit sie wiederum ihre\" \/>\n<meta property=\"og:url\" content=\"https:\/\/klasmann-deilmann.com\/de\/auszubildende-fuer-den-klimaschutz\/\" \/>\n<meta property=\"og:site_name\" content=\"Klasmann-Deilmann\" \/>\n<meta property=\"article:published_time\" content=\"2016-03-02T11:56:13+00:00\" \/>\n<meta property=\"article:modified_time\" content=\"2024-10-09T08:46:34+00:00\" \/>\n<meta name=\"author\" content=\"Dirk R\u00f6se\" \/>\n<meta name=\"twitter:card\" content=\"summary_large_image\" \/>\n<meta name=\"twitter:label1\" content=\"Verfasst von\" \/>\n\t<meta name=\"twitter:data1\" content=\"Dirk R\u00f6se\" \/>\n\t<meta name=\"twitter:label2\" content=\"Gesch\u00e4tzte Lesezeit\" \/>\n\t<meta name=\"twitter:data2\" content=\"2\u00a0Minuten\" \/>\n<script type=\"application\/ld+json\" class=\"yoast-schema-graph\">{\"@context\":\"https:\\\/\\\/schema.org\",\"@graph\":[{\"@type\":\"Article\",\"@id\":\"https:\\\/\\\/klasmann-deilmann.com\\\/de\\\/auszubildende-fuer-den-klimaschutz\\\/#article\",\"isPartOf\":{\"@id\":\"https:\\\/\\\/klasmann-deilmann.com\\\/de\\\/auszubildende-fuer-den-klimaschutz\\\/\"},\"author\":{\"name\":\"Dirk R\u00f6se\",\"@id\":\"https:\\\/\\\/klasmann-deilmann.com\\\/en\\\/#\\\/schema\\\/person\\\/2502425feab4548f9995e2f1fa23fb3d\"},\"headline\":\"Auszubildende f\u00fcr den Klimaschutz\",\"datePublished\":\"2016-03-02T11:56:13+00:00\",\"dateModified\":\"2024-10-09T08:46:34+00:00\",\"mainEntityOfPage\":{\"@id\":\"https:\\\/\\\/klasmann-deilmann.com\\\/de\\\/auszubildende-fuer-den-klimaschutz\\\/\"},\"wordCount\":406,\"commentCount\":0,\"articleSection\":[\"Karriere\"],\"inLanguage\":\"de\",\"potentialAction\":[{\"@type\":\"CommentAction\",\"name\":\"Comment\",\"target\":[\"https:\\\/\\\/klasmann-deilmann.com\\\/de\\\/auszubildende-fuer-den-klimaschutz\\\/#respond\"]}]},{\"@type\":\"WebPage\",\"@id\":\"https:\\\/\\\/klasmann-deilmann.com\\\/de\\\/auszubildende-fuer-den-klimaschutz\\\/\",\"url\":\"https:\\\/\\\/klasmann-deilmann.com\\\/de\\\/auszubildende-fuer-den-klimaschutz\\\/\",\"name\":\"Auszubildende f\u00fcr den Klimaschutz - Klasmann-Deilmann\",\"isPartOf\":{\"@id\":\"https:\\\/\\\/klasmann-deilmann.com\\\/en\\\/#website\"},\"datePublished\":\"2016-03-02T11:56:13+00:00\",\"dateModified\":\"2024-10-09T08:46:34+00:00\",\"author\":{\"@id\":\"https:\\\/\\\/klasmann-deilmann.com\\\/en\\\/#\\\/schema\\\/person\\\/2502425feab4548f9995e2f1fa23fb3d\"},\"breadcrumb\":{\"@id\":\"https:\\\/\\\/klasmann-deilmann.com\\\/de\\\/auszubildende-fuer-den-klimaschutz\\\/#breadcrumb\"},\"inLanguage\":\"de\",\"potentialAction\":[{\"@type\":\"ReadAction\",\"target\":[\"https:\\\/\\\/klasmann-deilmann.com\\\/de\\\/auszubildende-fuer-den-klimaschutz\\\/\"]}]},{\"@type\":\"BreadcrumbList\",\"@id\":\"https:\\\/\\\/klasmann-deilmann.com\\\/de\\\/auszubildende-fuer-den-klimaschutz\\\/#breadcrumb\",\"itemListElement\":[{\"@type\":\"ListItem\",\"position\":1,\"name\":\"Home\",\"item\":\"https:\\\/\\\/klasmann-deilmann.com\\\/de\\\/\"},{\"@type\":\"ListItem\",\"position\":2,\"name\":\"Auszubildende f\u00fcr den Klimaschutz\"}]},{\"@type\":\"WebSite\",\"@id\":\"https:\\\/\\\/klasmann-deilmann.com\\\/en\\\/#website\",\"url\":\"https:\\\/\\\/klasmann-deilmann.com\\\/en\\\/\",\"name\":\"Klasmann-Deilmann\",\"description\":\"\",\"potentialAction\":[{\"@type\":\"SearchAction\",\"target\":{\"@type\":\"EntryPoint\",\"urlTemplate\":\"https:\\\/\\\/klasmann-deilmann.com\\\/en\\\/?s={search_term_string}\"},\"query-input\":{\"@type\":\"PropertyValueSpecification\",\"valueRequired\":true,\"valueName\":\"search_term_string\"}}],\"inLanguage\":\"de\"},{\"@type\":\"Person\",\"@id\":\"https:\\\/\\\/klasmann-deilmann.com\\\/en\\\/#\\\/schema\\\/person\\\/2502425feab4548f9995e2f1fa23fb3d\",\"name\":\"Dirk R\u00f6se\",\"image\":{\"@type\":\"ImageObject\",\"inLanguage\":\"de\",\"@id\":\"https:\\\/\\\/secure.gravatar.com\\\/avatar\\\/850ab4c80e0a5eca25933f2ee062a09ec1d50f1fa10d0057f65f04b9827f102f?s=96&d=mm&r=g\",\"url\":\"https:\\\/\\\/secure.gravatar.com\\\/avatar\\\/850ab4c80e0a5eca25933f2ee062a09ec1d50f1fa10d0057f65f04b9827f102f?s=96&d=mm&r=g\",\"contentUrl\":\"https:\\\/\\\/secure.gravatar.com\\\/avatar\\\/850ab4c80e0a5eca25933f2ee062a09ec1d50f1fa10d0057f65f04b9827f102f?s=96&d=mm&r=g\",\"caption\":\"Dirk R\u00f6se\"},\"sameAs\":[\"http:\\\/\\\/klasmann-deilmann.com\"],\"url\":\"https:\\\/\\\/klasmann-deilmann.com\\\/de\\\/author\\\/dirk-roese\\\/\"}]}<\/script>\n<!-- \/ Yoast SEO plugin. -->","yoast_head_json":{"title":"Auszubildende f\u00fcr den Klimaschutz - Klasmann-Deilmann","robots":{"index":"index","follow":"follow","max-snippet":"max-snippet:-1","max-image-preview":"max-image-preview:large","max-video-preview":"max-video-preview:-1"},"canonical":"https:\/\/klasmann-deilmann.com\/de\/auszubildende-fuer-den-klimaschutz\/","og_locale":"de_DE","og_type":"article","og_title":"Auszubildende f\u00fcr den Klimaschutz - Klasmann-Deilmann","og_description":"Zertifikate f\u00fcr Klimalotsen Unseren Nachwuchs f\u00f6rdern wir auch in Sachen Klimaschutz und erm\u00f6glichten den Auszubildenden Anna Borgmann und Elwin Janzen die Teilnahme an dem Seminar \u201eAuszubildende als Klimalotsen\u201c. Die Weiterbildung entspringt einer Kooperation zwischen der Historisch-\u00d6kologischen Bildungsst\u00e4tte (H\u00d6B) in Papenburg, der Energieeffizienzagentur Landkreis Emsland und dem Klimacenter Werlte. Sie wird von der Nieders\u00e4chsischen Klima- und Energieagentur (KEAN) unterst\u00fctzt. Hauptziel des Seminars \u201eAuszubildende als Klimalotsen\u201c ist es, jungen Besch\u00e4ftigten die Themen Klimawandel und Klimaschutz n\u00e4herzubringen \u2013 auch damit sie wiederum ihre","og_url":"https:\/\/klasmann-deilmann.com\/de\/auszubildende-fuer-den-klimaschutz\/","og_site_name":"Klasmann-Deilmann","article_published_time":"2016-03-02T11:56:13+00:00","article_modified_time":"2024-10-09T08:46:34+00:00","author":"Dirk R\u00f6se","twitter_card":"summary_large_image","twitter_misc":{"Verfasst von":"Dirk R\u00f6se","Gesch\u00e4tzte Lesezeit":"2\u00a0Minuten"},"schema":{"@context":"https:\/\/schema.org","@graph":[{"@type":"Article","@id":"https:\/\/klasmann-deilmann.com\/de\/auszubildende-fuer-den-klimaschutz\/#article","isPartOf":{"@id":"https:\/\/klasmann-deilmann.com\/de\/auszubildende-fuer-den-klimaschutz\/"},"author":{"name":"Dirk R\u00f6se","@id":"https:\/\/klasmann-deilmann.com\/en\/#\/schema\/person\/2502425feab4548f9995e2f1fa23fb3d"},"headline":"Auszubildende f\u00fcr den Klimaschutz","datePublished":"2016-03-02T11:56:13+00:00","dateModified":"2024-10-09T08:46:34+00:00","mainEntityOfPage":{"@id":"https:\/\/klasmann-deilmann.com\/de\/auszubildende-fuer-den-klimaschutz\/"},"wordCount":406,"commentCount":0,"articleSection":["Karriere"],"inLanguage":"de","potentialAction":[{"@type":"CommentAction","name":"Comment","target":["https:\/\/klasmann-deilmann.com\/de\/auszubildende-fuer-den-klimaschutz\/#respond"]}]},{"@type":"WebPage","@id":"https:\/\/klasmann-deilmann.com\/de\/auszubildende-fuer-den-klimaschutz\/","url":"https:\/\/klasmann-deilmann.com\/de\/auszubildende-fuer-den-klimaschutz\/","name":"Auszubildende f\u00fcr den Klimaschutz - Klasmann-Deilmann","isPartOf":{"@id":"https:\/\/klasmann-deilmann.com\/en\/#website"},"datePublished":"2016-03-02T11:56:13+00:00","dateModified":"2024-10-09T08:46:34+00:00","author":{"@id":"https:\/\/klasmann-deilmann.com\/en\/#\/schema\/person\/2502425feab4548f9995e2f1fa23fb3d"},"breadcrumb":{"@id":"https:\/\/klasmann-deilmann.com\/de\/auszubildende-fuer-den-klimaschutz\/#breadcrumb"},"inLanguage":"de","potentialAction":[{"@type":"ReadAction","target":["https:\/\/klasmann-deilmann.com\/de\/auszubildende-fuer-den-klimaschutz\/"]}]},{"@type":"BreadcrumbList","@id":"https:\/\/klasmann-deilmann.com\/de\/auszubildende-fuer-den-klimaschutz\/#breadcrumb","itemListElement":[{"@type":"ListItem","position":1,"name":"Home","item":"https:\/\/klasmann-deilmann.com\/de\/"},{"@type":"ListItem","position":2,"name":"Auszubildende f\u00fcr den Klimaschutz"}]},{"@type":"WebSite","@id":"https:\/\/klasmann-deilmann.com\/en\/#website","url":"https:\/\/klasmann-deilmann.com\/en\/","name":"Klasmann-Deilmann","description":"","potentialAction":[{"@type":"SearchAction","target":{"@type":"EntryPoint","urlTemplate":"https:\/\/klasmann-deilmann.com\/en\/?s={search_term_string}"},"query-input":{"@type":"PropertyValueSpecification","valueRequired":true,"valueName":"search_term_string"}}],"inLanguage":"de"},{"@type":"Person","@id":"https:\/\/klasmann-deilmann.com\/en\/#\/schema\/person\/2502425feab4548f9995e2f1fa23fb3d","name":"Dirk R\u00f6se","image":{"@type":"ImageObject","inLanguage":"de","@id":"https:\/\/secure.gravatar.com\/avatar\/850ab4c80e0a5eca25933f2ee062a09ec1d50f1fa10d0057f65f04b9827f102f?s=96&d=mm&r=g","url":"https:\/\/secure.gravatar.com\/avatar\/850ab4c80e0a5eca25933f2ee062a09ec1d50f1fa10d0057f65f04b9827f102f?s=96&d=mm&r=g","contentUrl":"https:\/\/secure.gravatar.com\/avatar\/850ab4c80e0a5eca25933f2ee062a09ec1d50f1fa10d0057f65f04b9827f102f?s=96&d=mm&r=g","caption":"Dirk R\u00f6se"},"sameAs":["http:\/\/klasmann-deilmann.com"],"url":"https:\/\/klasmann-deilmann.com\/de\/author\/dirk-roese\/"}]}},"_links":{"self":[{"href":"https:\/\/klasmann-deilmann.com\/de\/wp-json\/wp\/v2\/posts\/3650","targetHints":{"allow":["GET"]}}],"collection":[{"href":"https:\/\/klasmann-deilmann.com\/de\/wp-json\/wp\/v2\/posts"}],"about":[{"href":"https:\/\/klasmann-deilmann.com\/de\/wp-json\/wp\/v2\/types\/post"}],"author":[{"embeddable":true,"href":"https:\/\/klasmann-deilmann.com\/de\/wp-json\/wp\/v2\/users\/8"}],"replies":[{"embeddable":true,"href":"https:\/\/klasmann-deilmann.com\/de\/wp-json\/wp\/v2\/comments?post=3650"}],"version-history":[{"count":1,"href":"https:\/\/klasmann-deilmann.com\/de\/wp-json\/wp\/v2\/posts\/3650\/revisions"}],"predecessor-version":[{"id":3651,"href":"https:\/\/klasmann-deilmann.com\/de\/wp-json\/wp\/v2\/posts\/3650\/revisions\/3651"}],"wp:attachment":[{"href":"https:\/\/klasmann-deilmann.com\/de\/wp-json\/wp\/v2\/media?parent=3650"}],"wp:term":[{"taxonomy":"category","embeddable":true,"href":"https:\/\/klasmann-deilmann.com\/de\/wp-json\/wp\/v2\/categories?post=3650"},{"taxonomy":"post_tag","embeddable":true,"href":"https:\/\/klasmann-deilmann.com\/de\/wp-json\/wp\/v2\/tags?post=3650"}],"curies":[{"name":"wp","href":"https:\/\/api.w.org\/{rel}","templated":true}]}}