{"id":3545,"date":"2016-02-08T12:45:17","date_gmt":"2016-02-08T11:45:17","guid":{"rendered":"\/\/klasmann-deilmann.com\/?p=3545"},"modified":"2024-10-09T10:38:30","modified_gmt":"2024-10-09T08:38:30","slug":"bekenntnis-zum-emsland","status":"publish","type":"post","link":"https:\/\/klasmann-deilmann.com\/de\/bekenntnis-zum-emsland\/","title":{"rendered":"Bekenntnis zum Emsland"},"content":{"rendered":"<p><strong>Neubau in Gro\u00df Hesepe<\/strong><\/p>\n<p>Klasmann-Deilmann beginnt im Jahr 2016 mit dem Neubau eines Verwaltungsgeb\u00e4udes am Unternehmenssitz in Gro\u00df Hesepe. Hintergrund ist das kontinuierliche Wachstum unserer Unternehmensgruppe.<\/p>\n<p><img loading=\"lazy\" decoding=\"async\" width=\"666\" height=\"403\" class=\"alignnone size-full wp-image-3454\" src=\"\/\/klasmann-deilmann.com\/wp-content\/uploads\/Bekanntnis_Emsland_080216.png\" alt=\"bekanntnis_emsland_080216\" srcset=\"https:\/\/klasmann-deilmann.com\/wp-content\/uploads\/Bekanntnis_Emsland_080216.png 666w, https:\/\/klasmann-deilmann.com\/wp-content\/uploads\/Bekanntnis_Emsland_080216-300x182.png 300w\" sizes=\"auto, (max-width: 666px) 100vw, 666px\" \/><\/p>\n<p>Seit mehr als einhundert Jahren gewinnen und verarbeiten wir Torfrohstoffe im Emsland. Vor gut f\u00fcnfzig Jahren begann hier auch die Produktion von Kultursubstraten und Blumenerden, die bis heute das Kerngesch\u00e4ft unserer international t\u00e4tigen Firmengruppe bilden. Von Anfang an war Gro\u00df Hesepe Sitz unseres Unternehmens.<\/p>\n<p>Nun planen wir den Bau eines neuen Verwaltungsgeb\u00e4udes an der Georg-Klasmann-Stra\u00dfe. Im Sommer erfolgt der erste Spatenstich. Noch im Februar beginnen die Vorarbeiten. In der zweiten Jahresh\u00e4lfte 2017 soll das Geb\u00e4ude bezugsfertig sein.<\/p>\n<p>\u201eUnser Unternehmen w\u00e4chst kontinuierlich\u201c, sagt unser Gesch\u00e4ftsf\u00fchrer Moritz B\u00f6cking. \u201eDamit wachsen auch die Belegschaft und die Anspr\u00fcche an eine moderne Verwaltung und Unternehmenskultur. Unsere r\u00e4umlichen Kapazit\u00e4ten sind l\u00e4ngst ersch\u00f6pft. Wir bauen das neue Geb\u00e4ude als Erg\u00e4nzung zum bisherigen Geb\u00e4udetrakt.\u201c Neben zahlreichen B\u00fcros sind dabei auch umfangreiche Schulungs- und Akademie-R\u00e4ume sowie eine Kantine vorgesehen. Im Au\u00dfenbereich wird ein neues Versuchsgew\u00e4chshaus v\u00f6llig neue M\u00f6glichkeiten f\u00fcr Forschung und Entwicklung er\u00f6ffnen. Unsere G\u00e4ste haben \u00fcberdies die M\u00f6glichkeit, sich in wechselnden Ausstellungen \u00fcber Geschichte und Zukunft des Unternehmens zu informieren.<\/p>\n<p>\u201eDieser Neubau ist ein klares Bekenntnis zu Gro\u00df Hesepe und zum Landkreis Emsland\u201c, sagt unser Gesch\u00e4ftsf\u00fchrer Norbert Siebels. \u201eKlasmann-Deilmann ist das innovativste und nachhaltigste Unternehmen der Branche und einer der attraktivsten Arbeitgeber der Region. Das wird das geplante Geb\u00e4ude deutlich unterstreichen. Wir f\u00fchlen uns wohl im Emsland und werden auch zuk\u00fcnftig von hier aus unsere weltweiten Aktivit\u00e4ten steuern.\u201c<\/p>\n","protected":false},"excerpt":{"rendered":"<p>Neubau in Gro\u00df Hesepe Klasmann-Deilmann beginnt im Jahr 2016 mit dem Neubau eines Verwaltungsgeb\u00e4udes am Unternehmenssitz in Gro\u00df Hesepe. Hintergrund ist das kontinuierliche Wachstum unserer Unternehmensgruppe. Seit mehr als einhundert Jahren gewinnen und verarbeiten wir Torfrohstoffe im Emsland. Vor gut f\u00fcnfzig Jahren begann hier auch die Produktion von Kultursubstraten und Blumenerden, die bis heute das Kerngesch\u00e4ft unserer international t\u00e4tigen Firmengruppe bilden. Von Anfang an war Gro\u00df Hesepe Sitz unseres Unternehmens. Nun planen wir den Bau eines neuen Verwaltungsgeb\u00e4udes an der<\/p>\n","protected":false},"author":8,"featured_media":0,"comment_status":"open","ping_status":"closed","sticky":false,"template":"","format":"standard","meta":{"_acf_changed":false,"inline_featured_image":false,"footnotes":""},"categories":[],"tags":[],"class_list":["post-3545","post","type-post","status-publish","format-standard","hentry"],"acf":[],"yoast_head":"<!-- This site is optimized with the Yoast SEO plugin v27.5 - https:\/\/yoast.com\/product\/yoast-seo-wordpress\/ -->\n<title>Bekenntnis zum Emsland - Klasmann-Deilmann<\/title>\n<meta name=\"robots\" content=\"index, follow, max-snippet:-1, max-image-preview:large, max-video-preview:-1\" \/>\n<link rel=\"canonical\" href=\"https:\/\/klasmann-deilmann.com\/de\/bekenntnis-zum-emsland\/\" \/>\n<meta property=\"og:locale\" content=\"de_DE\" \/>\n<meta property=\"og:type\" content=\"article\" \/>\n<meta property=\"og:title\" content=\"Bekenntnis zum Emsland - Klasmann-Deilmann\" \/>\n<meta property=\"og:description\" content=\"Neubau in Gro\u00df Hesepe Klasmann-Deilmann beginnt im Jahr 2016 mit dem Neubau eines Verwaltungsgeb\u00e4udes am Unternehmenssitz in Gro\u00df Hesepe. Hintergrund ist das kontinuierliche Wachstum unserer Unternehmensgruppe. Seit mehr als einhundert Jahren gewinnen und verarbeiten wir Torfrohstoffe im Emsland. Vor gut f\u00fcnfzig Jahren begann hier auch die Produktion von Kultursubstraten und Blumenerden, die bis heute das Kerngesch\u00e4ft unserer international t\u00e4tigen Firmengruppe bilden. Von Anfang an war Gro\u00df Hesepe Sitz unseres Unternehmens. Nun planen wir den Bau eines neuen Verwaltungsgeb\u00e4udes an der\" \/>\n<meta property=\"og:url\" content=\"https:\/\/klasmann-deilmann.com\/de\/bekenntnis-zum-emsland\/\" \/>\n<meta property=\"og:site_name\" content=\"Klasmann-Deilmann\" \/>\n<meta property=\"article:published_time\" content=\"2016-02-08T11:45:17+00:00\" \/>\n<meta property=\"article:modified_time\" content=\"2024-10-09T08:38:30+00:00\" \/>\n<meta name=\"author\" content=\"Dirk R\u00f6se\" \/>\n<meta name=\"twitter:card\" content=\"summary_large_image\" \/>\n<meta name=\"twitter:label1\" content=\"Verfasst von\" \/>\n\t<meta name=\"twitter:data1\" content=\"Dirk R\u00f6se\" \/>\n\t<meta name=\"twitter:label2\" content=\"Gesch\u00e4tzte Lesezeit\" \/>\n\t<meta name=\"twitter:data2\" content=\"1\u00a0Minute\" \/>\n<script type=\"application\/ld+json\" class=\"yoast-schema-graph\">{\"@context\":\"https:\\\/\\\/schema.org\",\"@graph\":[{\"@type\":\"Article\",\"@id\":\"https:\\\/\\\/klasmann-deilmann.com\\\/de\\\/bekenntnis-zum-emsland\\\/#article\",\"isPartOf\":{\"@id\":\"https:\\\/\\\/klasmann-deilmann.com\\\/de\\\/bekenntnis-zum-emsland\\\/\"},\"author\":{\"name\":\"Dirk R\u00f6se\",\"@id\":\"https:\\\/\\\/klasmann-deilmann.com\\\/en\\\/#\\\/schema\\\/person\\\/2502425feab4548f9995e2f1fa23fb3d\"},\"headline\":\"Bekenntnis zum Emsland\",\"datePublished\":\"2016-02-08T11:45:17+00:00\",\"dateModified\":\"2024-10-09T08:38:30+00:00\",\"mainEntityOfPage\":{\"@id\":\"https:\\\/\\\/klasmann-deilmann.com\\\/de\\\/bekenntnis-zum-emsland\\\/\"},\"wordCount\":283,\"commentCount\":0,\"inLanguage\":\"de\",\"potentialAction\":[{\"@type\":\"CommentAction\",\"name\":\"Comment\",\"target\":[\"https:\\\/\\\/klasmann-deilmann.com\\\/de\\\/bekenntnis-zum-emsland\\\/#respond\"]}]},{\"@type\":\"WebPage\",\"@id\":\"https:\\\/\\\/klasmann-deilmann.com\\\/de\\\/bekenntnis-zum-emsland\\\/\",\"url\":\"https:\\\/\\\/klasmann-deilmann.com\\\/de\\\/bekenntnis-zum-emsland\\\/\",\"name\":\"Bekenntnis zum Emsland - Klasmann-Deilmann\",\"isPartOf\":{\"@id\":\"https:\\\/\\\/klasmann-deilmann.com\\\/en\\\/#website\"},\"datePublished\":\"2016-02-08T11:45:17+00:00\",\"dateModified\":\"2024-10-09T08:38:30+00:00\",\"author\":{\"@id\":\"https:\\\/\\\/klasmann-deilmann.com\\\/en\\\/#\\\/schema\\\/person\\\/2502425feab4548f9995e2f1fa23fb3d\"},\"breadcrumb\":{\"@id\":\"https:\\\/\\\/klasmann-deilmann.com\\\/de\\\/bekenntnis-zum-emsland\\\/#breadcrumb\"},\"inLanguage\":\"de\",\"potentialAction\":[{\"@type\":\"ReadAction\",\"target\":[\"https:\\\/\\\/klasmann-deilmann.com\\\/de\\\/bekenntnis-zum-emsland\\\/\"]}]},{\"@type\":\"BreadcrumbList\",\"@id\":\"https:\\\/\\\/klasmann-deilmann.com\\\/de\\\/bekenntnis-zum-emsland\\\/#breadcrumb\",\"itemListElement\":[{\"@type\":\"ListItem\",\"position\":1,\"name\":\"Home\",\"item\":\"https:\\\/\\\/klasmann-deilmann.com\\\/de\\\/\"},{\"@type\":\"ListItem\",\"position\":2,\"name\":\"Bekenntnis zum Emsland\"}]},{\"@type\":\"WebSite\",\"@id\":\"https:\\\/\\\/klasmann-deilmann.com\\\/en\\\/#website\",\"url\":\"https:\\\/\\\/klasmann-deilmann.com\\\/en\\\/\",\"name\":\"Klasmann-Deilmann\",\"description\":\"\",\"potentialAction\":[{\"@type\":\"SearchAction\",\"target\":{\"@type\":\"EntryPoint\",\"urlTemplate\":\"https:\\\/\\\/klasmann-deilmann.com\\\/en\\\/?s={search_term_string}\"},\"query-input\":{\"@type\":\"PropertyValueSpecification\",\"valueRequired\":true,\"valueName\":\"search_term_string\"}}],\"inLanguage\":\"de\"},{\"@type\":\"Person\",\"@id\":\"https:\\\/\\\/klasmann-deilmann.com\\\/en\\\/#\\\/schema\\\/person\\\/2502425feab4548f9995e2f1fa23fb3d\",\"name\":\"Dirk R\u00f6se\",\"image\":{\"@type\":\"ImageObject\",\"inLanguage\":\"de\",\"@id\":\"https:\\\/\\\/secure.gravatar.com\\\/avatar\\\/850ab4c80e0a5eca25933f2ee062a09ec1d50f1fa10d0057f65f04b9827f102f?s=96&d=mm&r=g\",\"url\":\"https:\\\/\\\/secure.gravatar.com\\\/avatar\\\/850ab4c80e0a5eca25933f2ee062a09ec1d50f1fa10d0057f65f04b9827f102f?s=96&d=mm&r=g\",\"contentUrl\":\"https:\\\/\\\/secure.gravatar.com\\\/avatar\\\/850ab4c80e0a5eca25933f2ee062a09ec1d50f1fa10d0057f65f04b9827f102f?s=96&d=mm&r=g\",\"caption\":\"Dirk R\u00f6se\"},\"sameAs\":[\"http:\\\/\\\/klasmann-deilmann.com\"],\"url\":\"https:\\\/\\\/klasmann-deilmann.com\\\/de\\\/author\\\/dirk-roese\\\/\"}]}<\/script>\n<!-- \/ Yoast SEO plugin. -->","yoast_head_json":{"title":"Bekenntnis zum Emsland - Klasmann-Deilmann","robots":{"index":"index","follow":"follow","max-snippet":"max-snippet:-1","max-image-preview":"max-image-preview:large","max-video-preview":"max-video-preview:-1"},"canonical":"https:\/\/klasmann-deilmann.com\/de\/bekenntnis-zum-emsland\/","og_locale":"de_DE","og_type":"article","og_title":"Bekenntnis zum Emsland - Klasmann-Deilmann","og_description":"Neubau in Gro\u00df Hesepe Klasmann-Deilmann beginnt im Jahr 2016 mit dem Neubau eines Verwaltungsgeb\u00e4udes am Unternehmenssitz in Gro\u00df Hesepe. Hintergrund ist das kontinuierliche Wachstum unserer Unternehmensgruppe. Seit mehr als einhundert Jahren gewinnen und verarbeiten wir Torfrohstoffe im Emsland. Vor gut f\u00fcnfzig Jahren begann hier auch die Produktion von Kultursubstraten und Blumenerden, die bis heute das Kerngesch\u00e4ft unserer international t\u00e4tigen Firmengruppe bilden. Von Anfang an war Gro\u00df Hesepe Sitz unseres Unternehmens. Nun planen wir den Bau eines neuen Verwaltungsgeb\u00e4udes an der","og_url":"https:\/\/klasmann-deilmann.com\/de\/bekenntnis-zum-emsland\/","og_site_name":"Klasmann-Deilmann","article_published_time":"2016-02-08T11:45:17+00:00","article_modified_time":"2024-10-09T08:38:30+00:00","author":"Dirk R\u00f6se","twitter_card":"summary_large_image","twitter_misc":{"Verfasst von":"Dirk R\u00f6se","Gesch\u00e4tzte Lesezeit":"1\u00a0Minute"},"schema":{"@context":"https:\/\/schema.org","@graph":[{"@type":"Article","@id":"https:\/\/klasmann-deilmann.com\/de\/bekenntnis-zum-emsland\/#article","isPartOf":{"@id":"https:\/\/klasmann-deilmann.com\/de\/bekenntnis-zum-emsland\/"},"author":{"name":"Dirk R\u00f6se","@id":"https:\/\/klasmann-deilmann.com\/en\/#\/schema\/person\/2502425feab4548f9995e2f1fa23fb3d"},"headline":"Bekenntnis zum Emsland","datePublished":"2016-02-08T11:45:17+00:00","dateModified":"2024-10-09T08:38:30+00:00","mainEntityOfPage":{"@id":"https:\/\/klasmann-deilmann.com\/de\/bekenntnis-zum-emsland\/"},"wordCount":283,"commentCount":0,"inLanguage":"de","potentialAction":[{"@type":"CommentAction","name":"Comment","target":["https:\/\/klasmann-deilmann.com\/de\/bekenntnis-zum-emsland\/#respond"]}]},{"@type":"WebPage","@id":"https:\/\/klasmann-deilmann.com\/de\/bekenntnis-zum-emsland\/","url":"https:\/\/klasmann-deilmann.com\/de\/bekenntnis-zum-emsland\/","name":"Bekenntnis zum Emsland - Klasmann-Deilmann","isPartOf":{"@id":"https:\/\/klasmann-deilmann.com\/en\/#website"},"datePublished":"2016-02-08T11:45:17+00:00","dateModified":"2024-10-09T08:38:30+00:00","author":{"@id":"https:\/\/klasmann-deilmann.com\/en\/#\/schema\/person\/2502425feab4548f9995e2f1fa23fb3d"},"breadcrumb":{"@id":"https:\/\/klasmann-deilmann.com\/de\/bekenntnis-zum-emsland\/#breadcrumb"},"inLanguage":"de","potentialAction":[{"@type":"ReadAction","target":["https:\/\/klasmann-deilmann.com\/de\/bekenntnis-zum-emsland\/"]}]},{"@type":"BreadcrumbList","@id":"https:\/\/klasmann-deilmann.com\/de\/bekenntnis-zum-emsland\/#breadcrumb","itemListElement":[{"@type":"ListItem","position":1,"name":"Home","item":"https:\/\/klasmann-deilmann.com\/de\/"},{"@type":"ListItem","position":2,"name":"Bekenntnis zum Emsland"}]},{"@type":"WebSite","@id":"https:\/\/klasmann-deilmann.com\/en\/#website","url":"https:\/\/klasmann-deilmann.com\/en\/","name":"Klasmann-Deilmann","description":"","potentialAction":[{"@type":"SearchAction","target":{"@type":"EntryPoint","urlTemplate":"https:\/\/klasmann-deilmann.com\/en\/?s={search_term_string}"},"query-input":{"@type":"PropertyValueSpecification","valueRequired":true,"valueName":"search_term_string"}}],"inLanguage":"de"},{"@type":"Person","@id":"https:\/\/klasmann-deilmann.com\/en\/#\/schema\/person\/2502425feab4548f9995e2f1fa23fb3d","name":"Dirk R\u00f6se","image":{"@type":"ImageObject","inLanguage":"de","@id":"https:\/\/secure.gravatar.com\/avatar\/850ab4c80e0a5eca25933f2ee062a09ec1d50f1fa10d0057f65f04b9827f102f?s=96&d=mm&r=g","url":"https:\/\/secure.gravatar.com\/avatar\/850ab4c80e0a5eca25933f2ee062a09ec1d50f1fa10d0057f65f04b9827f102f?s=96&d=mm&r=g","contentUrl":"https:\/\/secure.gravatar.com\/avatar\/850ab4c80e0a5eca25933f2ee062a09ec1d50f1fa10d0057f65f04b9827f102f?s=96&d=mm&r=g","caption":"Dirk R\u00f6se"},"sameAs":["http:\/\/klasmann-deilmann.com"],"url":"https:\/\/klasmann-deilmann.com\/de\/author\/dirk-roese\/"}]}},"_links":{"self":[{"href":"https:\/\/klasmann-deilmann.com\/de\/wp-json\/wp\/v2\/posts\/3545","targetHints":{"allow":["GET"]}}],"collection":[{"href":"https:\/\/klasmann-deilmann.com\/de\/wp-json\/wp\/v2\/posts"}],"about":[{"href":"https:\/\/klasmann-deilmann.com\/de\/wp-json\/wp\/v2\/types\/post"}],"author":[{"embeddable":true,"href":"https:\/\/klasmann-deilmann.com\/de\/wp-json\/wp\/v2\/users\/8"}],"replies":[{"embeddable":true,"href":"https:\/\/klasmann-deilmann.com\/de\/wp-json\/wp\/v2\/comments?post=3545"}],"version-history":[{"count":1,"href":"https:\/\/klasmann-deilmann.com\/de\/wp-json\/wp\/v2\/posts\/3545\/revisions"}],"predecessor-version":[{"id":3546,"href":"https:\/\/klasmann-deilmann.com\/de\/wp-json\/wp\/v2\/posts\/3545\/revisions\/3546"}],"wp:attachment":[{"href":"https:\/\/klasmann-deilmann.com\/de\/wp-json\/wp\/v2\/media?parent=3545"}],"wp:term":[{"taxonomy":"category","embeddable":true,"href":"https:\/\/klasmann-deilmann.com\/de\/wp-json\/wp\/v2\/categories?post=3545"},{"taxonomy":"post_tag","embeddable":true,"href":"https:\/\/klasmann-deilmann.com\/de\/wp-json\/wp\/v2\/tags?post=3545"}],"curies":[{"name":"wp","href":"https:\/\/api.w.org\/{rel}","templated":true}]}}