{"id":29841,"date":"2021-03-23T08:00:58","date_gmt":"2021-03-23T07:00:58","guid":{"rendered":"https:\/\/klasmann-deilmann.com\/?p=29841"},"modified":"2024-09-27T11:54:41","modified_gmt":"2024-09-27T09:54:41","slug":"klasmann-deilmann-holt-internationalen-top-manager-ins-emsland","status":"publish","type":"post","link":"https:\/\/klasmann-deilmann.com\/de\/klasmann-deilmann-holt-internationalen-top-manager-ins-emsland\/","title":{"rendered":"Klasmann-Deilmann holt internationalen Top-Manager ins Emsland"},"content":{"rendered":"<p><img loading=\"lazy\" decoding=\"async\" width=\"1024\" height=\"768\" class=\"alignnone size-large wp-image-29843\" src=\"\/wp-content\/uploads\/2021-03-23-Klasmann-Deilmann-Jan-Astrup-Moritz-Boecking-1024x768.jpg\" alt=\"\" srcset=\"https:\/\/klasmann-deilmann.com\/wp-content\/uploads\/2021-03-23-Klasmann-Deilmann-Jan-Astrup-Moritz-Boecking-1024x768.jpg 1024w, https:\/\/klasmann-deilmann.com\/wp-content\/uploads\/2021-03-23-Klasmann-Deilmann-Jan-Astrup-Moritz-Boecking-300x225.jpg 300w, https:\/\/klasmann-deilmann.com\/wp-content\/uploads\/2021-03-23-Klasmann-Deilmann-Jan-Astrup-Moritz-Boecking-768x576.jpg 768w, https:\/\/klasmann-deilmann.com\/wp-content\/uploads\/2021-03-23-Klasmann-Deilmann-Jan-Astrup-Moritz-Boecking-1536x1152.jpg 1536w, https:\/\/klasmann-deilmann.com\/wp-content\/uploads\/2021-03-23-Klasmann-Deilmann-Jan-Astrup-Moritz-Boecking-2048x1536.jpg 2048w, https:\/\/klasmann-deilmann.com\/wp-content\/uploads\/2021-03-23-Klasmann-Deilmann-Jan-Astrup-Moritz-Boecking-125x94.jpg 125w\" sizes=\"auto, (max-width: 1024px) 100vw, 1024px\" \/><\/p>\n<h2><strong>Jan Astrup verantwortet Ausbau der internationalen Substratproduktion<\/strong><\/h2>\n<p>Jan Astrup wird Chief Operating Officer der Klasmann-Deilmann-Gruppe. Zum 1. Juni 2021 \u00fcbernimmt Herr Astrup die Verantwortung f\u00fcr die internationale Substratproduktion und den damit verbundenen Bereich Technik. Die neu geschaffene Position beinhaltet die gruppenweite Koordination der Produktionsabl\u00e4ufe, die Investitions- und Produktionsplanung, die Prozessoptimierung und die Leitung zukunftweisender Projekte mit Produktionspartnern im In- und Ausland.<\/p>\n<p>\u201eMit Jan Astrup gewinnt die Klasmann-Deilmann-Gruppe einen international erfahrenen Manager, der bereits viele Jahre erfolgreich in der Substratindustrie gearbeitet hat\u201c, so Gesch\u00e4ftsf\u00fchrer Moritz B\u00f6cking. \u201eWir haben ambitionierte Wachstumspl\u00e4ne f\u00fcr unsere Produktionsstandorte in Europa und in Asien. Beim neuen Chief Operating Officer laufen zuk\u00fcnftig s\u00e4mtliche technischen und produktionsseitigen F\u00e4den zusammen und k\u00f6nnen auf internationaler Ebene zielsicher umgesetzt werden. Auf diese Weise wird Jan Astrup den Wachstums- und Digitalisierungskurs unseres Unternehmens verst\u00e4rken und an entscheidender Stelle dazu beitragen, unsere f\u00fchrende Position in der Substratbranche weiter auszubauen.\u201c<\/p>\n<div id=\"attachment_29843\" style=\"width: 690px\" class=\"wp-caption aligncenter\"><img loading=\"lazy\" decoding=\"async\" aria-describedby=\"caption-attachment-29843\" class=\"wp-image-29843 size-large\" src=\"https:\/\/klasmann-deilmann.com\/wp-content\/uploads\/2021-03-23-Klasmann-Deilmann-Jan-Astrup-Moritz-Boecking-1024x768.jpg\" alt=\"\" width=\"680\" height=\"510\" srcset=\"https:\/\/klasmann-deilmann.com\/wp-content\/uploads\/2021-03-23-Klasmann-Deilmann-Jan-Astrup-Moritz-Boecking-1024x768.jpg 1024w, https:\/\/klasmann-deilmann.com\/wp-content\/uploads\/2021-03-23-Klasmann-Deilmann-Jan-Astrup-Moritz-Boecking-300x225.jpg 300w, https:\/\/klasmann-deilmann.com\/wp-content\/uploads\/2021-03-23-Klasmann-Deilmann-Jan-Astrup-Moritz-Boecking-768x576.jpg 768w, https:\/\/klasmann-deilmann.com\/wp-content\/uploads\/2021-03-23-Klasmann-Deilmann-Jan-Astrup-Moritz-Boecking-1536x1152.jpg 1536w, https:\/\/klasmann-deilmann.com\/wp-content\/uploads\/2021-03-23-Klasmann-Deilmann-Jan-Astrup-Moritz-Boecking-2048x1536.jpg 2048w, https:\/\/klasmann-deilmann.com\/wp-content\/uploads\/2021-03-23-Klasmann-Deilmann-Jan-Astrup-Moritz-Boecking-125x94.jpg 125w\" sizes=\"auto, (max-width: 680px) 100vw, 680px\" \/><\/p>\n<p id=\"caption-attachment-29843\" class=\"wp-caption-text\">Jan Astrup und Moritz B\u00f6cking<\/p>\n<\/div>\n","protected":false},"excerpt":{"rendered":"<p>Jan Astrup verantwortet Ausbau der internationalen Substratproduktion Jan Astrup wird Chief Operating Officer der Klasmann-Deilmann-Gruppe. Zum 1. Juni 2021 \u00fcbernimmt Herr Astrup die Verantwortung f\u00fcr die internationale Substratproduktion und den damit verbundenen Bereich Technik. Die neu geschaffene Position beinhaltet die gruppenweite Koordination der Produktionsabl\u00e4ufe, die Investitions- und Produktionsplanung, die Prozessoptimierung und die Leitung zukunftweisender Projekte mit Produktionspartnern im In- und Ausland. \u201eMit Jan Astrup gewinnt die Klasmann-Deilmann-Gruppe einen international erfahrenen Manager, der bereits viele Jahre erfolgreich in der Substratindustrie gearbeitet<\/p>\n","protected":false},"author":8,"featured_media":0,"comment_status":"open","ping_status":"closed","sticky":false,"template":"","format":"standard","meta":{"_acf_changed":false,"inline_featured_image":false,"footnotes":""},"categories":[606],"tags":[],"class_list":["post-29841","post","type-post","status-publish","format-standard","hentry","category-unternehmen-2"],"acf":[],"yoast_head":"<!-- This site is optimized with the Yoast SEO plugin v27.5 - https:\/\/yoast.com\/product\/yoast-seo-wordpress\/ -->\n<title>Klasmann-Deilmann holt internationalen Top-Manager ins Emsland - Klasmann-Deilmann<\/title>\n<meta name=\"robots\" content=\"index, follow, max-snippet:-1, max-image-preview:large, max-video-preview:-1\" \/>\n<link rel=\"canonical\" href=\"https:\/\/klasmann-deilmann.com\/de\/klasmann-deilmann-holt-internationalen-top-manager-ins-emsland\/\" \/>\n<meta property=\"og:locale\" content=\"de_DE\" \/>\n<meta property=\"og:type\" content=\"article\" \/>\n<meta property=\"og:title\" content=\"Klasmann-Deilmann holt internationalen Top-Manager ins Emsland - Klasmann-Deilmann\" \/>\n<meta property=\"og:description\" content=\"Jan Astrup verantwortet Ausbau der internationalen Substratproduktion Jan Astrup wird Chief Operating Officer der Klasmann-Deilmann-Gruppe. Zum 1. Juni 2021 \u00fcbernimmt Herr Astrup die Verantwortung f\u00fcr die internationale Substratproduktion und den damit verbundenen Bereich Technik. Die neu geschaffene Position beinhaltet die gruppenweite Koordination der Produktionsabl\u00e4ufe, die Investitions- und Produktionsplanung, die Prozessoptimierung und die Leitung zukunftweisender Projekte mit Produktionspartnern im In- und Ausland. \u201eMit Jan Astrup gewinnt die Klasmann-Deilmann-Gruppe einen international erfahrenen Manager, der bereits viele Jahre erfolgreich in der Substratindustrie gearbeitet\" \/>\n<meta property=\"og:url\" content=\"https:\/\/klasmann-deilmann.com\/de\/klasmann-deilmann-holt-internationalen-top-manager-ins-emsland\/\" \/>\n<meta property=\"og:site_name\" content=\"Klasmann-Deilmann\" \/>\n<meta property=\"article:published_time\" content=\"2021-03-23T07:00:58+00:00\" \/>\n<meta property=\"article:modified_time\" content=\"2024-09-27T09:54:41+00:00\" \/>\n<meta property=\"og:image\" content=\"https:\/\/klasmann-deilmann.com\/wp-content\/uploads\/2021-03-23-Klasmann-Deilmann-Jan-Astrup-Moritz-Boecking-1024x768.jpg\" \/>\n<meta name=\"author\" content=\"Dirk R\u00f6se\" \/>\n<meta name=\"twitter:card\" content=\"summary_large_image\" \/>\n<meta name=\"twitter:label1\" content=\"Verfasst von\" \/>\n\t<meta name=\"twitter:data1\" content=\"Dirk R\u00f6se\" \/>\n\t<meta name=\"twitter:label2\" content=\"Gesch\u00e4tzte Lesezeit\" \/>\n\t<meta name=\"twitter:data2\" content=\"2\u00a0Minuten\" \/>\n<script type=\"application\/ld+json\" class=\"yoast-schema-graph\">{\"@context\":\"https:\\\/\\\/schema.org\",\"@graph\":[{\"@type\":\"Article\",\"@id\":\"https:\\\/\\\/klasmann-deilmann.com\\\/de\\\/klasmann-deilmann-holt-internationalen-top-manager-ins-emsland\\\/#article\",\"isPartOf\":{\"@id\":\"https:\\\/\\\/klasmann-deilmann.com\\\/de\\\/klasmann-deilmann-holt-internationalen-top-manager-ins-emsland\\\/\"},\"author\":{\"name\":\"Dirk R\u00f6se\",\"@id\":\"https:\\\/\\\/klasmann-deilmann.com\\\/en\\\/#\\\/schema\\\/person\\\/2502425feab4548f9995e2f1fa23fb3d\"},\"headline\":\"Klasmann-Deilmann holt internationalen Top-Manager ins Emsland\",\"datePublished\":\"2021-03-23T07:00:58+00:00\",\"dateModified\":\"2024-09-27T09:54:41+00:00\",\"mainEntityOfPage\":{\"@id\":\"https:\\\/\\\/klasmann-deilmann.com\\\/de\\\/klasmann-deilmann-holt-internationalen-top-manager-ins-emsland\\\/\"},\"wordCount\":175,\"commentCount\":0,\"image\":{\"@id\":\"https:\\\/\\\/klasmann-deilmann.com\\\/de\\\/klasmann-deilmann-holt-internationalen-top-manager-ins-emsland\\\/#primaryimage\"},\"thumbnailUrl\":\"https:\\\/\\\/klasmann-deilmann.com\\\/wp-content\\\/uploads\\\/2021-03-23-Klasmann-Deilmann-Jan-Astrup-Moritz-Boecking-1024x768.jpg\",\"articleSection\":[\"Unternehmen\"],\"inLanguage\":\"de\",\"potentialAction\":[{\"@type\":\"CommentAction\",\"name\":\"Comment\",\"target\":[\"https:\\\/\\\/klasmann-deilmann.com\\\/de\\\/klasmann-deilmann-holt-internationalen-top-manager-ins-emsland\\\/#respond\"]}]},{\"@type\":\"WebPage\",\"@id\":\"https:\\\/\\\/klasmann-deilmann.com\\\/de\\\/klasmann-deilmann-holt-internationalen-top-manager-ins-emsland\\\/\",\"url\":\"https:\\\/\\\/klasmann-deilmann.com\\\/de\\\/klasmann-deilmann-holt-internationalen-top-manager-ins-emsland\\\/\",\"name\":\"Klasmann-Deilmann holt internationalen Top-Manager ins Emsland - Klasmann-Deilmann\",\"isPartOf\":{\"@id\":\"https:\\\/\\\/klasmann-deilmann.com\\\/en\\\/#website\"},\"primaryImageOfPage\":{\"@id\":\"https:\\\/\\\/klasmann-deilmann.com\\\/de\\\/klasmann-deilmann-holt-internationalen-top-manager-ins-emsland\\\/#primaryimage\"},\"image\":{\"@id\":\"https:\\\/\\\/klasmann-deilmann.com\\\/de\\\/klasmann-deilmann-holt-internationalen-top-manager-ins-emsland\\\/#primaryimage\"},\"thumbnailUrl\":\"https:\\\/\\\/klasmann-deilmann.com\\\/wp-content\\\/uploads\\\/2021-03-23-Klasmann-Deilmann-Jan-Astrup-Moritz-Boecking-1024x768.jpg\",\"datePublished\":\"2021-03-23T07:00:58+00:00\",\"dateModified\":\"2024-09-27T09:54:41+00:00\",\"author\":{\"@id\":\"https:\\\/\\\/klasmann-deilmann.com\\\/en\\\/#\\\/schema\\\/person\\\/2502425feab4548f9995e2f1fa23fb3d\"},\"breadcrumb\":{\"@id\":\"https:\\\/\\\/klasmann-deilmann.com\\\/de\\\/klasmann-deilmann-holt-internationalen-top-manager-ins-emsland\\\/#breadcrumb\"},\"inLanguage\":\"de\",\"potentialAction\":[{\"@type\":\"ReadAction\",\"target\":[\"https:\\\/\\\/klasmann-deilmann.com\\\/de\\\/klasmann-deilmann-holt-internationalen-top-manager-ins-emsland\\\/\"]}]},{\"@type\":\"ImageObject\",\"inLanguage\":\"de\",\"@id\":\"https:\\\/\\\/klasmann-deilmann.com\\\/de\\\/klasmann-deilmann-holt-internationalen-top-manager-ins-emsland\\\/#primaryimage\",\"url\":\"https:\\\/\\\/klasmann-deilmann.com\\\/wp-content\\\/uploads\\\/2021-03-23-Klasmann-Deilmann-Jan-Astrup-Moritz-Boecking-1024x768.jpg\",\"contentUrl\":\"https:\\\/\\\/klasmann-deilmann.com\\\/wp-content\\\/uploads\\\/2021-03-23-Klasmann-Deilmann-Jan-Astrup-Moritz-Boecking-1024x768.jpg\"},{\"@type\":\"BreadcrumbList\",\"@id\":\"https:\\\/\\\/klasmann-deilmann.com\\\/de\\\/klasmann-deilmann-holt-internationalen-top-manager-ins-emsland\\\/#breadcrumb\",\"itemListElement\":[{\"@type\":\"ListItem\",\"position\":1,\"name\":\"Home\",\"item\":\"https:\\\/\\\/klasmann-deilmann.com\\\/de\\\/\"},{\"@type\":\"ListItem\",\"position\":2,\"name\":\"Klasmann-Deilmann holt internationalen Top-Manager ins Emsland\"}]},{\"@type\":\"WebSite\",\"@id\":\"https:\\\/\\\/klasmann-deilmann.com\\\/en\\\/#website\",\"url\":\"https:\\\/\\\/klasmann-deilmann.com\\\/en\\\/\",\"name\":\"Klasmann-Deilmann\",\"description\":\"\",\"potentialAction\":[{\"@type\":\"SearchAction\",\"target\":{\"@type\":\"EntryPoint\",\"urlTemplate\":\"https:\\\/\\\/klasmann-deilmann.com\\\/en\\\/?s={search_term_string}\"},\"query-input\":{\"@type\":\"PropertyValueSpecification\",\"valueRequired\":true,\"valueName\":\"search_term_string\"}}],\"inLanguage\":\"de\"},{\"@type\":\"Person\",\"@id\":\"https:\\\/\\\/klasmann-deilmann.com\\\/en\\\/#\\\/schema\\\/person\\\/2502425feab4548f9995e2f1fa23fb3d\",\"name\":\"Dirk R\u00f6se\",\"image\":{\"@type\":\"ImageObject\",\"inLanguage\":\"de\",\"@id\":\"https:\\\/\\\/secure.gravatar.com\\\/avatar\\\/850ab4c80e0a5eca25933f2ee062a09ec1d50f1fa10d0057f65f04b9827f102f?s=96&d=mm&r=g\",\"url\":\"https:\\\/\\\/secure.gravatar.com\\\/avatar\\\/850ab4c80e0a5eca25933f2ee062a09ec1d50f1fa10d0057f65f04b9827f102f?s=96&d=mm&r=g\",\"contentUrl\":\"https:\\\/\\\/secure.gravatar.com\\\/avatar\\\/850ab4c80e0a5eca25933f2ee062a09ec1d50f1fa10d0057f65f04b9827f102f?s=96&d=mm&r=g\",\"caption\":\"Dirk R\u00f6se\"},\"sameAs\":[\"http:\\\/\\\/klasmann-deilmann.com\"],\"url\":\"https:\\\/\\\/klasmann-deilmann.com\\\/de\\\/author\\\/dirk-roese\\\/\"}]}<\/script>\n<!-- \/ Yoast SEO plugin. -->","yoast_head_json":{"title":"Klasmann-Deilmann holt internationalen Top-Manager ins Emsland - Klasmann-Deilmann","robots":{"index":"index","follow":"follow","max-snippet":"max-snippet:-1","max-image-preview":"max-image-preview:large","max-video-preview":"max-video-preview:-1"},"canonical":"https:\/\/klasmann-deilmann.com\/de\/klasmann-deilmann-holt-internationalen-top-manager-ins-emsland\/","og_locale":"de_DE","og_type":"article","og_title":"Klasmann-Deilmann holt internationalen Top-Manager ins Emsland - Klasmann-Deilmann","og_description":"Jan Astrup verantwortet Ausbau der internationalen Substratproduktion Jan Astrup wird Chief Operating Officer der Klasmann-Deilmann-Gruppe. Zum 1. Juni 2021 \u00fcbernimmt Herr Astrup die Verantwortung f\u00fcr die internationale Substratproduktion und den damit verbundenen Bereich Technik. Die neu geschaffene Position beinhaltet die gruppenweite Koordination der Produktionsabl\u00e4ufe, die Investitions- und Produktionsplanung, die Prozessoptimierung und die Leitung zukunftweisender Projekte mit Produktionspartnern im In- und Ausland. \u201eMit Jan Astrup gewinnt die Klasmann-Deilmann-Gruppe einen international erfahrenen Manager, der bereits viele Jahre erfolgreich in der Substratindustrie gearbeitet","og_url":"https:\/\/klasmann-deilmann.com\/de\/klasmann-deilmann-holt-internationalen-top-manager-ins-emsland\/","og_site_name":"Klasmann-Deilmann","article_published_time":"2021-03-23T07:00:58+00:00","article_modified_time":"2024-09-27T09:54:41+00:00","og_image":[{"url":"https:\/\/klasmann-deilmann.com\/wp-content\/uploads\/2021-03-23-Klasmann-Deilmann-Jan-Astrup-Moritz-Boecking-1024x768.jpg","type":"","width":"","height":""}],"author":"Dirk R\u00f6se","twitter_card":"summary_large_image","twitter_misc":{"Verfasst von":"Dirk R\u00f6se","Gesch\u00e4tzte Lesezeit":"2\u00a0Minuten"},"schema":{"@context":"https:\/\/schema.org","@graph":[{"@type":"Article","@id":"https:\/\/klasmann-deilmann.com\/de\/klasmann-deilmann-holt-internationalen-top-manager-ins-emsland\/#article","isPartOf":{"@id":"https:\/\/klasmann-deilmann.com\/de\/klasmann-deilmann-holt-internationalen-top-manager-ins-emsland\/"},"author":{"name":"Dirk R\u00f6se","@id":"https:\/\/klasmann-deilmann.com\/en\/#\/schema\/person\/2502425feab4548f9995e2f1fa23fb3d"},"headline":"Klasmann-Deilmann holt internationalen Top-Manager ins Emsland","datePublished":"2021-03-23T07:00:58+00:00","dateModified":"2024-09-27T09:54:41+00:00","mainEntityOfPage":{"@id":"https:\/\/klasmann-deilmann.com\/de\/klasmann-deilmann-holt-internationalen-top-manager-ins-emsland\/"},"wordCount":175,"commentCount":0,"image":{"@id":"https:\/\/klasmann-deilmann.com\/de\/klasmann-deilmann-holt-internationalen-top-manager-ins-emsland\/#primaryimage"},"thumbnailUrl":"https:\/\/klasmann-deilmann.com\/wp-content\/uploads\/2021-03-23-Klasmann-Deilmann-Jan-Astrup-Moritz-Boecking-1024x768.jpg","articleSection":["Unternehmen"],"inLanguage":"de","potentialAction":[{"@type":"CommentAction","name":"Comment","target":["https:\/\/klasmann-deilmann.com\/de\/klasmann-deilmann-holt-internationalen-top-manager-ins-emsland\/#respond"]}]},{"@type":"WebPage","@id":"https:\/\/klasmann-deilmann.com\/de\/klasmann-deilmann-holt-internationalen-top-manager-ins-emsland\/","url":"https:\/\/klasmann-deilmann.com\/de\/klasmann-deilmann-holt-internationalen-top-manager-ins-emsland\/","name":"Klasmann-Deilmann holt internationalen Top-Manager ins Emsland - Klasmann-Deilmann","isPartOf":{"@id":"https:\/\/klasmann-deilmann.com\/en\/#website"},"primaryImageOfPage":{"@id":"https:\/\/klasmann-deilmann.com\/de\/klasmann-deilmann-holt-internationalen-top-manager-ins-emsland\/#primaryimage"},"image":{"@id":"https:\/\/klasmann-deilmann.com\/de\/klasmann-deilmann-holt-internationalen-top-manager-ins-emsland\/#primaryimage"},"thumbnailUrl":"https:\/\/klasmann-deilmann.com\/wp-content\/uploads\/2021-03-23-Klasmann-Deilmann-Jan-Astrup-Moritz-Boecking-1024x768.jpg","datePublished":"2021-03-23T07:00:58+00:00","dateModified":"2024-09-27T09:54:41+00:00","author":{"@id":"https:\/\/klasmann-deilmann.com\/en\/#\/schema\/person\/2502425feab4548f9995e2f1fa23fb3d"},"breadcrumb":{"@id":"https:\/\/klasmann-deilmann.com\/de\/klasmann-deilmann-holt-internationalen-top-manager-ins-emsland\/#breadcrumb"},"inLanguage":"de","potentialAction":[{"@type":"ReadAction","target":["https:\/\/klasmann-deilmann.com\/de\/klasmann-deilmann-holt-internationalen-top-manager-ins-emsland\/"]}]},{"@type":"ImageObject","inLanguage":"de","@id":"https:\/\/klasmann-deilmann.com\/de\/klasmann-deilmann-holt-internationalen-top-manager-ins-emsland\/#primaryimage","url":"https:\/\/klasmann-deilmann.com\/wp-content\/uploads\/2021-03-23-Klasmann-Deilmann-Jan-Astrup-Moritz-Boecking-1024x768.jpg","contentUrl":"https:\/\/klasmann-deilmann.com\/wp-content\/uploads\/2021-03-23-Klasmann-Deilmann-Jan-Astrup-Moritz-Boecking-1024x768.jpg"},{"@type":"BreadcrumbList","@id":"https:\/\/klasmann-deilmann.com\/de\/klasmann-deilmann-holt-internationalen-top-manager-ins-emsland\/#breadcrumb","itemListElement":[{"@type":"ListItem","position":1,"name":"Home","item":"https:\/\/klasmann-deilmann.com\/de\/"},{"@type":"ListItem","position":2,"name":"Klasmann-Deilmann holt internationalen Top-Manager ins Emsland"}]},{"@type":"WebSite","@id":"https:\/\/klasmann-deilmann.com\/en\/#website","url":"https:\/\/klasmann-deilmann.com\/en\/","name":"Klasmann-Deilmann","description":"","potentialAction":[{"@type":"SearchAction","target":{"@type":"EntryPoint","urlTemplate":"https:\/\/klasmann-deilmann.com\/en\/?s={search_term_string}"},"query-input":{"@type":"PropertyValueSpecification","valueRequired":true,"valueName":"search_term_string"}}],"inLanguage":"de"},{"@type":"Person","@id":"https:\/\/klasmann-deilmann.com\/en\/#\/schema\/person\/2502425feab4548f9995e2f1fa23fb3d","name":"Dirk R\u00f6se","image":{"@type":"ImageObject","inLanguage":"de","@id":"https:\/\/secure.gravatar.com\/avatar\/850ab4c80e0a5eca25933f2ee062a09ec1d50f1fa10d0057f65f04b9827f102f?s=96&d=mm&r=g","url":"https:\/\/secure.gravatar.com\/avatar\/850ab4c80e0a5eca25933f2ee062a09ec1d50f1fa10d0057f65f04b9827f102f?s=96&d=mm&r=g","contentUrl":"https:\/\/secure.gravatar.com\/avatar\/850ab4c80e0a5eca25933f2ee062a09ec1d50f1fa10d0057f65f04b9827f102f?s=96&d=mm&r=g","caption":"Dirk R\u00f6se"},"sameAs":["http:\/\/klasmann-deilmann.com"],"url":"https:\/\/klasmann-deilmann.com\/de\/author\/dirk-roese\/"}]}},"_links":{"self":[{"href":"https:\/\/klasmann-deilmann.com\/de\/wp-json\/wp\/v2\/posts\/29841","targetHints":{"allow":["GET"]}}],"collection":[{"href":"https:\/\/klasmann-deilmann.com\/de\/wp-json\/wp\/v2\/posts"}],"about":[{"href":"https:\/\/klasmann-deilmann.com\/de\/wp-json\/wp\/v2\/types\/post"}],"author":[{"embeddable":true,"href":"https:\/\/klasmann-deilmann.com\/de\/wp-json\/wp\/v2\/users\/8"}],"replies":[{"embeddable":true,"href":"https:\/\/klasmann-deilmann.com\/de\/wp-json\/wp\/v2\/comments?post=29841"}],"version-history":[{"count":5,"href":"https:\/\/klasmann-deilmann.com\/de\/wp-json\/wp\/v2\/posts\/29841\/revisions"}],"predecessor-version":[{"id":29855,"href":"https:\/\/klasmann-deilmann.com\/de\/wp-json\/wp\/v2\/posts\/29841\/revisions\/29855"}],"wp:attachment":[{"href":"https:\/\/klasmann-deilmann.com\/de\/wp-json\/wp\/v2\/media?parent=29841"}],"wp:term":[{"taxonomy":"category","embeddable":true,"href":"https:\/\/klasmann-deilmann.com\/de\/wp-json\/wp\/v2\/categories?post=29841"},{"taxonomy":"post_tag","embeddable":true,"href":"https:\/\/klasmann-deilmann.com\/de\/wp-json\/wp\/v2\/tags?post=29841"}],"curies":[{"name":"wp","href":"https:\/\/api.w.org\/{rel}","templated":true}]}}