{"id":28530,"date":"2021-02-18T07:34:11","date_gmt":"2021-02-18T06:34:11","guid":{"rendered":"https:\/\/klasmann-deilmann.com\/?p=28530"},"modified":"2021-02-18T07:34:11","modified_gmt":"2021-02-18T06:34:11","slug":"klasmann-deilmann-unterstuetzt-forderung-der-branchenverbaende","status":"publish","type":"post","link":"https:\/\/klasmann-deilmann.com\/de\/klasmann-deilmann-unterstuetzt-forderung-der-branchenverbaende\/","title":{"rendered":"Klasmann-Deilmann unterst\u00fctzt Forderung der Branchenverb\u00e4nde"},"content":{"rendered":"<h2><strong>Bundesweite \u00d6ffnung ab dem 1. M\u00e4rz soll Warenversorgung zum Start der Gartensaison sichern<\/strong><\/h2>\n<p>&nbsp;<\/p>\n<p><strong>(ZVG\/BHB\/VDG\/FDF\/Landgard\/BGI\/IVG)<\/strong><\/p>\n<p>Der Fr\u00fchling steht in den Startl\u00f6chern und mit den steigenden Temperaturen zieht es die Menschen nach drau\u00dfen in ihre G\u00e4rten. Deshalb begr\u00fc\u00dfen die Produzenten von Blumen, Pflanzen und Geh\u00f6lzen sowie der g\u00e4rtnerische Fachhandel, die Baum\u00e4rkte, Floristikfachgesch\u00e4fte und ihre Zulieferer die Entwicklung in einigen Bundesl\u00e4ndern, hinsichtlich der \u00d6ffnungsm\u00f6glichkeiten f\u00fcr Gartencenter, Einzelhandelsg\u00e4rtnereien und Baum\u00e4rkte mit angeschlossenem Gartencenter. Gleichzeitig fordern der Zentralverband Gartenbau e.V. (ZVG), der Handelsverband Heimwerken, Bauen und Garten e. V. (BHB), der Verband Deutscher Garten-Center e. V. (VDG), der Fachverband Deutscher Floristen Bundesverband e. V. (FDF), die Landgard eG, der Verband des Deutschen Blumen- Gro\u00df- und Importhandels e. V. (BGI) und der Industrieverband Garten (IVG) e. V. die bundesweite \u00d6ffnung des Fachhandels zum 1. M\u00e4rz, um Einkaufsstr\u00f6me zu entzerren und eine fl\u00e4chendeckende Versorgung zu gew\u00e4hrleisten.<\/p>\n<p>Der Lockdown und die seit Monaten eingeschr\u00e4nkten M\u00f6glichkeiten der Freizeitgestaltung sind eine enorme Belastung f\u00fcr die Menschen in Deutschland. Mit dem nahenden Fr\u00fchling wird deshalb der Wunsch nach einer sinnstiftenden T\u00e4tigkeit im sicheren Zuhause stark ansteigen. Bereits jetzt zeichnet sich ab, dass die in den kommenden Wochen erwartete Nachfrage \u00fcber den Bestell- und Abhol-Service des g\u00e4rtnerischen Fachhandels, der Baum\u00e4rkte und Floristikfachgesch\u00e4fte nicht mehr darstellbar sein wird. Hinzu kommt, dass die im Lebensmitteleinzelhandel g\u00e4ngigen Aktionen zum Start der Gartensaison in Ermangelung an Alternativen zu einem regelrechten Run auf die Verkaufsstellen f\u00fchren k\u00f6nnten. Eine \u00d6ffnung von Gartencentern, Einzelhandelsg\u00e4rtnereien und Baum\u00e4rkten kann hier f\u00fcr Entzerrung sorgen, zumal diese aufgrund ihrer \u00f6rtlichen Gegebenheiten sowie ihrer selbst auferlegten sehr strengen Hygienema\u00dfnahmen einen vergleichsweise sicheren Einkauf erm\u00f6glichen.<\/p>\n<p><img loading=\"lazy\" decoding=\"async\" width=\"768\" height=\"1024\" class=\"alignnone size-large wp-image-28540\" src=\"\/wp-content\/uploads\/iStock-951213500-768x1024.jpg\" alt=\"\" srcset=\"https:\/\/klasmann-deilmann.com\/wp-content\/uploads\/iStock-951213500-768x1024.jpg 768w, https:\/\/klasmann-deilmann.com\/wp-content\/uploads\/iStock-951213500-225x300.jpg 225w, https:\/\/klasmann-deilmann.com\/wp-content\/uploads\/iStock-951213500-576x768.jpg 576w, https:\/\/klasmann-deilmann.com\/wp-content\/uploads\/iStock-951213500-1152x1536.jpg 1152w, https:\/\/klasmann-deilmann.com\/wp-content\/uploads\/iStock-951213500-1536x2048.jpg 1536w, https:\/\/klasmann-deilmann.com\/wp-content\/uploads\/iStock-951213500-94x125.jpg 94w\" sizes=\"auto, (max-width: 768px) 100vw, 768px\" \/><\/p>\n<p>Die g\u00e4rtnerischen Betriebe, Baum\u00e4rkte, der g\u00e4rtnerische Fachhandel und Floristikfachgesch\u00e4fte in Deutschland bereiten sich seit Wochen auf die Fr\u00fchjahrssaison vor und ben\u00f6tigen dringend Planungssicherheit. Verkaufsstellen und Produzenten brauchen jetzt ein politisches Signal, um in die Planung f\u00fcr eine Wiederer\u00f6ffnung gehen und die Warenverf\u00fcgbarkeit sicherstellen zu k\u00f6nnen.<\/p>\n<p>Die Verb\u00e4nde stehen weiterhin hinter den wichtigen Pandemieschutzma\u00dfnahmen, um die Infektionskrankheit COVID-19 zu kontrollieren, unterstreichen ZVG, BHB, VDG, FDF, Landgard, BGI und IVG. Eine zeitnahe bundesweite \u00d6ffnung von G\u00e4rtnereien, Baum\u00e4rkten, g\u00e4rtnerischem Fachhandel und Floristikfachgesch\u00e4ften kann aber helfen, die Akzeptanz der Lockdown-Ma\u00dfnahmen in der Bev\u00f6lkerung zu erhalten und wieder zu erh\u00f6hen.<\/p>\n<p><img loading=\"lazy\" decoding=\"async\" width=\"1024\" height=\"664\" class=\"alignnone size-large wp-image-28531\" src=\"\/wp-content\/uploads\/iStock-671263588-1024x664.jpg\" alt=\"\" srcset=\"https:\/\/klasmann-deilmann.com\/wp-content\/uploads\/iStock-671263588-1024x664.jpg 1024w, https:\/\/klasmann-deilmann.com\/wp-content\/uploads\/iStock-671263588-300x195.jpg 300w, https:\/\/klasmann-deilmann.com\/wp-content\/uploads\/iStock-671263588-768x498.jpg 768w, https:\/\/klasmann-deilmann.com\/wp-content\/uploads\/iStock-671263588-1536x997.jpg 1536w, https:\/\/klasmann-deilmann.com\/wp-content\/uploads\/iStock-671263588-2048x1329.jpg 2048w, https:\/\/klasmann-deilmann.com\/wp-content\/uploads\/iStock-671263588-125x81.jpg 125w\" sizes=\"auto, (max-width: 1024px) 100vw, 1024px\" \/><\/p>\n","protected":false},"excerpt":{"rendered":"<p>Bundesweite \u00d6ffnung ab dem 1. M\u00e4rz soll Warenversorgung zum Start der Gartensaison sichern &nbsp; (ZVG\/BHB\/VDG\/FDF\/Landgard\/BGI\/IVG) Der Fr\u00fchling steht in den Startl\u00f6chern und mit den steigenden Temperaturen zieht es die Menschen nach drau\u00dfen in ihre G\u00e4rten. Deshalb begr\u00fc\u00dfen die Produzenten von Blumen, Pflanzen und Geh\u00f6lzen sowie der g\u00e4rtnerische Fachhandel, die Baum\u00e4rkte, Floristikfachgesch\u00e4fte und ihre Zulieferer die Entwicklung in einigen Bundesl\u00e4ndern, hinsichtlich der \u00d6ffnungsm\u00f6glichkeiten f\u00fcr Gartencenter, Einzelhandelsg\u00e4rtnereien und Baum\u00e4rkte mit angeschlossenem Gartencenter. Gleichzeitig fordern der Zentralverband Gartenbau e.V. (ZVG), der Handelsverband Heimwerken,<\/p>\n","protected":false},"author":20,"featured_media":0,"comment_status":"open","ping_status":"closed","sticky":false,"template":"","format":"standard","meta":{"_acf_changed":false,"inline_featured_image":false,"footnotes":""},"categories":[225],"tags":[],"class_list":["post-28530","post","type-post","status-publish","format-standard","hentry","category-unternehmen"],"acf":[],"yoast_head":"<!-- This site is optimized with the Yoast SEO plugin v27.5 - https:\/\/yoast.com\/product\/yoast-seo-wordpress\/ -->\n<title>Klasmann-Deilmann unterst\u00fctzt Forderung der Branchenverb\u00e4nde - Klasmann-Deilmann<\/title>\n<meta name=\"robots\" content=\"index, follow, max-snippet:-1, max-image-preview:large, max-video-preview:-1\" \/>\n<link rel=\"canonical\" href=\"https:\/\/klasmann-deilmann.com\/de\/klasmann-deilmann-unterstuetzt-forderung-der-branchenverbaende\/\" \/>\n<meta property=\"og:locale\" content=\"de_DE\" \/>\n<meta property=\"og:type\" content=\"article\" \/>\n<meta property=\"og:title\" content=\"Klasmann-Deilmann unterst\u00fctzt Forderung der Branchenverb\u00e4nde - Klasmann-Deilmann\" \/>\n<meta property=\"og:description\" content=\"Bundesweite \u00d6ffnung ab dem 1. M\u00e4rz soll Warenversorgung zum Start der Gartensaison sichern &nbsp; (ZVG\/BHB\/VDG\/FDF\/Landgard\/BGI\/IVG) Der Fr\u00fchling steht in den Startl\u00f6chern und mit den steigenden Temperaturen zieht es die Menschen nach drau\u00dfen in ihre G\u00e4rten. Deshalb begr\u00fc\u00dfen die Produzenten von Blumen, Pflanzen und Geh\u00f6lzen sowie der g\u00e4rtnerische Fachhandel, die Baum\u00e4rkte, Floristikfachgesch\u00e4fte und ihre Zulieferer die Entwicklung in einigen Bundesl\u00e4ndern, hinsichtlich der \u00d6ffnungsm\u00f6glichkeiten f\u00fcr Gartencenter, Einzelhandelsg\u00e4rtnereien und Baum\u00e4rkte mit angeschlossenem Gartencenter. Gleichzeitig fordern der Zentralverband Gartenbau e.V. (ZVG), der Handelsverband Heimwerken,\" \/>\n<meta property=\"og:url\" content=\"https:\/\/klasmann-deilmann.com\/de\/klasmann-deilmann-unterstuetzt-forderung-der-branchenverbaende\/\" \/>\n<meta property=\"og:site_name\" content=\"Klasmann-Deilmann\" \/>\n<meta property=\"article:published_time\" content=\"2021-02-18T06:34:11+00:00\" \/>\n<meta property=\"og:image\" content=\"https:\/\/klasmann-deilmann.com\/wp-content\/uploads\/iStock-951213500-768x1024.jpg\" \/>\n<meta name=\"twitter:card\" content=\"summary_large_image\" \/>\n<meta name=\"twitter:label1\" content=\"Verfasst von\" \/>\n\t<meta name=\"twitter:data1\" content=\"\" \/>\n\t<meta name=\"twitter:label2\" content=\"Gesch\u00e4tzte Lesezeit\" \/>\n\t<meta name=\"twitter:data2\" content=\"2\u00a0Minuten\" \/>\n<script type=\"application\/ld+json\" class=\"yoast-schema-graph\">{\"@context\":\"https:\\\/\\\/schema.org\",\"@graph\":[{\"@type\":\"Article\",\"@id\":\"https:\\\/\\\/klasmann-deilmann.com\\\/de\\\/klasmann-deilmann-unterstuetzt-forderung-der-branchenverbaende\\\/#article\",\"isPartOf\":{\"@id\":\"https:\\\/\\\/klasmann-deilmann.com\\\/de\\\/klasmann-deilmann-unterstuetzt-forderung-der-branchenverbaende\\\/\"},\"author\":{\"name\":\"\",\"@id\":\"\"},\"headline\":\"Klasmann-Deilmann unterst\u00fctzt Forderung der Branchenverb\u00e4nde\",\"datePublished\":\"2021-02-18T06:34:11+00:00\",\"mainEntityOfPage\":{\"@id\":\"https:\\\/\\\/klasmann-deilmann.com\\\/de\\\/klasmann-deilmann-unterstuetzt-forderung-der-branchenverbaende\\\/\"},\"wordCount\":423,\"commentCount\":0,\"articleSection\":[\"Unternehmen\"],\"inLanguage\":\"de\",\"potentialAction\":[{\"@type\":\"CommentAction\",\"name\":\"Comment\",\"target\":[\"https:\\\/\\\/klasmann-deilmann.com\\\/de\\\/klasmann-deilmann-unterstuetzt-forderung-der-branchenverbaende\\\/#respond\"]}]},{\"@type\":\"WebPage\",\"@id\":\"https:\\\/\\\/klasmann-deilmann.com\\\/de\\\/klasmann-deilmann-unterstuetzt-forderung-der-branchenverbaende\\\/\",\"url\":\"https:\\\/\\\/klasmann-deilmann.com\\\/de\\\/klasmann-deilmann-unterstuetzt-forderung-der-branchenverbaende\\\/\",\"name\":\"Klasmann-Deilmann unterst\u00fctzt Forderung der Branchenverb\u00e4nde - Klasmann-Deilmann\",\"isPartOf\":{\"@id\":\"https:\\\/\\\/klasmann-deilmann.com\\\/en\\\/#website\"},\"datePublished\":\"2021-02-18T06:34:11+00:00\",\"author\":{\"@id\":\"\"},\"breadcrumb\":{\"@id\":\"https:\\\/\\\/klasmann-deilmann.com\\\/de\\\/klasmann-deilmann-unterstuetzt-forderung-der-branchenverbaende\\\/#breadcrumb\"},\"inLanguage\":\"de\",\"potentialAction\":[{\"@type\":\"ReadAction\",\"target\":[\"https:\\\/\\\/klasmann-deilmann.com\\\/de\\\/klasmann-deilmann-unterstuetzt-forderung-der-branchenverbaende\\\/\"]}]},{\"@type\":\"BreadcrumbList\",\"@id\":\"https:\\\/\\\/klasmann-deilmann.com\\\/de\\\/klasmann-deilmann-unterstuetzt-forderung-der-branchenverbaende\\\/#breadcrumb\",\"itemListElement\":[{\"@type\":\"ListItem\",\"position\":1,\"name\":\"Home\",\"item\":\"https:\\\/\\\/klasmann-deilmann.com\\\/de\\\/\"},{\"@type\":\"ListItem\",\"position\":2,\"name\":\"Klasmann-Deilmann unterst\u00fctzt Forderung der Branchenverb\u00e4nde\"}]},{\"@type\":\"WebSite\",\"@id\":\"https:\\\/\\\/klasmann-deilmann.com\\\/en\\\/#website\",\"url\":\"https:\\\/\\\/klasmann-deilmann.com\\\/en\\\/\",\"name\":\"Klasmann-Deilmann\",\"description\":\"\",\"potentialAction\":[{\"@type\":\"SearchAction\",\"target\":{\"@type\":\"EntryPoint\",\"urlTemplate\":\"https:\\\/\\\/klasmann-deilmann.com\\\/en\\\/?s={search_term_string}\"},\"query-input\":{\"@type\":\"PropertyValueSpecification\",\"valueRequired\":true,\"valueName\":\"search_term_string\"}}],\"inLanguage\":\"de\"},{\"@type\":\"Person\",\"@id\":\"\",\"url\":\"https:\\\/\\\/klasmann-deilmann.com\\\/de\\\/author\\\/\"}]}<\/script>\n<!-- \/ Yoast SEO plugin. -->","yoast_head_json":{"title":"Klasmann-Deilmann unterst\u00fctzt Forderung der Branchenverb\u00e4nde - Klasmann-Deilmann","robots":{"index":"index","follow":"follow","max-snippet":"max-snippet:-1","max-image-preview":"max-image-preview:large","max-video-preview":"max-video-preview:-1"},"canonical":"https:\/\/klasmann-deilmann.com\/de\/klasmann-deilmann-unterstuetzt-forderung-der-branchenverbaende\/","og_locale":"de_DE","og_type":"article","og_title":"Klasmann-Deilmann unterst\u00fctzt Forderung der Branchenverb\u00e4nde - Klasmann-Deilmann","og_description":"Bundesweite \u00d6ffnung ab dem 1. M\u00e4rz soll Warenversorgung zum Start der Gartensaison sichern &nbsp; (ZVG\/BHB\/VDG\/FDF\/Landgard\/BGI\/IVG) Der Fr\u00fchling steht in den Startl\u00f6chern und mit den steigenden Temperaturen zieht es die Menschen nach drau\u00dfen in ihre G\u00e4rten. Deshalb begr\u00fc\u00dfen die Produzenten von Blumen, Pflanzen und Geh\u00f6lzen sowie der g\u00e4rtnerische Fachhandel, die Baum\u00e4rkte, Floristikfachgesch\u00e4fte und ihre Zulieferer die Entwicklung in einigen Bundesl\u00e4ndern, hinsichtlich der \u00d6ffnungsm\u00f6glichkeiten f\u00fcr Gartencenter, Einzelhandelsg\u00e4rtnereien und Baum\u00e4rkte mit angeschlossenem Gartencenter. Gleichzeitig fordern der Zentralverband Gartenbau e.V. (ZVG), der Handelsverband Heimwerken,","og_url":"https:\/\/klasmann-deilmann.com\/de\/klasmann-deilmann-unterstuetzt-forderung-der-branchenverbaende\/","og_site_name":"Klasmann-Deilmann","article_published_time":"2021-02-18T06:34:11+00:00","og_image":[{"url":"https:\/\/klasmann-deilmann.com\/wp-content\/uploads\/iStock-951213500-768x1024.jpg","type":"","width":"","height":""}],"twitter_card":"summary_large_image","twitter_misc":{"Verfasst von":"","Gesch\u00e4tzte Lesezeit":"2\u00a0Minuten"},"schema":{"@context":"https:\/\/schema.org","@graph":[{"@type":"Article","@id":"https:\/\/klasmann-deilmann.com\/de\/klasmann-deilmann-unterstuetzt-forderung-der-branchenverbaende\/#article","isPartOf":{"@id":"https:\/\/klasmann-deilmann.com\/de\/klasmann-deilmann-unterstuetzt-forderung-der-branchenverbaende\/"},"author":{"name":"","@id":""},"headline":"Klasmann-Deilmann unterst\u00fctzt Forderung der Branchenverb\u00e4nde","datePublished":"2021-02-18T06:34:11+00:00","mainEntityOfPage":{"@id":"https:\/\/klasmann-deilmann.com\/de\/klasmann-deilmann-unterstuetzt-forderung-der-branchenverbaende\/"},"wordCount":423,"commentCount":0,"articleSection":["Unternehmen"],"inLanguage":"de","potentialAction":[{"@type":"CommentAction","name":"Comment","target":["https:\/\/klasmann-deilmann.com\/de\/klasmann-deilmann-unterstuetzt-forderung-der-branchenverbaende\/#respond"]}]},{"@type":"WebPage","@id":"https:\/\/klasmann-deilmann.com\/de\/klasmann-deilmann-unterstuetzt-forderung-der-branchenverbaende\/","url":"https:\/\/klasmann-deilmann.com\/de\/klasmann-deilmann-unterstuetzt-forderung-der-branchenverbaende\/","name":"Klasmann-Deilmann unterst\u00fctzt Forderung der Branchenverb\u00e4nde - Klasmann-Deilmann","isPartOf":{"@id":"https:\/\/klasmann-deilmann.com\/en\/#website"},"datePublished":"2021-02-18T06:34:11+00:00","author":{"@id":""},"breadcrumb":{"@id":"https:\/\/klasmann-deilmann.com\/de\/klasmann-deilmann-unterstuetzt-forderung-der-branchenverbaende\/#breadcrumb"},"inLanguage":"de","potentialAction":[{"@type":"ReadAction","target":["https:\/\/klasmann-deilmann.com\/de\/klasmann-deilmann-unterstuetzt-forderung-der-branchenverbaende\/"]}]},{"@type":"BreadcrumbList","@id":"https:\/\/klasmann-deilmann.com\/de\/klasmann-deilmann-unterstuetzt-forderung-der-branchenverbaende\/#breadcrumb","itemListElement":[{"@type":"ListItem","position":1,"name":"Home","item":"https:\/\/klasmann-deilmann.com\/de\/"},{"@type":"ListItem","position":2,"name":"Klasmann-Deilmann unterst\u00fctzt Forderung der Branchenverb\u00e4nde"}]},{"@type":"WebSite","@id":"https:\/\/klasmann-deilmann.com\/en\/#website","url":"https:\/\/klasmann-deilmann.com\/en\/","name":"Klasmann-Deilmann","description":"","potentialAction":[{"@type":"SearchAction","target":{"@type":"EntryPoint","urlTemplate":"https:\/\/klasmann-deilmann.com\/en\/?s={search_term_string}"},"query-input":{"@type":"PropertyValueSpecification","valueRequired":true,"valueName":"search_term_string"}}],"inLanguage":"de"},{"@type":"Person","@id":"","url":"https:\/\/klasmann-deilmann.com\/de\/author\/"}]}},"_links":{"self":[{"href":"https:\/\/klasmann-deilmann.com\/de\/wp-json\/wp\/v2\/posts\/28530","targetHints":{"allow":["GET"]}}],"collection":[{"href":"https:\/\/klasmann-deilmann.com\/de\/wp-json\/wp\/v2\/posts"}],"about":[{"href":"https:\/\/klasmann-deilmann.com\/de\/wp-json\/wp\/v2\/types\/post"}],"author":[{"embeddable":true,"href":"https:\/\/klasmann-deilmann.com\/de\/wp-json\/wp\/v2\/users\/20"}],"replies":[{"embeddable":true,"href":"https:\/\/klasmann-deilmann.com\/de\/wp-json\/wp\/v2\/comments?post=28530"}],"version-history":[{"count":4,"href":"https:\/\/klasmann-deilmann.com\/de\/wp-json\/wp\/v2\/posts\/28530\/revisions"}],"predecessor-version":[{"id":28552,"href":"https:\/\/klasmann-deilmann.com\/de\/wp-json\/wp\/v2\/posts\/28530\/revisions\/28552"}],"wp:attachment":[{"href":"https:\/\/klasmann-deilmann.com\/de\/wp-json\/wp\/v2\/media?parent=28530"}],"wp:term":[{"taxonomy":"category","embeddable":true,"href":"https:\/\/klasmann-deilmann.com\/de\/wp-json\/wp\/v2\/categories?post=28530"},{"taxonomy":"post_tag","embeddable":true,"href":"https:\/\/klasmann-deilmann.com\/de\/wp-json\/wp\/v2\/tags?post=28530"}],"curies":[{"name":"wp","href":"https:\/\/api.w.org\/{rel}","templated":true}]}}