{"id":26586,"date":"2020-12-15T16:56:24","date_gmt":"2020-12-15T15:56:24","guid":{"rendered":"https:\/\/klasmann-deilmann.com\/?p=26586"},"modified":"2024-09-27T11:58:33","modified_gmt":"2024-09-27T09:58:33","slug":"aus-bio-wird-proline","status":"publish","type":"post","link":"https:\/\/klasmann-deilmann.com\/de\/aus-bio-wird-proline\/","title":{"rendered":"Aus Bio wird ProLine"},"content":{"rendered":"<p dir=\"LTR\" align=\"LEFT\"><img loading=\"lazy\" decoding=\"async\" width=\"1024\" height=\"722\" class=\"alignnone size-large wp-image-26587\" src=\"\/wp-content\/uploads\/2020-12-15-ProLine-Kpoint-Foto-1024x722.jpg\" alt=\"\" srcset=\"https:\/\/klasmann-deilmann.com\/wp-content\/uploads\/2020-12-15-ProLine-Kpoint-Foto-1024x722.jpg 1024w, https:\/\/klasmann-deilmann.com\/wp-content\/uploads\/2020-12-15-ProLine-Kpoint-Foto-300x211.jpg 300w, https:\/\/klasmann-deilmann.com\/wp-content\/uploads\/2020-12-15-ProLine-Kpoint-Foto-768x541.jpg 768w, https:\/\/klasmann-deilmann.com\/wp-content\/uploads\/2020-12-15-ProLine-Kpoint-Foto-1536x1083.jpg 1536w, https:\/\/klasmann-deilmann.com\/wp-content\/uploads\/2020-12-15-ProLine-Kpoint-Foto-2048x1444.jpg 2048w, https:\/\/klasmann-deilmann.com\/wp-content\/uploads\/2020-12-15-ProLine-Kpoint-Foto-125x88.jpg 125w\" sizes=\"auto, (max-width: 1024px) 100vw, 1024px\" \/><\/p>\n<p dir=\"LTR\" align=\"LEFT\">Ab Januar 2021 bekommen die \u201eBio&#8220;-Substrate von Klasmann-Deilmann einen neuen Namen. Schritt f\u00fcr Schritt werden sie in \u201eProLine&#8220; umbenannt.<\/p>\n<p dir=\"LTR\" align=\"LEFT\">Hintergrund sind versch\u00e4rfte EU-Vorgaben f\u00fcr die Nutzung von Begriffen wie \u201eBio&#8220;, \u201eOrganic&#8220;, \u201e\u00d6kologisch&#8220; und \u201eEco&#8220;, die voraussichtlich zum 1.1.2022 in Kraft treten. Auch der Begriff \u201eBio-Substrat&#8220; ist ab diesem Zeitpunkt nicht mehr statthaft.<\/p>\n<p dir=\"LTR\" align=\"LEFT\">\u201eAuf diese Entwicklung wollen wir fr\u00fchzeitig reagieren&#8220;, sagt Dr. Horst Kupschus, Gesch\u00e4ftsf\u00fchrer der Vertriebsgesellschaft Klasmann-Deilmann Europe. \u201eUnsere Kunden und Partner werden kaum einen Unterschied bemerken. Die Rezepturen bleiben dieselben, auch die Substrate bleiben unver\u00e4ndert gut.<\/p>\n<p dir=\"LTR\" align=\"LEFT\">Die Verpackungen werden jedoch an die EU-Richtlinien angepasst und tragen den Namen ProLine. Um den besonderen Anspruch der Produktlinie zu unterstreichen, sind zus\u00e4tzlich das EcoCert<sup><span style=\"font-size: small;\">\u00ae<\/span><\/sup>-Logo und das RPP-Logo f\u00fcr verantwortungsvoll gewonnenen Torf abgebildet.<\/p>\n<p dir=\"LTR\" align=\"LEFT\">\u201eEntschieden haben wir uns f\u00fcr \u201aPro\u2018, weil diese Substrate f\u00fcr alles Gute, Nachhaltige und Zukunftweisende stehen&#8220;, so Horst Kupschus \u00fcber ProLine. \u201eDen Zusatz \u201aLine\u2019 verstehen wir nicht nur als Synonym f\u00fcr Sortiment, sondern als Ausdruck f\u00fcr Stringenz, Kontinuit\u00e4t und das Ziel, das wir gemeinsam mit unseren Kunden im \u00f6kologischen Gartenbau verfolgen.&#8220;<\/p>\n<p dir=\"LTR\" align=\"LEFT\"><img loading=\"lazy\" decoding=\"async\" width=\"1024\" height=\"722\" class=\"alignnone size-large wp-image-26587\" src=\"\/wp-content\/uploads\/2020-12-15-ProLine-Kpoint-Foto-1024x722.jpg\" alt=\"\" srcset=\"https:\/\/klasmann-deilmann.com\/wp-content\/uploads\/2020-12-15-ProLine-Kpoint-Foto-1024x722.jpg 1024w, https:\/\/klasmann-deilmann.com\/wp-content\/uploads\/2020-12-15-ProLine-Kpoint-Foto-300x211.jpg 300w, https:\/\/klasmann-deilmann.com\/wp-content\/uploads\/2020-12-15-ProLine-Kpoint-Foto-768x541.jpg 768w, https:\/\/klasmann-deilmann.com\/wp-content\/uploads\/2020-12-15-ProLine-Kpoint-Foto-1536x1083.jpg 1536w, https:\/\/klasmann-deilmann.com\/wp-content\/uploads\/2020-12-15-ProLine-Kpoint-Foto-2048x1444.jpg 2048w, https:\/\/klasmann-deilmann.com\/wp-content\/uploads\/2020-12-15-ProLine-Kpoint-Foto-125x88.jpg 125w\" sizes=\"auto, (max-width: 1024px) 100vw, 1024px\" \/><\/p>\n<p dir=\"LTR\" align=\"LEFT\">&nbsp;<\/p>\n","protected":false},"excerpt":{"rendered":"<p>Ab Januar 2021 bekommen die \u201eBio&#8220;-Substrate von Klasmann-Deilmann einen neuen Namen. Schritt f\u00fcr Schritt werden sie in \u201eProLine&#8220; umbenannt. Hintergrund sind versch\u00e4rfte EU-Vorgaben f\u00fcr die Nutzung von Begriffen wie \u201eBio&#8220;, \u201eOrganic&#8220;, \u201e\u00d6kologisch&#8220; und \u201eEco&#8220;, die voraussichtlich zum 1.1.2022 in Kraft treten. Auch der Begriff \u201eBio-Substrat&#8220; ist ab diesem Zeitpunkt nicht mehr statthaft. \u201eAuf diese Entwicklung wollen wir fr\u00fchzeitig reagieren&#8220;, sagt Dr. Horst Kupschus, Gesch\u00e4ftsf\u00fchrer der Vertriebsgesellschaft Klasmann-Deilmann Europe. \u201eUnsere Kunden und Partner werden kaum einen Unterschied bemerken. Die Rezepturen bleiben<\/p>\n","protected":false},"author":8,"featured_media":0,"comment_status":"open","ping_status":"closed","sticky":false,"template":"","format":"standard","meta":{"_acf_changed":false,"inline_featured_image":false,"footnotes":""},"categories":[135],"tags":[],"class_list":["post-26586","post","type-post","status-publish","format-standard","hentry","category-kompetenzen"],"acf":[],"yoast_head":"<!-- This site is optimized with the Yoast SEO plugin v27.5 - https:\/\/yoast.com\/product\/yoast-seo-wordpress\/ -->\n<title>Aus Bio wird ProLine - Klasmann-Deilmann<\/title>\n<meta name=\"robots\" content=\"index, follow, max-snippet:-1, max-image-preview:large, max-video-preview:-1\" \/>\n<link rel=\"canonical\" href=\"https:\/\/klasmann-deilmann.com\/de\/aus-bio-wird-proline\/\" \/>\n<meta property=\"og:locale\" content=\"de_DE\" \/>\n<meta property=\"og:type\" content=\"article\" \/>\n<meta property=\"og:title\" content=\"Aus Bio wird ProLine - Klasmann-Deilmann\" \/>\n<meta property=\"og:description\" content=\"Ab Januar 2021 bekommen die \u201eBio&#8220;-Substrate von Klasmann-Deilmann einen neuen Namen. Schritt f\u00fcr Schritt werden sie in \u201eProLine&#8220; umbenannt. Hintergrund sind versch\u00e4rfte EU-Vorgaben f\u00fcr die Nutzung von Begriffen wie \u201eBio&#8220;, \u201eOrganic&#8220;, \u201e\u00d6kologisch&#8220; und \u201eEco&#8220;, die voraussichtlich zum 1.1.2022 in Kraft treten. Auch der Begriff \u201eBio-Substrat&#8220; ist ab diesem Zeitpunkt nicht mehr statthaft. \u201eAuf diese Entwicklung wollen wir fr\u00fchzeitig reagieren&#8220;, sagt Dr. Horst Kupschus, Gesch\u00e4ftsf\u00fchrer der Vertriebsgesellschaft Klasmann-Deilmann Europe. \u201eUnsere Kunden und Partner werden kaum einen Unterschied bemerken. Die Rezepturen bleiben\" \/>\n<meta property=\"og:url\" content=\"https:\/\/klasmann-deilmann.com\/de\/aus-bio-wird-proline\/\" \/>\n<meta property=\"og:site_name\" content=\"Klasmann-Deilmann\" \/>\n<meta property=\"article:published_time\" content=\"2020-12-15T15:56:24+00:00\" \/>\n<meta property=\"article:modified_time\" content=\"2024-09-27T09:58:33+00:00\" \/>\n<meta name=\"author\" content=\"Dirk R\u00f6se\" \/>\n<meta name=\"twitter:card\" content=\"summary_large_image\" \/>\n<meta name=\"twitter:label1\" content=\"Verfasst von\" \/>\n\t<meta name=\"twitter:data1\" content=\"Dirk R\u00f6se\" \/>\n\t<meta name=\"twitter:label2\" content=\"Gesch\u00e4tzte Lesezeit\" \/>\n\t<meta name=\"twitter:data2\" content=\"1\u00a0Minute\" \/>\n<script type=\"application\/ld+json\" class=\"yoast-schema-graph\">{\"@context\":\"https:\\\/\\\/schema.org\",\"@graph\":[{\"@type\":\"Article\",\"@id\":\"https:\\\/\\\/klasmann-deilmann.com\\\/de\\\/aus-bio-wird-proline\\\/#article\",\"isPartOf\":{\"@id\":\"https:\\\/\\\/klasmann-deilmann.com\\\/de\\\/aus-bio-wird-proline\\\/\"},\"author\":{\"name\":\"Dirk R\u00f6se\",\"@id\":\"https:\\\/\\\/klasmann-deilmann.com\\\/en\\\/#\\\/schema\\\/person\\\/2502425feab4548f9995e2f1fa23fb3d\"},\"headline\":\"Aus Bio wird ProLine\",\"datePublished\":\"2020-12-15T15:56:24+00:00\",\"dateModified\":\"2024-09-27T09:58:33+00:00\",\"mainEntityOfPage\":{\"@id\":\"https:\\\/\\\/klasmann-deilmann.com\\\/de\\\/aus-bio-wird-proline\\\/\"},\"wordCount\":190,\"commentCount\":0,\"articleSection\":[\"Kompetenzen\"],\"inLanguage\":\"de\",\"potentialAction\":[{\"@type\":\"CommentAction\",\"name\":\"Comment\",\"target\":[\"https:\\\/\\\/klasmann-deilmann.com\\\/de\\\/aus-bio-wird-proline\\\/#respond\"]}]},{\"@type\":\"WebPage\",\"@id\":\"https:\\\/\\\/klasmann-deilmann.com\\\/de\\\/aus-bio-wird-proline\\\/\",\"url\":\"https:\\\/\\\/klasmann-deilmann.com\\\/de\\\/aus-bio-wird-proline\\\/\",\"name\":\"Aus Bio wird ProLine - Klasmann-Deilmann\",\"isPartOf\":{\"@id\":\"https:\\\/\\\/klasmann-deilmann.com\\\/en\\\/#website\"},\"datePublished\":\"2020-12-15T15:56:24+00:00\",\"dateModified\":\"2024-09-27T09:58:33+00:00\",\"author\":{\"@id\":\"https:\\\/\\\/klasmann-deilmann.com\\\/en\\\/#\\\/schema\\\/person\\\/2502425feab4548f9995e2f1fa23fb3d\"},\"breadcrumb\":{\"@id\":\"https:\\\/\\\/klasmann-deilmann.com\\\/de\\\/aus-bio-wird-proline\\\/#breadcrumb\"},\"inLanguage\":\"de\",\"potentialAction\":[{\"@type\":\"ReadAction\",\"target\":[\"https:\\\/\\\/klasmann-deilmann.com\\\/de\\\/aus-bio-wird-proline\\\/\"]}]},{\"@type\":\"BreadcrumbList\",\"@id\":\"https:\\\/\\\/klasmann-deilmann.com\\\/de\\\/aus-bio-wird-proline\\\/#breadcrumb\",\"itemListElement\":[{\"@type\":\"ListItem\",\"position\":1,\"name\":\"Home\",\"item\":\"https:\\\/\\\/klasmann-deilmann.com\\\/de\\\/\"},{\"@type\":\"ListItem\",\"position\":2,\"name\":\"Aus Bio wird ProLine\"}]},{\"@type\":\"WebSite\",\"@id\":\"https:\\\/\\\/klasmann-deilmann.com\\\/en\\\/#website\",\"url\":\"https:\\\/\\\/klasmann-deilmann.com\\\/en\\\/\",\"name\":\"Klasmann-Deilmann\",\"description\":\"\",\"potentialAction\":[{\"@type\":\"SearchAction\",\"target\":{\"@type\":\"EntryPoint\",\"urlTemplate\":\"https:\\\/\\\/klasmann-deilmann.com\\\/en\\\/?s={search_term_string}\"},\"query-input\":{\"@type\":\"PropertyValueSpecification\",\"valueRequired\":true,\"valueName\":\"search_term_string\"}}],\"inLanguage\":\"de\"},{\"@type\":\"Person\",\"@id\":\"https:\\\/\\\/klasmann-deilmann.com\\\/en\\\/#\\\/schema\\\/person\\\/2502425feab4548f9995e2f1fa23fb3d\",\"name\":\"Dirk R\u00f6se\",\"image\":{\"@type\":\"ImageObject\",\"inLanguage\":\"de\",\"@id\":\"https:\\\/\\\/secure.gravatar.com\\\/avatar\\\/850ab4c80e0a5eca25933f2ee062a09ec1d50f1fa10d0057f65f04b9827f102f?s=96&d=mm&r=g\",\"url\":\"https:\\\/\\\/secure.gravatar.com\\\/avatar\\\/850ab4c80e0a5eca25933f2ee062a09ec1d50f1fa10d0057f65f04b9827f102f?s=96&d=mm&r=g\",\"contentUrl\":\"https:\\\/\\\/secure.gravatar.com\\\/avatar\\\/850ab4c80e0a5eca25933f2ee062a09ec1d50f1fa10d0057f65f04b9827f102f?s=96&d=mm&r=g\",\"caption\":\"Dirk R\u00f6se\"},\"sameAs\":[\"http:\\\/\\\/klasmann-deilmann.com\"],\"url\":\"https:\\\/\\\/klasmann-deilmann.com\\\/de\\\/author\\\/dirk-roese\\\/\"}]}<\/script>\n<!-- \/ Yoast SEO plugin. -->","yoast_head_json":{"title":"Aus Bio wird ProLine - Klasmann-Deilmann","robots":{"index":"index","follow":"follow","max-snippet":"max-snippet:-1","max-image-preview":"max-image-preview:large","max-video-preview":"max-video-preview:-1"},"canonical":"https:\/\/klasmann-deilmann.com\/de\/aus-bio-wird-proline\/","og_locale":"de_DE","og_type":"article","og_title":"Aus Bio wird ProLine - Klasmann-Deilmann","og_description":"Ab Januar 2021 bekommen die \u201eBio&#8220;-Substrate von Klasmann-Deilmann einen neuen Namen. Schritt f\u00fcr Schritt werden sie in \u201eProLine&#8220; umbenannt. Hintergrund sind versch\u00e4rfte EU-Vorgaben f\u00fcr die Nutzung von Begriffen wie \u201eBio&#8220;, \u201eOrganic&#8220;, \u201e\u00d6kologisch&#8220; und \u201eEco&#8220;, die voraussichtlich zum 1.1.2022 in Kraft treten. Auch der Begriff \u201eBio-Substrat&#8220; ist ab diesem Zeitpunkt nicht mehr statthaft. \u201eAuf diese Entwicklung wollen wir fr\u00fchzeitig reagieren&#8220;, sagt Dr. Horst Kupschus, Gesch\u00e4ftsf\u00fchrer der Vertriebsgesellschaft Klasmann-Deilmann Europe. \u201eUnsere Kunden und Partner werden kaum einen Unterschied bemerken. Die Rezepturen bleiben","og_url":"https:\/\/klasmann-deilmann.com\/de\/aus-bio-wird-proline\/","og_site_name":"Klasmann-Deilmann","article_published_time":"2020-12-15T15:56:24+00:00","article_modified_time":"2024-09-27T09:58:33+00:00","author":"Dirk R\u00f6se","twitter_card":"summary_large_image","twitter_misc":{"Verfasst von":"Dirk R\u00f6se","Gesch\u00e4tzte Lesezeit":"1\u00a0Minute"},"schema":{"@context":"https:\/\/schema.org","@graph":[{"@type":"Article","@id":"https:\/\/klasmann-deilmann.com\/de\/aus-bio-wird-proline\/#article","isPartOf":{"@id":"https:\/\/klasmann-deilmann.com\/de\/aus-bio-wird-proline\/"},"author":{"name":"Dirk R\u00f6se","@id":"https:\/\/klasmann-deilmann.com\/en\/#\/schema\/person\/2502425feab4548f9995e2f1fa23fb3d"},"headline":"Aus Bio wird ProLine","datePublished":"2020-12-15T15:56:24+00:00","dateModified":"2024-09-27T09:58:33+00:00","mainEntityOfPage":{"@id":"https:\/\/klasmann-deilmann.com\/de\/aus-bio-wird-proline\/"},"wordCount":190,"commentCount":0,"articleSection":["Kompetenzen"],"inLanguage":"de","potentialAction":[{"@type":"CommentAction","name":"Comment","target":["https:\/\/klasmann-deilmann.com\/de\/aus-bio-wird-proline\/#respond"]}]},{"@type":"WebPage","@id":"https:\/\/klasmann-deilmann.com\/de\/aus-bio-wird-proline\/","url":"https:\/\/klasmann-deilmann.com\/de\/aus-bio-wird-proline\/","name":"Aus Bio wird ProLine - Klasmann-Deilmann","isPartOf":{"@id":"https:\/\/klasmann-deilmann.com\/en\/#website"},"datePublished":"2020-12-15T15:56:24+00:00","dateModified":"2024-09-27T09:58:33+00:00","author":{"@id":"https:\/\/klasmann-deilmann.com\/en\/#\/schema\/person\/2502425feab4548f9995e2f1fa23fb3d"},"breadcrumb":{"@id":"https:\/\/klasmann-deilmann.com\/de\/aus-bio-wird-proline\/#breadcrumb"},"inLanguage":"de","potentialAction":[{"@type":"ReadAction","target":["https:\/\/klasmann-deilmann.com\/de\/aus-bio-wird-proline\/"]}]},{"@type":"BreadcrumbList","@id":"https:\/\/klasmann-deilmann.com\/de\/aus-bio-wird-proline\/#breadcrumb","itemListElement":[{"@type":"ListItem","position":1,"name":"Home","item":"https:\/\/klasmann-deilmann.com\/de\/"},{"@type":"ListItem","position":2,"name":"Aus Bio wird ProLine"}]},{"@type":"WebSite","@id":"https:\/\/klasmann-deilmann.com\/en\/#website","url":"https:\/\/klasmann-deilmann.com\/en\/","name":"Klasmann-Deilmann","description":"","potentialAction":[{"@type":"SearchAction","target":{"@type":"EntryPoint","urlTemplate":"https:\/\/klasmann-deilmann.com\/en\/?s={search_term_string}"},"query-input":{"@type":"PropertyValueSpecification","valueRequired":true,"valueName":"search_term_string"}}],"inLanguage":"de"},{"@type":"Person","@id":"https:\/\/klasmann-deilmann.com\/en\/#\/schema\/person\/2502425feab4548f9995e2f1fa23fb3d","name":"Dirk R\u00f6se","image":{"@type":"ImageObject","inLanguage":"de","@id":"https:\/\/secure.gravatar.com\/avatar\/850ab4c80e0a5eca25933f2ee062a09ec1d50f1fa10d0057f65f04b9827f102f?s=96&d=mm&r=g","url":"https:\/\/secure.gravatar.com\/avatar\/850ab4c80e0a5eca25933f2ee062a09ec1d50f1fa10d0057f65f04b9827f102f?s=96&d=mm&r=g","contentUrl":"https:\/\/secure.gravatar.com\/avatar\/850ab4c80e0a5eca25933f2ee062a09ec1d50f1fa10d0057f65f04b9827f102f?s=96&d=mm&r=g","caption":"Dirk R\u00f6se"},"sameAs":["http:\/\/klasmann-deilmann.com"],"url":"https:\/\/klasmann-deilmann.com\/de\/author\/dirk-roese\/"}]}},"_links":{"self":[{"href":"https:\/\/klasmann-deilmann.com\/de\/wp-json\/wp\/v2\/posts\/26586","targetHints":{"allow":["GET"]}}],"collection":[{"href":"https:\/\/klasmann-deilmann.com\/de\/wp-json\/wp\/v2\/posts"}],"about":[{"href":"https:\/\/klasmann-deilmann.com\/de\/wp-json\/wp\/v2\/types\/post"}],"author":[{"embeddable":true,"href":"https:\/\/klasmann-deilmann.com\/de\/wp-json\/wp\/v2\/users\/8"}],"replies":[{"embeddable":true,"href":"https:\/\/klasmann-deilmann.com\/de\/wp-json\/wp\/v2\/comments?post=26586"}],"version-history":[{"count":3,"href":"https:\/\/klasmann-deilmann.com\/de\/wp-json\/wp\/v2\/posts\/26586\/revisions"}],"predecessor-version":[{"id":26628,"href":"https:\/\/klasmann-deilmann.com\/de\/wp-json\/wp\/v2\/posts\/26586\/revisions\/26628"}],"wp:attachment":[{"href":"https:\/\/klasmann-deilmann.com\/de\/wp-json\/wp\/v2\/media?parent=26586"}],"wp:term":[{"taxonomy":"category","embeddable":true,"href":"https:\/\/klasmann-deilmann.com\/de\/wp-json\/wp\/v2\/categories?post=26586"},{"taxonomy":"post_tag","embeddable":true,"href":"https:\/\/klasmann-deilmann.com\/de\/wp-json\/wp\/v2\/tags?post=26586"}],"curies":[{"name":"wp","href":"https:\/\/api.w.org\/{rel}","templated":true}]}}