{"id":25547,"date":"2020-11-25T13:14:37","date_gmt":"2020-11-25T12:14:37","guid":{"rendered":"https:\/\/klasmann-deilmann.com\/?p=25547"},"modified":"2024-09-27T11:59:23","modified_gmt":"2024-09-27T09:59:23","slug":"weltmarktfuehrer-2021","status":"publish","type":"post","link":"https:\/\/klasmann-deilmann.com\/de\/weltmarktfuehrer-2021\/","title":{"rendered":"Weltmarktf\u00fchrer 2021"},"content":{"rendered":"<p><img loading=\"lazy\" decoding=\"async\" width=\"3840\" height=\"2006\" class=\"alignright size-full wp-image-25548\" src=\"\/wp-content\/uploads\/2020-11-25-World-Market-Leader-2020-2-scaled.jpg\" alt=\"\" srcset=\"https:\/\/klasmann-deilmann.com\/wp-content\/uploads\/2020-11-25-World-Market-Leader-2020-2-scaled.jpg 3840w, https:\/\/klasmann-deilmann.com\/wp-content\/uploads\/2020-11-25-World-Market-Leader-2020-2-300x157.jpg 300w, https:\/\/klasmann-deilmann.com\/wp-content\/uploads\/2020-11-25-World-Market-Leader-2020-2-1024x535.jpg 1024w, https:\/\/klasmann-deilmann.com\/wp-content\/uploads\/2020-11-25-World-Market-Leader-2020-2-768x401.jpg 768w, https:\/\/klasmann-deilmann.com\/wp-content\/uploads\/2020-11-25-World-Market-Leader-2020-2-1536x803.jpg 1536w, https:\/\/klasmann-deilmann.com\/wp-content\/uploads\/2020-11-25-World-Market-Leader-2020-2-2048x1070.jpg 2048w, https:\/\/klasmann-deilmann.com\/wp-content\/uploads\/2020-11-25-World-Market-Leader-2020-2-125x65.jpg 125w\" sizes=\"auto, (max-width: 3840px) 100vw, 3840px\" \/><\/p>\n<h2>Platz im Ranking der Universit\u00e4t St. Gallen gesichert<\/h2>\n<p><strong>Es bleibt dabei. Zum vierten Mal in Folge ist Klasmann-Deilmann als Weltmarktf\u00fchrer gelistet. Als \u201eChampion\u201c der Substratbranche stehen wir im Ranking der Universit\u00e4t St. Gallen, der Henri B. Meier Unternehmerschule und der Akademie Deutscher Weltmarktf\u00fchrer.<\/strong><\/p>\n<p>In dem Sonderheft vom 2. November 2020 berichtet das Magazin \u201eWirtschaftswoche\u201c ausf\u00fchrlich \u00fcber rund 500 Unternehmen aus Deutschland, \u00d6sterreich und der Schweiz (DACH-Raum), die sich in ihrem jeweiligen Marktsegment zum weltweit f\u00fchrenden Unternehmen entwickelt haben. Etwa 1.500 potenzielle Anw\u00e4rter aus dem DACH-Raum wurden f\u00fcr die Untersuchung genau unter die Lupe genommen. Ein Drittel davon hielt den Kriterien des Rankings statt und darf sich nun \u201eWeltmarktf\u00fchrer\u201c nennen. So auch Klasmann-Deilmann.<\/p>\n<p>\u201eEs freut uns sehr, dass wir diese Position auch in einem besonders herausfordernden Jahr best\u00e4tigen konnten\u201c, so Moritz B\u00f6cking, Gesch\u00e4ftsf\u00fchrer der Klasmann-Deilmann-Gruppe. \u201eDiese Auszeichnung will jeden Tag aufs Neue erworben werden. Das ist der gro\u00dfe Verdienst unserer Mitarbeiterinnen und Mitarbeiter in der ganzen Welt. Wir danken unseren Kunden und Partnern f\u00fcr das Vertrauen. Gemeinsam schreiben wir seit Jahrzehnten diese Erfolgsgeschichte im professionellen Gartenbau.\u201c<\/p>\n<p><img loading=\"lazy\" decoding=\"async\" class=\"aligncenter wp-image-25548 size-full\" src=\"\/wp-content\/uploads\/2020-11-25-World-Market-Leader-2020-2-scaled.jpg\" alt=\"\" width=\"3840\" height=\"2006\" srcset=\"https:\/\/klasmann-deilmann.com\/wp-content\/uploads\/2020-11-25-World-Market-Leader-2020-2-scaled.jpg 3840w, https:\/\/klasmann-deilmann.com\/wp-content\/uploads\/2020-11-25-World-Market-Leader-2020-2-300x157.jpg 300w, https:\/\/klasmann-deilmann.com\/wp-content\/uploads\/2020-11-25-World-Market-Leader-2020-2-1024x535.jpg 1024w, https:\/\/klasmann-deilmann.com\/wp-content\/uploads\/2020-11-25-World-Market-Leader-2020-2-768x401.jpg 768w, https:\/\/klasmann-deilmann.com\/wp-content\/uploads\/2020-11-25-World-Market-Leader-2020-2-1536x803.jpg 1536w, https:\/\/klasmann-deilmann.com\/wp-content\/uploads\/2020-11-25-World-Market-Leader-2020-2-2048x1070.jpg 2048w, https:\/\/klasmann-deilmann.com\/wp-content\/uploads\/2020-11-25-World-Market-Leader-2020-2-125x65.jpg 125w\" sizes=\"auto, (max-width: 3840px) 100vw, 3840px\" \/><\/p>\n","protected":false},"excerpt":{"rendered":"<p>Platz im Ranking der Universit\u00e4t St. Gallen gesichert Es bleibt dabei. Zum vierten Mal in Folge ist Klasmann-Deilmann als Weltmarktf\u00fchrer gelistet. Als \u201eChampion\u201c der Substratbranche stehen wir im Ranking der Universit\u00e4t St. Gallen, der Henri B. Meier Unternehmerschule und der Akademie Deutscher Weltmarktf\u00fchrer. In dem Sonderheft vom 2. November 2020 berichtet das Magazin \u201eWirtschaftswoche\u201c ausf\u00fchrlich \u00fcber rund 500 Unternehmen aus Deutschland, \u00d6sterreich und der Schweiz (DACH-Raum), die sich in ihrem jeweiligen Marktsegment zum weltweit f\u00fchrenden Unternehmen entwickelt haben. Etwa 1.500<\/p>\n","protected":false},"author":10,"featured_media":0,"comment_status":"open","ping_status":"closed","sticky":false,"template":"","format":"standard","meta":{"_acf_changed":false,"inline_featured_image":false,"footnotes":""},"categories":[606],"tags":[],"class_list":["post-25547","post","type-post","status-publish","format-standard","hentry","category-unternehmen-2"],"acf":[],"yoast_head":"<!-- This site is optimized with the Yoast SEO plugin v27.5 - https:\/\/yoast.com\/product\/yoast-seo-wordpress\/ -->\n<title>Weltmarktf\u00fchrer 2021 - Klasmann-Deilmann<\/title>\n<meta name=\"robots\" content=\"index, follow, max-snippet:-1, max-image-preview:large, max-video-preview:-1\" \/>\n<link rel=\"canonical\" href=\"https:\/\/klasmann-deilmann.com\/de\/weltmarktfuehrer-2021\/\" \/>\n<meta property=\"og:locale\" content=\"de_DE\" \/>\n<meta property=\"og:type\" content=\"article\" \/>\n<meta property=\"og:title\" content=\"Weltmarktf\u00fchrer 2021 - Klasmann-Deilmann\" \/>\n<meta property=\"og:description\" content=\"Platz im Ranking der Universit\u00e4t St. Gallen gesichert Es bleibt dabei. Zum vierten Mal in Folge ist Klasmann-Deilmann als Weltmarktf\u00fchrer gelistet. Als \u201eChampion\u201c der Substratbranche stehen wir im Ranking der Universit\u00e4t St. Gallen, der Henri B. Meier Unternehmerschule und der Akademie Deutscher Weltmarktf\u00fchrer. In dem Sonderheft vom 2. November 2020 berichtet das Magazin \u201eWirtschaftswoche\u201c ausf\u00fchrlich \u00fcber rund 500 Unternehmen aus Deutschland, \u00d6sterreich und der Schweiz (DACH-Raum), die sich in ihrem jeweiligen Marktsegment zum weltweit f\u00fchrenden Unternehmen entwickelt haben. Etwa 1.500\" \/>\n<meta property=\"og:url\" content=\"https:\/\/klasmann-deilmann.com\/de\/weltmarktfuehrer-2021\/\" \/>\n<meta property=\"og:site_name\" content=\"Klasmann-Deilmann\" \/>\n<meta property=\"article:published_time\" content=\"2020-11-25T12:14:37+00:00\" \/>\n<meta property=\"article:modified_time\" content=\"2024-09-27T09:59:23+00:00\" \/>\n<meta name=\"author\" content=\"Nadine John\" \/>\n<meta name=\"twitter:card\" content=\"summary_large_image\" \/>\n<meta name=\"twitter:label1\" content=\"Verfasst von\" \/>\n\t<meta name=\"twitter:data1\" content=\"Nadine John\" \/>\n\t<meta name=\"twitter:label2\" content=\"Gesch\u00e4tzte Lesezeit\" \/>\n\t<meta name=\"twitter:data2\" content=\"1\u00a0Minute\" \/>\n<script type=\"application\/ld+json\" class=\"yoast-schema-graph\">{\"@context\":\"https:\\\/\\\/schema.org\",\"@graph\":[{\"@type\":\"Article\",\"@id\":\"https:\\\/\\\/klasmann-deilmann.com\\\/de\\\/weltmarktfuehrer-2021\\\/#article\",\"isPartOf\":{\"@id\":\"https:\\\/\\\/klasmann-deilmann.com\\\/de\\\/weltmarktfuehrer-2021\\\/\"},\"author\":{\"name\":\"Nadine John\",\"@id\":\"https:\\\/\\\/klasmann-deilmann.com\\\/en\\\/#\\\/schema\\\/person\\\/5119188f33a70e935267208fa4292bea\"},\"headline\":\"Weltmarktf\u00fchrer 2021\",\"datePublished\":\"2020-11-25T12:14:37+00:00\",\"dateModified\":\"2024-09-27T09:59:23+00:00\",\"mainEntityOfPage\":{\"@id\":\"https:\\\/\\\/klasmann-deilmann.com\\\/de\\\/weltmarktfuehrer-2021\\\/\"},\"wordCount\":188,\"commentCount\":0,\"articleSection\":[\"Unternehmen\"],\"inLanguage\":\"de\",\"potentialAction\":[{\"@type\":\"CommentAction\",\"name\":\"Comment\",\"target\":[\"https:\\\/\\\/klasmann-deilmann.com\\\/de\\\/weltmarktfuehrer-2021\\\/#respond\"]}]},{\"@type\":\"WebPage\",\"@id\":\"https:\\\/\\\/klasmann-deilmann.com\\\/de\\\/weltmarktfuehrer-2021\\\/\",\"url\":\"https:\\\/\\\/klasmann-deilmann.com\\\/de\\\/weltmarktfuehrer-2021\\\/\",\"name\":\"Weltmarktf\u00fchrer 2021 - Klasmann-Deilmann\",\"isPartOf\":{\"@id\":\"https:\\\/\\\/klasmann-deilmann.com\\\/en\\\/#website\"},\"datePublished\":\"2020-11-25T12:14:37+00:00\",\"dateModified\":\"2024-09-27T09:59:23+00:00\",\"author\":{\"@id\":\"https:\\\/\\\/klasmann-deilmann.com\\\/en\\\/#\\\/schema\\\/person\\\/5119188f33a70e935267208fa4292bea\"},\"breadcrumb\":{\"@id\":\"https:\\\/\\\/klasmann-deilmann.com\\\/de\\\/weltmarktfuehrer-2021\\\/#breadcrumb\"},\"inLanguage\":\"de\",\"potentialAction\":[{\"@type\":\"ReadAction\",\"target\":[\"https:\\\/\\\/klasmann-deilmann.com\\\/de\\\/weltmarktfuehrer-2021\\\/\"]}]},{\"@type\":\"BreadcrumbList\",\"@id\":\"https:\\\/\\\/klasmann-deilmann.com\\\/de\\\/weltmarktfuehrer-2021\\\/#breadcrumb\",\"itemListElement\":[{\"@type\":\"ListItem\",\"position\":1,\"name\":\"Home\",\"item\":\"https:\\\/\\\/klasmann-deilmann.com\\\/de\\\/\"},{\"@type\":\"ListItem\",\"position\":2,\"name\":\"Weltmarktf\u00fchrer 2021\"}]},{\"@type\":\"WebSite\",\"@id\":\"https:\\\/\\\/klasmann-deilmann.com\\\/en\\\/#website\",\"url\":\"https:\\\/\\\/klasmann-deilmann.com\\\/en\\\/\",\"name\":\"Klasmann-Deilmann\",\"description\":\"\",\"potentialAction\":[{\"@type\":\"SearchAction\",\"target\":{\"@type\":\"EntryPoint\",\"urlTemplate\":\"https:\\\/\\\/klasmann-deilmann.com\\\/en\\\/?s={search_term_string}\"},\"query-input\":{\"@type\":\"PropertyValueSpecification\",\"valueRequired\":true,\"valueName\":\"search_term_string\"}}],\"inLanguage\":\"de\"},{\"@type\":\"Person\",\"@id\":\"https:\\\/\\\/klasmann-deilmann.com\\\/en\\\/#\\\/schema\\\/person\\\/5119188f33a70e935267208fa4292bea\",\"name\":\"Nadine John\",\"image\":{\"@type\":\"ImageObject\",\"inLanguage\":\"de\",\"@id\":\"https:\\\/\\\/secure.gravatar.com\\\/avatar\\\/a46d4f997cb710466a70b0e187866c07972878ec5c8ff2306fd5a2dffab0b958?s=96&d=mm&r=g\",\"url\":\"https:\\\/\\\/secure.gravatar.com\\\/avatar\\\/a46d4f997cb710466a70b0e187866c07972878ec5c8ff2306fd5a2dffab0b958?s=96&d=mm&r=g\",\"contentUrl\":\"https:\\\/\\\/secure.gravatar.com\\\/avatar\\\/a46d4f997cb710466a70b0e187866c07972878ec5c8ff2306fd5a2dffab0b958?s=96&d=mm&r=g\",\"caption\":\"Nadine John\"},\"sameAs\":[\"http:\\\/\\\/klasmann-deilmann.com\"],\"url\":\"https:\\\/\\\/klasmann-deilmann.com\\\/de\\\/author\\\/nadine-john\\\/\"}]}<\/script>\n<!-- \/ Yoast SEO plugin. -->","yoast_head_json":{"title":"Weltmarktf\u00fchrer 2021 - Klasmann-Deilmann","robots":{"index":"index","follow":"follow","max-snippet":"max-snippet:-1","max-image-preview":"max-image-preview:large","max-video-preview":"max-video-preview:-1"},"canonical":"https:\/\/klasmann-deilmann.com\/de\/weltmarktfuehrer-2021\/","og_locale":"de_DE","og_type":"article","og_title":"Weltmarktf\u00fchrer 2021 - Klasmann-Deilmann","og_description":"Platz im Ranking der Universit\u00e4t St. Gallen gesichert Es bleibt dabei. Zum vierten Mal in Folge ist Klasmann-Deilmann als Weltmarktf\u00fchrer gelistet. Als \u201eChampion\u201c der Substratbranche stehen wir im Ranking der Universit\u00e4t St. Gallen, der Henri B. Meier Unternehmerschule und der Akademie Deutscher Weltmarktf\u00fchrer. In dem Sonderheft vom 2. November 2020 berichtet das Magazin \u201eWirtschaftswoche\u201c ausf\u00fchrlich \u00fcber rund 500 Unternehmen aus Deutschland, \u00d6sterreich und der Schweiz (DACH-Raum), die sich in ihrem jeweiligen Marktsegment zum weltweit f\u00fchrenden Unternehmen entwickelt haben. Etwa 1.500","og_url":"https:\/\/klasmann-deilmann.com\/de\/weltmarktfuehrer-2021\/","og_site_name":"Klasmann-Deilmann","article_published_time":"2020-11-25T12:14:37+00:00","article_modified_time":"2024-09-27T09:59:23+00:00","author":"Nadine John","twitter_card":"summary_large_image","twitter_misc":{"Verfasst von":"Nadine John","Gesch\u00e4tzte Lesezeit":"1\u00a0Minute"},"schema":{"@context":"https:\/\/schema.org","@graph":[{"@type":"Article","@id":"https:\/\/klasmann-deilmann.com\/de\/weltmarktfuehrer-2021\/#article","isPartOf":{"@id":"https:\/\/klasmann-deilmann.com\/de\/weltmarktfuehrer-2021\/"},"author":{"name":"Nadine John","@id":"https:\/\/klasmann-deilmann.com\/en\/#\/schema\/person\/5119188f33a70e935267208fa4292bea"},"headline":"Weltmarktf\u00fchrer 2021","datePublished":"2020-11-25T12:14:37+00:00","dateModified":"2024-09-27T09:59:23+00:00","mainEntityOfPage":{"@id":"https:\/\/klasmann-deilmann.com\/de\/weltmarktfuehrer-2021\/"},"wordCount":188,"commentCount":0,"articleSection":["Unternehmen"],"inLanguage":"de","potentialAction":[{"@type":"CommentAction","name":"Comment","target":["https:\/\/klasmann-deilmann.com\/de\/weltmarktfuehrer-2021\/#respond"]}]},{"@type":"WebPage","@id":"https:\/\/klasmann-deilmann.com\/de\/weltmarktfuehrer-2021\/","url":"https:\/\/klasmann-deilmann.com\/de\/weltmarktfuehrer-2021\/","name":"Weltmarktf\u00fchrer 2021 - Klasmann-Deilmann","isPartOf":{"@id":"https:\/\/klasmann-deilmann.com\/en\/#website"},"datePublished":"2020-11-25T12:14:37+00:00","dateModified":"2024-09-27T09:59:23+00:00","author":{"@id":"https:\/\/klasmann-deilmann.com\/en\/#\/schema\/person\/5119188f33a70e935267208fa4292bea"},"breadcrumb":{"@id":"https:\/\/klasmann-deilmann.com\/de\/weltmarktfuehrer-2021\/#breadcrumb"},"inLanguage":"de","potentialAction":[{"@type":"ReadAction","target":["https:\/\/klasmann-deilmann.com\/de\/weltmarktfuehrer-2021\/"]}]},{"@type":"BreadcrumbList","@id":"https:\/\/klasmann-deilmann.com\/de\/weltmarktfuehrer-2021\/#breadcrumb","itemListElement":[{"@type":"ListItem","position":1,"name":"Home","item":"https:\/\/klasmann-deilmann.com\/de\/"},{"@type":"ListItem","position":2,"name":"Weltmarktf\u00fchrer 2021"}]},{"@type":"WebSite","@id":"https:\/\/klasmann-deilmann.com\/en\/#website","url":"https:\/\/klasmann-deilmann.com\/en\/","name":"Klasmann-Deilmann","description":"","potentialAction":[{"@type":"SearchAction","target":{"@type":"EntryPoint","urlTemplate":"https:\/\/klasmann-deilmann.com\/en\/?s={search_term_string}"},"query-input":{"@type":"PropertyValueSpecification","valueRequired":true,"valueName":"search_term_string"}}],"inLanguage":"de"},{"@type":"Person","@id":"https:\/\/klasmann-deilmann.com\/en\/#\/schema\/person\/5119188f33a70e935267208fa4292bea","name":"Nadine John","image":{"@type":"ImageObject","inLanguage":"de","@id":"https:\/\/secure.gravatar.com\/avatar\/a46d4f997cb710466a70b0e187866c07972878ec5c8ff2306fd5a2dffab0b958?s=96&d=mm&r=g","url":"https:\/\/secure.gravatar.com\/avatar\/a46d4f997cb710466a70b0e187866c07972878ec5c8ff2306fd5a2dffab0b958?s=96&d=mm&r=g","contentUrl":"https:\/\/secure.gravatar.com\/avatar\/a46d4f997cb710466a70b0e187866c07972878ec5c8ff2306fd5a2dffab0b958?s=96&d=mm&r=g","caption":"Nadine John"},"sameAs":["http:\/\/klasmann-deilmann.com"],"url":"https:\/\/klasmann-deilmann.com\/de\/author\/nadine-john\/"}]}},"_links":{"self":[{"href":"https:\/\/klasmann-deilmann.com\/de\/wp-json\/wp\/v2\/posts\/25547","targetHints":{"allow":["GET"]}}],"collection":[{"href":"https:\/\/klasmann-deilmann.com\/de\/wp-json\/wp\/v2\/posts"}],"about":[{"href":"https:\/\/klasmann-deilmann.com\/de\/wp-json\/wp\/v2\/types\/post"}],"author":[{"embeddable":true,"href":"https:\/\/klasmann-deilmann.com\/de\/wp-json\/wp\/v2\/users\/10"}],"replies":[{"embeddable":true,"href":"https:\/\/klasmann-deilmann.com\/de\/wp-json\/wp\/v2\/comments?post=25547"}],"version-history":[{"count":3,"href":"https:\/\/klasmann-deilmann.com\/de\/wp-json\/wp\/v2\/posts\/25547\/revisions"}],"predecessor-version":[{"id":25558,"href":"https:\/\/klasmann-deilmann.com\/de\/wp-json\/wp\/v2\/posts\/25547\/revisions\/25558"}],"wp:attachment":[{"href":"https:\/\/klasmann-deilmann.com\/de\/wp-json\/wp\/v2\/media?parent=25547"}],"wp:term":[{"taxonomy":"category","embeddable":true,"href":"https:\/\/klasmann-deilmann.com\/de\/wp-json\/wp\/v2\/categories?post=25547"},{"taxonomy":"post_tag","embeddable":true,"href":"https:\/\/klasmann-deilmann.com\/de\/wp-json\/wp\/v2\/tags?post=25547"}],"curies":[{"name":"wp","href":"https:\/\/api.w.org\/{rel}","templated":true}]}}