{"id":25246,"date":"2020-11-05T08:37:43","date_gmt":"2020-11-05T07:37:43","guid":{"rendered":"https:\/\/klasmann-deilmann.com\/?p=25246"},"modified":"2024-09-27T12:00:27","modified_gmt":"2024-09-27T10:00:27","slug":"trauer-um-dr-klaus-juergen-deilmann","status":"publish","type":"post","link":"https:\/\/klasmann-deilmann.com\/de\/trauer-um-dr-klaus-juergen-deilmann\/","title":{"rendered":"Trauer um Dr. Klaus J\u00fcrgen Deilmann"},"content":{"rendered":"<p><strong>Wir trauern um unseren fr\u00fcheren Gesellschafter Dr. Klaus J\u00fcrgen Deilmann, der am vergangenen Sonntag nach einem erf\u00fcllten Leben im Alter von 93 Jahren in Bad Bentheim friedlich verstarb. Klaus J\u00fcrgen Deilmann und sein Bruder Hans Carl Deilmann f\u00fchrten \u00fcber mehrere Jahrzehnte die Geschicke des Familienunternehmens C. Deilmann in 3. Generation, bis sie die Verantwortung im Jahr 2007 an Carl-Gerrit Deilmann und Carl-Joachim Deilmann \u00fcbergaben. Schwerpunkte seiner erfolgreichen Arbeit lagen in der Montan-Industrie sowie im Erd\u00f6l-Erdgas-Gesch\u00e4ft. In den 1980er Jahren war er ma\u00dfgeblich an der Ver\u00e4u\u00dferung weiter Teile des Familienunternehmens an die damalige Preussag AG beteiligt. Immer wieder brachte er seine enge und wertsch\u00e4tzende Verbundenheit mit der Klasmann-Deilmann-Gruppe zum Ausdruck. Weggef\u00e4hrten sch\u00e4tzten die ruhige und konstruktive Art, mit der er wichtige Vorhaben, seine ausgewogene \u00dcberzeugung und das gemeinsame Ziel voranbrachte. Sein Handeln war durch Geradlinigkeit und Weitblick gepr\u00e4gt. In allem behielt er stets das Wohl des Unternehmens und seiner Besch\u00e4ftigten im Blick.<\/strong><\/p>\n<p><strong>Unser Mitgef\u00fchl gilt der Familie Carl-Gerrit Deilmann sowie allen Angeh\u00f6rigen und Freunden. Wir werden Dr. Klaus J\u00fcrgen Deilmann ein ehrendes Andenken bewahren.<\/strong><\/p>\n<p><img loading=\"lazy\" decoding=\"async\" width=\"1102\" height=\"700\" class=\"alignright size-full wp-image-25255\" src=\"\/wp-content\/uploads\/2020-11-05-Trauer-um-Dr.jpg\" alt=\"\" srcset=\"https:\/\/klasmann-deilmann.com\/wp-content\/uploads\/2020-11-05-Trauer-um-Dr.jpg 1102w, https:\/\/klasmann-deilmann.com\/wp-content\/uploads\/2020-11-05-Trauer-um-Dr-300x191.jpg 300w, https:\/\/klasmann-deilmann.com\/wp-content\/uploads\/2020-11-05-Trauer-um-Dr-1024x650.jpg 1024w, https:\/\/klasmann-deilmann.com\/wp-content\/uploads\/2020-11-05-Trauer-um-Dr-768x488.jpg 768w, https:\/\/klasmann-deilmann.com\/wp-content\/uploads\/2020-11-05-Trauer-um-Dr-125x79.jpg 125w\" sizes=\"auto, (max-width: 1102px) 100vw, 1102px\" \/><\/p>\n<p><img loading=\"lazy\" decoding=\"async\" width=\"968\" height=\"1291\" class=\"alignright size-full wp-image-25247\" src=\"\/wp-content\/uploads\/2020-11-05-Trauer-um-Dr.-Klaus-J\u00fcrgen-Deilmann_Foto.jpg\" alt=\"\" srcset=\"https:\/\/klasmann-deilmann.com\/wp-content\/uploads\/2020-11-05-Trauer-um-Dr.-Klaus-J\u00fcrgen-Deilmann_Foto.jpg 968w, https:\/\/klasmann-deilmann.com\/wp-content\/uploads\/2020-11-05-Trauer-um-Dr.-Klaus-J\u00fcrgen-Deilmann_Foto-225x300.jpg 225w, https:\/\/klasmann-deilmann.com\/wp-content\/uploads\/2020-11-05-Trauer-um-Dr.-Klaus-J\u00fcrgen-Deilmann_Foto-768x1024.jpg 768w, https:\/\/klasmann-deilmann.com\/wp-content\/uploads\/2020-11-05-Trauer-um-Dr.-Klaus-J\u00fcrgen-Deilmann_Foto-576x768.jpg 576w, https:\/\/klasmann-deilmann.com\/wp-content\/uploads\/2020-11-05-Trauer-um-Dr.-Klaus-J\u00fcrgen-Deilmann_Foto-94x125.jpg 94w\" sizes=\"auto, (max-width: 968px) 100vw, 968px\" \/><\/p>\n<p>Dr. Klaus J\u00fcrgen Deilmann wurde am 9. August 1927 in Dortmund geboren. Bis 1941 lebte er in seinem Elternhaus und besuchte anschlie\u00dfend eine Internatsschule in Bad Godesberg. Als Luftwaffenhelfer musste er ab Anfang 1943 an Flugabwehrgesch\u00fctzen aushelfen, um deutsche St\u00e4dte vor alliierten Bombenangriffen zu sch\u00fctzen. Es folgten Reichsarbeitsdienst und eine Zeit als Offiziersanw\u00e4rter der Kriegsmarine. Bei Kriegsende geriet J\u00fcrgen Deilmann in eine kurze Gefangenschaft bei amerikanischen und britischen Streitkr\u00e4ften. Noch im Jahr 1945 kehrte er nach Dortmund zur\u00fcck und machte dort 1948 sein Abitur. Von 1949 bis 1954 studierte er Rechtswissenschaft und Volkswirtschaft an den Universit\u00e4ten Bonn und T\u00fcbingen. Die daran anschlie\u00dfende Zeit in der Schweiz pr\u00e4gte ihn insbesondere in menschlicher Hinsicht tief, in bester Erinnerung blieb die \u201ekleine und erstklassig besetzte Universit\u00e4t mit zahlreichen ausl\u00e4ndischen Studenten\u201c in Bern, an der er sein Staatsexamen ablegte. Seine Doktorarbeit besch\u00e4ftigte sich im Jahr 1956 mit den \u201eWettbewerbsmerkmalen im Steinkohlenbergbau unter besonderer Ber\u00fccksichtigung des Ruhrkohlenbergbaues\u201c.<\/p>\n<p>1954 trat J\u00fcrgen Deilmann in die Braunschweigische Maschinenbau-Anstalt (BMA) ein, wurde 1957 Prokurist und stieg 1958 in den Vorstand auf. Zust\u00e4ndig war er f\u00fcr die Finanzen, die kaufm\u00e4nnische Verwaltung sowie f\u00fcr die Personalabteilung. Zeitweise \u00fcbernahm er aber auch Vertriebsaktivit\u00e4ten im Ausland, die ihn u. a. bis nach Russland, Indien, Kuba und Chile f\u00fchrten und bei denen ihm die in Bern erfahrene Internationalit\u00e4t zugute kam. \u201eDiese Kontakte mit unterschiedlichen Menschen unterschiedlicher Kulturen haben sicherlich die Erlebnisse, die ich in der Schweiz gehabt habe, weiter verst\u00e4rkt und im Rahmen des Engagements zu (\u2026) Toleranz und Pragmatismus gef\u00fchrt\u201c, res\u00fcmierte er sp\u00e4ter. Bis Ende 1966 arbeitete Dr. Klaus J\u00fcrgen Deilmann bei der BMA, parallel dazu ab 1965 schon in der Gesch\u00e4ftsf\u00fchrung der C. Deilmann Bergbau GmbH.<\/p>\n<p>In den Folgejahren \u00fcbernahm er zahlreiche Aufsichtsratsposten wie bei der Deilmann-Haniel GmbH zwischen 1968 und 1993 (Vorsitzender 1989 bis 1993), der Deutag (1969 bis 1991), der Erdgas-Verkaufs-Gesellschaft (1968 bis 1991), der Westgas GmbH (1971 bis 1991) und der Preussag AG (1996 bis 2001). Von 1968 bis 1991 war er Mitglied des Beirates der Uranerzbergbau-GmbH sowie zwischen 1976 und 1992 der Ruhrgas AG und wurde 1982 stellvertretender Vorsitzender des Vorstandes des Wirtschaftsverbandes Erd\u00f6l und Erdgasgewinnung e.V. Das grundlegende Verst\u00e4ndnis seiner Arbeit fasste er r\u00fcckblickend so zusammen: \u201eIn fast allen Etappen meines Berufslebens war ich veranla\u00dft, Kooperationen mit nationalen und internationalen Konzernen einzugehen. Kooperationen sind undenkbar ohne Toleranz und ohne Kompromisse. Wichtig ist nur, da\u00df im Berufsleben Kompromisse sachlich begr\u00fcndet und so angelegt sind, da\u00df sie halten.\u201c<\/p>\n<p>Auch in vielen Verb\u00e4nden engagierte sich Dr. Klaus J\u00fcrgen Deilmann, so im Vorstand des Metallverbandes Niedersachsen und des Industrieausschusses Energie beim Bundesverband der Deutschen Industrie, als Vizepr\u00e4sident und Schatzmeister der Bundesvereinigung der deutschen Arbeitgeberverb\u00e4nde, deren Ehrenmitglied im Pr\u00e4sidium er war, sowie als Vizepr\u00e4sident des Instituts der deutschen Wirtschaft in K\u00f6ln. Mit dem damaligen Arbeitgeberpr\u00e4sidenten Hanns Martin Schleyer verband ihn eine jahrelange enge Freundschaft. Nach dessen Ermordung durch deutsche Terroristen im Herbst 1977 wurde Dr. Klaus J\u00fcrgen Deilmann Vizepr\u00e4sident der Hanns Martin Schleyer-Stiftung in K\u00f6ln. Neben Mitgliedschaften u. a. in den Industrie- und Handelskammern Braunschweig und Osnabr\u00fcck-Emsland sowie in den Wirtschaftsverb\u00e4nden Niedersachsens verdient seine T\u00e4tigkeit im Stifterverband f\u00fcr die Deutsche Wissenschaft in Essen besondere Erw\u00e4hnung. Die CD-Stiftung, mit deren Gr\u00fcndung sein Vater Carl Deilmann gew\u00fcrdigt wurde, begleitete er bis zu seinem Lebensende. 2009 zog Dr. Klaus J\u00fcrgen Deilmann ein Fazit seiner breit gef\u00e4cherten Verpflichtungen: \u201eIch glaube, da\u00df es (\u2026) wichtig ist, da\u00df man bewu\u00dft im Leben sich Aufgaben stellt und bereit ist, Verantwortung zu \u00fcbernehmen.\u201c Am 13. Oktober 1995 wurde ihm f\u00fcr sein gemeinn\u00fctziges Engagement in den Verb\u00e4nden und die Unterst\u00fctzung zahlreicher wohlt\u00e4tiger Zwecke das Verdienstkreuz 1. Klasse des Verdienstordens der Bundesrepublik Deutschland verliehen.<\/p>\n<p>In seiner Heimatstadt Bad Bentheim unterst\u00fctzte Dr. Klaus J\u00fcrgen Deilmann gro\u00dfz\u00fcgig Sportvereine, Schulen, Freiwillige Feuerwehren, den Ortsverein des Deutschen Roten Kreuzes, die Freilichtb\u00fchne, das Sandsteinmuseum sowie weitere Einrichtungen und Vereine. Sein Augenmerk lag dabei stets auf der Verbesserung ihrer Infrastruktur \u00fcber die F\u00f6rderung von Investitionen. Dar\u00fcber hinaus f\u00f6rderte Dr. Klaus J\u00fcrgen Deilmann gro\u00dfz\u00fcgig \u00fcberregionale Organisationen, wie die Deutsche Gesellschaft zur Rettung Schiffbr\u00fcchiger, und Projekte, wie den Neubau des Kinderzentrums Bethel und der Frauenkirche Dresden.<\/p>\n<p>Dr. J\u00fcrgen Deilmann verstarb am 1. November 2020 im Alter von 93 Jahren Zuhause in Bad Bentheim.<\/p>\n","protected":false},"excerpt":{"rendered":"<p>Wir trauern um unseren fr\u00fcheren Gesellschafter Dr. Klaus J\u00fcrgen Deilmann, der am vergangenen Sonntag nach einem erf\u00fcllten Leben im Alter von 93 Jahren in Bad Bentheim friedlich verstarb. Klaus J\u00fcrgen Deilmann und sein Bruder Hans Carl Deilmann f\u00fchrten \u00fcber mehrere Jahrzehnte die Geschicke des Familienunternehmens C. Deilmann in 3. Generation, bis sie die Verantwortung im Jahr 2007 an Carl-Gerrit Deilmann und Carl-Joachim Deilmann \u00fcbergaben. Schwerpunkte seiner erfolgreichen Arbeit lagen in der Montan-Industrie sowie im Erd\u00f6l-Erdgas-Gesch\u00e4ft. In den 1980er Jahren war<\/p>\n","protected":false},"author":8,"featured_media":0,"comment_status":"open","ping_status":"closed","sticky":false,"template":"","format":"standard","meta":{"_acf_changed":false,"inline_featured_image":false,"footnotes":""},"categories":[606],"tags":[],"class_list":["post-25246","post","type-post","status-publish","format-standard","hentry","category-unternehmen-2"],"acf":[],"yoast_head":"<!-- This site is optimized with the Yoast SEO plugin v27.5 - https:\/\/yoast.com\/product\/yoast-seo-wordpress\/ -->\n<title>Trauer um Dr. Klaus J\u00fcrgen Deilmann - Klasmann-Deilmann<\/title>\n<meta name=\"robots\" content=\"index, follow, max-snippet:-1, max-image-preview:large, max-video-preview:-1\" \/>\n<link rel=\"canonical\" href=\"https:\/\/klasmann-deilmann.com\/de\/trauer-um-dr-klaus-juergen-deilmann\/\" \/>\n<meta property=\"og:locale\" content=\"de_DE\" \/>\n<meta property=\"og:type\" content=\"article\" \/>\n<meta property=\"og:title\" content=\"Trauer um Dr. Klaus J\u00fcrgen Deilmann - Klasmann-Deilmann\" \/>\n<meta property=\"og:description\" content=\"Wir trauern um unseren fr\u00fcheren Gesellschafter Dr. Klaus J\u00fcrgen Deilmann, der am vergangenen Sonntag nach einem erf\u00fcllten Leben im Alter von 93 Jahren in Bad Bentheim friedlich verstarb. Klaus J\u00fcrgen Deilmann und sein Bruder Hans Carl Deilmann f\u00fchrten \u00fcber mehrere Jahrzehnte die Geschicke des Familienunternehmens C. Deilmann in 3. Generation, bis sie die Verantwortung im Jahr 2007 an Carl-Gerrit Deilmann und Carl-Joachim Deilmann \u00fcbergaben. Schwerpunkte seiner erfolgreichen Arbeit lagen in der Montan-Industrie sowie im Erd\u00f6l-Erdgas-Gesch\u00e4ft. In den 1980er Jahren war\" \/>\n<meta property=\"og:url\" content=\"https:\/\/klasmann-deilmann.com\/de\/trauer-um-dr-klaus-juergen-deilmann\/\" \/>\n<meta property=\"og:site_name\" content=\"Klasmann-Deilmann\" \/>\n<meta property=\"article:published_time\" content=\"2020-11-05T07:37:43+00:00\" \/>\n<meta property=\"article:modified_time\" content=\"2024-09-27T10:00:27+00:00\" \/>\n<meta name=\"author\" content=\"Dirk R\u00f6se\" \/>\n<meta name=\"twitter:card\" content=\"summary_large_image\" \/>\n<meta name=\"twitter:label1\" content=\"Verfasst von\" \/>\n\t<meta name=\"twitter:data1\" content=\"Dirk R\u00f6se\" \/>\n\t<meta name=\"twitter:label2\" content=\"Gesch\u00e4tzte Lesezeit\" \/>\n\t<meta name=\"twitter:data2\" content=\"5\u00a0Minuten\" \/>\n<script type=\"application\/ld+json\" class=\"yoast-schema-graph\">{\"@context\":\"https:\\\/\\\/schema.org\",\"@graph\":[{\"@type\":\"Article\",\"@id\":\"https:\\\/\\\/klasmann-deilmann.com\\\/de\\\/trauer-um-dr-klaus-juergen-deilmann\\\/#article\",\"isPartOf\":{\"@id\":\"https:\\\/\\\/klasmann-deilmann.com\\\/de\\\/trauer-um-dr-klaus-juergen-deilmann\\\/\"},\"author\":{\"name\":\"Dirk R\u00f6se\",\"@id\":\"https:\\\/\\\/klasmann-deilmann.com\\\/en\\\/#\\\/schema\\\/person\\\/2502425feab4548f9995e2f1fa23fb3d\"},\"headline\":\"Trauer um Dr. Klaus J\u00fcrgen Deilmann\",\"datePublished\":\"2020-11-05T07:37:43+00:00\",\"dateModified\":\"2024-09-27T10:00:27+00:00\",\"mainEntityOfPage\":{\"@id\":\"https:\\\/\\\/klasmann-deilmann.com\\\/de\\\/trauer-um-dr-klaus-juergen-deilmann\\\/\"},\"wordCount\":914,\"commentCount\":0,\"articleSection\":[\"Unternehmen\"],\"inLanguage\":\"de\",\"potentialAction\":[{\"@type\":\"CommentAction\",\"name\":\"Comment\",\"target\":[\"https:\\\/\\\/klasmann-deilmann.com\\\/de\\\/trauer-um-dr-klaus-juergen-deilmann\\\/#respond\"]}]},{\"@type\":\"WebPage\",\"@id\":\"https:\\\/\\\/klasmann-deilmann.com\\\/de\\\/trauer-um-dr-klaus-juergen-deilmann\\\/\",\"url\":\"https:\\\/\\\/klasmann-deilmann.com\\\/de\\\/trauer-um-dr-klaus-juergen-deilmann\\\/\",\"name\":\"Trauer um Dr. Klaus J\u00fcrgen Deilmann - Klasmann-Deilmann\",\"isPartOf\":{\"@id\":\"https:\\\/\\\/klasmann-deilmann.com\\\/en\\\/#website\"},\"datePublished\":\"2020-11-05T07:37:43+00:00\",\"dateModified\":\"2024-09-27T10:00:27+00:00\",\"author\":{\"@id\":\"https:\\\/\\\/klasmann-deilmann.com\\\/en\\\/#\\\/schema\\\/person\\\/2502425feab4548f9995e2f1fa23fb3d\"},\"breadcrumb\":{\"@id\":\"https:\\\/\\\/klasmann-deilmann.com\\\/de\\\/trauer-um-dr-klaus-juergen-deilmann\\\/#breadcrumb\"},\"inLanguage\":\"de\",\"potentialAction\":[{\"@type\":\"ReadAction\",\"target\":[\"https:\\\/\\\/klasmann-deilmann.com\\\/de\\\/trauer-um-dr-klaus-juergen-deilmann\\\/\"]}]},{\"@type\":\"BreadcrumbList\",\"@id\":\"https:\\\/\\\/klasmann-deilmann.com\\\/de\\\/trauer-um-dr-klaus-juergen-deilmann\\\/#breadcrumb\",\"itemListElement\":[{\"@type\":\"ListItem\",\"position\":1,\"name\":\"Home\",\"item\":\"https:\\\/\\\/klasmann-deilmann.com\\\/de\\\/\"},{\"@type\":\"ListItem\",\"position\":2,\"name\":\"Trauer um Dr. Klaus J\u00fcrgen Deilmann\"}]},{\"@type\":\"WebSite\",\"@id\":\"https:\\\/\\\/klasmann-deilmann.com\\\/en\\\/#website\",\"url\":\"https:\\\/\\\/klasmann-deilmann.com\\\/en\\\/\",\"name\":\"Klasmann-Deilmann\",\"description\":\"\",\"potentialAction\":[{\"@type\":\"SearchAction\",\"target\":{\"@type\":\"EntryPoint\",\"urlTemplate\":\"https:\\\/\\\/klasmann-deilmann.com\\\/en\\\/?s={search_term_string}\"},\"query-input\":{\"@type\":\"PropertyValueSpecification\",\"valueRequired\":true,\"valueName\":\"search_term_string\"}}],\"inLanguage\":\"de\"},{\"@type\":\"Person\",\"@id\":\"https:\\\/\\\/klasmann-deilmann.com\\\/en\\\/#\\\/schema\\\/person\\\/2502425feab4548f9995e2f1fa23fb3d\",\"name\":\"Dirk R\u00f6se\",\"image\":{\"@type\":\"ImageObject\",\"inLanguage\":\"de\",\"@id\":\"https:\\\/\\\/secure.gravatar.com\\\/avatar\\\/850ab4c80e0a5eca25933f2ee062a09ec1d50f1fa10d0057f65f04b9827f102f?s=96&d=mm&r=g\",\"url\":\"https:\\\/\\\/secure.gravatar.com\\\/avatar\\\/850ab4c80e0a5eca25933f2ee062a09ec1d50f1fa10d0057f65f04b9827f102f?s=96&d=mm&r=g\",\"contentUrl\":\"https:\\\/\\\/secure.gravatar.com\\\/avatar\\\/850ab4c80e0a5eca25933f2ee062a09ec1d50f1fa10d0057f65f04b9827f102f?s=96&d=mm&r=g\",\"caption\":\"Dirk R\u00f6se\"},\"sameAs\":[\"http:\\\/\\\/klasmann-deilmann.com\"],\"url\":\"https:\\\/\\\/klasmann-deilmann.com\\\/de\\\/author\\\/dirk-roese\\\/\"}]}<\/script>\n<!-- \/ Yoast SEO plugin. -->","yoast_head_json":{"title":"Trauer um Dr. Klaus J\u00fcrgen Deilmann - Klasmann-Deilmann","robots":{"index":"index","follow":"follow","max-snippet":"max-snippet:-1","max-image-preview":"max-image-preview:large","max-video-preview":"max-video-preview:-1"},"canonical":"https:\/\/klasmann-deilmann.com\/de\/trauer-um-dr-klaus-juergen-deilmann\/","og_locale":"de_DE","og_type":"article","og_title":"Trauer um Dr. Klaus J\u00fcrgen Deilmann - Klasmann-Deilmann","og_description":"Wir trauern um unseren fr\u00fcheren Gesellschafter Dr. Klaus J\u00fcrgen Deilmann, der am vergangenen Sonntag nach einem erf\u00fcllten Leben im Alter von 93 Jahren in Bad Bentheim friedlich verstarb. Klaus J\u00fcrgen Deilmann und sein Bruder Hans Carl Deilmann f\u00fchrten \u00fcber mehrere Jahrzehnte die Geschicke des Familienunternehmens C. Deilmann in 3. Generation, bis sie die Verantwortung im Jahr 2007 an Carl-Gerrit Deilmann und Carl-Joachim Deilmann \u00fcbergaben. Schwerpunkte seiner erfolgreichen Arbeit lagen in der Montan-Industrie sowie im Erd\u00f6l-Erdgas-Gesch\u00e4ft. In den 1980er Jahren war","og_url":"https:\/\/klasmann-deilmann.com\/de\/trauer-um-dr-klaus-juergen-deilmann\/","og_site_name":"Klasmann-Deilmann","article_published_time":"2020-11-05T07:37:43+00:00","article_modified_time":"2024-09-27T10:00:27+00:00","author":"Dirk R\u00f6se","twitter_card":"summary_large_image","twitter_misc":{"Verfasst von":"Dirk R\u00f6se","Gesch\u00e4tzte Lesezeit":"5\u00a0Minuten"},"schema":{"@context":"https:\/\/schema.org","@graph":[{"@type":"Article","@id":"https:\/\/klasmann-deilmann.com\/de\/trauer-um-dr-klaus-juergen-deilmann\/#article","isPartOf":{"@id":"https:\/\/klasmann-deilmann.com\/de\/trauer-um-dr-klaus-juergen-deilmann\/"},"author":{"name":"Dirk R\u00f6se","@id":"https:\/\/klasmann-deilmann.com\/en\/#\/schema\/person\/2502425feab4548f9995e2f1fa23fb3d"},"headline":"Trauer um Dr. Klaus J\u00fcrgen Deilmann","datePublished":"2020-11-05T07:37:43+00:00","dateModified":"2024-09-27T10:00:27+00:00","mainEntityOfPage":{"@id":"https:\/\/klasmann-deilmann.com\/de\/trauer-um-dr-klaus-juergen-deilmann\/"},"wordCount":914,"commentCount":0,"articleSection":["Unternehmen"],"inLanguage":"de","potentialAction":[{"@type":"CommentAction","name":"Comment","target":["https:\/\/klasmann-deilmann.com\/de\/trauer-um-dr-klaus-juergen-deilmann\/#respond"]}]},{"@type":"WebPage","@id":"https:\/\/klasmann-deilmann.com\/de\/trauer-um-dr-klaus-juergen-deilmann\/","url":"https:\/\/klasmann-deilmann.com\/de\/trauer-um-dr-klaus-juergen-deilmann\/","name":"Trauer um Dr. Klaus J\u00fcrgen Deilmann - Klasmann-Deilmann","isPartOf":{"@id":"https:\/\/klasmann-deilmann.com\/en\/#website"},"datePublished":"2020-11-05T07:37:43+00:00","dateModified":"2024-09-27T10:00:27+00:00","author":{"@id":"https:\/\/klasmann-deilmann.com\/en\/#\/schema\/person\/2502425feab4548f9995e2f1fa23fb3d"},"breadcrumb":{"@id":"https:\/\/klasmann-deilmann.com\/de\/trauer-um-dr-klaus-juergen-deilmann\/#breadcrumb"},"inLanguage":"de","potentialAction":[{"@type":"ReadAction","target":["https:\/\/klasmann-deilmann.com\/de\/trauer-um-dr-klaus-juergen-deilmann\/"]}]},{"@type":"BreadcrumbList","@id":"https:\/\/klasmann-deilmann.com\/de\/trauer-um-dr-klaus-juergen-deilmann\/#breadcrumb","itemListElement":[{"@type":"ListItem","position":1,"name":"Home","item":"https:\/\/klasmann-deilmann.com\/de\/"},{"@type":"ListItem","position":2,"name":"Trauer um Dr. Klaus J\u00fcrgen Deilmann"}]},{"@type":"WebSite","@id":"https:\/\/klasmann-deilmann.com\/en\/#website","url":"https:\/\/klasmann-deilmann.com\/en\/","name":"Klasmann-Deilmann","description":"","potentialAction":[{"@type":"SearchAction","target":{"@type":"EntryPoint","urlTemplate":"https:\/\/klasmann-deilmann.com\/en\/?s={search_term_string}"},"query-input":{"@type":"PropertyValueSpecification","valueRequired":true,"valueName":"search_term_string"}}],"inLanguage":"de"},{"@type":"Person","@id":"https:\/\/klasmann-deilmann.com\/en\/#\/schema\/person\/2502425feab4548f9995e2f1fa23fb3d","name":"Dirk R\u00f6se","image":{"@type":"ImageObject","inLanguage":"de","@id":"https:\/\/secure.gravatar.com\/avatar\/850ab4c80e0a5eca25933f2ee062a09ec1d50f1fa10d0057f65f04b9827f102f?s=96&d=mm&r=g","url":"https:\/\/secure.gravatar.com\/avatar\/850ab4c80e0a5eca25933f2ee062a09ec1d50f1fa10d0057f65f04b9827f102f?s=96&d=mm&r=g","contentUrl":"https:\/\/secure.gravatar.com\/avatar\/850ab4c80e0a5eca25933f2ee062a09ec1d50f1fa10d0057f65f04b9827f102f?s=96&d=mm&r=g","caption":"Dirk R\u00f6se"},"sameAs":["http:\/\/klasmann-deilmann.com"],"url":"https:\/\/klasmann-deilmann.com\/de\/author\/dirk-roese\/"}]}},"_links":{"self":[{"href":"https:\/\/klasmann-deilmann.com\/de\/wp-json\/wp\/v2\/posts\/25246","targetHints":{"allow":["GET"]}}],"collection":[{"href":"https:\/\/klasmann-deilmann.com\/de\/wp-json\/wp\/v2\/posts"}],"about":[{"href":"https:\/\/klasmann-deilmann.com\/de\/wp-json\/wp\/v2\/types\/post"}],"author":[{"embeddable":true,"href":"https:\/\/klasmann-deilmann.com\/de\/wp-json\/wp\/v2\/users\/8"}],"replies":[{"embeddable":true,"href":"https:\/\/klasmann-deilmann.com\/de\/wp-json\/wp\/v2\/comments?post=25246"}],"version-history":[{"count":2,"href":"https:\/\/klasmann-deilmann.com\/de\/wp-json\/wp\/v2\/posts\/25246\/revisions"}],"predecessor-version":[{"id":25264,"href":"https:\/\/klasmann-deilmann.com\/de\/wp-json\/wp\/v2\/posts\/25246\/revisions\/25264"}],"wp:attachment":[{"href":"https:\/\/klasmann-deilmann.com\/de\/wp-json\/wp\/v2\/media?parent=25246"}],"wp:term":[{"taxonomy":"category","embeddable":true,"href":"https:\/\/klasmann-deilmann.com\/de\/wp-json\/wp\/v2\/categories?post=25246"},{"taxonomy":"post_tag","embeddable":true,"href":"https:\/\/klasmann-deilmann.com\/de\/wp-json\/wp\/v2\/tags?post=25246"}],"curies":[{"name":"wp","href":"https:\/\/api.w.org\/{rel}","templated":true}]}}