{"id":24545,"date":"2020-10-05T09:00:23","date_gmt":"2020-10-05T07:00:23","guid":{"rendered":"https:\/\/klasmann-deilmann.com\/?p=24545"},"modified":"2024-09-27T12:02:45","modified_gmt":"2024-09-27T10:02:45","slug":"teilnahme-an-der-ipm-2021-abgesagt","status":"publish","type":"post","link":"https:\/\/klasmann-deilmann.com\/de\/teilnahme-an-der-ipm-2021-abgesagt\/","title":{"rendered":"Teilnahme an der IPM 2021 abgesagt"},"content":{"rendered":"<p><img loading=\"lazy\" decoding=\"async\" width=\"1980\" height=\"1320\" class=\"alignright size-full wp-image-24538\" src=\"\/wp-content\/uploads\/2020-10-05-IPM-2021_Foto.jpg\" alt=\"\" srcset=\"https:\/\/klasmann-deilmann.com\/wp-content\/uploads\/2020-10-05-IPM-2021_Foto.jpg 1980w, https:\/\/klasmann-deilmann.com\/wp-content\/uploads\/2020-10-05-IPM-2021_Foto-300x200.jpg 300w, https:\/\/klasmann-deilmann.com\/wp-content\/uploads\/2020-10-05-IPM-2021_Foto-1024x683.jpg 1024w, https:\/\/klasmann-deilmann.com\/wp-content\/uploads\/2020-10-05-IPM-2021_Foto-768x512.jpg 768w, https:\/\/klasmann-deilmann.com\/wp-content\/uploads\/2020-10-05-IPM-2021_Foto-1536x1024.jpg 1536w, https:\/\/klasmann-deilmann.com\/wp-content\/uploads\/2020-10-05-IPM-2021_Foto-125x83.jpg 125w\" sizes=\"auto, (max-width: 1980px) 100vw, 1980px\" \/><\/p>\n<p>Sehr geehrte Kunden und Gesch\u00e4ftspartner,<\/p>\n<p>die Gartenbaubranche beweist in der Corona-Krise, dass sie ohne Einschr\u00e4nkungen agil und lieferf\u00e4hig bleibt. Wir freuen uns \u00fcber zahlreiche gute Nachrichten aus unserer Branche, die angesichts der weltweiten Entwicklung in Wirtschaft und Gesellschaft nicht selbstverst\u00e4ndlich sind. Unsere Hoffnung ist, dass auch Ihr Unternehmen bislang gut durch diese herausfordernde Zeit gekommen ist und Sie gesund geblieben sind.<\/p>\n<p>Vor diesem Hintergrund begannen wir vor einigen Wochen mit unseren Vorbereitungen auf die Internationale Pflanzenmesse 2021 (IPM) in Essen. Angesichts der anhaltenden Pandemie mehrten sich schnell kritische Fragen, ob wir eine regul\u00e4re Teilnahme mit einer vielk\u00f6pfigen Standbesetzung und zahlreichen G\u00e4sten verantworten k\u00f6nnen.<\/p>\n<p>Nach reiflicher \u00dcberlegung haben wir nun die Beteiligung der Klasmann-Deilmann GmbH an der IPM 2021 abgesagt. Wesentliche Gr\u00fcnde hierf\u00fcr sind:<\/p>\n<ul>\n<li>Wir m\u00f6chten Sie als unsere Kunden und Gesch\u00e4ftspartner sowie unser eigenes Messe-Team nicht dem erh\u00f6hten Risiko einer Infektion mit dem Coronavirus aussetzen.<\/li>\n<li>R\u00fcckmeldungen aus dem In- und Ausland lassen bereits jetzt darauf schlie\u00dfen, dass viele Kunden und Gesch\u00e4ftspartner die Messe nicht besuchen werden.<\/li>\n<li>Wir m\u00f6chten unsere Kunden im Produktionsgartenbau weiterhin ohne Einschr\u00e4nkung mit Substraten beliefern und beraten. Voraussetzung daf\u00fcr ist, dass unser Team gesund bleibt. Vor diesem Hintergrund verzichten wir nicht allein auf die IPM 2021, sondern sagen auch zahlreiche weitere interne und externe Veranstaltungen ab.<\/li>\n<\/ul>\n<p>Da wir die IPM unvermindert sch\u00e4tzen, leisten wir mit der \u00dcberweisung der Standgeb\u00fchr einen solidarischen Beitrag zum Erhalt der Weltleitmesse f\u00fcr den Gartenbau. Unsere Hoffnung ist, dass wir im Januar 2022 gemeinsam an alte Erfolge ankn\u00fcpfen k\u00f6nnen.<\/p>\n<p>Sie, liebe Kunden und Gesch\u00e4ftspartner, laden wir bereits heute herzlich zu einer alternativen Veranstaltung ein. Wir sind dabei, f\u00fcr Sie ein innovatives Online-Format mit spannenden und n\u00fctzlichen Inhalten vorzubereiten. An dieser Veranstaltung k\u00f6nnen Sie Ende Januar vom Bildschirm aus via Internet teilnehmen. Details teilen wir Ihnen fr\u00fchzeitig mit.<\/p>\n<p>Wir bitten um Ihr Verst\u00e4ndnis f\u00fcr diese Entscheidung und hoffen auf ein baldiges Wiedersehen. Bitte bleiben Sie gesund.<\/p>\n<p>&nbsp;<\/p>\n<p>Freundliche Gr\u00fc\u00dfe<\/p>\n<p>Moritz B\u00f6cking&nbsp;&nbsp;&nbsp;&nbsp;&nbsp;&nbsp;&nbsp;&nbsp; &nbsp;&nbsp;&nbsp;&nbsp;&nbsp;&nbsp;&nbsp;&nbsp; &nbsp; &nbsp;&nbsp; Dr. Horst Kupschus<\/p>\n<p>Gesch\u00e4ftsf\u00fchrer&nbsp;&nbsp;&nbsp;&nbsp;&nbsp;&nbsp; &nbsp;&nbsp;&nbsp;&nbsp;&nbsp;&nbsp;&nbsp;&nbsp; &nbsp; &nbsp; &nbsp; Gesch\u00e4ftsf\u00fchrer<\/p>\n<p>Klasmann-Deilmann GmbH&nbsp; &nbsp;&nbsp;&nbsp; Klasmann-Deilmann Europe GmbH<\/p>\n","protected":false},"excerpt":{"rendered":"<p>Sehr geehrte Kunden und Gesch\u00e4ftspartner, die Gartenbaubranche beweist in der Corona-Krise, dass sie ohne Einschr\u00e4nkungen agil und lieferf\u00e4hig bleibt. Wir freuen uns \u00fcber zahlreiche gute Nachrichten aus unserer Branche, die angesichts der weltweiten Entwicklung in Wirtschaft und Gesellschaft nicht selbstverst\u00e4ndlich sind. Unsere Hoffnung ist, dass auch Ihr Unternehmen bislang gut durch diese herausfordernde Zeit gekommen ist und Sie gesund geblieben sind. Vor diesem Hintergrund begannen wir vor einigen Wochen mit unseren Vorbereitungen auf die Internationale Pflanzenmesse 2021 (IPM) in Essen.<\/p>\n","protected":false},"author":8,"featured_media":0,"comment_status":"open","ping_status":"closed","sticky":false,"template":"","format":"standard","meta":{"_acf_changed":false,"inline_featured_image":false,"footnotes":""},"categories":[606],"tags":[],"class_list":["post-24545","post","type-post","status-publish","format-standard","hentry","category-unternehmen-2"],"acf":[],"yoast_head":"<!-- This site is optimized with the Yoast SEO plugin v27.5 - https:\/\/yoast.com\/product\/yoast-seo-wordpress\/ -->\n<title>Teilnahme an der IPM 2021 abgesagt - Klasmann-Deilmann<\/title>\n<meta name=\"robots\" content=\"index, follow, max-snippet:-1, max-image-preview:large, max-video-preview:-1\" \/>\n<link rel=\"canonical\" href=\"https:\/\/klasmann-deilmann.com\/de\/teilnahme-an-der-ipm-2021-abgesagt\/\" \/>\n<meta property=\"og:locale\" content=\"de_DE\" \/>\n<meta property=\"og:type\" content=\"article\" \/>\n<meta property=\"og:title\" content=\"Teilnahme an der IPM 2021 abgesagt - Klasmann-Deilmann\" \/>\n<meta property=\"og:description\" content=\"Sehr geehrte Kunden und Gesch\u00e4ftspartner, die Gartenbaubranche beweist in der Corona-Krise, dass sie ohne Einschr\u00e4nkungen agil und lieferf\u00e4hig bleibt. Wir freuen uns \u00fcber zahlreiche gute Nachrichten aus unserer Branche, die angesichts der weltweiten Entwicklung in Wirtschaft und Gesellschaft nicht selbstverst\u00e4ndlich sind. Unsere Hoffnung ist, dass auch Ihr Unternehmen bislang gut durch diese herausfordernde Zeit gekommen ist und Sie gesund geblieben sind. Vor diesem Hintergrund begannen wir vor einigen Wochen mit unseren Vorbereitungen auf die Internationale Pflanzenmesse 2021 (IPM) in Essen.\" \/>\n<meta property=\"og:url\" content=\"https:\/\/klasmann-deilmann.com\/de\/teilnahme-an-der-ipm-2021-abgesagt\/\" \/>\n<meta property=\"og:site_name\" content=\"Klasmann-Deilmann\" \/>\n<meta property=\"article:published_time\" content=\"2020-10-05T07:00:23+00:00\" \/>\n<meta property=\"article:modified_time\" content=\"2024-09-27T10:02:45+00:00\" \/>\n<meta name=\"author\" content=\"Dirk R\u00f6se\" \/>\n<meta name=\"twitter:card\" content=\"summary_large_image\" \/>\n<meta name=\"twitter:label1\" content=\"Verfasst von\" \/>\n\t<meta name=\"twitter:data1\" content=\"Dirk R\u00f6se\" \/>\n\t<meta name=\"twitter:label2\" content=\"Gesch\u00e4tzte Lesezeit\" \/>\n\t<meta name=\"twitter:data2\" content=\"2\u00a0Minuten\" \/>\n<script type=\"application\/ld+json\" class=\"yoast-schema-graph\">{\"@context\":\"https:\\\/\\\/schema.org\",\"@graph\":[{\"@type\":\"Article\",\"@id\":\"https:\\\/\\\/klasmann-deilmann.com\\\/de\\\/teilnahme-an-der-ipm-2021-abgesagt\\\/#article\",\"isPartOf\":{\"@id\":\"https:\\\/\\\/klasmann-deilmann.com\\\/de\\\/teilnahme-an-der-ipm-2021-abgesagt\\\/\"},\"author\":{\"name\":\"Dirk R\u00f6se\",\"@id\":\"https:\\\/\\\/klasmann-deilmann.com\\\/en\\\/#\\\/schema\\\/person\\\/2502425feab4548f9995e2f1fa23fb3d\"},\"headline\":\"Teilnahme an der IPM 2021 abgesagt\",\"datePublished\":\"2020-10-05T07:00:23+00:00\",\"dateModified\":\"2024-09-27T10:02:45+00:00\",\"mainEntityOfPage\":{\"@id\":\"https:\\\/\\\/klasmann-deilmann.com\\\/de\\\/teilnahme-an-der-ipm-2021-abgesagt\\\/\"},\"wordCount\":405,\"commentCount\":0,\"articleSection\":[\"Unternehmen\"],\"inLanguage\":\"de\",\"potentialAction\":[{\"@type\":\"CommentAction\",\"name\":\"Comment\",\"target\":[\"https:\\\/\\\/klasmann-deilmann.com\\\/de\\\/teilnahme-an-der-ipm-2021-abgesagt\\\/#respond\"]}]},{\"@type\":\"WebPage\",\"@id\":\"https:\\\/\\\/klasmann-deilmann.com\\\/de\\\/teilnahme-an-der-ipm-2021-abgesagt\\\/\",\"url\":\"https:\\\/\\\/klasmann-deilmann.com\\\/de\\\/teilnahme-an-der-ipm-2021-abgesagt\\\/\",\"name\":\"Teilnahme an der IPM 2021 abgesagt - Klasmann-Deilmann\",\"isPartOf\":{\"@id\":\"https:\\\/\\\/klasmann-deilmann.com\\\/en\\\/#website\"},\"datePublished\":\"2020-10-05T07:00:23+00:00\",\"dateModified\":\"2024-09-27T10:02:45+00:00\",\"author\":{\"@id\":\"https:\\\/\\\/klasmann-deilmann.com\\\/en\\\/#\\\/schema\\\/person\\\/2502425feab4548f9995e2f1fa23fb3d\"},\"breadcrumb\":{\"@id\":\"https:\\\/\\\/klasmann-deilmann.com\\\/de\\\/teilnahme-an-der-ipm-2021-abgesagt\\\/#breadcrumb\"},\"inLanguage\":\"de\",\"potentialAction\":[{\"@type\":\"ReadAction\",\"target\":[\"https:\\\/\\\/klasmann-deilmann.com\\\/de\\\/teilnahme-an-der-ipm-2021-abgesagt\\\/\"]}]},{\"@type\":\"BreadcrumbList\",\"@id\":\"https:\\\/\\\/klasmann-deilmann.com\\\/de\\\/teilnahme-an-der-ipm-2021-abgesagt\\\/#breadcrumb\",\"itemListElement\":[{\"@type\":\"ListItem\",\"position\":1,\"name\":\"Home\",\"item\":\"https:\\\/\\\/klasmann-deilmann.com\\\/de\\\/\"},{\"@type\":\"ListItem\",\"position\":2,\"name\":\"Teilnahme an der IPM 2021 abgesagt\"}]},{\"@type\":\"WebSite\",\"@id\":\"https:\\\/\\\/klasmann-deilmann.com\\\/en\\\/#website\",\"url\":\"https:\\\/\\\/klasmann-deilmann.com\\\/en\\\/\",\"name\":\"Klasmann-Deilmann\",\"description\":\"\",\"potentialAction\":[{\"@type\":\"SearchAction\",\"target\":{\"@type\":\"EntryPoint\",\"urlTemplate\":\"https:\\\/\\\/klasmann-deilmann.com\\\/en\\\/?s={search_term_string}\"},\"query-input\":{\"@type\":\"PropertyValueSpecification\",\"valueRequired\":true,\"valueName\":\"search_term_string\"}}],\"inLanguage\":\"de\"},{\"@type\":\"Person\",\"@id\":\"https:\\\/\\\/klasmann-deilmann.com\\\/en\\\/#\\\/schema\\\/person\\\/2502425feab4548f9995e2f1fa23fb3d\",\"name\":\"Dirk R\u00f6se\",\"image\":{\"@type\":\"ImageObject\",\"inLanguage\":\"de\",\"@id\":\"https:\\\/\\\/secure.gravatar.com\\\/avatar\\\/850ab4c80e0a5eca25933f2ee062a09ec1d50f1fa10d0057f65f04b9827f102f?s=96&d=mm&r=g\",\"url\":\"https:\\\/\\\/secure.gravatar.com\\\/avatar\\\/850ab4c80e0a5eca25933f2ee062a09ec1d50f1fa10d0057f65f04b9827f102f?s=96&d=mm&r=g\",\"contentUrl\":\"https:\\\/\\\/secure.gravatar.com\\\/avatar\\\/850ab4c80e0a5eca25933f2ee062a09ec1d50f1fa10d0057f65f04b9827f102f?s=96&d=mm&r=g\",\"caption\":\"Dirk R\u00f6se\"},\"sameAs\":[\"http:\\\/\\\/klasmann-deilmann.com\"],\"url\":\"https:\\\/\\\/klasmann-deilmann.com\\\/de\\\/author\\\/dirk-roese\\\/\"}]}<\/script>\n<!-- \/ Yoast SEO plugin. -->","yoast_head_json":{"title":"Teilnahme an der IPM 2021 abgesagt - Klasmann-Deilmann","robots":{"index":"index","follow":"follow","max-snippet":"max-snippet:-1","max-image-preview":"max-image-preview:large","max-video-preview":"max-video-preview:-1"},"canonical":"https:\/\/klasmann-deilmann.com\/de\/teilnahme-an-der-ipm-2021-abgesagt\/","og_locale":"de_DE","og_type":"article","og_title":"Teilnahme an der IPM 2021 abgesagt - Klasmann-Deilmann","og_description":"Sehr geehrte Kunden und Gesch\u00e4ftspartner, die Gartenbaubranche beweist in der Corona-Krise, dass sie ohne Einschr\u00e4nkungen agil und lieferf\u00e4hig bleibt. Wir freuen uns \u00fcber zahlreiche gute Nachrichten aus unserer Branche, die angesichts der weltweiten Entwicklung in Wirtschaft und Gesellschaft nicht selbstverst\u00e4ndlich sind. Unsere Hoffnung ist, dass auch Ihr Unternehmen bislang gut durch diese herausfordernde Zeit gekommen ist und Sie gesund geblieben sind. Vor diesem Hintergrund begannen wir vor einigen Wochen mit unseren Vorbereitungen auf die Internationale Pflanzenmesse 2021 (IPM) in Essen.","og_url":"https:\/\/klasmann-deilmann.com\/de\/teilnahme-an-der-ipm-2021-abgesagt\/","og_site_name":"Klasmann-Deilmann","article_published_time":"2020-10-05T07:00:23+00:00","article_modified_time":"2024-09-27T10:02:45+00:00","author":"Dirk R\u00f6se","twitter_card":"summary_large_image","twitter_misc":{"Verfasst von":"Dirk R\u00f6se","Gesch\u00e4tzte Lesezeit":"2\u00a0Minuten"},"schema":{"@context":"https:\/\/schema.org","@graph":[{"@type":"Article","@id":"https:\/\/klasmann-deilmann.com\/de\/teilnahme-an-der-ipm-2021-abgesagt\/#article","isPartOf":{"@id":"https:\/\/klasmann-deilmann.com\/de\/teilnahme-an-der-ipm-2021-abgesagt\/"},"author":{"name":"Dirk R\u00f6se","@id":"https:\/\/klasmann-deilmann.com\/en\/#\/schema\/person\/2502425feab4548f9995e2f1fa23fb3d"},"headline":"Teilnahme an der IPM 2021 abgesagt","datePublished":"2020-10-05T07:00:23+00:00","dateModified":"2024-09-27T10:02:45+00:00","mainEntityOfPage":{"@id":"https:\/\/klasmann-deilmann.com\/de\/teilnahme-an-der-ipm-2021-abgesagt\/"},"wordCount":405,"commentCount":0,"articleSection":["Unternehmen"],"inLanguage":"de","potentialAction":[{"@type":"CommentAction","name":"Comment","target":["https:\/\/klasmann-deilmann.com\/de\/teilnahme-an-der-ipm-2021-abgesagt\/#respond"]}]},{"@type":"WebPage","@id":"https:\/\/klasmann-deilmann.com\/de\/teilnahme-an-der-ipm-2021-abgesagt\/","url":"https:\/\/klasmann-deilmann.com\/de\/teilnahme-an-der-ipm-2021-abgesagt\/","name":"Teilnahme an der IPM 2021 abgesagt - Klasmann-Deilmann","isPartOf":{"@id":"https:\/\/klasmann-deilmann.com\/en\/#website"},"datePublished":"2020-10-05T07:00:23+00:00","dateModified":"2024-09-27T10:02:45+00:00","author":{"@id":"https:\/\/klasmann-deilmann.com\/en\/#\/schema\/person\/2502425feab4548f9995e2f1fa23fb3d"},"breadcrumb":{"@id":"https:\/\/klasmann-deilmann.com\/de\/teilnahme-an-der-ipm-2021-abgesagt\/#breadcrumb"},"inLanguage":"de","potentialAction":[{"@type":"ReadAction","target":["https:\/\/klasmann-deilmann.com\/de\/teilnahme-an-der-ipm-2021-abgesagt\/"]}]},{"@type":"BreadcrumbList","@id":"https:\/\/klasmann-deilmann.com\/de\/teilnahme-an-der-ipm-2021-abgesagt\/#breadcrumb","itemListElement":[{"@type":"ListItem","position":1,"name":"Home","item":"https:\/\/klasmann-deilmann.com\/de\/"},{"@type":"ListItem","position":2,"name":"Teilnahme an der IPM 2021 abgesagt"}]},{"@type":"WebSite","@id":"https:\/\/klasmann-deilmann.com\/en\/#website","url":"https:\/\/klasmann-deilmann.com\/en\/","name":"Klasmann-Deilmann","description":"","potentialAction":[{"@type":"SearchAction","target":{"@type":"EntryPoint","urlTemplate":"https:\/\/klasmann-deilmann.com\/en\/?s={search_term_string}"},"query-input":{"@type":"PropertyValueSpecification","valueRequired":true,"valueName":"search_term_string"}}],"inLanguage":"de"},{"@type":"Person","@id":"https:\/\/klasmann-deilmann.com\/en\/#\/schema\/person\/2502425feab4548f9995e2f1fa23fb3d","name":"Dirk R\u00f6se","image":{"@type":"ImageObject","inLanguage":"de","@id":"https:\/\/secure.gravatar.com\/avatar\/850ab4c80e0a5eca25933f2ee062a09ec1d50f1fa10d0057f65f04b9827f102f?s=96&d=mm&r=g","url":"https:\/\/secure.gravatar.com\/avatar\/850ab4c80e0a5eca25933f2ee062a09ec1d50f1fa10d0057f65f04b9827f102f?s=96&d=mm&r=g","contentUrl":"https:\/\/secure.gravatar.com\/avatar\/850ab4c80e0a5eca25933f2ee062a09ec1d50f1fa10d0057f65f04b9827f102f?s=96&d=mm&r=g","caption":"Dirk R\u00f6se"},"sameAs":["http:\/\/klasmann-deilmann.com"],"url":"https:\/\/klasmann-deilmann.com\/de\/author\/dirk-roese\/"}]}},"_links":{"self":[{"href":"https:\/\/klasmann-deilmann.com\/de\/wp-json\/wp\/v2\/posts\/24545","targetHints":{"allow":["GET"]}}],"collection":[{"href":"https:\/\/klasmann-deilmann.com\/de\/wp-json\/wp\/v2\/posts"}],"about":[{"href":"https:\/\/klasmann-deilmann.com\/de\/wp-json\/wp\/v2\/types\/post"}],"author":[{"embeddable":true,"href":"https:\/\/klasmann-deilmann.com\/de\/wp-json\/wp\/v2\/users\/8"}],"replies":[{"embeddable":true,"href":"https:\/\/klasmann-deilmann.com\/de\/wp-json\/wp\/v2\/comments?post=24545"}],"version-history":[{"count":2,"href":"https:\/\/klasmann-deilmann.com\/de\/wp-json\/wp\/v2\/posts\/24545\/revisions"}],"predecessor-version":[{"id":24547,"href":"https:\/\/klasmann-deilmann.com\/de\/wp-json\/wp\/v2\/posts\/24545\/revisions\/24547"}],"wp:attachment":[{"href":"https:\/\/klasmann-deilmann.com\/de\/wp-json\/wp\/v2\/media?parent=24545"}],"wp:term":[{"taxonomy":"category","embeddable":true,"href":"https:\/\/klasmann-deilmann.com\/de\/wp-json\/wp\/v2\/categories?post=24545"},{"taxonomy":"post_tag","embeddable":true,"href":"https:\/\/klasmann-deilmann.com\/de\/wp-json\/wp\/v2\/tags?post=24545"}],"curies":[{"name":"wp","href":"https:\/\/api.w.org\/{rel}","templated":true}]}}