{"id":21602,"date":"2020-09-16T09:06:42","date_gmt":"2020-09-16T07:06:42","guid":{"rendered":"https:\/\/klasmann-deilmann.com\/?p=21602"},"modified":"2024-09-27T12:06:25","modified_gmt":"2024-09-27T10:06:25","slug":"der-erste-monat-als-azubi-bei-klasmann-deilmann","status":"publish","type":"post","link":"https:\/\/klasmann-deilmann.com\/de\/der-erste-monat-als-azubi-bei-klasmann-deilmann\/","title":{"rendered":"Der erste Monat als Azubi bei Klasmann-Deilmann"},"content":{"rendered":"<p><img loading=\"lazy\" decoding=\"async\" width=\"1980\" height=\"1006\" class=\"alignright size-full wp-image-21611\" src=\"\/wp-content\/uploads\/2020-09-15-Der-erste-Monat-als-Azubi_Gruppenfoto.jpg\" alt=\"\" srcset=\"https:\/\/klasmann-deilmann.com\/wp-content\/uploads\/2020-09-15-Der-erste-Monat-als-Azubi_Gruppenfoto.jpg 1980w, https:\/\/klasmann-deilmann.com\/wp-content\/uploads\/2020-09-15-Der-erste-Monat-als-Azubi_Gruppenfoto-300x152.jpg 300w, https:\/\/klasmann-deilmann.com\/wp-content\/uploads\/2020-09-15-Der-erste-Monat-als-Azubi_Gruppenfoto-1024x520.jpg 1024w, https:\/\/klasmann-deilmann.com\/wp-content\/uploads\/2020-09-15-Der-erste-Monat-als-Azubi_Gruppenfoto-768x390.jpg 768w, https:\/\/klasmann-deilmann.com\/wp-content\/uploads\/2020-09-15-Der-erste-Monat-als-Azubi_Gruppenfoto-1536x780.jpg 1536w, https:\/\/klasmann-deilmann.com\/wp-content\/uploads\/2020-09-15-Der-erste-Monat-als-Azubi_Gruppenfoto-125x64.jpg 125w\" sizes=\"auto, (max-width: 1980px) 100vw, 1980px\" \/><\/p>\n<p><strong>Einen Monat sind unsere neuen Auszubildenden nun bei uns. Wir haben uns mit Sophie, Ben, Lea, Fabian und Steffen unterhalten. Ihre Eindr\u00fccke m\u00f6chten wir gerne mit Euch teilen. <\/strong><\/p>\n<p><img loading=\"lazy\" decoding=\"async\" width=\"1980\" height=\"1006\" class=\"alignright size-full wp-image-21611\" src=\"\/wp-content\/uploads\/2020-09-15-Der-erste-Monat-als-Azubi_Gruppenfoto.jpg\" alt=\"\" srcset=\"https:\/\/klasmann-deilmann.com\/wp-content\/uploads\/2020-09-15-Der-erste-Monat-als-Azubi_Gruppenfoto.jpg 1980w, https:\/\/klasmann-deilmann.com\/wp-content\/uploads\/2020-09-15-Der-erste-Monat-als-Azubi_Gruppenfoto-300x152.jpg 300w, https:\/\/klasmann-deilmann.com\/wp-content\/uploads\/2020-09-15-Der-erste-Monat-als-Azubi_Gruppenfoto-1024x520.jpg 1024w, https:\/\/klasmann-deilmann.com\/wp-content\/uploads\/2020-09-15-Der-erste-Monat-als-Azubi_Gruppenfoto-768x390.jpg 768w, https:\/\/klasmann-deilmann.com\/wp-content\/uploads\/2020-09-15-Der-erste-Monat-als-Azubi_Gruppenfoto-1536x780.jpg 1536w, https:\/\/klasmann-deilmann.com\/wp-content\/uploads\/2020-09-15-Der-erste-Monat-als-Azubi_Gruppenfoto-125x64.jpg 125w\" sizes=\"auto, (max-width: 1980px) 100vw, 1980px\" \/><\/p>\n<h3>&nbsp;<\/h3>\n<h3>Unsere Allrounder \u2013 egal ob Vertrieb, Personalwesen, Marketing oder Buchhaltung<\/h3>\n<p>Sophie und Ben machen zwei Jahre lang die Ausbildung zur Industriekauffrau und zum Industriekaufmann.<\/p>\n<div id=\"attachment_21643\" style=\"width: 310px\" class=\"wp-caption alignleft\"><img loading=\"lazy\" decoding=\"async\" aria-describedby=\"caption-attachment-21643\" class=\"wp-image-21643 size-medium\" src=\"https:\/\/klasmann-deilmann.com\/wp-content\/uploads\/2020-09-15-Der-erste-Monat-als-Azubi_Foto-Sophie-300x187.jpg\" alt=\"\" width=\"300\" height=\"187\" srcset=\"https:\/\/klasmann-deilmann.com\/wp-content\/uploads\/2020-09-15-Der-erste-Monat-als-Azubi_Foto-Sophie-300x187.jpg 300w, https:\/\/klasmann-deilmann.com\/wp-content\/uploads\/2020-09-15-Der-erste-Monat-als-Azubi_Foto-Sophie-1024x639.jpg 1024w, https:\/\/klasmann-deilmann.com\/wp-content\/uploads\/2020-09-15-Der-erste-Monat-als-Azubi_Foto-Sophie-768x479.jpg 768w, https:\/\/klasmann-deilmann.com\/wp-content\/uploads\/2020-09-15-Der-erste-Monat-als-Azubi_Foto-Sophie-1536x958.jpg 1536w, https:\/\/klasmann-deilmann.com\/wp-content\/uploads\/2020-09-15-Der-erste-Monat-als-Azubi_Foto-Sophie-125x78.jpg 125w, https:\/\/klasmann-deilmann.com\/wp-content\/uploads\/2020-09-15-Der-erste-Monat-als-Azubi_Foto-Sophie.jpg 1980w\" sizes=\"auto, (max-width: 300px) 100vw, 300px\" \/><\/p>\n<p id=\"caption-attachment-21643\" class=\"wp-caption-text\">Sophie hat bei Klasmann-Deilmann ihre Ausbildung zur Industriekauffrau angefangen.<\/p>\n<\/div>\n<p>Sophie ist unsere Auszubildende zur Industriekauffrau. Sophie ist begeistert von der Willkommenskultur bei Klasmann-Deilmann: \u201eWir wurden von allen Kolleginnen und Kollegen herzlich begr\u00fc\u00dft. Als Neulinge bekamen wir direkt F\u00fchrungen durch die verschiedenen Geb\u00e4ude und haben viele Mitarbeitende pers\u00f6nlich kennengelernt. Das war wirklich toll!\u201c<\/p>\n<p>\u201eWir haben aber nicht nur die Verwaltungsgeb\u00e4ude gesehen\u201c, betont Ben. \u201eWir durften auch schon einige Produktionsstandorte von Klasmann-Deilmann in Geeste und Sch\u00f6ninghsdorf besichtigen.<\/p>\n<div id=\"attachment_21619\" style=\"width: 310px\" class=\"wp-caption alignleft\"><img loading=\"lazy\" decoding=\"async\" aria-describedby=\"caption-attachment-21619\" class=\"wp-image-21619 size-medium\" src=\"https:\/\/klasmann-deilmann.com\/wp-content\/uploads\/2020-09-15-Der-erste-Monat-als-Azubi_Foto-Ben-300x187.jpg\" alt=\"\" width=\"300\" height=\"187\" srcset=\"https:\/\/klasmann-deilmann.com\/wp-content\/uploads\/2020-09-15-Der-erste-Monat-als-Azubi_Foto-Ben-300x187.jpg 300w, https:\/\/klasmann-deilmann.com\/wp-content\/uploads\/2020-09-15-Der-erste-Monat-als-Azubi_Foto-Ben-1024x639.jpg 1024w, https:\/\/klasmann-deilmann.com\/wp-content\/uploads\/2020-09-15-Der-erste-Monat-als-Azubi_Foto-Ben-768x479.jpg 768w, https:\/\/klasmann-deilmann.com\/wp-content\/uploads\/2020-09-15-Der-erste-Monat-als-Azubi_Foto-Ben-1536x958.jpg 1536w, https:\/\/klasmann-deilmann.com\/wp-content\/uploads\/2020-09-15-Der-erste-Monat-als-Azubi_Foto-Ben-125x78.jpg 125w, https:\/\/klasmann-deilmann.com\/wp-content\/uploads\/2020-09-15-Der-erste-Monat-als-Azubi_Foto-Ben.jpg 1980w\" sizes=\"auto, (max-width: 300px) 100vw, 300px\" \/><\/p>\n<p id=\"caption-attachment-21619\" class=\"wp-caption-text\">Ben hat im August die Ausbildung zum Industriekaufmann angefangen.<\/p>\n<\/div>\n<p>Dort haben uns die Kollegen aus der Produktion die Schritte gezeigt, wie bei Klasmann-Deilmann Substrate hergestellt werden. Die Rohstoffe und ihr Weg bis zum fertigen Produkt hautnah zu sehen, zu riechen und zu f\u00fchlen war gerade f\u00fcr mich als zuk\u00fcnftiger B\u00fcromensch richtig spannend. In den n\u00e4chsten zwei Jahren werden wir als Industriekaufleute viele verschiedene Abteilungen kennen lernen und so viele nette Menschen und interessante T\u00e4tigkeiten kennenlernen.\u201c&nbsp;<\/p>\n<p>&nbsp;<\/p>\n<h3>Das Research Center ist ihr Bereich<\/h3>\n<div id=\"attachment_21635\" style=\"width: 310px\" class=\"wp-caption alignright\"><img loading=\"lazy\" decoding=\"async\" aria-describedby=\"caption-attachment-21635\" class=\"wp-image-21635 size-medium\" src=\"https:\/\/klasmann-deilmann.com\/wp-content\/uploads\/2020-09-15-Der-erste-Monat-als-Azubi_Foto-Lea-300x187.jpg\" alt=\"\" width=\"300\" height=\"187\" srcset=\"https:\/\/klasmann-deilmann.com\/wp-content\/uploads\/2020-09-15-Der-erste-Monat-als-Azubi_Foto-Lea-300x187.jpg 300w, https:\/\/klasmann-deilmann.com\/wp-content\/uploads\/2020-09-15-Der-erste-Monat-als-Azubi_Foto-Lea-1024x639.jpg 1024w, https:\/\/klasmann-deilmann.com\/wp-content\/uploads\/2020-09-15-Der-erste-Monat-als-Azubi_Foto-Lea-768x479.jpg 768w, https:\/\/klasmann-deilmann.com\/wp-content\/uploads\/2020-09-15-Der-erste-Monat-als-Azubi_Foto-Lea-1536x958.jpg 1536w, https:\/\/klasmann-deilmann.com\/wp-content\/uploads\/2020-09-15-Der-erste-Monat-als-Azubi_Foto-Lea-125x78.jpg 125w, https:\/\/klasmann-deilmann.com\/wp-content\/uploads\/2020-09-15-Der-erste-Monat-als-Azubi_Foto-Lea.jpg 1980w\" sizes=\"auto, (max-width: 300px) 100vw, 300px\" \/><\/p>\n<p id=\"caption-attachment-21635\" class=\"wp-caption-text\">Lea hat eine Vorliebe f\u00fcr Pflanzen. Sie macht die Ausbildung zur Pflanzentechnologin bei Klasmann-Deilmann.<\/p>\n<\/div>\n<p>Lea kommt geb\u00fcrtig aus Hessen und ist f\u00fcr ihre Ausbildung zur Pflanzentechnologin in das Emsland gezogen. \u201eDie Ausbildung zur Pflanzentechnologin ist sehr speziell und Ausbildungspl\u00e4tze sind deutschlandweit nicht so leicht zu finden. Sie verbindet aber genau meine Interessen. Ich lerne viel \u00fcber die Pflanze und ihre Kultivierung, wie ein Erwerbsg\u00e4rtner. Das Besondere bei Klasmann-Deilmann ist, dass wir das Wachstum aus wissenschaftlicher Sicht betrachten und in unserem Gew\u00e4chshaus, dem Research Center, pr\u00fcfen, unter welchen Einfl\u00fcssen sie am besten w\u00e4chst \u2013 nat\u00fcrlich immer mit einem besonderen Fokus auf das Substrat. Klasmann-Deilmann hat mir bei der Suche nach einer Wohnung im Emsland Unterst\u00fctzung angeboten, das fand ich sehr zuvorkommend.\u201c<\/p>\n<p>&nbsp;<\/p>\n<h3 style=\"text-align: right;\">Unsere zuk\u00fcnftigen IT-Experten<\/h3>\n<div id=\"attachment_21627\" style=\"width: 310px\" class=\"wp-caption alignleft\"><img loading=\"lazy\" decoding=\"async\" aria-describedby=\"caption-attachment-21627\" class=\"wp-image-21627 size-medium\" src=\"https:\/\/klasmann-deilmann.com\/wp-content\/uploads\/2020-09-15-Der-erste-Monat-als-Azubi_Foto-Fabian-300x187.jpg\" alt=\"\" width=\"300\" height=\"187\" srcset=\"https:\/\/klasmann-deilmann.com\/wp-content\/uploads\/2020-09-15-Der-erste-Monat-als-Azubi_Foto-Fabian-300x187.jpg 300w, https:\/\/klasmann-deilmann.com\/wp-content\/uploads\/2020-09-15-Der-erste-Monat-als-Azubi_Foto-Fabian-1024x639.jpg 1024w, https:\/\/klasmann-deilmann.com\/wp-content\/uploads\/2020-09-15-Der-erste-Monat-als-Azubi_Foto-Fabian-768x479.jpg 768w, https:\/\/klasmann-deilmann.com\/wp-content\/uploads\/2020-09-15-Der-erste-Monat-als-Azubi_Foto-Fabian-1536x958.jpg 1536w, https:\/\/klasmann-deilmann.com\/wp-content\/uploads\/2020-09-15-Der-erste-Monat-als-Azubi_Foto-Fabian-125x78.jpg 125w, https:\/\/klasmann-deilmann.com\/wp-content\/uploads\/2020-09-15-Der-erste-Monat-als-Azubi_Foto-Fabian.jpg 1914w\" sizes=\"auto, (max-width: 300px) 100vw, 300px\" \/><\/p>\n<p id=\"caption-attachment-21627\" class=\"wp-caption-text\">Fabian ist fasziniert von Technik. Er hat im August die Ausbildung zum Fachinformatiker f\u00fcr Systemintegration angefangen.<\/p>\n<\/div>\n<p>Fabian und Steffen haben ihre Ausbildung zum Fachinformatiker f\u00fcr Systemintegration bei Klasmann-Deilmann begonnen. \u201eIn der IT agieren wir t\u00e4glich als Probleml\u00f6ser. Kolleginnen und Kollegen aus der gesamten Gruppe kommen mit kleinen und gro\u00dfen Herausforderungen auf uns zu\u201c, so Steffen. \u201eUnsere Aufgabe ist es, so schnell wie m\u00f6glich eine L\u00f6sung herbeizuf\u00fchren\u201c, erkl\u00e4rt Fabian. \u201eSo kommen wir mit den verschiedensten Personen im Unternehmen in Kontakt \u2013 selbst bei der Gesch\u00e4ftsf\u00fchrung waren wir schon und haben geholfen. Da war ich schon ein bisschen aufgeregt \u2026\u201c<\/p>\n<div id=\"attachment_21603\" style=\"width: 310px\" class=\"wp-caption alignright\"><img loading=\"lazy\" decoding=\"async\" aria-describedby=\"caption-attachment-21603\" class=\"wp-image-21603 size-medium\" src=\"https:\/\/klasmann-deilmann.com\/wp-content\/uploads\/2020-09-15-Der-erste-Monat-als-Azubi_Foto-Steffen-300x187.jpg\" alt=\"\" width=\"300\" height=\"187\" srcset=\"https:\/\/klasmann-deilmann.com\/wp-content\/uploads\/2020-09-15-Der-erste-Monat-als-Azubi_Foto-Steffen-300x187.jpg 300w, https:\/\/klasmann-deilmann.com\/wp-content\/uploads\/2020-09-15-Der-erste-Monat-als-Azubi_Foto-Steffen-1024x639.jpg 1024w, https:\/\/klasmann-deilmann.com\/wp-content\/uploads\/2020-09-15-Der-erste-Monat-als-Azubi_Foto-Steffen-768x479.jpg 768w, https:\/\/klasmann-deilmann.com\/wp-content\/uploads\/2020-09-15-Der-erste-Monat-als-Azubi_Foto-Steffen-1536x958.jpg 1536w, https:\/\/klasmann-deilmann.com\/wp-content\/uploads\/2020-09-15-Der-erste-Monat-als-Azubi_Foto-Steffen-125x78.jpg 125w, https:\/\/klasmann-deilmann.com\/wp-content\/uploads\/2020-09-15-Der-erste-Monat-als-Azubi_Foto-Steffen.jpg 1980w\" sizes=\"auto, (max-width: 300px) 100vw, 300px\" \/><\/p>\n<p id=\"caption-attachment-21603\" class=\"wp-caption-text\">Steffen hat sich an die Arbeit mit zahlreichen Bildschirmen inzwischen gew\u00f6hnt. Er macht die Ausbildung zum Fachinformatiker f\u00fcr Systemintegration.<\/p>\n<\/div>\n<p>\u201eDas bemerkenswerte an der IT-Abteilung ist, dass das ganze Team echt jung ist. Alle Kollegen haben ihre Ausbildung bei Klasmann-Deilmann gemacht oder waren w\u00e4hrend ihres Studiums bei Klasmann-Deilmann t\u00e4tig. Sie k\u00f6nnen uns f\u00fcr diese Zeit hilfreiche Tipps und Tricks geben. Auch mit den anderen Auszubildenden im zweiten und dritten Lehrjahr haben wir sehr viel Kontakt. Sie haben nicht nur die Einf\u00fchrungstage f\u00fcr uns gestaltet, wir sehen uns auch regelm\u00e4\u00dfig beim gemeinsamen Mittagessen im Betriebsrestaurant \u201aCantina\u2018\u201c, f\u00fchrt Steffen bei unserem Treffen an.<\/p>\n","protected":false},"excerpt":{"rendered":"<p>Einen Monat sind unsere neuen Auszubildenden nun bei uns. Wir haben uns mit Sophie, Ben, Lea, Fabian und Steffen unterhalten. Ihre Eindr\u00fccke m\u00f6chten wir gerne mit Euch teilen. &nbsp; Unsere Allrounder \u2013 egal ob Vertrieb, Personalwesen, Marketing oder Buchhaltung Sophie und Ben machen zwei Jahre lang die Ausbildung zur Industriekauffrau und zum Industriekaufmann. Sophie ist unsere Auszubildende zur Industriekauffrau. Sophie ist begeistert von der Willkommenskultur bei Klasmann-Deilmann: \u201eWir wurden von allen Kolleginnen und Kollegen herzlich begr\u00fc\u00dft. Als Neulinge bekamen wir<\/p>\n","protected":false},"author":10,"featured_media":0,"comment_status":"open","ping_status":"closed","sticky":false,"template":"","format":"standard","meta":{"_acf_changed":false,"inline_featured_image":false,"footnotes":""},"categories":[137],"tags":[],"class_list":["post-21602","post","type-post","status-publish","format-standard","hentry","category-karriere"],"acf":[],"yoast_head":"<!-- This site is optimized with the Yoast SEO plugin v27.5 - https:\/\/yoast.com\/product\/yoast-seo-wordpress\/ -->\n<title>Der erste Monat als Azubi bei Klasmann-Deilmann - Klasmann-Deilmann<\/title>\n<meta name=\"robots\" content=\"index, follow, max-snippet:-1, max-image-preview:large, max-video-preview:-1\" \/>\n<link rel=\"canonical\" href=\"https:\/\/klasmann-deilmann.com\/de\/der-erste-monat-als-azubi-bei-klasmann-deilmann\/\" \/>\n<meta property=\"og:locale\" content=\"de_DE\" \/>\n<meta property=\"og:type\" content=\"article\" \/>\n<meta property=\"og:title\" content=\"Der erste Monat als Azubi bei Klasmann-Deilmann - Klasmann-Deilmann\" \/>\n<meta property=\"og:description\" content=\"Einen Monat sind unsere neuen Auszubildenden nun bei uns. Wir haben uns mit Sophie, Ben, Lea, Fabian und Steffen unterhalten. Ihre Eindr\u00fccke m\u00f6chten wir gerne mit Euch teilen. &nbsp; Unsere Allrounder \u2013 egal ob Vertrieb, Personalwesen, Marketing oder Buchhaltung Sophie und Ben machen zwei Jahre lang die Ausbildung zur Industriekauffrau und zum Industriekaufmann. Sophie ist unsere Auszubildende zur Industriekauffrau. Sophie ist begeistert von der Willkommenskultur bei Klasmann-Deilmann: \u201eWir wurden von allen Kolleginnen und Kollegen herzlich begr\u00fc\u00dft. Als Neulinge bekamen wir\" \/>\n<meta property=\"og:url\" content=\"https:\/\/klasmann-deilmann.com\/de\/der-erste-monat-als-azubi-bei-klasmann-deilmann\/\" \/>\n<meta property=\"og:site_name\" content=\"Klasmann-Deilmann\" \/>\n<meta property=\"article:published_time\" content=\"2020-09-16T07:06:42+00:00\" \/>\n<meta property=\"article:modified_time\" content=\"2024-09-27T10:06:25+00:00\" \/>\n<meta property=\"og:image\" content=\"https:\/\/klasmann-deilmann.com\/wp-content\/uploads\/2020-09-15-Der-erste-Monat-als-Azubi_Foto-Sophie-300x187.jpg\" \/>\n<meta name=\"author\" content=\"Nadine John\" \/>\n<meta name=\"twitter:card\" content=\"summary_large_image\" \/>\n<meta name=\"twitter:label1\" content=\"Verfasst von\" \/>\n\t<meta name=\"twitter:data1\" content=\"Nadine John\" \/>\n\t<meta name=\"twitter:label2\" content=\"Gesch\u00e4tzte Lesezeit\" \/>\n\t<meta name=\"twitter:data2\" content=\"3\u00a0Minuten\" \/>\n<script type=\"application\/ld+json\" class=\"yoast-schema-graph\">{\"@context\":\"https:\\\/\\\/schema.org\",\"@graph\":[{\"@type\":\"Article\",\"@id\":\"https:\\\/\\\/klasmann-deilmann.com\\\/de\\\/der-erste-monat-als-azubi-bei-klasmann-deilmann\\\/#article\",\"isPartOf\":{\"@id\":\"https:\\\/\\\/klasmann-deilmann.com\\\/de\\\/der-erste-monat-als-azubi-bei-klasmann-deilmann\\\/\"},\"author\":{\"name\":\"Nadine John\",\"@id\":\"https:\\\/\\\/klasmann-deilmann.com\\\/en\\\/#\\\/schema\\\/person\\\/5119188f33a70e935267208fa4292bea\"},\"headline\":\"Der erste Monat als Azubi bei Klasmann-Deilmann\",\"datePublished\":\"2020-09-16T07:06:42+00:00\",\"dateModified\":\"2024-09-27T10:06:25+00:00\",\"mainEntityOfPage\":{\"@id\":\"https:\\\/\\\/klasmann-deilmann.com\\\/de\\\/der-erste-monat-als-azubi-bei-klasmann-deilmann\\\/\"},\"wordCount\":618,\"commentCount\":0,\"image\":{\"@id\":\"https:\\\/\\\/klasmann-deilmann.com\\\/de\\\/der-erste-monat-als-azubi-bei-klasmann-deilmann\\\/#primaryimage\"},\"thumbnailUrl\":\"https:\\\/\\\/klasmann-deilmann.com\\\/wp-content\\\/uploads\\\/2020-09-15-Der-erste-Monat-als-Azubi_Foto-Sophie-300x187.jpg\",\"articleSection\":[\"Karriere\"],\"inLanguage\":\"de\",\"potentialAction\":[{\"@type\":\"CommentAction\",\"name\":\"Comment\",\"target\":[\"https:\\\/\\\/klasmann-deilmann.com\\\/de\\\/der-erste-monat-als-azubi-bei-klasmann-deilmann\\\/#respond\"]}]},{\"@type\":\"WebPage\",\"@id\":\"https:\\\/\\\/klasmann-deilmann.com\\\/de\\\/der-erste-monat-als-azubi-bei-klasmann-deilmann\\\/\",\"url\":\"https:\\\/\\\/klasmann-deilmann.com\\\/de\\\/der-erste-monat-als-azubi-bei-klasmann-deilmann\\\/\",\"name\":\"Der erste Monat als Azubi bei Klasmann-Deilmann - Klasmann-Deilmann\",\"isPartOf\":{\"@id\":\"https:\\\/\\\/klasmann-deilmann.com\\\/en\\\/#website\"},\"primaryImageOfPage\":{\"@id\":\"https:\\\/\\\/klasmann-deilmann.com\\\/de\\\/der-erste-monat-als-azubi-bei-klasmann-deilmann\\\/#primaryimage\"},\"image\":{\"@id\":\"https:\\\/\\\/klasmann-deilmann.com\\\/de\\\/der-erste-monat-als-azubi-bei-klasmann-deilmann\\\/#primaryimage\"},\"thumbnailUrl\":\"https:\\\/\\\/klasmann-deilmann.com\\\/wp-content\\\/uploads\\\/2020-09-15-Der-erste-Monat-als-Azubi_Foto-Sophie-300x187.jpg\",\"datePublished\":\"2020-09-16T07:06:42+00:00\",\"dateModified\":\"2024-09-27T10:06:25+00:00\",\"author\":{\"@id\":\"https:\\\/\\\/klasmann-deilmann.com\\\/en\\\/#\\\/schema\\\/person\\\/5119188f33a70e935267208fa4292bea\"},\"breadcrumb\":{\"@id\":\"https:\\\/\\\/klasmann-deilmann.com\\\/de\\\/der-erste-monat-als-azubi-bei-klasmann-deilmann\\\/#breadcrumb\"},\"inLanguage\":\"de\",\"potentialAction\":[{\"@type\":\"ReadAction\",\"target\":[\"https:\\\/\\\/klasmann-deilmann.com\\\/de\\\/der-erste-monat-als-azubi-bei-klasmann-deilmann\\\/\"]}]},{\"@type\":\"ImageObject\",\"inLanguage\":\"de\",\"@id\":\"https:\\\/\\\/klasmann-deilmann.com\\\/de\\\/der-erste-monat-als-azubi-bei-klasmann-deilmann\\\/#primaryimage\",\"url\":\"https:\\\/\\\/klasmann-deilmann.com\\\/wp-content\\\/uploads\\\/2020-09-15-Der-erste-Monat-als-Azubi_Foto-Sophie-300x187.jpg\",\"contentUrl\":\"https:\\\/\\\/klasmann-deilmann.com\\\/wp-content\\\/uploads\\\/2020-09-15-Der-erste-Monat-als-Azubi_Foto-Sophie-300x187.jpg\"},{\"@type\":\"BreadcrumbList\",\"@id\":\"https:\\\/\\\/klasmann-deilmann.com\\\/de\\\/der-erste-monat-als-azubi-bei-klasmann-deilmann\\\/#breadcrumb\",\"itemListElement\":[{\"@type\":\"ListItem\",\"position\":1,\"name\":\"Home\",\"item\":\"https:\\\/\\\/klasmann-deilmann.com\\\/de\\\/\"},{\"@type\":\"ListItem\",\"position\":2,\"name\":\"Der erste Monat als Azubi bei Klasmann-Deilmann\"}]},{\"@type\":\"WebSite\",\"@id\":\"https:\\\/\\\/klasmann-deilmann.com\\\/en\\\/#website\",\"url\":\"https:\\\/\\\/klasmann-deilmann.com\\\/en\\\/\",\"name\":\"Klasmann-Deilmann\",\"description\":\"\",\"potentialAction\":[{\"@type\":\"SearchAction\",\"target\":{\"@type\":\"EntryPoint\",\"urlTemplate\":\"https:\\\/\\\/klasmann-deilmann.com\\\/en\\\/?s={search_term_string}\"},\"query-input\":{\"@type\":\"PropertyValueSpecification\",\"valueRequired\":true,\"valueName\":\"search_term_string\"}}],\"inLanguage\":\"de\"},{\"@type\":\"Person\",\"@id\":\"https:\\\/\\\/klasmann-deilmann.com\\\/en\\\/#\\\/schema\\\/person\\\/5119188f33a70e935267208fa4292bea\",\"name\":\"Nadine John\",\"image\":{\"@type\":\"ImageObject\",\"inLanguage\":\"de\",\"@id\":\"https:\\\/\\\/secure.gravatar.com\\\/avatar\\\/a46d4f997cb710466a70b0e187866c07972878ec5c8ff2306fd5a2dffab0b958?s=96&d=mm&r=g\",\"url\":\"https:\\\/\\\/secure.gravatar.com\\\/avatar\\\/a46d4f997cb710466a70b0e187866c07972878ec5c8ff2306fd5a2dffab0b958?s=96&d=mm&r=g\",\"contentUrl\":\"https:\\\/\\\/secure.gravatar.com\\\/avatar\\\/a46d4f997cb710466a70b0e187866c07972878ec5c8ff2306fd5a2dffab0b958?s=96&d=mm&r=g\",\"caption\":\"Nadine John\"},\"sameAs\":[\"http:\\\/\\\/klasmann-deilmann.com\"],\"url\":\"https:\\\/\\\/klasmann-deilmann.com\\\/de\\\/author\\\/nadine-john\\\/\"}]}<\/script>\n<!-- \/ Yoast SEO plugin. -->","yoast_head_json":{"title":"Der erste Monat als Azubi bei Klasmann-Deilmann - Klasmann-Deilmann","robots":{"index":"index","follow":"follow","max-snippet":"max-snippet:-1","max-image-preview":"max-image-preview:large","max-video-preview":"max-video-preview:-1"},"canonical":"https:\/\/klasmann-deilmann.com\/de\/der-erste-monat-als-azubi-bei-klasmann-deilmann\/","og_locale":"de_DE","og_type":"article","og_title":"Der erste Monat als Azubi bei Klasmann-Deilmann - Klasmann-Deilmann","og_description":"Einen Monat sind unsere neuen Auszubildenden nun bei uns. Wir haben uns mit Sophie, Ben, Lea, Fabian und Steffen unterhalten. Ihre Eindr\u00fccke m\u00f6chten wir gerne mit Euch teilen. &nbsp; Unsere Allrounder \u2013 egal ob Vertrieb, Personalwesen, Marketing oder Buchhaltung Sophie und Ben machen zwei Jahre lang die Ausbildung zur Industriekauffrau und zum Industriekaufmann. Sophie ist unsere Auszubildende zur Industriekauffrau. Sophie ist begeistert von der Willkommenskultur bei Klasmann-Deilmann: \u201eWir wurden von allen Kolleginnen und Kollegen herzlich begr\u00fc\u00dft. Als Neulinge bekamen wir","og_url":"https:\/\/klasmann-deilmann.com\/de\/der-erste-monat-als-azubi-bei-klasmann-deilmann\/","og_site_name":"Klasmann-Deilmann","article_published_time":"2020-09-16T07:06:42+00:00","article_modified_time":"2024-09-27T10:06:25+00:00","og_image":[{"url":"https:\/\/klasmann-deilmann.com\/wp-content\/uploads\/2020-09-15-Der-erste-Monat-als-Azubi_Foto-Sophie-300x187.jpg","type":"","width":"","height":""}],"author":"Nadine John","twitter_card":"summary_large_image","twitter_misc":{"Verfasst von":"Nadine John","Gesch\u00e4tzte Lesezeit":"3\u00a0Minuten"},"schema":{"@context":"https:\/\/schema.org","@graph":[{"@type":"Article","@id":"https:\/\/klasmann-deilmann.com\/de\/der-erste-monat-als-azubi-bei-klasmann-deilmann\/#article","isPartOf":{"@id":"https:\/\/klasmann-deilmann.com\/de\/der-erste-monat-als-azubi-bei-klasmann-deilmann\/"},"author":{"name":"Nadine John","@id":"https:\/\/klasmann-deilmann.com\/en\/#\/schema\/person\/5119188f33a70e935267208fa4292bea"},"headline":"Der erste Monat als Azubi bei Klasmann-Deilmann","datePublished":"2020-09-16T07:06:42+00:00","dateModified":"2024-09-27T10:06:25+00:00","mainEntityOfPage":{"@id":"https:\/\/klasmann-deilmann.com\/de\/der-erste-monat-als-azubi-bei-klasmann-deilmann\/"},"wordCount":618,"commentCount":0,"image":{"@id":"https:\/\/klasmann-deilmann.com\/de\/der-erste-monat-als-azubi-bei-klasmann-deilmann\/#primaryimage"},"thumbnailUrl":"https:\/\/klasmann-deilmann.com\/wp-content\/uploads\/2020-09-15-Der-erste-Monat-als-Azubi_Foto-Sophie-300x187.jpg","articleSection":["Karriere"],"inLanguage":"de","potentialAction":[{"@type":"CommentAction","name":"Comment","target":["https:\/\/klasmann-deilmann.com\/de\/der-erste-monat-als-azubi-bei-klasmann-deilmann\/#respond"]}]},{"@type":"WebPage","@id":"https:\/\/klasmann-deilmann.com\/de\/der-erste-monat-als-azubi-bei-klasmann-deilmann\/","url":"https:\/\/klasmann-deilmann.com\/de\/der-erste-monat-als-azubi-bei-klasmann-deilmann\/","name":"Der erste Monat als Azubi bei Klasmann-Deilmann - Klasmann-Deilmann","isPartOf":{"@id":"https:\/\/klasmann-deilmann.com\/en\/#website"},"primaryImageOfPage":{"@id":"https:\/\/klasmann-deilmann.com\/de\/der-erste-monat-als-azubi-bei-klasmann-deilmann\/#primaryimage"},"image":{"@id":"https:\/\/klasmann-deilmann.com\/de\/der-erste-monat-als-azubi-bei-klasmann-deilmann\/#primaryimage"},"thumbnailUrl":"https:\/\/klasmann-deilmann.com\/wp-content\/uploads\/2020-09-15-Der-erste-Monat-als-Azubi_Foto-Sophie-300x187.jpg","datePublished":"2020-09-16T07:06:42+00:00","dateModified":"2024-09-27T10:06:25+00:00","author":{"@id":"https:\/\/klasmann-deilmann.com\/en\/#\/schema\/person\/5119188f33a70e935267208fa4292bea"},"breadcrumb":{"@id":"https:\/\/klasmann-deilmann.com\/de\/der-erste-monat-als-azubi-bei-klasmann-deilmann\/#breadcrumb"},"inLanguage":"de","potentialAction":[{"@type":"ReadAction","target":["https:\/\/klasmann-deilmann.com\/de\/der-erste-monat-als-azubi-bei-klasmann-deilmann\/"]}]},{"@type":"ImageObject","inLanguage":"de","@id":"https:\/\/klasmann-deilmann.com\/de\/der-erste-monat-als-azubi-bei-klasmann-deilmann\/#primaryimage","url":"https:\/\/klasmann-deilmann.com\/wp-content\/uploads\/2020-09-15-Der-erste-Monat-als-Azubi_Foto-Sophie-300x187.jpg","contentUrl":"https:\/\/klasmann-deilmann.com\/wp-content\/uploads\/2020-09-15-Der-erste-Monat-als-Azubi_Foto-Sophie-300x187.jpg"},{"@type":"BreadcrumbList","@id":"https:\/\/klasmann-deilmann.com\/de\/der-erste-monat-als-azubi-bei-klasmann-deilmann\/#breadcrumb","itemListElement":[{"@type":"ListItem","position":1,"name":"Home","item":"https:\/\/klasmann-deilmann.com\/de\/"},{"@type":"ListItem","position":2,"name":"Der erste Monat als Azubi bei Klasmann-Deilmann"}]},{"@type":"WebSite","@id":"https:\/\/klasmann-deilmann.com\/en\/#website","url":"https:\/\/klasmann-deilmann.com\/en\/","name":"Klasmann-Deilmann","description":"","potentialAction":[{"@type":"SearchAction","target":{"@type":"EntryPoint","urlTemplate":"https:\/\/klasmann-deilmann.com\/en\/?s={search_term_string}"},"query-input":{"@type":"PropertyValueSpecification","valueRequired":true,"valueName":"search_term_string"}}],"inLanguage":"de"},{"@type":"Person","@id":"https:\/\/klasmann-deilmann.com\/en\/#\/schema\/person\/5119188f33a70e935267208fa4292bea","name":"Nadine John","image":{"@type":"ImageObject","inLanguage":"de","@id":"https:\/\/secure.gravatar.com\/avatar\/a46d4f997cb710466a70b0e187866c07972878ec5c8ff2306fd5a2dffab0b958?s=96&d=mm&r=g","url":"https:\/\/secure.gravatar.com\/avatar\/a46d4f997cb710466a70b0e187866c07972878ec5c8ff2306fd5a2dffab0b958?s=96&d=mm&r=g","contentUrl":"https:\/\/secure.gravatar.com\/avatar\/a46d4f997cb710466a70b0e187866c07972878ec5c8ff2306fd5a2dffab0b958?s=96&d=mm&r=g","caption":"Nadine John"},"sameAs":["http:\/\/klasmann-deilmann.com"],"url":"https:\/\/klasmann-deilmann.com\/de\/author\/nadine-john\/"}]}},"_links":{"self":[{"href":"https:\/\/klasmann-deilmann.com\/de\/wp-json\/wp\/v2\/posts\/21602","targetHints":{"allow":["GET"]}}],"collection":[{"href":"https:\/\/klasmann-deilmann.com\/de\/wp-json\/wp\/v2\/posts"}],"about":[{"href":"https:\/\/klasmann-deilmann.com\/de\/wp-json\/wp\/v2\/types\/post"}],"author":[{"embeddable":true,"href":"https:\/\/klasmann-deilmann.com\/de\/wp-json\/wp\/v2\/users\/10"}],"replies":[{"embeddable":true,"href":"https:\/\/klasmann-deilmann.com\/de\/wp-json\/wp\/v2\/comments?post=21602"}],"version-history":[{"count":9,"href":"https:\/\/klasmann-deilmann.com\/de\/wp-json\/wp\/v2\/posts\/21602\/revisions"}],"predecessor-version":[{"id":21659,"href":"https:\/\/klasmann-deilmann.com\/de\/wp-json\/wp\/v2\/posts\/21602\/revisions\/21659"}],"wp:attachment":[{"href":"https:\/\/klasmann-deilmann.com\/de\/wp-json\/wp\/v2\/media?parent=21602"}],"wp:term":[{"taxonomy":"category","embeddable":true,"href":"https:\/\/klasmann-deilmann.com\/de\/wp-json\/wp\/v2\/categories?post=21602"},{"taxonomy":"post_tag","embeddable":true,"href":"https:\/\/klasmann-deilmann.com\/de\/wp-json\/wp\/v2\/tags?post=21602"}],"curies":[{"name":"wp","href":"https:\/\/api.w.org\/{rel}","templated":true}]}}