{"id":21462,"date":"2020-09-02T12:36:50","date_gmt":"2020-09-02T10:36:50","guid":{"rendered":"https:\/\/klasmann-deilmann.com\/?p=21462"},"modified":"2024-09-27T12:06:50","modified_gmt":"2024-09-27T10:06:50","slug":"bundesministerin-julia-kloeckner-eingeladen","status":"publish","type":"post","link":"https:\/\/klasmann-deilmann.com\/de\/bundesministerin-julia-kloeckner-eingeladen\/","title":{"rendered":"Bundesministerin Julia Kl\u00f6ckner eingeladen"},"content":{"rendered":"<h2>Runder Tisch soll bei Klasmann-Deilmann stattfinden<\/h2>\n<p><strong>Klasmann-Deilmann hat Julia Kl\u00f6ckner, Bundesministerin f\u00fcr Ern\u00e4hrung und Landwirtschaft (BMEL), in unsere Unternehmenszentrale nach Gro\u00df Hesepe eingeladen. Hintergrund ist die aktuelle Debatte um eine Reduzierung von Torfanteilen in Kultursubstraten und Blumenerden. Gesch\u00e4ftsf\u00fchrer Moritz B\u00f6cking nahm dazu im Interview Stellung.<\/strong><\/p>\n<p><img loading=\"lazy\" decoding=\"async\" width=\"2500\" height=\"1070\" class=\"alignright size-full wp-image-21481\" src=\"\/wp-content\/uploads\/2020-09-04-Julia-Kl\u00f6ckner-eingeladen-Foto-Herr-Boecking_quer.jpg\" alt=\"\" srcset=\"https:\/\/klasmann-deilmann.com\/wp-content\/uploads\/2020-09-04-Julia-Kl\u00f6ckner-eingeladen-Foto-Herr-Boecking_quer.jpg 2500w, https:\/\/klasmann-deilmann.com\/wp-content\/uploads\/2020-09-04-Julia-Kl\u00f6ckner-eingeladen-Foto-Herr-Boecking_quer-300x128.jpg 300w, https:\/\/klasmann-deilmann.com\/wp-content\/uploads\/2020-09-04-Julia-Kl\u00f6ckner-eingeladen-Foto-Herr-Boecking_quer-1024x438.jpg 1024w, https:\/\/klasmann-deilmann.com\/wp-content\/uploads\/2020-09-04-Julia-Kl\u00f6ckner-eingeladen-Foto-Herr-Boecking_quer-768x329.jpg 768w, https:\/\/klasmann-deilmann.com\/wp-content\/uploads\/2020-09-04-Julia-Kl\u00f6ckner-eingeladen-Foto-Herr-Boecking_quer-1536x657.jpg 1536w, https:\/\/klasmann-deilmann.com\/wp-content\/uploads\/2020-09-04-Julia-Kl\u00f6ckner-eingeladen-Foto-Herr-Boecking_quer-2048x877.jpg 2048w, https:\/\/klasmann-deilmann.com\/wp-content\/uploads\/2020-09-04-Julia-Kl\u00f6ckner-eingeladen-Foto-Herr-Boecking_quer-125x54.jpg 125w\" sizes=\"auto, (max-width: 2500px) 100vw, 2500px\" \/><\/p>\n<p><strong>Herr B\u00f6cking, lassen Sie uns die Ereignisse noch einmal chronologisch schildern. Wie kam es zu der Einladung der Bundesministerin Julia Kl\u00f6ckner?<\/strong><\/p>\n<p><strong>Moritz B\u00f6cking:<\/strong> Europa will bis 2050 klimaneutral sein. Vor diesem Hintergrund m\u00f6chte die Bundesregierung bereits bis zum Jahr 2030 die Emissionen in Deutschland deutlich senken. Bundesministerin Julia Kl\u00f6ckner fordert in diesem Kontext, dass in Kultursubstraten und Blumenerden weniger Torf eingesetzt wird. Das ist ein Anliegen, das wir grunds\u00e4tzlich unterst\u00fctzen, auch weil in Deutschland die Torfvorr\u00e4te in absehbarerer Zeit ersch\u00f6pft sein werden.<\/p>\n<p>&nbsp;<\/p>\n<p><strong>Zum Beispiel durch unser 15-%-Ziel bis 2020 und das 30-%-Ziel bis 2025?<\/strong><\/p>\n<p><strong>Moritz B\u00f6cking:<\/strong> Ja, wir mischen unseren Kultursubstraten immer mehr alternative Ausgangsstoffe zu. Damit sind wir auf dem absolut richtigen Weg. Auch unser Wettbewerb wei\u00df, dass diese Zielrichtung unumkehrbar ist. Im letzten Winter trafen sich die deutschen Substrathersteller und einigten sich auf eine Selbstverpflichtung. Das war ein gro\u00dfer Schritt f\u00fcr alle Beteiligten und ein weitreichendes Angebot an die Politik.<\/p>\n<p>&nbsp;<\/p>\n<p><strong>Worin besteht die Selbstverpflichtung?<\/strong><\/p>\n<p><strong>Moritz B\u00f6cking:<\/strong> In Blumenerden f\u00fcr Endverbraucher sollen die Torfanteile um 50 % bis 2025 bzw. um 70 % bis 2030 zur\u00fcckgehen. Gleichzeitig reduzieren wir die Torfanteile in Kultursubstraten f\u00fcr den Produktionsgartenbau um 20 % bis 2025 bzw. um 30 % bis 2030.<\/p>\n<p>&nbsp;<\/p>\n<p><strong>Aus Sicht von Klasmann-Deilmann klingt das machbar.<\/strong><\/p>\n<p><strong>Moritz B\u00f6cking:<\/strong> Ja, machbar ist es. Aber es ist eine riesige Herausforderung f\u00fcr unser Unternehmen, da wir keine Qualit\u00e4tseinbu\u00dfen f\u00fcr unsere Kunden akzeptieren und die notwendigen nachwachsenden Rohstoffe schwierig zu beschaffen sein werden. Unsere Szenarien mit 15 % und 30 % beziehen sich auf unseren eigenen weltweiten Vertrieb und sind dementsprechend noch etwas ambitionierter. Die Selbstverpflichtung der deutschen Substrathersteller bezieht sich allein auf Deutschland. Es mussten Ziele formuliert werden, die f\u00fcr die ganze Branche machbar sind \u2013 auch wenn Klasmann-Deilmann hierzulande schon etwas weiter ist. Wir halten die Selbstverpflichtung f\u00fcr fair und realistisch.<\/p>\n<div id=\"attachment_21463\" style=\"width: 690px\" class=\"wp-caption aligncenter\"><img loading=\"lazy\" decoding=\"async\" aria-describedby=\"caption-attachment-21463\" class=\"wp-image-21463 size-large\" src=\"https:\/\/klasmann-deilmann.com\/wp-content\/uploads\/2020-09-04-Julia-Kl\u00f6ckner-eingeladen-Foto-Herr-Boecking-1024x681.jpg\" alt=\"\" width=\"680\" height=\"452\" srcset=\"https:\/\/klasmann-deilmann.com\/wp-content\/uploads\/2020-09-04-Julia-Kl\u00f6ckner-eingeladen-Foto-Herr-Boecking-1024x681.jpg 1024w, https:\/\/klasmann-deilmann.com\/wp-content\/uploads\/2020-09-04-Julia-Kl\u00f6ckner-eingeladen-Foto-Herr-Boecking-300x200.jpg 300w, https:\/\/klasmann-deilmann.com\/wp-content\/uploads\/2020-09-04-Julia-Kl\u00f6ckner-eingeladen-Foto-Herr-Boecking-768x511.jpg 768w, https:\/\/klasmann-deilmann.com\/wp-content\/uploads\/2020-09-04-Julia-Kl\u00f6ckner-eingeladen-Foto-Herr-Boecking-1536x1022.jpg 1536w, https:\/\/klasmann-deilmann.com\/wp-content\/uploads\/2020-09-04-Julia-Kl\u00f6ckner-eingeladen-Foto-Herr-Boecking-2048x1362.jpg 2048w, https:\/\/klasmann-deilmann.com\/wp-content\/uploads\/2020-09-04-Julia-Kl\u00f6ckner-eingeladen-Foto-Herr-Boecking-125x83.jpg 125w\" sizes=\"auto, (max-width: 680px) 100vw, 680px\" \/><\/p>\n<p id=\"caption-attachment-21463\" class=\"wp-caption-text\">Gesch\u00e4ftsf\u00fchrer Moritz B\u00f6cking im Interview<\/p>\n<\/div>\n<p><strong>Bis hierher klingt das Ganze nach einer w\u00fcnschenswerten Entwicklung.<\/strong><\/p>\n<p><strong>Moritz B\u00f6cking:<\/strong> Leider kam aus dem Ministerium postwendend eine Stellungnahme, dass die Ziele der deutschen Substratbranche nicht ehrgeizig genug seien. Julia Kl\u00f6ckner fordert weitergehende Ma\u00dfnahmen, sprich: noch weniger Torf in Kultursubstraten und vor allem in Blumenerden. Wesentliches Argument ist dabei die f\u00e4lschliche Annahme, dass Torf 2 % der bundesdeutschen Emissionen verursacht. Kurz darauf hat sie wichtige Handelspartner unserer Branche schriftlich aufgefordert, sie bei der Durchsetzung ihrer Ziele gegen uns zu unterst\u00fctzen.<\/p>\n<p>&nbsp;<\/p>\n<p><strong>Und dann kam die Sommerpause.<\/strong><\/p>\n<p><strong>Moritz B\u00f6cking:<\/strong> In den vergangenen Wochen ist hinter den Kulissen viel geschehen. Die im Industrieverband Gartenbau (IVG) organisierten Substrathersteller sind allerdings noch in der Abstimmung mit assoziierten Verb\u00e4nden, wie man nun weiter vorgehen soll. Deshalb hat Klasmann-Deilmann die Initiative \u00fcbernommen und Julia Kl\u00f6ckner pers\u00f6nlich zu uns ins Innovation Center eingeladen. Unser Vorgehen wird vom Verband sehr begr\u00fc\u00dft.<\/p>\n<p>&nbsp;<\/p>\n<p><strong>Was genau ist die Idee hinter der Einladung?<\/strong><\/p>\n<p><strong>Moritz B\u00f6cking:<\/strong> Wir m\u00f6chten einen \u201eRunden Tisch\u201c ausrichten, an dem die Debatte um die Torfminderungsstrategie fortgef\u00fchrt wird. Wir haben Vertreter der Landespolitik informiert, darunter der nieders\u00e4chsische Wirtschaftsminister Bernd Althusmann sowie Politiker aus der Region und auf EU-Ebene. Eingeladen sind auch der IVG, der Zentralverband Gartenbau (ZVG) und die Deutsche Gesellschaft f\u00fcr Moor- und Torfkunde (DGMT) sowie nat\u00fcrlich Vertreter der anderen Substrathersteller. Im Optimalfall h\u00e4tten wir eine sehr hochkar\u00e4tige Diskussionsrunde zu Gast.<\/p>\n<p>&nbsp;<\/p>\n<p><strong>Mit welchen Argumenten wird Klasmann-Deilmann antreten?<\/strong><\/p>\n<p><strong>Moritz B\u00f6cking:<\/strong> Wir entwickeln gerade ein Positionspapier zu diesem Themenkreis. Dazu haben wir den Anteil der Torfgewinnung und -nutzung an den deutschen Emissionen berechnet. Eine wesentliche Grundlage war der Klimabericht aus Julia Kl\u00f6ckners Ministerium, der sogenannte \u201eNationale Inventarbericht 2020\u201c. Wenn man dessen Zahlen zugrunde legt, ist Torf f\u00fcr maximal 0,3 % der hiesigen Emissionen verantwortlich \u2013 und nicht f\u00fcr 2 %. Da hat sich im BMEL jemand gewaltig verrechnet. Ein anderes Argument ist die Tatsache, dass Torf nach wie vor der beste Rohstoff f\u00fcr qualitativ hochwertige Kultursubstrate ist. Au\u00dferdem bef\u00fcrchten wir zunehmende Engp\u00e4sse bei Holzfasern, Gr\u00fcnkompost, Rinden usw., wenn den Blumenerden und Kultursubstraten in zu kurzen Zeitr\u00e4umen zu hohe Anteile zugemischt werden sollen. Gerade in der Corona Krise hat die Gartenbaubranche bewiesen, wie robust sie ist und wie wichtig Substrate f\u00fcr die sichere Gem\u00fcse- und Zierpflanzenversorgung in Europa sind. Torf ist ein lokaler Rohstoff, der Europa unabh\u00e4ngig macht, auch wenn die internationalen Transportwege gest\u00f6rt sind.<\/p>\n<p>&nbsp;<\/p>\n<p><strong>Welche Forderungen w\u00fcrden wir erheben?<\/strong><\/p>\n<p><strong>Moritz B\u00f6cking:<\/strong> Wir unterst\u00fctzen den klimaschutzpolitischen Kurs der Bundesregierung. Gleichzeitig m\u00fcssen wir darauf achten, dass die Qualit\u00e4t unserer Produkte erhalten bleibt. F\u00fcr beide Zielrichtungen bildet die Selbstverpflichtung einen realistischen Rahmen. Den wollen wir verteidigen. Unsere dar\u00fcber hinaus gehenden Forderungen beziehen sich unter anderem darauf, dass wir einen sicheren Zugriff auf alternative Ausgangsstoffe bekommen, dass Forschungsvorhaben gef\u00f6rdert werden, dass wir im Bereich der Ern\u00e4hrungswirtschaft und im Zierpflanzenbau sehr behutsam mit Torfersatz umgehen \u2013 und dass die Nutzung von Torf weiterhin m\u00f6glich bleibt.<\/p>\n<p>&nbsp;<\/p>\n<p><strong>Aber ist nicht gerade die Torfnutzung der kritische Punkt?<\/strong><\/p>\n<p><strong>Moritz B\u00f6cking:<\/strong> Klasmann-Deilmann unterst\u00fctzt die europ\u00e4ische Nachhaltigkeitsinitiative <a href=\"https:\/\/www.responsiblyproducedpeat.org\/de\/\" target=\"_blank\" rel=\"noopener noreferrer\">\u201eResponsibly Produced Peat\u201c (RPP)<\/a>, deren Ziel eine verantwortungsvolle Nutzung von Torfgewinnungsfl\u00e4chen und der Schutz nat\u00fcrlicher Moore ist. Dazu hat RPP ein Zertifizierungssystem etabliert, das nachweislich die Auswahl, Nutzung und Wiederherrichtung von Gewinnungsfl\u00e4chen mit strengen Auflagen verbindet. Wenn sich alle Seiten auf RPP-zertifizierten Torf einigen, nutzen wir einen Rohstoff, der in die nachhaltige Entwicklung unseres Landes, der Substratbranche und unserer Produkte passt.<\/p>\n<p>&nbsp;<\/p>\n<p><strong>Gibt es schon eine R\u00fcckmeldung aus Berlin?<\/strong><\/p>\n<p><strong>Moritz B\u00f6cking:<\/strong> Die Einladung ist erst seit ein paar Tagen raus. Jetzt muss das Anliegen in Berlin erst einmal gr\u00fcndlich gepr\u00fcft und eine Meinung dazu entwickelt werden. Wir gehen davon aus, dass es mit der Antwort noch ein wenig dauern wird, wir sind gespannt!<\/p>\n<p>&nbsp;<\/p>\n<p><strong>Vielen Dank, Herr B\u00f6cking.<\/strong><\/p>\n<p><strong>Moritz B\u00f6cking:<\/strong> Gerne. Wir halten Sie auf dem Laufenden.<\/p>\n<p>&nbsp;<\/p>\n","protected":false},"excerpt":{"rendered":"<p>Runder Tisch soll bei Klasmann-Deilmann stattfinden Klasmann-Deilmann hat Julia Kl\u00f6ckner, Bundesministerin f\u00fcr Ern\u00e4hrung und Landwirtschaft (BMEL), in unsere Unternehmenszentrale nach Gro\u00df Hesepe eingeladen. Hintergrund ist die aktuelle Debatte um eine Reduzierung von Torfanteilen in Kultursubstraten und Blumenerden. Gesch\u00e4ftsf\u00fchrer Moritz B\u00f6cking nahm dazu im Interview Stellung. Herr B\u00f6cking, lassen Sie uns die Ereignisse noch einmal chronologisch schildern. Wie kam es zu der Einladung der Bundesministerin Julia Kl\u00f6ckner? Moritz B\u00f6cking: Europa will bis 2050 klimaneutral sein. Vor diesem Hintergrund m\u00f6chte die Bundesregierung<\/p>\n","protected":false},"author":8,"featured_media":0,"comment_status":"open","ping_status":"closed","sticky":false,"template":"","format":"standard","meta":{"_acf_changed":false,"inline_featured_image":false,"footnotes":""},"categories":[606],"tags":[],"class_list":["post-21462","post","type-post","status-publish","format-standard","hentry","category-unternehmen-2"],"acf":[],"yoast_head":"<!-- This site is optimized with the Yoast SEO plugin v27.5 - https:\/\/yoast.com\/product\/yoast-seo-wordpress\/ -->\n<title>Bundesministerin Julia Kl\u00f6ckner eingeladen - Klasmann-Deilmann<\/title>\n<meta name=\"robots\" content=\"index, follow, max-snippet:-1, max-image-preview:large, max-video-preview:-1\" \/>\n<link rel=\"canonical\" href=\"https:\/\/klasmann-deilmann.com\/de\/bundesministerin-julia-kloeckner-eingeladen\/\" \/>\n<meta property=\"og:locale\" content=\"de_DE\" \/>\n<meta property=\"og:type\" content=\"article\" \/>\n<meta property=\"og:title\" content=\"Bundesministerin Julia Kl\u00f6ckner eingeladen - Klasmann-Deilmann\" \/>\n<meta property=\"og:description\" content=\"Runder Tisch soll bei Klasmann-Deilmann stattfinden Klasmann-Deilmann hat Julia Kl\u00f6ckner, Bundesministerin f\u00fcr Ern\u00e4hrung und Landwirtschaft (BMEL), in unsere Unternehmenszentrale nach Gro\u00df Hesepe eingeladen. Hintergrund ist die aktuelle Debatte um eine Reduzierung von Torfanteilen in Kultursubstraten und Blumenerden. Gesch\u00e4ftsf\u00fchrer Moritz B\u00f6cking nahm dazu im Interview Stellung. Herr B\u00f6cking, lassen Sie uns die Ereignisse noch einmal chronologisch schildern. Wie kam es zu der Einladung der Bundesministerin Julia Kl\u00f6ckner? Moritz B\u00f6cking: Europa will bis 2050 klimaneutral sein. Vor diesem Hintergrund m\u00f6chte die Bundesregierung\" \/>\n<meta property=\"og:url\" content=\"https:\/\/klasmann-deilmann.com\/de\/bundesministerin-julia-kloeckner-eingeladen\/\" \/>\n<meta property=\"og:site_name\" content=\"Klasmann-Deilmann\" \/>\n<meta property=\"article:published_time\" content=\"2020-09-02T10:36:50+00:00\" \/>\n<meta property=\"article:modified_time\" content=\"2024-09-27T10:06:50+00:00\" \/>\n<meta name=\"author\" content=\"Dirk R\u00f6se\" \/>\n<meta name=\"twitter:card\" content=\"summary_large_image\" \/>\n<meta name=\"twitter:label1\" content=\"Verfasst von\" \/>\n\t<meta name=\"twitter:data1\" content=\"Dirk R\u00f6se\" \/>\n\t<meta name=\"twitter:label2\" content=\"Gesch\u00e4tzte Lesezeit\" \/>\n\t<meta name=\"twitter:data2\" content=\"5\u00a0Minuten\" \/>\n<script type=\"application\/ld+json\" class=\"yoast-schema-graph\">{\"@context\":\"https:\\\/\\\/schema.org\",\"@graph\":[{\"@type\":\"Article\",\"@id\":\"https:\\\/\\\/klasmann-deilmann.com\\\/de\\\/bundesministerin-julia-kloeckner-eingeladen\\\/#article\",\"isPartOf\":{\"@id\":\"https:\\\/\\\/klasmann-deilmann.com\\\/de\\\/bundesministerin-julia-kloeckner-eingeladen\\\/\"},\"author\":{\"name\":\"Dirk R\u00f6se\",\"@id\":\"https:\\\/\\\/klasmann-deilmann.com\\\/en\\\/#\\\/schema\\\/person\\\/2502425feab4548f9995e2f1fa23fb3d\"},\"headline\":\"Bundesministerin Julia Kl\u00f6ckner eingeladen\",\"datePublished\":\"2020-09-02T10:36:50+00:00\",\"dateModified\":\"2024-09-27T10:06:50+00:00\",\"mainEntityOfPage\":{\"@id\":\"https:\\\/\\\/klasmann-deilmann.com\\\/de\\\/bundesministerin-julia-kloeckner-eingeladen\\\/\"},\"wordCount\":1039,\"commentCount\":0,\"articleSection\":[\"Unternehmen\"],\"inLanguage\":\"de\",\"potentialAction\":[{\"@type\":\"CommentAction\",\"name\":\"Comment\",\"target\":[\"https:\\\/\\\/klasmann-deilmann.com\\\/de\\\/bundesministerin-julia-kloeckner-eingeladen\\\/#respond\"]}]},{\"@type\":\"WebPage\",\"@id\":\"https:\\\/\\\/klasmann-deilmann.com\\\/de\\\/bundesministerin-julia-kloeckner-eingeladen\\\/\",\"url\":\"https:\\\/\\\/klasmann-deilmann.com\\\/de\\\/bundesministerin-julia-kloeckner-eingeladen\\\/\",\"name\":\"Bundesministerin Julia Kl\u00f6ckner eingeladen - Klasmann-Deilmann\",\"isPartOf\":{\"@id\":\"https:\\\/\\\/klasmann-deilmann.com\\\/en\\\/#website\"},\"datePublished\":\"2020-09-02T10:36:50+00:00\",\"dateModified\":\"2024-09-27T10:06:50+00:00\",\"author\":{\"@id\":\"https:\\\/\\\/klasmann-deilmann.com\\\/en\\\/#\\\/schema\\\/person\\\/2502425feab4548f9995e2f1fa23fb3d\"},\"breadcrumb\":{\"@id\":\"https:\\\/\\\/klasmann-deilmann.com\\\/de\\\/bundesministerin-julia-kloeckner-eingeladen\\\/#breadcrumb\"},\"inLanguage\":\"de\",\"potentialAction\":[{\"@type\":\"ReadAction\",\"target\":[\"https:\\\/\\\/klasmann-deilmann.com\\\/de\\\/bundesministerin-julia-kloeckner-eingeladen\\\/\"]}]},{\"@type\":\"BreadcrumbList\",\"@id\":\"https:\\\/\\\/klasmann-deilmann.com\\\/de\\\/bundesministerin-julia-kloeckner-eingeladen\\\/#breadcrumb\",\"itemListElement\":[{\"@type\":\"ListItem\",\"position\":1,\"name\":\"Home\",\"item\":\"https:\\\/\\\/klasmann-deilmann.com\\\/de\\\/\"},{\"@type\":\"ListItem\",\"position\":2,\"name\":\"Bundesministerin Julia Kl\u00f6ckner eingeladen\"}]},{\"@type\":\"WebSite\",\"@id\":\"https:\\\/\\\/klasmann-deilmann.com\\\/en\\\/#website\",\"url\":\"https:\\\/\\\/klasmann-deilmann.com\\\/en\\\/\",\"name\":\"Klasmann-Deilmann\",\"description\":\"\",\"potentialAction\":[{\"@type\":\"SearchAction\",\"target\":{\"@type\":\"EntryPoint\",\"urlTemplate\":\"https:\\\/\\\/klasmann-deilmann.com\\\/en\\\/?s={search_term_string}\"},\"query-input\":{\"@type\":\"PropertyValueSpecification\",\"valueRequired\":true,\"valueName\":\"search_term_string\"}}],\"inLanguage\":\"de\"},{\"@type\":\"Person\",\"@id\":\"https:\\\/\\\/klasmann-deilmann.com\\\/en\\\/#\\\/schema\\\/person\\\/2502425feab4548f9995e2f1fa23fb3d\",\"name\":\"Dirk R\u00f6se\",\"image\":{\"@type\":\"ImageObject\",\"inLanguage\":\"de\",\"@id\":\"https:\\\/\\\/secure.gravatar.com\\\/avatar\\\/850ab4c80e0a5eca25933f2ee062a09ec1d50f1fa10d0057f65f04b9827f102f?s=96&d=mm&r=g\",\"url\":\"https:\\\/\\\/secure.gravatar.com\\\/avatar\\\/850ab4c80e0a5eca25933f2ee062a09ec1d50f1fa10d0057f65f04b9827f102f?s=96&d=mm&r=g\",\"contentUrl\":\"https:\\\/\\\/secure.gravatar.com\\\/avatar\\\/850ab4c80e0a5eca25933f2ee062a09ec1d50f1fa10d0057f65f04b9827f102f?s=96&d=mm&r=g\",\"caption\":\"Dirk R\u00f6se\"},\"sameAs\":[\"http:\\\/\\\/klasmann-deilmann.com\"],\"url\":\"https:\\\/\\\/klasmann-deilmann.com\\\/de\\\/author\\\/dirk-roese\\\/\"}]}<\/script>\n<!-- \/ Yoast SEO plugin. -->","yoast_head_json":{"title":"Bundesministerin Julia Kl\u00f6ckner eingeladen - Klasmann-Deilmann","robots":{"index":"index","follow":"follow","max-snippet":"max-snippet:-1","max-image-preview":"max-image-preview:large","max-video-preview":"max-video-preview:-1"},"canonical":"https:\/\/klasmann-deilmann.com\/de\/bundesministerin-julia-kloeckner-eingeladen\/","og_locale":"de_DE","og_type":"article","og_title":"Bundesministerin Julia Kl\u00f6ckner eingeladen - Klasmann-Deilmann","og_description":"Runder Tisch soll bei Klasmann-Deilmann stattfinden Klasmann-Deilmann hat Julia Kl\u00f6ckner, Bundesministerin f\u00fcr Ern\u00e4hrung und Landwirtschaft (BMEL), in unsere Unternehmenszentrale nach Gro\u00df Hesepe eingeladen. Hintergrund ist die aktuelle Debatte um eine Reduzierung von Torfanteilen in Kultursubstraten und Blumenerden. Gesch\u00e4ftsf\u00fchrer Moritz B\u00f6cking nahm dazu im Interview Stellung. Herr B\u00f6cking, lassen Sie uns die Ereignisse noch einmal chronologisch schildern. Wie kam es zu der Einladung der Bundesministerin Julia Kl\u00f6ckner? Moritz B\u00f6cking: Europa will bis 2050 klimaneutral sein. Vor diesem Hintergrund m\u00f6chte die Bundesregierung","og_url":"https:\/\/klasmann-deilmann.com\/de\/bundesministerin-julia-kloeckner-eingeladen\/","og_site_name":"Klasmann-Deilmann","article_published_time":"2020-09-02T10:36:50+00:00","article_modified_time":"2024-09-27T10:06:50+00:00","author":"Dirk R\u00f6se","twitter_card":"summary_large_image","twitter_misc":{"Verfasst von":"Dirk R\u00f6se","Gesch\u00e4tzte Lesezeit":"5\u00a0Minuten"},"schema":{"@context":"https:\/\/schema.org","@graph":[{"@type":"Article","@id":"https:\/\/klasmann-deilmann.com\/de\/bundesministerin-julia-kloeckner-eingeladen\/#article","isPartOf":{"@id":"https:\/\/klasmann-deilmann.com\/de\/bundesministerin-julia-kloeckner-eingeladen\/"},"author":{"name":"Dirk R\u00f6se","@id":"https:\/\/klasmann-deilmann.com\/en\/#\/schema\/person\/2502425feab4548f9995e2f1fa23fb3d"},"headline":"Bundesministerin Julia Kl\u00f6ckner eingeladen","datePublished":"2020-09-02T10:36:50+00:00","dateModified":"2024-09-27T10:06:50+00:00","mainEntityOfPage":{"@id":"https:\/\/klasmann-deilmann.com\/de\/bundesministerin-julia-kloeckner-eingeladen\/"},"wordCount":1039,"commentCount":0,"articleSection":["Unternehmen"],"inLanguage":"de","potentialAction":[{"@type":"CommentAction","name":"Comment","target":["https:\/\/klasmann-deilmann.com\/de\/bundesministerin-julia-kloeckner-eingeladen\/#respond"]}]},{"@type":"WebPage","@id":"https:\/\/klasmann-deilmann.com\/de\/bundesministerin-julia-kloeckner-eingeladen\/","url":"https:\/\/klasmann-deilmann.com\/de\/bundesministerin-julia-kloeckner-eingeladen\/","name":"Bundesministerin Julia Kl\u00f6ckner eingeladen - Klasmann-Deilmann","isPartOf":{"@id":"https:\/\/klasmann-deilmann.com\/en\/#website"},"datePublished":"2020-09-02T10:36:50+00:00","dateModified":"2024-09-27T10:06:50+00:00","author":{"@id":"https:\/\/klasmann-deilmann.com\/en\/#\/schema\/person\/2502425feab4548f9995e2f1fa23fb3d"},"breadcrumb":{"@id":"https:\/\/klasmann-deilmann.com\/de\/bundesministerin-julia-kloeckner-eingeladen\/#breadcrumb"},"inLanguage":"de","potentialAction":[{"@type":"ReadAction","target":["https:\/\/klasmann-deilmann.com\/de\/bundesministerin-julia-kloeckner-eingeladen\/"]}]},{"@type":"BreadcrumbList","@id":"https:\/\/klasmann-deilmann.com\/de\/bundesministerin-julia-kloeckner-eingeladen\/#breadcrumb","itemListElement":[{"@type":"ListItem","position":1,"name":"Home","item":"https:\/\/klasmann-deilmann.com\/de\/"},{"@type":"ListItem","position":2,"name":"Bundesministerin Julia Kl\u00f6ckner eingeladen"}]},{"@type":"WebSite","@id":"https:\/\/klasmann-deilmann.com\/en\/#website","url":"https:\/\/klasmann-deilmann.com\/en\/","name":"Klasmann-Deilmann","description":"","potentialAction":[{"@type":"SearchAction","target":{"@type":"EntryPoint","urlTemplate":"https:\/\/klasmann-deilmann.com\/en\/?s={search_term_string}"},"query-input":{"@type":"PropertyValueSpecification","valueRequired":true,"valueName":"search_term_string"}}],"inLanguage":"de"},{"@type":"Person","@id":"https:\/\/klasmann-deilmann.com\/en\/#\/schema\/person\/2502425feab4548f9995e2f1fa23fb3d","name":"Dirk R\u00f6se","image":{"@type":"ImageObject","inLanguage":"de","@id":"https:\/\/secure.gravatar.com\/avatar\/850ab4c80e0a5eca25933f2ee062a09ec1d50f1fa10d0057f65f04b9827f102f?s=96&d=mm&r=g","url":"https:\/\/secure.gravatar.com\/avatar\/850ab4c80e0a5eca25933f2ee062a09ec1d50f1fa10d0057f65f04b9827f102f?s=96&d=mm&r=g","contentUrl":"https:\/\/secure.gravatar.com\/avatar\/850ab4c80e0a5eca25933f2ee062a09ec1d50f1fa10d0057f65f04b9827f102f?s=96&d=mm&r=g","caption":"Dirk R\u00f6se"},"sameAs":["http:\/\/klasmann-deilmann.com"],"url":"https:\/\/klasmann-deilmann.com\/de\/author\/dirk-roese\/"}]}},"_links":{"self":[{"href":"https:\/\/klasmann-deilmann.com\/de\/wp-json\/wp\/v2\/posts\/21462","targetHints":{"allow":["GET"]}}],"collection":[{"href":"https:\/\/klasmann-deilmann.com\/de\/wp-json\/wp\/v2\/posts"}],"about":[{"href":"https:\/\/klasmann-deilmann.com\/de\/wp-json\/wp\/v2\/types\/post"}],"author":[{"embeddable":true,"href":"https:\/\/klasmann-deilmann.com\/de\/wp-json\/wp\/v2\/users\/8"}],"replies":[{"embeddable":true,"href":"https:\/\/klasmann-deilmann.com\/de\/wp-json\/wp\/v2\/comments?post=21462"}],"version-history":[{"count":4,"href":"https:\/\/klasmann-deilmann.com\/de\/wp-json\/wp\/v2\/posts\/21462\/revisions"}],"predecessor-version":[{"id":21501,"href":"https:\/\/klasmann-deilmann.com\/de\/wp-json\/wp\/v2\/posts\/21462\/revisions\/21501"}],"wp:attachment":[{"href":"https:\/\/klasmann-deilmann.com\/de\/wp-json\/wp\/v2\/media?parent=21462"}],"wp:term":[{"taxonomy":"category","embeddable":true,"href":"https:\/\/klasmann-deilmann.com\/de\/wp-json\/wp\/v2\/categories?post=21462"},{"taxonomy":"post_tag","embeddable":true,"href":"https:\/\/klasmann-deilmann.com\/de\/wp-json\/wp\/v2\/tags?post=21462"}],"curies":[{"name":"wp","href":"https:\/\/api.w.org\/{rel}","templated":true}]}}