{"id":18438,"date":"2020-05-04T11:10:45","date_gmt":"2020-05-04T09:10:45","guid":{"rendered":"https:\/\/klasmann-deilmann.com\/?p=18438"},"modified":"2024-09-27T12:10:18","modified_gmt":"2024-09-27T10:10:18","slug":"gemeinsam-durch-die-krise","status":"publish","type":"post","link":"https:\/\/klasmann-deilmann.com\/de\/gemeinsam-durch-die-krise\/","title":{"rendered":"Gemeinsam durch die Krise"},"content":{"rendered":"<p>Liebe Kunden und Gesch\u00e4ftspartner,<\/p>\n<p><img loading=\"lazy\" decoding=\"async\" width=\"2540\" height=\"1694\" class=\"alignright size-full wp-image-18206\" src=\"\/wp-content\/uploads\/nl_04-2020-00.jpg\" alt=\"\" srcset=\"https:\/\/klasmann-deilmann.com\/wp-content\/uploads\/nl_04-2020-00.jpg 2540w, https:\/\/klasmann-deilmann.com\/wp-content\/uploads\/nl_04-2020-00-300x200.jpg 300w, https:\/\/klasmann-deilmann.com\/wp-content\/uploads\/nl_04-2020-00-1024x683.jpg 1024w, https:\/\/klasmann-deilmann.com\/wp-content\/uploads\/nl_04-2020-00-768x512.jpg 768w, https:\/\/klasmann-deilmann.com\/wp-content\/uploads\/nl_04-2020-00-1536x1024.jpg 1536w, https:\/\/klasmann-deilmann.com\/wp-content\/uploads\/nl_04-2020-00-2048x1366.jpg 2048w, https:\/\/klasmann-deilmann.com\/wp-content\/uploads\/nl_04-2020-00-125x83.jpg 125w\" sizes=\"auto, (max-width: 2540px) 100vw, 2540px\" \/>die Ausbreitung des Corona-Virus hat unser Leben ver\u00e4ndert. Behutsam sucht die Politik nach Wegen, die zur\u00fcck in die Normalit\u00e4t f\u00fchren. Der Schutz der Bev\u00f6lkerung vor COVID-19 und wirtschaftliche Stabilit\u00e4t m\u00fcssen dabei sorgsam austariert werden.<\/p>\n<p>Viele Unternehmen sto\u00dfen in dieser Zeit an ihre Grenzen \u2013 auch im Produktionsgartenbau. Wir hoffen, dass die Belastungen f\u00fcr Sie und Ihren Betrieb in einem Rahmen bleiben, der f\u00fcr die Zukunft alle Optionen offenh\u00e4lt. Als starker Partner stehen wir weiter an Ihrer Seite.<\/p>\n<p>Seit Ende Februar arbeitet unser Krisenstab t\u00e4glich daran, unsere Belegschaft vor einer Infektion zu sch\u00fctzen. Die uneingeschr\u00e4nkte Substratproduktion ist gew\u00e4hrleistet. Auch unsere Mitarbeiterinnen und Mitarbeiter aus Vertrieb und Beratung bleiben f\u00fcr Sie da. Um den freien Warenverkehr f\u00fcr den Produktionsgartenbau gerade in der Krise aufrechtzuerhalten, stehen wir im Austausch mit Vertretern der Politik.<\/p>\n<p><img loading=\"lazy\" decoding=\"async\" class=\"alignright wp-image-18461 size-medium\" src=\"https:\/\/klasmann-deilmann.com\/wp-content\/uploads\/2020-05-04-Managing-Directors-Klasmann-Deilmann_02-300x128.jpg\" alt=\"\" width=\"300\" height=\"128\" srcset=\"https:\/\/klasmann-deilmann.com\/wp-content\/uploads\/2020-05-04-Managing-Directors-Klasmann-Deilmann_02-300x128.jpg 300w, https:\/\/klasmann-deilmann.com\/wp-content\/uploads\/2020-05-04-Managing-Directors-Klasmann-Deilmann_02-1024x438.jpg 1024w, https:\/\/klasmann-deilmann.com\/wp-content\/uploads\/2020-05-04-Managing-Directors-Klasmann-Deilmann_02-768x329.jpg 768w, https:\/\/klasmann-deilmann.com\/wp-content\/uploads\/2020-05-04-Managing-Directors-Klasmann-Deilmann_02-1536x657.jpg 1536w, https:\/\/klasmann-deilmann.com\/wp-content\/uploads\/2020-05-04-Managing-Directors-Klasmann-Deilmann_02-125x53.jpg 125w, https:\/\/klasmann-deilmann.com\/wp-content\/uploads\/2020-05-04-Managing-Directors-Klasmann-Deilmann_02.jpg 1737w\" sizes=\"auto, (max-width: 300px) 100vw, 300px\" \/><\/p>\n<p>Wir sind weiterhin f\u00fcr Sie da. Lassen Sie uns gerne wissen, wie es Ihnen dieser Tage ergeht, und schreiben Sie uns eine Nachricht an <a href=\"mailto:info@klasmann-deilmann.com\">info@klasmann-deilmann.com<\/a> mit dem Stichwort: #gemeinsamdurchdiekrise. Oder wenden Sie sich wie gewohnt an Ihren Ansprechpartner bei Klasmann-Deilmann.<\/p>\n<p>Wir w\u00fcnschen Ihnen, Ihren Familien und Ihrem Betrieb alles Gute. Bitte bleiben Sie gesund.<\/p>\n<p>&nbsp;<\/p>\n<p>Herzliche Gr\u00fc\u00dfe<\/p>\n<p>Moritz B\u00f6cking &amp; Bernd Wehming<\/p>\n<p>Gesch\u00e4ftsf\u00fchrung Klasmann-Deilmann-Gruppe<\/p>\n<p>&nbsp;<\/p>\n<p>&nbsp;<\/p>\n","protected":false},"excerpt":{"rendered":"<p>Liebe Kunden und Gesch\u00e4ftspartner, die Ausbreitung des Corona-Virus hat unser Leben ver\u00e4ndert. Behutsam sucht die Politik nach Wegen, die zur\u00fcck in die Normalit\u00e4t f\u00fchren. Der Schutz der Bev\u00f6lkerung vor COVID-19 und wirtschaftliche Stabilit\u00e4t m\u00fcssen dabei sorgsam austariert werden. Viele Unternehmen sto\u00dfen in dieser Zeit an ihre Grenzen \u2013 auch im Produktionsgartenbau. Wir hoffen, dass die Belastungen f\u00fcr Sie und Ihren Betrieb in einem Rahmen bleiben, der f\u00fcr die Zukunft alle Optionen offenh\u00e4lt. Als starker Partner stehen wir weiter an Ihrer<\/p>\n","protected":false},"author":8,"featured_media":0,"comment_status":"open","ping_status":"closed","sticky":false,"template":"","format":"standard","meta":{"_acf_changed":false,"inline_featured_image":false,"footnotes":""},"categories":[606],"tags":[],"class_list":["post-18438","post","type-post","status-publish","format-standard","hentry","category-unternehmen-2"],"acf":[],"yoast_head":"<!-- This site is optimized with the Yoast SEO plugin v27.5 - https:\/\/yoast.com\/product\/yoast-seo-wordpress\/ -->\n<title>Gemeinsam durch die Krise - Klasmann-Deilmann<\/title>\n<meta name=\"robots\" content=\"index, follow, max-snippet:-1, max-image-preview:large, max-video-preview:-1\" \/>\n<link rel=\"canonical\" href=\"https:\/\/klasmann-deilmann.com\/de\/gemeinsam-durch-die-krise\/\" \/>\n<meta property=\"og:locale\" content=\"de_DE\" \/>\n<meta property=\"og:type\" content=\"article\" \/>\n<meta property=\"og:title\" content=\"Gemeinsam durch die Krise - Klasmann-Deilmann\" \/>\n<meta property=\"og:description\" content=\"Liebe Kunden und Gesch\u00e4ftspartner, die Ausbreitung des Corona-Virus hat unser Leben ver\u00e4ndert. Behutsam sucht die Politik nach Wegen, die zur\u00fcck in die Normalit\u00e4t f\u00fchren. Der Schutz der Bev\u00f6lkerung vor COVID-19 und wirtschaftliche Stabilit\u00e4t m\u00fcssen dabei sorgsam austariert werden. Viele Unternehmen sto\u00dfen in dieser Zeit an ihre Grenzen \u2013 auch im Produktionsgartenbau. Wir hoffen, dass die Belastungen f\u00fcr Sie und Ihren Betrieb in einem Rahmen bleiben, der f\u00fcr die Zukunft alle Optionen offenh\u00e4lt. Als starker Partner stehen wir weiter an Ihrer\" \/>\n<meta property=\"og:url\" content=\"https:\/\/klasmann-deilmann.com\/de\/gemeinsam-durch-die-krise\/\" \/>\n<meta property=\"og:site_name\" content=\"Klasmann-Deilmann\" \/>\n<meta property=\"article:published_time\" content=\"2020-05-04T09:10:45+00:00\" \/>\n<meta property=\"article:modified_time\" content=\"2024-09-27T10:10:18+00:00\" \/>\n<meta property=\"og:image\" content=\"https:\/\/klasmann-deilmann.com\/wp-content\/uploads\/2020-05-04-Managing-Directors-Klasmann-Deilmann_02-300x128.jpg\" \/>\n<meta name=\"author\" content=\"Dirk R\u00f6se\" \/>\n<meta name=\"twitter:card\" content=\"summary_large_image\" \/>\n<meta name=\"twitter:label1\" content=\"Verfasst von\" \/>\n\t<meta name=\"twitter:data1\" content=\"Dirk R\u00f6se\" \/>\n\t<meta name=\"twitter:label2\" content=\"Gesch\u00e4tzte Lesezeit\" \/>\n\t<meta name=\"twitter:data2\" content=\"1\u00a0Minute\" \/>\n<script type=\"application\/ld+json\" class=\"yoast-schema-graph\">{\"@context\":\"https:\\\/\\\/schema.org\",\"@graph\":[{\"@type\":\"Article\",\"@id\":\"https:\\\/\\\/klasmann-deilmann.com\\\/de\\\/gemeinsam-durch-die-krise\\\/#article\",\"isPartOf\":{\"@id\":\"https:\\\/\\\/klasmann-deilmann.com\\\/de\\\/gemeinsam-durch-die-krise\\\/\"},\"author\":{\"name\":\"Dirk R\u00f6se\",\"@id\":\"https:\\\/\\\/klasmann-deilmann.com\\\/en\\\/#\\\/schema\\\/person\\\/2502425feab4548f9995e2f1fa23fb3d\"},\"headline\":\"Gemeinsam durch die Krise\",\"datePublished\":\"2020-05-04T09:10:45+00:00\",\"dateModified\":\"2024-09-27T10:10:18+00:00\",\"mainEntityOfPage\":{\"@id\":\"https:\\\/\\\/klasmann-deilmann.com\\\/de\\\/gemeinsam-durch-die-krise\\\/\"},\"wordCount\":229,\"commentCount\":0,\"image\":{\"@id\":\"https:\\\/\\\/klasmann-deilmann.com\\\/de\\\/gemeinsam-durch-die-krise\\\/#primaryimage\"},\"thumbnailUrl\":\"https:\\\/\\\/klasmann-deilmann.com\\\/wp-content\\\/uploads\\\/2020-05-04-Managing-Directors-Klasmann-Deilmann_02-300x128.jpg\",\"articleSection\":[\"Unternehmen\"],\"inLanguage\":\"de\",\"potentialAction\":[{\"@type\":\"CommentAction\",\"name\":\"Comment\",\"target\":[\"https:\\\/\\\/klasmann-deilmann.com\\\/de\\\/gemeinsam-durch-die-krise\\\/#respond\"]}]},{\"@type\":\"WebPage\",\"@id\":\"https:\\\/\\\/klasmann-deilmann.com\\\/de\\\/gemeinsam-durch-die-krise\\\/\",\"url\":\"https:\\\/\\\/klasmann-deilmann.com\\\/de\\\/gemeinsam-durch-die-krise\\\/\",\"name\":\"Gemeinsam durch die Krise - Klasmann-Deilmann\",\"isPartOf\":{\"@id\":\"https:\\\/\\\/klasmann-deilmann.com\\\/en\\\/#website\"},\"primaryImageOfPage\":{\"@id\":\"https:\\\/\\\/klasmann-deilmann.com\\\/de\\\/gemeinsam-durch-die-krise\\\/#primaryimage\"},\"image\":{\"@id\":\"https:\\\/\\\/klasmann-deilmann.com\\\/de\\\/gemeinsam-durch-die-krise\\\/#primaryimage\"},\"thumbnailUrl\":\"https:\\\/\\\/klasmann-deilmann.com\\\/wp-content\\\/uploads\\\/2020-05-04-Managing-Directors-Klasmann-Deilmann_02-300x128.jpg\",\"datePublished\":\"2020-05-04T09:10:45+00:00\",\"dateModified\":\"2024-09-27T10:10:18+00:00\",\"author\":{\"@id\":\"https:\\\/\\\/klasmann-deilmann.com\\\/en\\\/#\\\/schema\\\/person\\\/2502425feab4548f9995e2f1fa23fb3d\"},\"breadcrumb\":{\"@id\":\"https:\\\/\\\/klasmann-deilmann.com\\\/de\\\/gemeinsam-durch-die-krise\\\/#breadcrumb\"},\"inLanguage\":\"de\",\"potentialAction\":[{\"@type\":\"ReadAction\",\"target\":[\"https:\\\/\\\/klasmann-deilmann.com\\\/de\\\/gemeinsam-durch-die-krise\\\/\"]}]},{\"@type\":\"ImageObject\",\"inLanguage\":\"de\",\"@id\":\"https:\\\/\\\/klasmann-deilmann.com\\\/de\\\/gemeinsam-durch-die-krise\\\/#primaryimage\",\"url\":\"https:\\\/\\\/klasmann-deilmann.com\\\/wp-content\\\/uploads\\\/2020-05-04-Managing-Directors-Klasmann-Deilmann_02-300x128.jpg\",\"contentUrl\":\"https:\\\/\\\/klasmann-deilmann.com\\\/wp-content\\\/uploads\\\/2020-05-04-Managing-Directors-Klasmann-Deilmann_02-300x128.jpg\"},{\"@type\":\"BreadcrumbList\",\"@id\":\"https:\\\/\\\/klasmann-deilmann.com\\\/de\\\/gemeinsam-durch-die-krise\\\/#breadcrumb\",\"itemListElement\":[{\"@type\":\"ListItem\",\"position\":1,\"name\":\"Home\",\"item\":\"https:\\\/\\\/klasmann-deilmann.com\\\/de\\\/\"},{\"@type\":\"ListItem\",\"position\":2,\"name\":\"Gemeinsam durch die Krise\"}]},{\"@type\":\"WebSite\",\"@id\":\"https:\\\/\\\/klasmann-deilmann.com\\\/en\\\/#website\",\"url\":\"https:\\\/\\\/klasmann-deilmann.com\\\/en\\\/\",\"name\":\"Klasmann-Deilmann\",\"description\":\"\",\"potentialAction\":[{\"@type\":\"SearchAction\",\"target\":{\"@type\":\"EntryPoint\",\"urlTemplate\":\"https:\\\/\\\/klasmann-deilmann.com\\\/en\\\/?s={search_term_string}\"},\"query-input\":{\"@type\":\"PropertyValueSpecification\",\"valueRequired\":true,\"valueName\":\"search_term_string\"}}],\"inLanguage\":\"de\"},{\"@type\":\"Person\",\"@id\":\"https:\\\/\\\/klasmann-deilmann.com\\\/en\\\/#\\\/schema\\\/person\\\/2502425feab4548f9995e2f1fa23fb3d\",\"name\":\"Dirk R\u00f6se\",\"image\":{\"@type\":\"ImageObject\",\"inLanguage\":\"de\",\"@id\":\"https:\\\/\\\/secure.gravatar.com\\\/avatar\\\/850ab4c80e0a5eca25933f2ee062a09ec1d50f1fa10d0057f65f04b9827f102f?s=96&d=mm&r=g\",\"url\":\"https:\\\/\\\/secure.gravatar.com\\\/avatar\\\/850ab4c80e0a5eca25933f2ee062a09ec1d50f1fa10d0057f65f04b9827f102f?s=96&d=mm&r=g\",\"contentUrl\":\"https:\\\/\\\/secure.gravatar.com\\\/avatar\\\/850ab4c80e0a5eca25933f2ee062a09ec1d50f1fa10d0057f65f04b9827f102f?s=96&d=mm&r=g\",\"caption\":\"Dirk R\u00f6se\"},\"sameAs\":[\"http:\\\/\\\/klasmann-deilmann.com\"],\"url\":\"https:\\\/\\\/klasmann-deilmann.com\\\/de\\\/author\\\/dirk-roese\\\/\"}]}<\/script>\n<!-- \/ Yoast SEO plugin. -->","yoast_head_json":{"title":"Gemeinsam durch die Krise - Klasmann-Deilmann","robots":{"index":"index","follow":"follow","max-snippet":"max-snippet:-1","max-image-preview":"max-image-preview:large","max-video-preview":"max-video-preview:-1"},"canonical":"https:\/\/klasmann-deilmann.com\/de\/gemeinsam-durch-die-krise\/","og_locale":"de_DE","og_type":"article","og_title":"Gemeinsam durch die Krise - Klasmann-Deilmann","og_description":"Liebe Kunden und Gesch\u00e4ftspartner, die Ausbreitung des Corona-Virus hat unser Leben ver\u00e4ndert. Behutsam sucht die Politik nach Wegen, die zur\u00fcck in die Normalit\u00e4t f\u00fchren. Der Schutz der Bev\u00f6lkerung vor COVID-19 und wirtschaftliche Stabilit\u00e4t m\u00fcssen dabei sorgsam austariert werden. Viele Unternehmen sto\u00dfen in dieser Zeit an ihre Grenzen \u2013 auch im Produktionsgartenbau. Wir hoffen, dass die Belastungen f\u00fcr Sie und Ihren Betrieb in einem Rahmen bleiben, der f\u00fcr die Zukunft alle Optionen offenh\u00e4lt. Als starker Partner stehen wir weiter an Ihrer","og_url":"https:\/\/klasmann-deilmann.com\/de\/gemeinsam-durch-die-krise\/","og_site_name":"Klasmann-Deilmann","article_published_time":"2020-05-04T09:10:45+00:00","article_modified_time":"2024-09-27T10:10:18+00:00","og_image":[{"url":"https:\/\/klasmann-deilmann.com\/wp-content\/uploads\/2020-05-04-Managing-Directors-Klasmann-Deilmann_02-300x128.jpg","type":"","width":"","height":""}],"author":"Dirk R\u00f6se","twitter_card":"summary_large_image","twitter_misc":{"Verfasst von":"Dirk R\u00f6se","Gesch\u00e4tzte Lesezeit":"1\u00a0Minute"},"schema":{"@context":"https:\/\/schema.org","@graph":[{"@type":"Article","@id":"https:\/\/klasmann-deilmann.com\/de\/gemeinsam-durch-die-krise\/#article","isPartOf":{"@id":"https:\/\/klasmann-deilmann.com\/de\/gemeinsam-durch-die-krise\/"},"author":{"name":"Dirk R\u00f6se","@id":"https:\/\/klasmann-deilmann.com\/en\/#\/schema\/person\/2502425feab4548f9995e2f1fa23fb3d"},"headline":"Gemeinsam durch die Krise","datePublished":"2020-05-04T09:10:45+00:00","dateModified":"2024-09-27T10:10:18+00:00","mainEntityOfPage":{"@id":"https:\/\/klasmann-deilmann.com\/de\/gemeinsam-durch-die-krise\/"},"wordCount":229,"commentCount":0,"image":{"@id":"https:\/\/klasmann-deilmann.com\/de\/gemeinsam-durch-die-krise\/#primaryimage"},"thumbnailUrl":"https:\/\/klasmann-deilmann.com\/wp-content\/uploads\/2020-05-04-Managing-Directors-Klasmann-Deilmann_02-300x128.jpg","articleSection":["Unternehmen"],"inLanguage":"de","potentialAction":[{"@type":"CommentAction","name":"Comment","target":["https:\/\/klasmann-deilmann.com\/de\/gemeinsam-durch-die-krise\/#respond"]}]},{"@type":"WebPage","@id":"https:\/\/klasmann-deilmann.com\/de\/gemeinsam-durch-die-krise\/","url":"https:\/\/klasmann-deilmann.com\/de\/gemeinsam-durch-die-krise\/","name":"Gemeinsam durch die Krise - Klasmann-Deilmann","isPartOf":{"@id":"https:\/\/klasmann-deilmann.com\/en\/#website"},"primaryImageOfPage":{"@id":"https:\/\/klasmann-deilmann.com\/de\/gemeinsam-durch-die-krise\/#primaryimage"},"image":{"@id":"https:\/\/klasmann-deilmann.com\/de\/gemeinsam-durch-die-krise\/#primaryimage"},"thumbnailUrl":"https:\/\/klasmann-deilmann.com\/wp-content\/uploads\/2020-05-04-Managing-Directors-Klasmann-Deilmann_02-300x128.jpg","datePublished":"2020-05-04T09:10:45+00:00","dateModified":"2024-09-27T10:10:18+00:00","author":{"@id":"https:\/\/klasmann-deilmann.com\/en\/#\/schema\/person\/2502425feab4548f9995e2f1fa23fb3d"},"breadcrumb":{"@id":"https:\/\/klasmann-deilmann.com\/de\/gemeinsam-durch-die-krise\/#breadcrumb"},"inLanguage":"de","potentialAction":[{"@type":"ReadAction","target":["https:\/\/klasmann-deilmann.com\/de\/gemeinsam-durch-die-krise\/"]}]},{"@type":"ImageObject","inLanguage":"de","@id":"https:\/\/klasmann-deilmann.com\/de\/gemeinsam-durch-die-krise\/#primaryimage","url":"https:\/\/klasmann-deilmann.com\/wp-content\/uploads\/2020-05-04-Managing-Directors-Klasmann-Deilmann_02-300x128.jpg","contentUrl":"https:\/\/klasmann-deilmann.com\/wp-content\/uploads\/2020-05-04-Managing-Directors-Klasmann-Deilmann_02-300x128.jpg"},{"@type":"BreadcrumbList","@id":"https:\/\/klasmann-deilmann.com\/de\/gemeinsam-durch-die-krise\/#breadcrumb","itemListElement":[{"@type":"ListItem","position":1,"name":"Home","item":"https:\/\/klasmann-deilmann.com\/de\/"},{"@type":"ListItem","position":2,"name":"Gemeinsam durch die Krise"}]},{"@type":"WebSite","@id":"https:\/\/klasmann-deilmann.com\/en\/#website","url":"https:\/\/klasmann-deilmann.com\/en\/","name":"Klasmann-Deilmann","description":"","potentialAction":[{"@type":"SearchAction","target":{"@type":"EntryPoint","urlTemplate":"https:\/\/klasmann-deilmann.com\/en\/?s={search_term_string}"},"query-input":{"@type":"PropertyValueSpecification","valueRequired":true,"valueName":"search_term_string"}}],"inLanguage":"de"},{"@type":"Person","@id":"https:\/\/klasmann-deilmann.com\/en\/#\/schema\/person\/2502425feab4548f9995e2f1fa23fb3d","name":"Dirk R\u00f6se","image":{"@type":"ImageObject","inLanguage":"de","@id":"https:\/\/secure.gravatar.com\/avatar\/850ab4c80e0a5eca25933f2ee062a09ec1d50f1fa10d0057f65f04b9827f102f?s=96&d=mm&r=g","url":"https:\/\/secure.gravatar.com\/avatar\/850ab4c80e0a5eca25933f2ee062a09ec1d50f1fa10d0057f65f04b9827f102f?s=96&d=mm&r=g","contentUrl":"https:\/\/secure.gravatar.com\/avatar\/850ab4c80e0a5eca25933f2ee062a09ec1d50f1fa10d0057f65f04b9827f102f?s=96&d=mm&r=g","caption":"Dirk R\u00f6se"},"sameAs":["http:\/\/klasmann-deilmann.com"],"url":"https:\/\/klasmann-deilmann.com\/de\/author\/dirk-roese\/"}]}},"_links":{"self":[{"href":"https:\/\/klasmann-deilmann.com\/de\/wp-json\/wp\/v2\/posts\/18438","targetHints":{"allow":["GET"]}}],"collection":[{"href":"https:\/\/klasmann-deilmann.com\/de\/wp-json\/wp\/v2\/posts"}],"about":[{"href":"https:\/\/klasmann-deilmann.com\/de\/wp-json\/wp\/v2\/types\/post"}],"author":[{"embeddable":true,"href":"https:\/\/klasmann-deilmann.com\/de\/wp-json\/wp\/v2\/users\/8"}],"replies":[{"embeddable":true,"href":"https:\/\/klasmann-deilmann.com\/de\/wp-json\/wp\/v2\/comments?post=18438"}],"version-history":[{"count":7,"href":"https:\/\/klasmann-deilmann.com\/de\/wp-json\/wp\/v2\/posts\/18438\/revisions"}],"predecessor-version":[{"id":18467,"href":"https:\/\/klasmann-deilmann.com\/de\/wp-json\/wp\/v2\/posts\/18438\/revisions\/18467"}],"wp:attachment":[{"href":"https:\/\/klasmann-deilmann.com\/de\/wp-json\/wp\/v2\/media?parent=18438"}],"wp:term":[{"taxonomy":"category","embeddable":true,"href":"https:\/\/klasmann-deilmann.com\/de\/wp-json\/wp\/v2\/categories?post=18438"},{"taxonomy":"post_tag","embeddable":true,"href":"https:\/\/klasmann-deilmann.com\/de\/wp-json\/wp\/v2\/tags?post=18438"}],"curies":[{"name":"wp","href":"https:\/\/api.w.org\/{rel}","templated":true}]}}