{"id":17742,"date":"2020-03-16T05:00:07","date_gmt":"2020-03-16T04:00:07","guid":{"rendered":"https:\/\/klasmann-deilmann.com\/?p=17742"},"modified":"2024-09-27T12:10:42","modified_gmt":"2024-09-27T10:10:42","slug":"klasmann-deilmann-bereitet-sich-vor","status":"publish","type":"post","link":"https:\/\/klasmann-deilmann.com\/de\/klasmann-deilmann-bereitet-sich-vor\/","title":{"rendered":"Klasmann-Deilmann bereitet sich vor"},"content":{"rendered":"<h2>Ausbreitung des Coronavirus<\/h2>\n<p>Liebe Kunden und Gesch\u00e4ftspartner,<\/p>\n<p>das Coronavirus tritt vermehrt international auf. Neben den nach wie vor am st\u00e4rksten betroffenen L\u00e4ndern China, S\u00fcdkorea, Iran und Italien werden auch in Deutschland, Frankreich, Spanien und vielen anderen L\u00e4ndern immer mehr Krankheitsf\u00e4lle registriert, die auf SARS-CoV-2 zur\u00fcckzuf\u00fchren sind.<\/p>\n<p><img decoding=\"async\" class=\"alignright size-full wp-image-17750\" src=\"\/wp-content\/uploads\/2020-03-13-Blogbeitrag-Coronavirus-01-iStock-182682205.jpg\" alt=\"\" \/><\/p>\n<p>Im direkten Umfeld der Klasmann-Deilmann-Gruppe ist unseres Wissens bislang niemand erkrankt \u2013 weder von unseren Besch\u00e4ftigten noch seitens unserer Gesch\u00e4ftspartner und Kunden. Wir hoffen weiterhin, dass dies so bleibt und die Ausbreitung des Virus\u2018 bald zur\u00fcckgeht.<\/p>\n<p>Klasmann-Deilmann hat vorsorglich einen Krisenstab eingerichtet. Wir wollen m\u00f6glichst umfassend vorbereitet sein, sollte es in unserem Unternehmen zu Verdachts- oder Krankheitsf\u00e4llen kommen. Unser Ziel ist klar definiert:<\/p>\n<ul>\n<li>Wir wollen unsere Mitarbeiterinnen und Mitarbeiter vor Ansteckung sch\u00fctzen<\/li>\n<li>Wir wollen die Produktion von Kultursubstraten gew\u00e4hrleisten und unsere Kunden beliefern<\/li>\n<li>Wir wollen den normalen Gesch\u00e4ftsbetrieb auch im Ernstfall aufrechterhalten<\/li>\n<\/ul>\n<p>&nbsp;<\/p>\n<p>Deshalb haben wir Ma\u00dfnahmen ergriffen, die uns dabei helfen, diese Ziele zu erreichen:<\/p>\n<ul>\n<li>Wir haben die Vorgaben zur pr\u00e4ventiven Hygiene versch\u00e4rft, die f\u00fcr unsere Belegschaft, aber auch f\u00fcr LKW-Fahrer und Dienstleister auf unseren Werksgel\u00e4nden gelten<\/li>\n<li>Wir haben Flugreisen, andere Dienstfahrten, Veranstaltungen und Meetings reduziert<\/li>\n<li>F\u00fcr Besucher und Gastgeber gelten strengere Regeln, die gegebenenfalls zur Verschiebung von Terminen um mindestens 14 Tage f\u00fchren k\u00f6nnen<\/li>\n<li>Wir haben unsere administrative Belegschaft auf eine vor\u00fcbergehende Arbeit im Homeoffice vorbereitet<\/li>\n<li>In unseren Produktionsst\u00e4tten trennen wir die im Schichtbetrieb t\u00e4tigen Teams strikt voneinander, um eine Verbreitung eventueller Krankheitsf\u00e4lle zu verhindern<\/li>\n<li>Zus\u00e4tzliche bereits vorbereitete Ma\u00dfnahmen greifen nur im Falle weiterer Eskalationsstufen in der Ausbreitung des Coronavirus<\/li>\n<\/ul>\n<p>&nbsp;<\/p>\n<p>Wir bitten um Ihr Verst\u00e4ndnis, sollte es im Kontakt mit Ihnen zu Einschr\u00e4nkungen kommen. Wir treffen unsere Entscheidungen nach aktueller Sachlage und in der Absicht, alle Beteiligten stets bestm\u00f6glich zu sch\u00fctzen.<\/p>\n<p>Die Auswirkungen auf unser operatives Gesch\u00e4ft sind bislang \u00fcberschaubar. Unseren Kolleginnen und Kollegen in Italien, China und ganz Asien geb\u00fchrt besonderer Dank f\u00fcr die au\u00dfergew\u00f6hnliche Leistung, mit der sie Vertrieb und Logistik unter deutlich erschwerten Bedingungen ohne Abstriche aufrechterhalten. Sollte es in den n\u00e4chsten Wochen zu einer weiteren Verknappung des Frachtraums kommen, werden wir Sie zeitnah informieren.<\/p>\n<p><strong>Das Wichtigste aber ist: Bitte bleiben Sie gesund!<\/strong><\/p>\n<p>&nbsp;<\/p>\n<p>Freundliche Gr\u00fc\u00dfe<\/p>\n<p>Gesch\u00e4ftsf\u00fchrung Klasmann-Deilmann-Gruppe<\/p>\n<p>Moritz B\u00f6cking&nbsp;&nbsp;&nbsp;&nbsp;&nbsp;&nbsp;&nbsp;&nbsp;&nbsp;&nbsp;&nbsp;&nbsp; Bernd Wehming<\/p>\n","protected":false},"excerpt":{"rendered":"<p>Ausbreitung des Coronavirus Liebe Kunden und Gesch\u00e4ftspartner, das Coronavirus tritt vermehrt international auf. Neben den nach wie vor am st\u00e4rksten betroffenen L\u00e4ndern China, S\u00fcdkorea, Iran und Italien werden auch in Deutschland, Frankreich, Spanien und vielen anderen L\u00e4ndern immer mehr Krankheitsf\u00e4lle registriert, die auf SARS-CoV-2 zur\u00fcckzuf\u00fchren sind. Im direkten Umfeld der Klasmann-Deilmann-Gruppe ist unseres Wissens bislang niemand erkrankt \u2013 weder von unseren Besch\u00e4ftigten noch seitens unserer Gesch\u00e4ftspartner und Kunden. Wir hoffen weiterhin, dass dies so bleibt und die Ausbreitung des Virus\u2018<\/p>\n","protected":false},"author":8,"featured_media":0,"comment_status":"open","ping_status":"closed","sticky":false,"template":"","format":"standard","meta":{"_acf_changed":false,"inline_featured_image":false,"footnotes":""},"categories":[606],"tags":[],"class_list":["post-17742","post","type-post","status-publish","format-standard","hentry","category-unternehmen-2"],"acf":[],"yoast_head":"<!-- This site is optimized with the Yoast SEO plugin v27.5 - https:\/\/yoast.com\/product\/yoast-seo-wordpress\/ -->\n<title>Klasmann-Deilmann bereitet sich vor - Klasmann-Deilmann<\/title>\n<meta name=\"robots\" content=\"index, follow, max-snippet:-1, max-image-preview:large, max-video-preview:-1\" \/>\n<link rel=\"canonical\" href=\"https:\/\/klasmann-deilmann.com\/de\/klasmann-deilmann-bereitet-sich-vor\/\" \/>\n<meta property=\"og:locale\" content=\"de_DE\" \/>\n<meta property=\"og:type\" content=\"article\" \/>\n<meta property=\"og:title\" content=\"Klasmann-Deilmann bereitet sich vor - Klasmann-Deilmann\" \/>\n<meta property=\"og:description\" content=\"Ausbreitung des Coronavirus Liebe Kunden und Gesch\u00e4ftspartner, das Coronavirus tritt vermehrt international auf. Neben den nach wie vor am st\u00e4rksten betroffenen L\u00e4ndern China, S\u00fcdkorea, Iran und Italien werden auch in Deutschland, Frankreich, Spanien und vielen anderen L\u00e4ndern immer mehr Krankheitsf\u00e4lle registriert, die auf SARS-CoV-2 zur\u00fcckzuf\u00fchren sind. Im direkten Umfeld der Klasmann-Deilmann-Gruppe ist unseres Wissens bislang niemand erkrankt \u2013 weder von unseren Besch\u00e4ftigten noch seitens unserer Gesch\u00e4ftspartner und Kunden. Wir hoffen weiterhin, dass dies so bleibt und die Ausbreitung des Virus\u2018\" \/>\n<meta property=\"og:url\" content=\"https:\/\/klasmann-deilmann.com\/de\/klasmann-deilmann-bereitet-sich-vor\/\" \/>\n<meta property=\"og:site_name\" content=\"Klasmann-Deilmann\" \/>\n<meta property=\"article:published_time\" content=\"2020-03-16T04:00:07+00:00\" \/>\n<meta property=\"article:modified_time\" content=\"2024-09-27T10:10:42+00:00\" \/>\n<meta name=\"author\" content=\"Dirk R\u00f6se\" \/>\n<meta name=\"twitter:card\" content=\"summary_large_image\" \/>\n<meta name=\"twitter:label1\" content=\"Verfasst von\" \/>\n\t<meta name=\"twitter:data1\" content=\"Dirk R\u00f6se\" \/>\n\t<meta name=\"twitter:label2\" content=\"Gesch\u00e4tzte Lesezeit\" \/>\n\t<meta name=\"twitter:data2\" content=\"2\u00a0Minuten\" \/>\n<script type=\"application\/ld+json\" class=\"yoast-schema-graph\">{\"@context\":\"https:\\\/\\\/schema.org\",\"@graph\":[{\"@type\":\"Article\",\"@id\":\"https:\\\/\\\/klasmann-deilmann.com\\\/de\\\/klasmann-deilmann-bereitet-sich-vor\\\/#article\",\"isPartOf\":{\"@id\":\"https:\\\/\\\/klasmann-deilmann.com\\\/de\\\/klasmann-deilmann-bereitet-sich-vor\\\/\"},\"author\":{\"name\":\"Dirk R\u00f6se\",\"@id\":\"https:\\\/\\\/klasmann-deilmann.com\\\/en\\\/#\\\/schema\\\/person\\\/2502425feab4548f9995e2f1fa23fb3d\"},\"headline\":\"Klasmann-Deilmann bereitet sich vor\",\"datePublished\":\"2020-03-16T04:00:07+00:00\",\"dateModified\":\"2024-09-27T10:10:42+00:00\",\"mainEntityOfPage\":{\"@id\":\"https:\\\/\\\/klasmann-deilmann.com\\\/de\\\/klasmann-deilmann-bereitet-sich-vor\\\/\"},\"wordCount\":413,\"commentCount\":0,\"articleSection\":[\"Unternehmen\"],\"inLanguage\":\"de\",\"potentialAction\":[{\"@type\":\"CommentAction\",\"name\":\"Comment\",\"target\":[\"https:\\\/\\\/klasmann-deilmann.com\\\/de\\\/klasmann-deilmann-bereitet-sich-vor\\\/#respond\"]}]},{\"@type\":\"WebPage\",\"@id\":\"https:\\\/\\\/klasmann-deilmann.com\\\/de\\\/klasmann-deilmann-bereitet-sich-vor\\\/\",\"url\":\"https:\\\/\\\/klasmann-deilmann.com\\\/de\\\/klasmann-deilmann-bereitet-sich-vor\\\/\",\"name\":\"Klasmann-Deilmann bereitet sich vor - Klasmann-Deilmann\",\"isPartOf\":{\"@id\":\"https:\\\/\\\/klasmann-deilmann.com\\\/en\\\/#website\"},\"datePublished\":\"2020-03-16T04:00:07+00:00\",\"dateModified\":\"2024-09-27T10:10:42+00:00\",\"author\":{\"@id\":\"https:\\\/\\\/klasmann-deilmann.com\\\/en\\\/#\\\/schema\\\/person\\\/2502425feab4548f9995e2f1fa23fb3d\"},\"breadcrumb\":{\"@id\":\"https:\\\/\\\/klasmann-deilmann.com\\\/de\\\/klasmann-deilmann-bereitet-sich-vor\\\/#breadcrumb\"},\"inLanguage\":\"de\",\"potentialAction\":[{\"@type\":\"ReadAction\",\"target\":[\"https:\\\/\\\/klasmann-deilmann.com\\\/de\\\/klasmann-deilmann-bereitet-sich-vor\\\/\"]}]},{\"@type\":\"BreadcrumbList\",\"@id\":\"https:\\\/\\\/klasmann-deilmann.com\\\/de\\\/klasmann-deilmann-bereitet-sich-vor\\\/#breadcrumb\",\"itemListElement\":[{\"@type\":\"ListItem\",\"position\":1,\"name\":\"Home\",\"item\":\"https:\\\/\\\/klasmann-deilmann.com\\\/de\\\/\"},{\"@type\":\"ListItem\",\"position\":2,\"name\":\"Klasmann-Deilmann bereitet sich vor\"}]},{\"@type\":\"WebSite\",\"@id\":\"https:\\\/\\\/klasmann-deilmann.com\\\/en\\\/#website\",\"url\":\"https:\\\/\\\/klasmann-deilmann.com\\\/en\\\/\",\"name\":\"Klasmann-Deilmann\",\"description\":\"\",\"potentialAction\":[{\"@type\":\"SearchAction\",\"target\":{\"@type\":\"EntryPoint\",\"urlTemplate\":\"https:\\\/\\\/klasmann-deilmann.com\\\/en\\\/?s={search_term_string}\"},\"query-input\":{\"@type\":\"PropertyValueSpecification\",\"valueRequired\":true,\"valueName\":\"search_term_string\"}}],\"inLanguage\":\"de\"},{\"@type\":\"Person\",\"@id\":\"https:\\\/\\\/klasmann-deilmann.com\\\/en\\\/#\\\/schema\\\/person\\\/2502425feab4548f9995e2f1fa23fb3d\",\"name\":\"Dirk R\u00f6se\",\"image\":{\"@type\":\"ImageObject\",\"inLanguage\":\"de\",\"@id\":\"https:\\\/\\\/secure.gravatar.com\\\/avatar\\\/850ab4c80e0a5eca25933f2ee062a09ec1d50f1fa10d0057f65f04b9827f102f?s=96&d=mm&r=g\",\"url\":\"https:\\\/\\\/secure.gravatar.com\\\/avatar\\\/850ab4c80e0a5eca25933f2ee062a09ec1d50f1fa10d0057f65f04b9827f102f?s=96&d=mm&r=g\",\"contentUrl\":\"https:\\\/\\\/secure.gravatar.com\\\/avatar\\\/850ab4c80e0a5eca25933f2ee062a09ec1d50f1fa10d0057f65f04b9827f102f?s=96&d=mm&r=g\",\"caption\":\"Dirk R\u00f6se\"},\"sameAs\":[\"http:\\\/\\\/klasmann-deilmann.com\"],\"url\":\"https:\\\/\\\/klasmann-deilmann.com\\\/de\\\/author\\\/dirk-roese\\\/\"}]}<\/script>\n<!-- \/ Yoast SEO plugin. -->","yoast_head_json":{"title":"Klasmann-Deilmann bereitet sich vor - Klasmann-Deilmann","robots":{"index":"index","follow":"follow","max-snippet":"max-snippet:-1","max-image-preview":"max-image-preview:large","max-video-preview":"max-video-preview:-1"},"canonical":"https:\/\/klasmann-deilmann.com\/de\/klasmann-deilmann-bereitet-sich-vor\/","og_locale":"de_DE","og_type":"article","og_title":"Klasmann-Deilmann bereitet sich vor - Klasmann-Deilmann","og_description":"Ausbreitung des Coronavirus Liebe Kunden und Gesch\u00e4ftspartner, das Coronavirus tritt vermehrt international auf. Neben den nach wie vor am st\u00e4rksten betroffenen L\u00e4ndern China, S\u00fcdkorea, Iran und Italien werden auch in Deutschland, Frankreich, Spanien und vielen anderen L\u00e4ndern immer mehr Krankheitsf\u00e4lle registriert, die auf SARS-CoV-2 zur\u00fcckzuf\u00fchren sind. Im direkten Umfeld der Klasmann-Deilmann-Gruppe ist unseres Wissens bislang niemand erkrankt \u2013 weder von unseren Besch\u00e4ftigten noch seitens unserer Gesch\u00e4ftspartner und Kunden. Wir hoffen weiterhin, dass dies so bleibt und die Ausbreitung des Virus\u2018","og_url":"https:\/\/klasmann-deilmann.com\/de\/klasmann-deilmann-bereitet-sich-vor\/","og_site_name":"Klasmann-Deilmann","article_published_time":"2020-03-16T04:00:07+00:00","article_modified_time":"2024-09-27T10:10:42+00:00","author":"Dirk R\u00f6se","twitter_card":"summary_large_image","twitter_misc":{"Verfasst von":"Dirk R\u00f6se","Gesch\u00e4tzte Lesezeit":"2\u00a0Minuten"},"schema":{"@context":"https:\/\/schema.org","@graph":[{"@type":"Article","@id":"https:\/\/klasmann-deilmann.com\/de\/klasmann-deilmann-bereitet-sich-vor\/#article","isPartOf":{"@id":"https:\/\/klasmann-deilmann.com\/de\/klasmann-deilmann-bereitet-sich-vor\/"},"author":{"name":"Dirk R\u00f6se","@id":"https:\/\/klasmann-deilmann.com\/en\/#\/schema\/person\/2502425feab4548f9995e2f1fa23fb3d"},"headline":"Klasmann-Deilmann bereitet sich vor","datePublished":"2020-03-16T04:00:07+00:00","dateModified":"2024-09-27T10:10:42+00:00","mainEntityOfPage":{"@id":"https:\/\/klasmann-deilmann.com\/de\/klasmann-deilmann-bereitet-sich-vor\/"},"wordCount":413,"commentCount":0,"articleSection":["Unternehmen"],"inLanguage":"de","potentialAction":[{"@type":"CommentAction","name":"Comment","target":["https:\/\/klasmann-deilmann.com\/de\/klasmann-deilmann-bereitet-sich-vor\/#respond"]}]},{"@type":"WebPage","@id":"https:\/\/klasmann-deilmann.com\/de\/klasmann-deilmann-bereitet-sich-vor\/","url":"https:\/\/klasmann-deilmann.com\/de\/klasmann-deilmann-bereitet-sich-vor\/","name":"Klasmann-Deilmann bereitet sich vor - Klasmann-Deilmann","isPartOf":{"@id":"https:\/\/klasmann-deilmann.com\/en\/#website"},"datePublished":"2020-03-16T04:00:07+00:00","dateModified":"2024-09-27T10:10:42+00:00","author":{"@id":"https:\/\/klasmann-deilmann.com\/en\/#\/schema\/person\/2502425feab4548f9995e2f1fa23fb3d"},"breadcrumb":{"@id":"https:\/\/klasmann-deilmann.com\/de\/klasmann-deilmann-bereitet-sich-vor\/#breadcrumb"},"inLanguage":"de","potentialAction":[{"@type":"ReadAction","target":["https:\/\/klasmann-deilmann.com\/de\/klasmann-deilmann-bereitet-sich-vor\/"]}]},{"@type":"BreadcrumbList","@id":"https:\/\/klasmann-deilmann.com\/de\/klasmann-deilmann-bereitet-sich-vor\/#breadcrumb","itemListElement":[{"@type":"ListItem","position":1,"name":"Home","item":"https:\/\/klasmann-deilmann.com\/de\/"},{"@type":"ListItem","position":2,"name":"Klasmann-Deilmann bereitet sich vor"}]},{"@type":"WebSite","@id":"https:\/\/klasmann-deilmann.com\/en\/#website","url":"https:\/\/klasmann-deilmann.com\/en\/","name":"Klasmann-Deilmann","description":"","potentialAction":[{"@type":"SearchAction","target":{"@type":"EntryPoint","urlTemplate":"https:\/\/klasmann-deilmann.com\/en\/?s={search_term_string}"},"query-input":{"@type":"PropertyValueSpecification","valueRequired":true,"valueName":"search_term_string"}}],"inLanguage":"de"},{"@type":"Person","@id":"https:\/\/klasmann-deilmann.com\/en\/#\/schema\/person\/2502425feab4548f9995e2f1fa23fb3d","name":"Dirk R\u00f6se","image":{"@type":"ImageObject","inLanguage":"de","@id":"https:\/\/secure.gravatar.com\/avatar\/850ab4c80e0a5eca25933f2ee062a09ec1d50f1fa10d0057f65f04b9827f102f?s=96&d=mm&r=g","url":"https:\/\/secure.gravatar.com\/avatar\/850ab4c80e0a5eca25933f2ee062a09ec1d50f1fa10d0057f65f04b9827f102f?s=96&d=mm&r=g","contentUrl":"https:\/\/secure.gravatar.com\/avatar\/850ab4c80e0a5eca25933f2ee062a09ec1d50f1fa10d0057f65f04b9827f102f?s=96&d=mm&r=g","caption":"Dirk R\u00f6se"},"sameAs":["http:\/\/klasmann-deilmann.com"],"url":"https:\/\/klasmann-deilmann.com\/de\/author\/dirk-roese\/"}]}},"_links":{"self":[{"href":"https:\/\/klasmann-deilmann.com\/de\/wp-json\/wp\/v2\/posts\/17742","targetHints":{"allow":["GET"]}}],"collection":[{"href":"https:\/\/klasmann-deilmann.com\/de\/wp-json\/wp\/v2\/posts"}],"about":[{"href":"https:\/\/klasmann-deilmann.com\/de\/wp-json\/wp\/v2\/types\/post"}],"author":[{"embeddable":true,"href":"https:\/\/klasmann-deilmann.com\/de\/wp-json\/wp\/v2\/users\/8"}],"replies":[{"embeddable":true,"href":"https:\/\/klasmann-deilmann.com\/de\/wp-json\/wp\/v2\/comments?post=17742"}],"version-history":[{"count":3,"href":"https:\/\/klasmann-deilmann.com\/de\/wp-json\/wp\/v2\/posts\/17742\/revisions"}],"predecessor-version":[{"id":17757,"href":"https:\/\/klasmann-deilmann.com\/de\/wp-json\/wp\/v2\/posts\/17742\/revisions\/17757"}],"wp:attachment":[{"href":"https:\/\/klasmann-deilmann.com\/de\/wp-json\/wp\/v2\/media?parent=17742"}],"wp:term":[{"taxonomy":"category","embeddable":true,"href":"https:\/\/klasmann-deilmann.com\/de\/wp-json\/wp\/v2\/categories?post=17742"},{"taxonomy":"post_tag","embeddable":true,"href":"https:\/\/klasmann-deilmann.com\/de\/wp-json\/wp\/v2\/tags?post=17742"}],"curies":[{"name":"wp","href":"https:\/\/api.w.org\/{rel}","templated":true}]}}