{"id":17695,"date":"2020-03-11T09:00:27","date_gmt":"2020-03-11T08:00:27","guid":{"rendered":"https:\/\/klasmann-deilmann.com\/?p=17695"},"modified":"2024-10-09T10:44:59","modified_gmt":"2024-10-09T08:44:59","slug":"aus-dem-dialog-entsteht-zukunft","status":"publish","type":"post","link":"https:\/\/klasmann-deilmann.com\/de\/aus-dem-dialog-entsteht-zukunft\/","title":{"rendered":"Aus dem Dialog entsteht Zukunft"},"content":{"rendered":"<h2>Landrat Johann Wimberg zu Gast bei Klasmann-Deilmann<\/h2>\n<p><strong>Landrat Johann Wimberg hat sich bei der Klasmann-Deilmann GmbH \u00fcber die Perspektiven von Torfgewinnung und Substratproduktion informiert. Bernd Wehming, Gesch\u00e4ftsf\u00fchrer der Klasmann-Deilmann-Gruppe, und Michael Perschl, Gesch\u00e4ftsf\u00fchrer der Klasmann-Deilmann Produktionsgesellschaft Nord, empfingen den Landrat des Kreises Cloppenburg in Sedelsberg.<\/strong><\/p>\n<p><img loading=\"lazy\" decoding=\"async\" width=\"3840\" height=\"940\" class=\"alignright size-full wp-image-17712\" src=\"\/wp-content\/uploads\/2020-03-12-Landrat-Johann-Wimberg-bei-Klasmann-Deilmann-02_Titel-scaled.jpg\" alt=\"\" srcset=\"https:\/\/klasmann-deilmann.com\/wp-content\/uploads\/2020-03-12-Landrat-Johann-Wimberg-bei-Klasmann-Deilmann-02_Titel-scaled.jpg 3840w, https:\/\/klasmann-deilmann.com\/wp-content\/uploads\/2020-03-12-Landrat-Johann-Wimberg-bei-Klasmann-Deilmann-02_Titel-300x73.jpg 300w, https:\/\/klasmann-deilmann.com\/wp-content\/uploads\/2020-03-12-Landrat-Johann-Wimberg-bei-Klasmann-Deilmann-02_Titel-1024x251.jpg 1024w, https:\/\/klasmann-deilmann.com\/wp-content\/uploads\/2020-03-12-Landrat-Johann-Wimberg-bei-Klasmann-Deilmann-02_Titel-768x188.jpg 768w, https:\/\/klasmann-deilmann.com\/wp-content\/uploads\/2020-03-12-Landrat-Johann-Wimberg-bei-Klasmann-Deilmann-02_Titel-1536x376.jpg 1536w, https:\/\/klasmann-deilmann.com\/wp-content\/uploads\/2020-03-12-Landrat-Johann-Wimberg-bei-Klasmann-Deilmann-02_Titel-2048x501.jpg 2048w, https:\/\/klasmann-deilmann.com\/wp-content\/uploads\/2020-03-12-Landrat-Johann-Wimberg-bei-Klasmann-Deilmann-02_Titel-125x31.jpg 125w\" sizes=\"auto, (max-width: 3840px) 100vw, 3840px\" \/><\/p>\n<p>Begleitet wurde Johann Wimberg von Thomas Otto, B\u00fcrgermeister der Gemeinde Saterland, der pers\u00f6nlichen Referentin Dr. Lydia Kocar, durch Ansgar Meyer als Dezernent f\u00fcr Bauen\/Planen\/Umwelt sowie von Dirk Gehrmann aus der Stabsstelle Wirtschaftsf\u00f6rderung.<\/p>\n<p>Bernd Wehming brachte Johann Wimberg auf den neuesten Stand der Entwicklung der Klasmann-Deilmann-Gruppe, die mit gut 1.000 Besch\u00e4ftigten und einem Jahresumsatz von 220 Mio. EUR nach wie vor das weltweit f\u00fchrende Unternehmen der Substratbranche ist. \u201eInzwischen gehen 47 % unserer Produkte in die Ern\u00e4hrungswirtschaft\u201c, f\u00fchrte Bernd Wehming aus. \u201eIn der Wertsch\u00f6pfungskette f\u00fcr gesunde Nahrungsmittel nimmt unser Unternehmen eine wichtige Rolle ein.\u201c<\/p>\n<div id=\"attachment_17696\" style=\"width: 690px\" class=\"wp-caption aligncenter\"><img loading=\"lazy\" decoding=\"async\" aria-describedby=\"caption-attachment-17696\" class=\"wp-image-17696 size-large\" src=\"https:\/\/klasmann-deilmann.com\/wp-content\/uploads\/2020-03-12-Landrat-Johann-Wimberg-bei-Klasmann-Deilmann-03-1024x768.jpg\" alt=\"\" width=\"680\" height=\"510\" srcset=\"https:\/\/klasmann-deilmann.com\/wp-content\/uploads\/2020-03-12-Landrat-Johann-Wimberg-bei-Klasmann-Deilmann-03-1024x768.jpg 1024w, https:\/\/klasmann-deilmann.com\/wp-content\/uploads\/2020-03-12-Landrat-Johann-Wimberg-bei-Klasmann-Deilmann-03-300x225.jpg 300w, https:\/\/klasmann-deilmann.com\/wp-content\/uploads\/2020-03-12-Landrat-Johann-Wimberg-bei-Klasmann-Deilmann-03-768x576.jpg 768w, https:\/\/klasmann-deilmann.com\/wp-content\/uploads\/2020-03-12-Landrat-Johann-Wimberg-bei-Klasmann-Deilmann-03-1536x1152.jpg 1536w, https:\/\/klasmann-deilmann.com\/wp-content\/uploads\/2020-03-12-Landrat-Johann-Wimberg-bei-Klasmann-Deilmann-03-2048x1536.jpg 2048w, https:\/\/klasmann-deilmann.com\/wp-content\/uploads\/2020-03-12-Landrat-Johann-Wimberg-bei-Klasmann-Deilmann-03-125x94.jpg 125w\" sizes=\"auto, (max-width: 680px) 100vw, 680px\" \/><\/p>\n<p id=\"caption-attachment-17696\" class=\"wp-caption-text\">Landrat Johann Wimberg (rechts) bedankte sich bei den Gesch\u00e4ftsf\u00fchrern Michael Perschl (links) und Bernd Wehming f\u00fcr die Einladung.<\/p>\n<\/div>\n<p>Michael Perschl zeigte die aktuelle Situation sowie die Entwicklungsm\u00f6glichkeiten des traditionsreichen Produktionswerkes im Saterland auf. Dabei ging er vor allem der Frage nach, wie sich die zunehmende Herstellung von Torfersatzstoffen, der eigene Bahnanschluss und die nahegelegenen Wasserwege noch st\u00e4rker als Standortvorteile nutzen lassen. \u201eWir verfolgen langfristige Pl\u00e4ne, um auch f\u00fcr die Zeit nach Beendigung der Torfgewinnung eine zukunftweisende Basis vorweisen zu k\u00f6nnen\u201c, so Michael Perschl. \u201eDazu suchen wir den Schulterschluss mit dem Landkreis.\u201c<\/p>\n<p>Eine rege Diskussion entstand im Zusammenhang mit der Kompostierung von Gr\u00fcnreststoffen aus dem Landkreis, der m\u00f6glichen Rolle des C-Port, der Familienfreundlichkeit und dem ausgepr\u00e4gten Fokus auf Nachhaltigkeit bei Klasmann-Deilmann. Auch die M\u00f6glichkeiten zu einer beschleunigten Renaturierung ehemaliger Gewinnungsfl\u00e4chen wurden er\u00f6rtert. \u201eEs ist ein bedenkenswerter Ansatz, den Klasmann-Deilmann hier vorschl\u00e4gt\u201c, res\u00fcmierte Thomas Otto. \u201eEin Gro\u00dfteil der Fl\u00e4chen liegt in unserem Einzugsgebiet. Die z\u00fcgige Wiederherrichtung von Moorb\u00f6den w\u00e4re f\u00fcr den Klima- und Naturschutz in Sedelsberg ein Zugewinn.\u201c<\/p>\n<p>Johann Wimberg bedankte sich f\u00fcr die Einladung, sich als Landrat bei Klasmann-Deilmann vorstellen zu k\u00f6nnen. \u201eEs ist mir wichtig, den engen Kontakt zur Wirtschaft zu pflegen\u201c, so Wimberg. \u201eUnternehmen wie Klasmann-Deilmann sind das R\u00fcckgrat unserer Heimatregion. Deshalb suchen wir den Austausch, deshalb wollen wir Ansprechpartner sein, deshalb achten wir auf kurze Wege. Aus dem Dialog entsteht Zukunft.\u201c<\/p>\n<p>Einig waren sich die Beteiligten \u00fcber die gro\u00dfe Schnittmenge an vorrangigen Themen, die es anzupacken gilt. \u201eEs ist wichtig, dass wir hier gemeinsam etwas schaffen\u201c, so Bernd Wehming. \u201eAm Ende k\u00f6nnen alle Seiten davon profitieren.\u201c<\/p>\n<div id=\"attachment_17704\" style=\"width: 690px\" class=\"wp-caption aligncenter\"><img loading=\"lazy\" decoding=\"async\" aria-describedby=\"caption-attachment-17704\" class=\"wp-image-17704 size-large\" src=\"https:\/\/klasmann-deilmann.com\/wp-content\/uploads\/2020-03-12-Landrat-Johann-Wimberg-bei-Klasmann-Deilmann-02-1024x768.jpg\" alt=\"\" width=\"680\" height=\"510\" srcset=\"https:\/\/klasmann-deilmann.com\/wp-content\/uploads\/2020-03-12-Landrat-Johann-Wimberg-bei-Klasmann-Deilmann-02-1024x768.jpg 1024w, https:\/\/klasmann-deilmann.com\/wp-content\/uploads\/2020-03-12-Landrat-Johann-Wimberg-bei-Klasmann-Deilmann-02-300x225.jpg 300w, https:\/\/klasmann-deilmann.com\/wp-content\/uploads\/2020-03-12-Landrat-Johann-Wimberg-bei-Klasmann-Deilmann-02-768x576.jpg 768w, https:\/\/klasmann-deilmann.com\/wp-content\/uploads\/2020-03-12-Landrat-Johann-Wimberg-bei-Klasmann-Deilmann-02-1536x1152.jpg 1536w, https:\/\/klasmann-deilmann.com\/wp-content\/uploads\/2020-03-12-Landrat-Johann-Wimberg-bei-Klasmann-Deilmann-02-2048x1536.jpg 2048w, https:\/\/klasmann-deilmann.com\/wp-content\/uploads\/2020-03-12-Landrat-Johann-Wimberg-bei-Klasmann-Deilmann-02-125x94.jpg 125w\" sizes=\"auto, (max-width: 680px) 100vw, 680px\" \/><\/p>\n<p id=\"caption-attachment-17704\" class=\"wp-caption-text\">Gesch\u00e4ftsf\u00fchrer Bernd Wehming, Dirk Gehrmann von der Stabstelle Wirtschaftsf\u00f6rderung, B\u00fcrgermeister Thomas Otto, Landrat Johann Wimberg, Bau- und Umweltdezernent Ansgar Meyer und Gesch\u00e4ftsf\u00fchrer Michael Perschl vor der Holzfaserproduktion von Klasmann-Deilmann.<\/p>\n<\/div>\n<p>&nbsp;<\/p>\n","protected":false},"excerpt":{"rendered":"<p>Landrat Johann Wimberg zu Gast bei Klasmann-Deilmann Landrat Johann Wimberg hat sich bei der Klasmann-Deilmann GmbH \u00fcber die Perspektiven von Torfgewinnung und Substratproduktion informiert. Bernd Wehming, Gesch\u00e4ftsf\u00fchrer der Klasmann-Deilmann-Gruppe, und Michael Perschl, Gesch\u00e4ftsf\u00fchrer der Klasmann-Deilmann Produktionsgesellschaft Nord, empfingen den Landrat des Kreises Cloppenburg in Sedelsberg. Begleitet wurde Johann Wimberg von Thomas Otto, B\u00fcrgermeister der Gemeinde Saterland, der pers\u00f6nlichen Referentin Dr. Lydia Kocar, durch Ansgar Meyer als Dezernent f\u00fcr Bauen\/Planen\/Umwelt sowie von Dirk Gehrmann aus der Stabsstelle Wirtschaftsf\u00f6rderung. Bernd Wehming brachte<\/p>\n","protected":false},"author":8,"featured_media":0,"comment_status":"open","ping_status":"closed","sticky":false,"template":"","format":"standard","meta":{"_acf_changed":false,"inline_featured_image":false,"footnotes":""},"categories":[],"tags":[],"class_list":["post-17695","post","type-post","status-publish","format-standard","hentry"],"acf":[],"yoast_head":"<!-- This site is optimized with the Yoast SEO plugin v27.5 - https:\/\/yoast.com\/product\/yoast-seo-wordpress\/ -->\n<title>Aus dem Dialog entsteht Zukunft - Klasmann-Deilmann<\/title>\n<meta name=\"robots\" content=\"index, follow, max-snippet:-1, max-image-preview:large, max-video-preview:-1\" \/>\n<link rel=\"canonical\" href=\"https:\/\/klasmann-deilmann.com\/de\/aus-dem-dialog-entsteht-zukunft\/\" \/>\n<meta property=\"og:locale\" content=\"de_DE\" \/>\n<meta property=\"og:type\" content=\"article\" \/>\n<meta property=\"og:title\" content=\"Aus dem Dialog entsteht Zukunft - Klasmann-Deilmann\" \/>\n<meta property=\"og:description\" content=\"Landrat Johann Wimberg zu Gast bei Klasmann-Deilmann Landrat Johann Wimberg hat sich bei der Klasmann-Deilmann GmbH \u00fcber die Perspektiven von Torfgewinnung und Substratproduktion informiert. Bernd Wehming, Gesch\u00e4ftsf\u00fchrer der Klasmann-Deilmann-Gruppe, und Michael Perschl, Gesch\u00e4ftsf\u00fchrer der Klasmann-Deilmann Produktionsgesellschaft Nord, empfingen den Landrat des Kreises Cloppenburg in Sedelsberg. Begleitet wurde Johann Wimberg von Thomas Otto, B\u00fcrgermeister der Gemeinde Saterland, der pers\u00f6nlichen Referentin Dr. Lydia Kocar, durch Ansgar Meyer als Dezernent f\u00fcr Bauen\/Planen\/Umwelt sowie von Dirk Gehrmann aus der Stabsstelle Wirtschaftsf\u00f6rderung. Bernd Wehming brachte\" \/>\n<meta property=\"og:url\" content=\"https:\/\/klasmann-deilmann.com\/de\/aus-dem-dialog-entsteht-zukunft\/\" \/>\n<meta property=\"og:site_name\" content=\"Klasmann-Deilmann\" \/>\n<meta property=\"article:published_time\" content=\"2020-03-11T08:00:27+00:00\" \/>\n<meta property=\"article:modified_time\" content=\"2024-10-09T08:44:59+00:00\" \/>\n<meta property=\"og:image\" content=\"https:\/\/klasmann-deilmann.com\/wp-content\/uploads\/2020-03-12-Landrat-Johann-Wimberg-bei-Klasmann-Deilmann-03-1024x768.jpg\" \/>\n<meta name=\"author\" content=\"Dirk R\u00f6se\" \/>\n<meta name=\"twitter:card\" content=\"summary_large_image\" \/>\n<meta name=\"twitter:label1\" content=\"Verfasst von\" \/>\n\t<meta name=\"twitter:data1\" content=\"Dirk R\u00f6se\" \/>\n\t<meta name=\"twitter:label2\" content=\"Gesch\u00e4tzte Lesezeit\" \/>\n\t<meta name=\"twitter:data2\" content=\"2\u00a0Minuten\" \/>\n<script type=\"application\/ld+json\" class=\"yoast-schema-graph\">{\"@context\":\"https:\\\/\\\/schema.org\",\"@graph\":[{\"@type\":\"Article\",\"@id\":\"https:\\\/\\\/klasmann-deilmann.com\\\/de\\\/aus-dem-dialog-entsteht-zukunft\\\/#article\",\"isPartOf\":{\"@id\":\"https:\\\/\\\/klasmann-deilmann.com\\\/de\\\/aus-dem-dialog-entsteht-zukunft\\\/\"},\"author\":{\"name\":\"Dirk R\u00f6se\",\"@id\":\"https:\\\/\\\/klasmann-deilmann.com\\\/en\\\/#\\\/schema\\\/person\\\/2502425feab4548f9995e2f1fa23fb3d\"},\"headline\":\"Aus dem Dialog entsteht Zukunft\",\"datePublished\":\"2020-03-11T08:00:27+00:00\",\"dateModified\":\"2024-10-09T08:44:59+00:00\",\"mainEntityOfPage\":{\"@id\":\"https:\\\/\\\/klasmann-deilmann.com\\\/de\\\/aus-dem-dialog-entsteht-zukunft\\\/\"},\"wordCount\":490,\"commentCount\":0,\"image\":{\"@id\":\"https:\\\/\\\/klasmann-deilmann.com\\\/de\\\/aus-dem-dialog-entsteht-zukunft\\\/#primaryimage\"},\"thumbnailUrl\":\"https:\\\/\\\/klasmann-deilmann.com\\\/wp-content\\\/uploads\\\/2020-03-12-Landrat-Johann-Wimberg-bei-Klasmann-Deilmann-03-1024x768.jpg\",\"inLanguage\":\"de\",\"potentialAction\":[{\"@type\":\"CommentAction\",\"name\":\"Comment\",\"target\":[\"https:\\\/\\\/klasmann-deilmann.com\\\/de\\\/aus-dem-dialog-entsteht-zukunft\\\/#respond\"]}]},{\"@type\":\"WebPage\",\"@id\":\"https:\\\/\\\/klasmann-deilmann.com\\\/de\\\/aus-dem-dialog-entsteht-zukunft\\\/\",\"url\":\"https:\\\/\\\/klasmann-deilmann.com\\\/de\\\/aus-dem-dialog-entsteht-zukunft\\\/\",\"name\":\"Aus dem Dialog entsteht Zukunft - Klasmann-Deilmann\",\"isPartOf\":{\"@id\":\"https:\\\/\\\/klasmann-deilmann.com\\\/en\\\/#website\"},\"primaryImageOfPage\":{\"@id\":\"https:\\\/\\\/klasmann-deilmann.com\\\/de\\\/aus-dem-dialog-entsteht-zukunft\\\/#primaryimage\"},\"image\":{\"@id\":\"https:\\\/\\\/klasmann-deilmann.com\\\/de\\\/aus-dem-dialog-entsteht-zukunft\\\/#primaryimage\"},\"thumbnailUrl\":\"https:\\\/\\\/klasmann-deilmann.com\\\/wp-content\\\/uploads\\\/2020-03-12-Landrat-Johann-Wimberg-bei-Klasmann-Deilmann-03-1024x768.jpg\",\"datePublished\":\"2020-03-11T08:00:27+00:00\",\"dateModified\":\"2024-10-09T08:44:59+00:00\",\"author\":{\"@id\":\"https:\\\/\\\/klasmann-deilmann.com\\\/en\\\/#\\\/schema\\\/person\\\/2502425feab4548f9995e2f1fa23fb3d\"},\"breadcrumb\":{\"@id\":\"https:\\\/\\\/klasmann-deilmann.com\\\/de\\\/aus-dem-dialog-entsteht-zukunft\\\/#breadcrumb\"},\"inLanguage\":\"de\",\"potentialAction\":[{\"@type\":\"ReadAction\",\"target\":[\"https:\\\/\\\/klasmann-deilmann.com\\\/de\\\/aus-dem-dialog-entsteht-zukunft\\\/\"]}]},{\"@type\":\"ImageObject\",\"inLanguage\":\"de\",\"@id\":\"https:\\\/\\\/klasmann-deilmann.com\\\/de\\\/aus-dem-dialog-entsteht-zukunft\\\/#primaryimage\",\"url\":\"https:\\\/\\\/klasmann-deilmann.com\\\/wp-content\\\/uploads\\\/2020-03-12-Landrat-Johann-Wimberg-bei-Klasmann-Deilmann-03-1024x768.jpg\",\"contentUrl\":\"https:\\\/\\\/klasmann-deilmann.com\\\/wp-content\\\/uploads\\\/2020-03-12-Landrat-Johann-Wimberg-bei-Klasmann-Deilmann-03-1024x768.jpg\"},{\"@type\":\"BreadcrumbList\",\"@id\":\"https:\\\/\\\/klasmann-deilmann.com\\\/de\\\/aus-dem-dialog-entsteht-zukunft\\\/#breadcrumb\",\"itemListElement\":[{\"@type\":\"ListItem\",\"position\":1,\"name\":\"Home\",\"item\":\"https:\\\/\\\/klasmann-deilmann.com\\\/de\\\/\"},{\"@type\":\"ListItem\",\"position\":2,\"name\":\"Aus dem Dialog entsteht Zukunft\"}]},{\"@type\":\"WebSite\",\"@id\":\"https:\\\/\\\/klasmann-deilmann.com\\\/en\\\/#website\",\"url\":\"https:\\\/\\\/klasmann-deilmann.com\\\/en\\\/\",\"name\":\"Klasmann-Deilmann\",\"description\":\"\",\"potentialAction\":[{\"@type\":\"SearchAction\",\"target\":{\"@type\":\"EntryPoint\",\"urlTemplate\":\"https:\\\/\\\/klasmann-deilmann.com\\\/en\\\/?s={search_term_string}\"},\"query-input\":{\"@type\":\"PropertyValueSpecification\",\"valueRequired\":true,\"valueName\":\"search_term_string\"}}],\"inLanguage\":\"de\"},{\"@type\":\"Person\",\"@id\":\"https:\\\/\\\/klasmann-deilmann.com\\\/en\\\/#\\\/schema\\\/person\\\/2502425feab4548f9995e2f1fa23fb3d\",\"name\":\"Dirk R\u00f6se\",\"image\":{\"@type\":\"ImageObject\",\"inLanguage\":\"de\",\"@id\":\"https:\\\/\\\/secure.gravatar.com\\\/avatar\\\/850ab4c80e0a5eca25933f2ee062a09ec1d50f1fa10d0057f65f04b9827f102f?s=96&d=mm&r=g\",\"url\":\"https:\\\/\\\/secure.gravatar.com\\\/avatar\\\/850ab4c80e0a5eca25933f2ee062a09ec1d50f1fa10d0057f65f04b9827f102f?s=96&d=mm&r=g\",\"contentUrl\":\"https:\\\/\\\/secure.gravatar.com\\\/avatar\\\/850ab4c80e0a5eca25933f2ee062a09ec1d50f1fa10d0057f65f04b9827f102f?s=96&d=mm&r=g\",\"caption\":\"Dirk R\u00f6se\"},\"sameAs\":[\"http:\\\/\\\/klasmann-deilmann.com\"],\"url\":\"https:\\\/\\\/klasmann-deilmann.com\\\/de\\\/author\\\/dirk-roese\\\/\"}]}<\/script>\n<!-- \/ Yoast SEO plugin. -->","yoast_head_json":{"title":"Aus dem Dialog entsteht Zukunft - Klasmann-Deilmann","robots":{"index":"index","follow":"follow","max-snippet":"max-snippet:-1","max-image-preview":"max-image-preview:large","max-video-preview":"max-video-preview:-1"},"canonical":"https:\/\/klasmann-deilmann.com\/de\/aus-dem-dialog-entsteht-zukunft\/","og_locale":"de_DE","og_type":"article","og_title":"Aus dem Dialog entsteht Zukunft - Klasmann-Deilmann","og_description":"Landrat Johann Wimberg zu Gast bei Klasmann-Deilmann Landrat Johann Wimberg hat sich bei der Klasmann-Deilmann GmbH \u00fcber die Perspektiven von Torfgewinnung und Substratproduktion informiert. Bernd Wehming, Gesch\u00e4ftsf\u00fchrer der Klasmann-Deilmann-Gruppe, und Michael Perschl, Gesch\u00e4ftsf\u00fchrer der Klasmann-Deilmann Produktionsgesellschaft Nord, empfingen den Landrat des Kreises Cloppenburg in Sedelsberg. Begleitet wurde Johann Wimberg von Thomas Otto, B\u00fcrgermeister der Gemeinde Saterland, der pers\u00f6nlichen Referentin Dr. Lydia Kocar, durch Ansgar Meyer als Dezernent f\u00fcr Bauen\/Planen\/Umwelt sowie von Dirk Gehrmann aus der Stabsstelle Wirtschaftsf\u00f6rderung. Bernd Wehming brachte","og_url":"https:\/\/klasmann-deilmann.com\/de\/aus-dem-dialog-entsteht-zukunft\/","og_site_name":"Klasmann-Deilmann","article_published_time":"2020-03-11T08:00:27+00:00","article_modified_time":"2024-10-09T08:44:59+00:00","og_image":[{"url":"https:\/\/klasmann-deilmann.com\/wp-content\/uploads\/2020-03-12-Landrat-Johann-Wimberg-bei-Klasmann-Deilmann-03-1024x768.jpg","type":"","width":"","height":""}],"author":"Dirk R\u00f6se","twitter_card":"summary_large_image","twitter_misc":{"Verfasst von":"Dirk R\u00f6se","Gesch\u00e4tzte Lesezeit":"2\u00a0Minuten"},"schema":{"@context":"https:\/\/schema.org","@graph":[{"@type":"Article","@id":"https:\/\/klasmann-deilmann.com\/de\/aus-dem-dialog-entsteht-zukunft\/#article","isPartOf":{"@id":"https:\/\/klasmann-deilmann.com\/de\/aus-dem-dialog-entsteht-zukunft\/"},"author":{"name":"Dirk R\u00f6se","@id":"https:\/\/klasmann-deilmann.com\/en\/#\/schema\/person\/2502425feab4548f9995e2f1fa23fb3d"},"headline":"Aus dem Dialog entsteht Zukunft","datePublished":"2020-03-11T08:00:27+00:00","dateModified":"2024-10-09T08:44:59+00:00","mainEntityOfPage":{"@id":"https:\/\/klasmann-deilmann.com\/de\/aus-dem-dialog-entsteht-zukunft\/"},"wordCount":490,"commentCount":0,"image":{"@id":"https:\/\/klasmann-deilmann.com\/de\/aus-dem-dialog-entsteht-zukunft\/#primaryimage"},"thumbnailUrl":"https:\/\/klasmann-deilmann.com\/wp-content\/uploads\/2020-03-12-Landrat-Johann-Wimberg-bei-Klasmann-Deilmann-03-1024x768.jpg","inLanguage":"de","potentialAction":[{"@type":"CommentAction","name":"Comment","target":["https:\/\/klasmann-deilmann.com\/de\/aus-dem-dialog-entsteht-zukunft\/#respond"]}]},{"@type":"WebPage","@id":"https:\/\/klasmann-deilmann.com\/de\/aus-dem-dialog-entsteht-zukunft\/","url":"https:\/\/klasmann-deilmann.com\/de\/aus-dem-dialog-entsteht-zukunft\/","name":"Aus dem Dialog entsteht Zukunft - Klasmann-Deilmann","isPartOf":{"@id":"https:\/\/klasmann-deilmann.com\/en\/#website"},"primaryImageOfPage":{"@id":"https:\/\/klasmann-deilmann.com\/de\/aus-dem-dialog-entsteht-zukunft\/#primaryimage"},"image":{"@id":"https:\/\/klasmann-deilmann.com\/de\/aus-dem-dialog-entsteht-zukunft\/#primaryimage"},"thumbnailUrl":"https:\/\/klasmann-deilmann.com\/wp-content\/uploads\/2020-03-12-Landrat-Johann-Wimberg-bei-Klasmann-Deilmann-03-1024x768.jpg","datePublished":"2020-03-11T08:00:27+00:00","dateModified":"2024-10-09T08:44:59+00:00","author":{"@id":"https:\/\/klasmann-deilmann.com\/en\/#\/schema\/person\/2502425feab4548f9995e2f1fa23fb3d"},"breadcrumb":{"@id":"https:\/\/klasmann-deilmann.com\/de\/aus-dem-dialog-entsteht-zukunft\/#breadcrumb"},"inLanguage":"de","potentialAction":[{"@type":"ReadAction","target":["https:\/\/klasmann-deilmann.com\/de\/aus-dem-dialog-entsteht-zukunft\/"]}]},{"@type":"ImageObject","inLanguage":"de","@id":"https:\/\/klasmann-deilmann.com\/de\/aus-dem-dialog-entsteht-zukunft\/#primaryimage","url":"https:\/\/klasmann-deilmann.com\/wp-content\/uploads\/2020-03-12-Landrat-Johann-Wimberg-bei-Klasmann-Deilmann-03-1024x768.jpg","contentUrl":"https:\/\/klasmann-deilmann.com\/wp-content\/uploads\/2020-03-12-Landrat-Johann-Wimberg-bei-Klasmann-Deilmann-03-1024x768.jpg"},{"@type":"BreadcrumbList","@id":"https:\/\/klasmann-deilmann.com\/de\/aus-dem-dialog-entsteht-zukunft\/#breadcrumb","itemListElement":[{"@type":"ListItem","position":1,"name":"Home","item":"https:\/\/klasmann-deilmann.com\/de\/"},{"@type":"ListItem","position":2,"name":"Aus dem Dialog entsteht Zukunft"}]},{"@type":"WebSite","@id":"https:\/\/klasmann-deilmann.com\/en\/#website","url":"https:\/\/klasmann-deilmann.com\/en\/","name":"Klasmann-Deilmann","description":"","potentialAction":[{"@type":"SearchAction","target":{"@type":"EntryPoint","urlTemplate":"https:\/\/klasmann-deilmann.com\/en\/?s={search_term_string}"},"query-input":{"@type":"PropertyValueSpecification","valueRequired":true,"valueName":"search_term_string"}}],"inLanguage":"de"},{"@type":"Person","@id":"https:\/\/klasmann-deilmann.com\/en\/#\/schema\/person\/2502425feab4548f9995e2f1fa23fb3d","name":"Dirk R\u00f6se","image":{"@type":"ImageObject","inLanguage":"de","@id":"https:\/\/secure.gravatar.com\/avatar\/850ab4c80e0a5eca25933f2ee062a09ec1d50f1fa10d0057f65f04b9827f102f?s=96&d=mm&r=g","url":"https:\/\/secure.gravatar.com\/avatar\/850ab4c80e0a5eca25933f2ee062a09ec1d50f1fa10d0057f65f04b9827f102f?s=96&d=mm&r=g","contentUrl":"https:\/\/secure.gravatar.com\/avatar\/850ab4c80e0a5eca25933f2ee062a09ec1d50f1fa10d0057f65f04b9827f102f?s=96&d=mm&r=g","caption":"Dirk R\u00f6se"},"sameAs":["http:\/\/klasmann-deilmann.com"],"url":"https:\/\/klasmann-deilmann.com\/de\/author\/dirk-roese\/"}]}},"_links":{"self":[{"href":"https:\/\/klasmann-deilmann.com\/de\/wp-json\/wp\/v2\/posts\/17695","targetHints":{"allow":["GET"]}}],"collection":[{"href":"https:\/\/klasmann-deilmann.com\/de\/wp-json\/wp\/v2\/posts"}],"about":[{"href":"https:\/\/klasmann-deilmann.com\/de\/wp-json\/wp\/v2\/types\/post"}],"author":[{"embeddable":true,"href":"https:\/\/klasmann-deilmann.com\/de\/wp-json\/wp\/v2\/users\/8"}],"replies":[{"embeddable":true,"href":"https:\/\/klasmann-deilmann.com\/de\/wp-json\/wp\/v2\/comments?post=17695"}],"version-history":[{"count":1,"href":"https:\/\/klasmann-deilmann.com\/de\/wp-json\/wp\/v2\/posts\/17695\/revisions"}],"predecessor-version":[{"id":17720,"href":"https:\/\/klasmann-deilmann.com\/de\/wp-json\/wp\/v2\/posts\/17695\/revisions\/17720"}],"wp:attachment":[{"href":"https:\/\/klasmann-deilmann.com\/de\/wp-json\/wp\/v2\/media?parent=17695"}],"wp:term":[{"taxonomy":"category","embeddable":true,"href":"https:\/\/klasmann-deilmann.com\/de\/wp-json\/wp\/v2\/categories?post=17695"},{"taxonomy":"post_tag","embeddable":true,"href":"https:\/\/klasmann-deilmann.com\/de\/wp-json\/wp\/v2\/tags?post=17695"}],"curies":[{"name":"wp","href":"https:\/\/api.w.org\/{rel}","templated":true}]}}