{"id":17662,"date":"2020-03-09T14:04:17","date_gmt":"2020-03-09T13:04:17","guid":{"rendered":"https:\/\/klasmann-deilmann.com\/?p=17662"},"modified":"2020-03-09T14:04:17","modified_gmt":"2020-03-09T13:04:17","slug":"antrittsbesuch-bei-klasmann-deilmann","status":"publish","type":"post","link":"https:\/\/klasmann-deilmann.com\/de\/antrittsbesuch-bei-klasmann-deilmann\/","title":{"rendered":"Antrittsbesuch bei Klasmann-Deilmann"},"content":{"rendered":"<h2>Landrat Burgdorf besucht Zentrale in Geeste<\/h2>\n<p><strong>Im Februar besuchte der im vergangenen Sommer neu gew\u00e4hlte Landrat des Landkreis Emsland, Marc-Andre Burgdorf, die Zentrale von Klasmann-Deilmann in Geeste. Es stellte sich heraus, dass der Landkreis Emsland und Klasmann-Deilmann viele Schnittpunkte haben und sich gegenseitig unterst\u00fctzen m\u00f6chten.<\/strong><\/p>\n<p><img loading=\"lazy\" decoding=\"async\" class=\"aligncenter wp-image-17682 size-full\" src=\"\/wp-content\/uploads\/2020-03-09-Besuch-Burgdorf-Foto_Titelbild-scaled.jpg\" alt=\"\" width=\"3840\" height=\"940\" srcset=\"https:\/\/klasmann-deilmann.com\/wp-content\/uploads\/2020-03-09-Besuch-Burgdorf-Foto_Titelbild-scaled.jpg 3840w, https:\/\/klasmann-deilmann.com\/wp-content\/uploads\/2020-03-09-Besuch-Burgdorf-Foto_Titelbild-300x73.jpg 300w, https:\/\/klasmann-deilmann.com\/wp-content\/uploads\/2020-03-09-Besuch-Burgdorf-Foto_Titelbild-1024x251.jpg 1024w, https:\/\/klasmann-deilmann.com\/wp-content\/uploads\/2020-03-09-Besuch-Burgdorf-Foto_Titelbild-768x188.jpg 768w, https:\/\/klasmann-deilmann.com\/wp-content\/uploads\/2020-03-09-Besuch-Burgdorf-Foto_Titelbild-1536x376.jpg 1536w, https:\/\/klasmann-deilmann.com\/wp-content\/uploads\/2020-03-09-Besuch-Burgdorf-Foto_Titelbild-2048x501.jpg 2048w, https:\/\/klasmann-deilmann.com\/wp-content\/uploads\/2020-03-09-Besuch-Burgdorf-Foto_Titelbild-125x31.jpg 125w\" sizes=\"auto, (max-width: 3840px) 100vw, 3840px\" \/><\/p>\n<p>Besonders aufmerksam wurde Landrat Burgdorf bei unserem Vorhaben der <a href=\"https:\/\/klasmann-deilmann.com\/renaturierung-von-moorboeden-beschleunigen\/\">Rekultivierung von Moorfl\u00e4chen mit Torfmoosen<\/a>. Dies sei insbesondere f\u00fcr die Wiederherrichtung des im Jahr 2018 durch einen Brand stark besch\u00e4digten Naturschutzgebietes \u201eTinner Dose\u201c interessant. Dieses Schutzgebiet ist das einzige gro\u00dfe Hochmoor in West-Niedersachsen, das nicht industriell abgetorft wurde. Dar\u00fcber hinaus besteht ein gemeinsames Interesse, das Emsland auch touristisch weiter zu entwickeln.<\/p>\n<div id=\"attachment_17663\" style=\"width: 690px\" class=\"wp-caption aligncenter\"><img loading=\"lazy\" decoding=\"async\" aria-describedby=\"caption-attachment-17663\" class=\"wp-image-17663 size-large\" src=\"https:\/\/klasmann-deilmann.com\/wp-content\/uploads\/2020-03-09-Besuch-Burgdorf-Foto-1-1024x683.jpg\" alt=\"\" width=\"680\" height=\"454\" srcset=\"https:\/\/klasmann-deilmann.com\/wp-content\/uploads\/2020-03-09-Besuch-Burgdorf-Foto-1-1024x683.jpg 1024w, https:\/\/klasmann-deilmann.com\/wp-content\/uploads\/2020-03-09-Besuch-Burgdorf-Foto-1-300x200.jpg 300w, https:\/\/klasmann-deilmann.com\/wp-content\/uploads\/2020-03-09-Besuch-Burgdorf-Foto-1-768x512.jpg 768w, https:\/\/klasmann-deilmann.com\/wp-content\/uploads\/2020-03-09-Besuch-Burgdorf-Foto-1-1536x1024.jpg 1536w, https:\/\/klasmann-deilmann.com\/wp-content\/uploads\/2020-03-09-Besuch-Burgdorf-Foto-1-2048x1365.jpg 2048w, https:\/\/klasmann-deilmann.com\/wp-content\/uploads\/2020-03-09-Besuch-Burgdorf-Foto-1-125x83.jpg 125w\" sizes=\"auto, (max-width: 680px) 100vw, 680px\" \/><\/p>\n<p id=\"caption-attachment-17663\" class=\"wp-caption-text\">Die Gesch\u00e4ftsf\u00fchrer der Klasmann-Deilmann-Gruppe Bernd Wehming und Moritz B\u00f6cking begr\u00fc\u00dften den Landrat Marc-Andr\u00e9 Burgdorf (Mitte) zusammen mit Jan K\u00f6bbing (Sustainability Manager) und Bert von Seggern (Production &amp; Sustainability). Die Torfmoose vor dem Innovation Center in Geeste veranschaulichen, wie die Moose sich auch in einem zu wiederherstellenden Moor entwickeln k\u00f6nnen.<\/p>\n<\/div>\n<p>&nbsp;<\/p>\n<p><u>Gemeinsame Interessen<\/u><\/p>\n<p>\u201eDer Landkreis Emsland sch\u00e4tzt uns als Experten f\u00fcr die Renaturierung ehemaliger Gewinnungsfl\u00e4chen. Heute haben wir uns auch als Anbieter f\u00fcr eine beschleunigte Wiedervern\u00e4ssung von Moorb\u00f6den vorgestellt. Damit k\u00f6nnen wir dem Landkreis eine echte Innovation im Natur- und Klimaschutz bieten\u201c, so Moritz B\u00f6cking \u00fcber das Gespr\u00e4ch mit Marc-Andre Burgdorf. \u201eZugleich steigt unser Bedarf an nachwachsenden Rohstoffen, die immer wichtiger f\u00fcr unsere Substrate werden. Wir brauchen Gr\u00fcnreststoffe f\u00fcr die Kompostierung, wir brauchen direkten Zugriff auf Holz f\u00fcr unsere Holzfaserproduktion. Wir sind froh, dass wir dieses Thema adressieren konnten. Marc-Andre Burgdorf hat uns seine Unterst\u00fctzung zugesagt.\u201c<\/p>\n<p>Insgesamt war der emsl\u00e4ndische Landrat sehr angetan, was das Unternehmen f\u00fcr die Region leistet, sowohl als Arbeitgeber als auch aus \u00f6kologischer und wirtschaftlicher Perspektive.<\/p>\n<p>&nbsp;<\/p>\n<p>&nbsp;<\/p>\n<p>&nbsp;<\/p>\n","protected":false},"excerpt":{"rendered":"<p>Landrat Burgdorf besucht Zentrale in Geeste Im Februar besuchte der im vergangenen Sommer neu gew\u00e4hlte Landrat des Landkreis Emsland, Marc-Andre Burgdorf, die Zentrale von Klasmann-Deilmann in Geeste. Es stellte sich heraus, dass der Landkreis Emsland und Klasmann-Deilmann viele Schnittpunkte haben und sich gegenseitig unterst\u00fctzen m\u00f6chten. Besonders aufmerksam wurde Landrat Burgdorf bei unserem Vorhaben der Rekultivierung von Moorfl\u00e4chen mit Torfmoosen. Dies sei insbesondere f\u00fcr die Wiederherrichtung des im Jahr 2018 durch einen Brand stark besch\u00e4digten Naturschutzgebietes \u201eTinner Dose\u201c interessant. Dieses Schutzgebiet<\/p>\n","protected":false},"author":18,"featured_media":0,"comment_status":"open","ping_status":"closed","sticky":false,"template":"","format":"standard","meta":{"_acf_changed":false,"inline_featured_image":false,"footnotes":""},"categories":[225],"tags":[],"class_list":["post-17662","post","type-post","status-publish","format-standard","hentry","category-unternehmen"],"acf":[],"yoast_head":"<!-- This site is optimized with the Yoast SEO plugin v27.5 - https:\/\/yoast.com\/product\/yoast-seo-wordpress\/ -->\n<title>Antrittsbesuch bei Klasmann-Deilmann - Klasmann-Deilmann<\/title>\n<meta name=\"robots\" content=\"index, follow, max-snippet:-1, max-image-preview:large, max-video-preview:-1\" \/>\n<link rel=\"canonical\" href=\"https:\/\/klasmann-deilmann.com\/de\/antrittsbesuch-bei-klasmann-deilmann\/\" \/>\n<meta property=\"og:locale\" content=\"de_DE\" \/>\n<meta property=\"og:type\" content=\"article\" \/>\n<meta property=\"og:title\" content=\"Antrittsbesuch bei Klasmann-Deilmann - Klasmann-Deilmann\" \/>\n<meta property=\"og:description\" content=\"Landrat Burgdorf besucht Zentrale in Geeste Im Februar besuchte der im vergangenen Sommer neu gew\u00e4hlte Landrat des Landkreis Emsland, Marc-Andre Burgdorf, die Zentrale von Klasmann-Deilmann in Geeste. Es stellte sich heraus, dass der Landkreis Emsland und Klasmann-Deilmann viele Schnittpunkte haben und sich gegenseitig unterst\u00fctzen m\u00f6chten. Besonders aufmerksam wurde Landrat Burgdorf bei unserem Vorhaben der Rekultivierung von Moorfl\u00e4chen mit Torfmoosen. Dies sei insbesondere f\u00fcr die Wiederherrichtung des im Jahr 2018 durch einen Brand stark besch\u00e4digten Naturschutzgebietes \u201eTinner Dose\u201c interessant. Dieses Schutzgebiet\" \/>\n<meta property=\"og:url\" content=\"https:\/\/klasmann-deilmann.com\/de\/antrittsbesuch-bei-klasmann-deilmann\/\" \/>\n<meta property=\"og:site_name\" content=\"Klasmann-Deilmann\" \/>\n<meta property=\"article:published_time\" content=\"2020-03-09T13:04:17+00:00\" \/>\n<meta property=\"og:image\" content=\"https:\/\/klasmann-deilmann.com\/wp-content\/uploads\/2020-03-09-Besuch-Burgdorf-Foto_Titelbild-scaled.jpg\" \/>\n<meta name=\"twitter:card\" content=\"summary_large_image\" \/>\n<meta name=\"twitter:label1\" content=\"Verfasst von\" \/>\n\t<meta name=\"twitter:data1\" content=\"\" \/>\n\t<meta name=\"twitter:label2\" content=\"Gesch\u00e4tzte Lesezeit\" \/>\n\t<meta name=\"twitter:data2\" content=\"2\u00a0Minuten\" \/>\n<script type=\"application\/ld+json\" class=\"yoast-schema-graph\">{\"@context\":\"https:\\\/\\\/schema.org\",\"@graph\":[{\"@type\":\"Article\",\"@id\":\"https:\\\/\\\/klasmann-deilmann.com\\\/de\\\/antrittsbesuch-bei-klasmann-deilmann\\\/#article\",\"isPartOf\":{\"@id\":\"https:\\\/\\\/klasmann-deilmann.com\\\/de\\\/antrittsbesuch-bei-klasmann-deilmann\\\/\"},\"author\":{\"name\":\"\",\"@id\":\"\"},\"headline\":\"Antrittsbesuch bei Klasmann-Deilmann\",\"datePublished\":\"2020-03-09T13:04:17+00:00\",\"mainEntityOfPage\":{\"@id\":\"https:\\\/\\\/klasmann-deilmann.com\\\/de\\\/antrittsbesuch-bei-klasmann-deilmann\\\/\"},\"wordCount\":316,\"commentCount\":0,\"image\":{\"@id\":\"https:\\\/\\\/klasmann-deilmann.com\\\/de\\\/antrittsbesuch-bei-klasmann-deilmann\\\/#primaryimage\"},\"thumbnailUrl\":\"https:\\\/\\\/klasmann-deilmann.com\\\/wp-content\\\/uploads\\\/2020-03-09-Besuch-Burgdorf-Foto-1-1024x683.jpg\",\"articleSection\":[\"Unternehmen\"],\"inLanguage\":\"de\",\"potentialAction\":[{\"@type\":\"CommentAction\",\"name\":\"Comment\",\"target\":[\"https:\\\/\\\/klasmann-deilmann.com\\\/de\\\/antrittsbesuch-bei-klasmann-deilmann\\\/#respond\"]}]},{\"@type\":\"WebPage\",\"@id\":\"https:\\\/\\\/klasmann-deilmann.com\\\/de\\\/antrittsbesuch-bei-klasmann-deilmann\\\/\",\"url\":\"https:\\\/\\\/klasmann-deilmann.com\\\/de\\\/antrittsbesuch-bei-klasmann-deilmann\\\/\",\"name\":\"Antrittsbesuch bei Klasmann-Deilmann - Klasmann-Deilmann\",\"isPartOf\":{\"@id\":\"https:\\\/\\\/klasmann-deilmann.com\\\/en\\\/#website\"},\"primaryImageOfPage\":{\"@id\":\"https:\\\/\\\/klasmann-deilmann.com\\\/de\\\/antrittsbesuch-bei-klasmann-deilmann\\\/#primaryimage\"},\"image\":{\"@id\":\"https:\\\/\\\/klasmann-deilmann.com\\\/de\\\/antrittsbesuch-bei-klasmann-deilmann\\\/#primaryimage\"},\"thumbnailUrl\":\"https:\\\/\\\/klasmann-deilmann.com\\\/wp-content\\\/uploads\\\/2020-03-09-Besuch-Burgdorf-Foto-1-1024x683.jpg\",\"datePublished\":\"2020-03-09T13:04:17+00:00\",\"author\":{\"@id\":\"\"},\"breadcrumb\":{\"@id\":\"https:\\\/\\\/klasmann-deilmann.com\\\/de\\\/antrittsbesuch-bei-klasmann-deilmann\\\/#breadcrumb\"},\"inLanguage\":\"de\",\"potentialAction\":[{\"@type\":\"ReadAction\",\"target\":[\"https:\\\/\\\/klasmann-deilmann.com\\\/de\\\/antrittsbesuch-bei-klasmann-deilmann\\\/\"]}]},{\"@type\":\"ImageObject\",\"inLanguage\":\"de\",\"@id\":\"https:\\\/\\\/klasmann-deilmann.com\\\/de\\\/antrittsbesuch-bei-klasmann-deilmann\\\/#primaryimage\",\"url\":\"https:\\\/\\\/klasmann-deilmann.com\\\/wp-content\\\/uploads\\\/2020-03-09-Besuch-Burgdorf-Foto-1-1024x683.jpg\",\"contentUrl\":\"https:\\\/\\\/klasmann-deilmann.com\\\/wp-content\\\/uploads\\\/2020-03-09-Besuch-Burgdorf-Foto-1-1024x683.jpg\"},{\"@type\":\"BreadcrumbList\",\"@id\":\"https:\\\/\\\/klasmann-deilmann.com\\\/de\\\/antrittsbesuch-bei-klasmann-deilmann\\\/#breadcrumb\",\"itemListElement\":[{\"@type\":\"ListItem\",\"position\":1,\"name\":\"Home\",\"item\":\"https:\\\/\\\/klasmann-deilmann.com\\\/de\\\/\"},{\"@type\":\"ListItem\",\"position\":2,\"name\":\"Antrittsbesuch bei Klasmann-Deilmann\"}]},{\"@type\":\"WebSite\",\"@id\":\"https:\\\/\\\/klasmann-deilmann.com\\\/en\\\/#website\",\"url\":\"https:\\\/\\\/klasmann-deilmann.com\\\/en\\\/\",\"name\":\"Klasmann-Deilmann\",\"description\":\"\",\"potentialAction\":[{\"@type\":\"SearchAction\",\"target\":{\"@type\":\"EntryPoint\",\"urlTemplate\":\"https:\\\/\\\/klasmann-deilmann.com\\\/en\\\/?s={search_term_string}\"},\"query-input\":{\"@type\":\"PropertyValueSpecification\",\"valueRequired\":true,\"valueName\":\"search_term_string\"}}],\"inLanguage\":\"de\"},{\"@type\":\"Person\",\"@id\":\"\",\"url\":\"https:\\\/\\\/klasmann-deilmann.com\\\/de\\\/author\\\/\"}]}<\/script>\n<!-- \/ Yoast SEO plugin. -->","yoast_head_json":{"title":"Antrittsbesuch bei Klasmann-Deilmann - Klasmann-Deilmann","robots":{"index":"index","follow":"follow","max-snippet":"max-snippet:-1","max-image-preview":"max-image-preview:large","max-video-preview":"max-video-preview:-1"},"canonical":"https:\/\/klasmann-deilmann.com\/de\/antrittsbesuch-bei-klasmann-deilmann\/","og_locale":"de_DE","og_type":"article","og_title":"Antrittsbesuch bei Klasmann-Deilmann - Klasmann-Deilmann","og_description":"Landrat Burgdorf besucht Zentrale in Geeste Im Februar besuchte der im vergangenen Sommer neu gew\u00e4hlte Landrat des Landkreis Emsland, Marc-Andre Burgdorf, die Zentrale von Klasmann-Deilmann in Geeste. Es stellte sich heraus, dass der Landkreis Emsland und Klasmann-Deilmann viele Schnittpunkte haben und sich gegenseitig unterst\u00fctzen m\u00f6chten. Besonders aufmerksam wurde Landrat Burgdorf bei unserem Vorhaben der Rekultivierung von Moorfl\u00e4chen mit Torfmoosen. Dies sei insbesondere f\u00fcr die Wiederherrichtung des im Jahr 2018 durch einen Brand stark besch\u00e4digten Naturschutzgebietes \u201eTinner Dose\u201c interessant. Dieses Schutzgebiet","og_url":"https:\/\/klasmann-deilmann.com\/de\/antrittsbesuch-bei-klasmann-deilmann\/","og_site_name":"Klasmann-Deilmann","article_published_time":"2020-03-09T13:04:17+00:00","og_image":[{"url":"https:\/\/klasmann-deilmann.com\/wp-content\/uploads\/2020-03-09-Besuch-Burgdorf-Foto_Titelbild-scaled.jpg","type":"","width":"","height":""}],"twitter_card":"summary_large_image","twitter_misc":{"Verfasst von":"","Gesch\u00e4tzte Lesezeit":"2\u00a0Minuten"},"schema":{"@context":"https:\/\/schema.org","@graph":[{"@type":"Article","@id":"https:\/\/klasmann-deilmann.com\/de\/antrittsbesuch-bei-klasmann-deilmann\/#article","isPartOf":{"@id":"https:\/\/klasmann-deilmann.com\/de\/antrittsbesuch-bei-klasmann-deilmann\/"},"author":{"name":"","@id":""},"headline":"Antrittsbesuch bei Klasmann-Deilmann","datePublished":"2020-03-09T13:04:17+00:00","mainEntityOfPage":{"@id":"https:\/\/klasmann-deilmann.com\/de\/antrittsbesuch-bei-klasmann-deilmann\/"},"wordCount":316,"commentCount":0,"image":{"@id":"https:\/\/klasmann-deilmann.com\/de\/antrittsbesuch-bei-klasmann-deilmann\/#primaryimage"},"thumbnailUrl":"https:\/\/klasmann-deilmann.com\/wp-content\/uploads\/2020-03-09-Besuch-Burgdorf-Foto-1-1024x683.jpg","articleSection":["Unternehmen"],"inLanguage":"de","potentialAction":[{"@type":"CommentAction","name":"Comment","target":["https:\/\/klasmann-deilmann.com\/de\/antrittsbesuch-bei-klasmann-deilmann\/#respond"]}]},{"@type":"WebPage","@id":"https:\/\/klasmann-deilmann.com\/de\/antrittsbesuch-bei-klasmann-deilmann\/","url":"https:\/\/klasmann-deilmann.com\/de\/antrittsbesuch-bei-klasmann-deilmann\/","name":"Antrittsbesuch bei Klasmann-Deilmann - Klasmann-Deilmann","isPartOf":{"@id":"https:\/\/klasmann-deilmann.com\/en\/#website"},"primaryImageOfPage":{"@id":"https:\/\/klasmann-deilmann.com\/de\/antrittsbesuch-bei-klasmann-deilmann\/#primaryimage"},"image":{"@id":"https:\/\/klasmann-deilmann.com\/de\/antrittsbesuch-bei-klasmann-deilmann\/#primaryimage"},"thumbnailUrl":"https:\/\/klasmann-deilmann.com\/wp-content\/uploads\/2020-03-09-Besuch-Burgdorf-Foto-1-1024x683.jpg","datePublished":"2020-03-09T13:04:17+00:00","author":{"@id":""},"breadcrumb":{"@id":"https:\/\/klasmann-deilmann.com\/de\/antrittsbesuch-bei-klasmann-deilmann\/#breadcrumb"},"inLanguage":"de","potentialAction":[{"@type":"ReadAction","target":["https:\/\/klasmann-deilmann.com\/de\/antrittsbesuch-bei-klasmann-deilmann\/"]}]},{"@type":"ImageObject","inLanguage":"de","@id":"https:\/\/klasmann-deilmann.com\/de\/antrittsbesuch-bei-klasmann-deilmann\/#primaryimage","url":"https:\/\/klasmann-deilmann.com\/wp-content\/uploads\/2020-03-09-Besuch-Burgdorf-Foto-1-1024x683.jpg","contentUrl":"https:\/\/klasmann-deilmann.com\/wp-content\/uploads\/2020-03-09-Besuch-Burgdorf-Foto-1-1024x683.jpg"},{"@type":"BreadcrumbList","@id":"https:\/\/klasmann-deilmann.com\/de\/antrittsbesuch-bei-klasmann-deilmann\/#breadcrumb","itemListElement":[{"@type":"ListItem","position":1,"name":"Home","item":"https:\/\/klasmann-deilmann.com\/de\/"},{"@type":"ListItem","position":2,"name":"Antrittsbesuch bei Klasmann-Deilmann"}]},{"@type":"WebSite","@id":"https:\/\/klasmann-deilmann.com\/en\/#website","url":"https:\/\/klasmann-deilmann.com\/en\/","name":"Klasmann-Deilmann","description":"","potentialAction":[{"@type":"SearchAction","target":{"@type":"EntryPoint","urlTemplate":"https:\/\/klasmann-deilmann.com\/en\/?s={search_term_string}"},"query-input":{"@type":"PropertyValueSpecification","valueRequired":true,"valueName":"search_term_string"}}],"inLanguage":"de"},{"@type":"Person","@id":"","url":"https:\/\/klasmann-deilmann.com\/de\/author\/"}]}},"_links":{"self":[{"href":"https:\/\/klasmann-deilmann.com\/de\/wp-json\/wp\/v2\/posts\/17662","targetHints":{"allow":["GET"]}}],"collection":[{"href":"https:\/\/klasmann-deilmann.com\/de\/wp-json\/wp\/v2\/posts"}],"about":[{"href":"https:\/\/klasmann-deilmann.com\/de\/wp-json\/wp\/v2\/types\/post"}],"author":[{"embeddable":true,"href":"https:\/\/klasmann-deilmann.com\/de\/wp-json\/wp\/v2\/users\/18"}],"replies":[{"embeddable":true,"href":"https:\/\/klasmann-deilmann.com\/de\/wp-json\/wp\/v2\/comments?post=17662"}],"version-history":[{"count":5,"href":"https:\/\/klasmann-deilmann.com\/de\/wp-json\/wp\/v2\/posts\/17662\/revisions"}],"predecessor-version":[{"id":17691,"href":"https:\/\/klasmann-deilmann.com\/de\/wp-json\/wp\/v2\/posts\/17662\/revisions\/17691"}],"wp:attachment":[{"href":"https:\/\/klasmann-deilmann.com\/de\/wp-json\/wp\/v2\/media?parent=17662"}],"wp:term":[{"taxonomy":"category","embeddable":true,"href":"https:\/\/klasmann-deilmann.com\/de\/wp-json\/wp\/v2\/categories?post=17662"},{"taxonomy":"post_tag","embeddable":true,"href":"https:\/\/klasmann-deilmann.com\/de\/wp-json\/wp\/v2\/tags?post=17662"}],"curies":[{"name":"wp","href":"https:\/\/api.w.org\/{rel}","templated":true}]}}