{"id":15553,"date":"2019-09-06T00:01:00","date_gmt":"2019-09-05T22:01:00","guid":{"rendered":"https:\/\/klasmann-deilmann.com\/?p=15553"},"modified":"2019-09-05T15:11:46","modified_gmt":"2019-09-05T13:11:46","slug":"das-gebaeude-erzaehlt-eine-geschichte","status":"publish","type":"post","link":"https:\/\/klasmann-deilmann.com\/de\/das-gebaeude-erzaehlt-eine-geschichte\/","title":{"rendered":"Das Geb\u00e4ude erz\u00e4hlt eine Geschichte"},"content":{"rendered":"<h2>Eine F\u00fchrung durch das Innovation Center<\/h2>\n<p><strong>Kleine Details sind \u00fcberall versteckt und nicht jeder kennt sie oder nimmt sie auf den ersten Blick wahr. Dirk R\u00f6se (Leiter Corporate Communication) hat mich auf eine Tour durch das Innovation Center mitgenommen, um mir die Geschichte hinter dem Geb\u00e4ude zu erz\u00e4hlen.<\/strong><\/p>\n<p><img loading=\"lazy\" decoding=\"async\" class=\"aligncenter wp-image-15554 size-large\" src=\"https:\/\/klasmann-deilmann.com\/wp-content\/uploads\/2019-08-29-Eine-F\u00fchrung-durch-das-Innovation-Center-01-1024x683.jpg\" alt=\"\" width=\"680\" height=\"454\" srcset=\"https:\/\/klasmann-deilmann.com\/wp-content\/uploads\/2019-08-29-Eine-F\u00fchrung-durch-das-Innovation-Center-01-1024x683.jpg 1024w, https:\/\/klasmann-deilmann.com\/wp-content\/uploads\/2019-08-29-Eine-F\u00fchrung-durch-das-Innovation-Center-01-300x200.jpg 300w, https:\/\/klasmann-deilmann.com\/wp-content\/uploads\/2019-08-29-Eine-F\u00fchrung-durch-das-Innovation-Center-01-768x512.jpg 768w, https:\/\/klasmann-deilmann.com\/wp-content\/uploads\/2019-08-29-Eine-F\u00fchrung-durch-das-Innovation-Center-01-125x83.jpg 125w\" sizes=\"auto, (max-width: 680px) 100vw, 680px\" \/><\/p>\n<h3>Unsere F\u00fchrung beginnt drau\u00dfen vor dem Innovation Center<\/h3>\n<p>Die besondere Form und das eher untypische Aussehen des Geb\u00e4udes fallen sofort auf.<\/p>\n<p><strong>Skadi: Wie kam es zu dieser Form des Geb\u00e4udes?<\/strong><\/p>\n<p><strong>Dirk:<\/strong> Das Geb\u00e4ude soll sich in die Landschaft einf\u00fcgen, es soll nicht st\u00f6rend wirken, sondern einen angenehmen Akzent setzen. Den Architekten ist das sehr gut gelungen. Insbesondere die gro\u00dfen Fenster und die geraden Linien f\u00fchren dazu, dass das Geb\u00e4ude aus der Ferne eher zierlich wirkt. Erst wer ins Foyer kommt, erkennt, wie gro\u00df es wirklich ist. Viele G\u00e4ste sind \u00fcberrascht, wenn sie das Innovation Center das erste Mal betreten.<\/p>\n<p>Wir machen uns auf den Weg in das Innovation Center, halten aber schon auf der Br\u00fccke wieder an.<strong><img decoding=\"async\" class=\"img_right\" title=\"\" src=\"http:\/\/kpoint\/img_files\/a-bis-z\/.1\/2019-08-29-eine-fuehrung-durch-das-innovation-center-02.jpg\" alt=\"\" \/><\/strong><\/p>\n<p><strong>Skadi:<\/strong> <strong>Was hat es mit diesem Becken auf sich? Es ist mit Torf gef\u00fcllt, es wird von einem Graben durchzogen, der durch Regenwasser gespeist wird, und es wachsen \u00fcberall hochmoortypische Pflanzen, vor allem Torfmoose.<\/strong><\/p>\n<p><img loading=\"lazy\" decoding=\"async\" width=\"300\" height=\"200\" class=\"size-medium wp-image-15594 alignright\" src=\"\/wp-content\/uploads\/2019-08-29-Eine-F\u00fchrung-durch-das-Innovation-Center-02-300x200.jpg\" alt=\"\" srcset=\"https:\/\/klasmann-deilmann.com\/wp-content\/uploads\/2019-08-29-Eine-F\u00fchrung-durch-das-Innovation-Center-02-300x200.jpg 300w, https:\/\/klasmann-deilmann.com\/wp-content\/uploads\/2019-08-29-Eine-F\u00fchrung-durch-das-Innovation-Center-02-768x512.jpg 768w, https:\/\/klasmann-deilmann.com\/wp-content\/uploads\/2019-08-29-Eine-F\u00fchrung-durch-das-Innovation-Center-02-1024x682.jpg 1024w, https:\/\/klasmann-deilmann.com\/wp-content\/uploads\/2019-08-29-Eine-F\u00fchrung-durch-das-Innovation-Center-02-125x83.jpg 125w, https:\/\/klasmann-deilmann.com\/wp-content\/uploads\/2019-08-29-Eine-F\u00fchrung-durch-das-Innovation-Center-02.jpg 2000w\" sizes=\"auto, (max-width: 300px) 100vw, 300px\" \/><\/p>\n<p><strong>Dirk:<\/strong> Das Torfbecken und die Br\u00fccke haben f\u00fcr uns eine wichtige Bedeutung. Der Rohstoff Torf zieht sich wie ein roter Faden durch die Geschichte von Klasmann-Deilmann, er ist bis heute eine zentrale Grundlage f\u00fcr unseren anhaltenden Erfolg. Hinter dem Torfbecken verbirgt sich eine Symbolik: Wer zu Klasmann-Deilmann gelangen m\u00f6chte, kommt am Torf nicht vorbei, sondern muss ihn einmal \u00fcberqueren. Unsere enge Verbundenheit mit diesem Rohstoff kommt damit zum Ausdruck. Gleichzeitig l\u00e4sst man den Torf hinter sich, wenn die Br\u00fccke \u00fcberquert ist. Hinter dem Torf geht es weiter und genau genommen beginnt erst hinter dem Torf das Innovation Center \u2026<\/p>\n<p><strong>Skadi:<\/strong> <strong>Und die Torfmoose?<\/strong><\/p>\n<p><strong>Dirk:<\/strong> Das ist die dritte Symbolik hinter dem Torfbecken. Torfmoose, Sonnentau und andere hochmoortypische Pflanzen zeigen, dass wir nach der Gewinnung auch f\u00fcr die Renaturierung sorgen. Gerade bei diesem Thema machen wir derzeit wieder gro\u00dfe Fortschritte und entwickeln unsere Kompetenzen weiter. Die gezielte Ansiedlung von Torfmoosen beschleunigt die Renaturierung. Das kann man im Torfbecken besonders gut erkennen.<\/p>\n<p><strong>Skadi:<\/strong> <strong>Was man von hier ja nicht erkennen kann, ist die U-Form des Geb\u00e4udes. Hat auch sie einen tieferen Sinn?<\/strong><\/p>\n<p><strong>Dirk:<\/strong> Jedes Geb\u00e4ude bildet eine in sich geschlossene Einheit. Dass wir aber keine abgeschottete Welt sind, in der wir um uns selbst kreisen, verdeutlicht die U-Form. Das Geb\u00e4ude bleibt an einer Stelle offen, so dass sich Horizonte \u00f6ffnen. Der Blick geht in die Weite, geht in die Zukunft, geht bewusst auch ein wenig ins Ungewisse.<\/p>\n<p><strong>Skadi: Die Br\u00fccke symbolisiert also auch einen \u00dcbergang von der Gegenwart in die Zukunft?<\/strong><\/p>\n<p><strong>Dirk:<\/strong> Ja, ganz genau.<\/p>\n<h3>Im Geb\u00e4ude geht unsere F\u00fchrung weiter<\/h3>\n<p>In der Eingangshalle fallen mir direkt die gro\u00dfen Schwarz-Wei\u00df-Bilder auf, die offenbar Menschen aus der ganzen Welt zeigen. Nur ein paar davon konnte ich in meiner kurzen Zeit im Unternehmen kennenlernen.<\/p>\n<p><strong><img loading=\"lazy\" decoding=\"async\" width=\"300\" height=\"200\" class=\"size-medium wp-image-15586 alignleft\" src=\"\/wp-content\/uploads\/2019-08-29-Eine-F\u00fchrung-durch-das-Innovation-Center-03-300x200.jpg\" alt=\"\" srcset=\"https:\/\/klasmann-deilmann.com\/wp-content\/uploads\/2019-08-29-Eine-F\u00fchrung-durch-das-Innovation-Center-03-300x200.jpg 300w, https:\/\/klasmann-deilmann.com\/wp-content\/uploads\/2019-08-29-Eine-F\u00fchrung-durch-das-Innovation-Center-03-768x512.jpg 768w, https:\/\/klasmann-deilmann.com\/wp-content\/uploads\/2019-08-29-Eine-F\u00fchrung-durch-das-Innovation-Center-03-1024x682.jpg 1024w, https:\/\/klasmann-deilmann.com\/wp-content\/uploads\/2019-08-29-Eine-F\u00fchrung-durch-das-Innovation-Center-03-125x83.jpg 125w, https:\/\/klasmann-deilmann.com\/wp-content\/uploads\/2019-08-29-Eine-F\u00fchrung-durch-das-Innovation-Center-03.jpg 2000w\" sizes=\"auto, (max-width: 300px) 100vw, 300px\" \/><\/strong><\/p>\n<p><strong>Skadi: Die Bilder zeigen Mitarbeiterinnen und Mitarbeiter von Klasmann-Deilmann, richtig?<\/strong><\/p>\n<p><strong>Dirk:<\/strong> Ja und nein. Wir sehen hier zum einen Kolleginnen und Kollegen aus Deutschland, Frankreich und den Niederlanden. Dar\u00fcber hinaus haben wir aber auch Bilder unserer Kunden aus Irland, Marokko und China ausgew\u00e4hlt. Dargestellt wird auf diese Weise die gro\u00dfe Klasmann-Deilmann-Familie, die nicht nur die ganze Welt umspannt, sondern gleicherma\u00dfen auch unsere Partnerunternehmen und unsere Kunden einbezieht.<\/p>\n<p><strong>Skadi:<\/strong> <strong>Die Weltkarte an der Wand ist ja eher ein typisches Motiv, f\u00fcr das sich viele Unternehmen entscheiden.<\/strong><\/p>\n<p><strong>Dirk:<\/strong> Das ist tats\u00e4chlich so. Wenn ein Unternehmen die eigene Internationalit\u00e4t auf einen Blick zeigen m\u00f6chte, ist die Weltkarte nach wie vor das Bild, das jeder Betrachter sofort erfassen kann. Und viele G\u00e4ste sind doch erstaunt, weil ihnen nicht bewusst war, dass wir von Europa aus bis nach Hawaii, Chile, Japan und Neuseeland unterwegs sind, wie viele Tochtergesellschaften und Vertriebspartner wir haben.<\/p>\n<p><strong>Skadi: Die Eingangshalle ist wirklich gro\u00df und sehr offen.<\/strong><\/p>\n<p><strong>Dirk:<\/strong> Sie soll zeigen, dass hier genug Platz f\u00fcr Ideen und Innovationen ist, die uns weiter nach vorne bringen. Die offene Bauweise zieht sich \u00fcbrigens durch das ganze Geb\u00e4ude. Anstelle von Mauern wurden \u00fcberall Glasw\u00e4nde eingezogen oder sogar ganz auf W\u00e4nde verzichtet. Die Transparenz, die wir nach au\u00dfen immer st\u00e4rker pflegen, hat hier eine Entsprechung nach innen.<\/p>\n<p><strong>Skadi: Die W\u00e4nde sind wei\u00df gestrichen, hier und da gibt es Sichtbeton, immer wieder sieht man Holz.<\/strong><\/p>\n<p><strong>Dirk:<\/strong> Ma\u00dfgabe war, dem Licht von au\u00dfen im Innern m\u00f6glichst wenige Grenzen zu setzen. Auch das sprach f\u00fcr Glasw\u00e4nde. Und deshalb blieben auch die Betonmauern hell. Holz ist nat\u00fcrlich an sich ein toller Baustoff, und es lag nahe, ihn zu nutzen. Dass die Fassade mit Holz verkleidet ist, dass wir auch im Innern viel Holz sehen, hat aber vor allem mit unseren Gesch\u00e4ftsmodellen zu tun. Im Substratbereich nutzen wir immer mehr Holz, wir heizen mit Holz, wir sind im Bereich der nachwachsenden Rohstoffe und erneuerbaren Energien aktiv.<\/p>\n<h3>Der Ausstellungsbereich<\/h3>\n<p><img loading=\"lazy\" decoding=\"async\" width=\"300\" height=\"194\" class=\"size-medium wp-image-15610 alignright\" src=\"\/wp-content\/uploads\/2019-08-29-Eine-F\u00fchrung-durch-das-Innovation-Center-07-300x194.jpg\" alt=\"\" srcset=\"https:\/\/klasmann-deilmann.com\/wp-content\/uploads\/2019-08-29-Eine-F\u00fchrung-durch-das-Innovation-Center-07-300x194.jpg 300w, https:\/\/klasmann-deilmann.com\/wp-content\/uploads\/2019-08-29-Eine-F\u00fchrung-durch-das-Innovation-Center-07-768x497.jpg 768w, https:\/\/klasmann-deilmann.com\/wp-content\/uploads\/2019-08-29-Eine-F\u00fchrung-durch-das-Innovation-Center-07-1024x663.jpg 1024w, https:\/\/klasmann-deilmann.com\/wp-content\/uploads\/2019-08-29-Eine-F\u00fchrung-durch-das-Innovation-Center-07-125x81.jpg 125w\" sizes=\"auto, (max-width: 300px) 100vw, 300px\" \/><\/p>\n<p>Unser Weg f\u00fchrt nun tiefer ins Geb\u00e4ude hinein. Rechts sind unsere Rohstoffe in den Boden eingelassen: Schwarztorf, Wei\u00dftorf, Holzfasern, Gr\u00fcnkompost, aber auch D\u00fcnger, Sand, Tongranulat und sogar der Growcoon. Direkt gegen\u00fcber stehen drei Ausstellungsw\u00e4nde, auf denen zurzeit Fotos der letzten Internationalen Pflanzenmesse zu sehen sind \u2013 und wieder viele unserer Vertriebspartner und Kunden.&nbsp;<strong>&nbsp;&nbsp; <\/strong><\/p>\n<p><strong>Skadi: Hier beginnt der Ausstellungsbereich \u2026<\/strong><\/p>\n<p><strong>Dirk:<\/strong> \u2026 mit unseren Rohstoffen. Die soll man sich hier \u00fcbrigens nur anschauen. Wer sie auch anfassen m\u00f6chte, findet weiter hinten vier Schubladen, in denen die gleichen Stoffe greifbar sind.<\/p>\n<p><strong>Skadi: Geradeaus h\u00e4ngen unsere Verpackungen, in Einzelteile zerlegt, um auf die pr\u00e4genden Elemente aufmerksam zu machen.<\/strong><\/p>\n<p><strong>Dirk:<\/strong> Nach den Menschen, die hier arbeiten, und den Rohstoffen wird nun unser Endprodukt gew\u00fcrdigt &#8211; der Kern unserer Arbeit.<\/p>\n<p>Au\u00dferdem gibt es vier Kurzfilme, die ganz bewusst ohne Ton laufen und eine kurze Einf\u00fchrung in wichtige Themen geben: unsere Substrate, unsere Vision, unser Bereich Bioenergy und unsere nachhaltige Entwicklung.<img decoding=\"async\" class=\"img_left\" title=\"\" src=\"http:\/\/kpoint\/img_files\/a-bis-z\/.1\/2019-08-29-eine-fuehrung-durch-das-innovation-center-05.jpg\" alt=\"\" \/><\/p>\n<p><img loading=\"lazy\" decoding=\"async\" width=\"300\" height=\"219\" class=\"size-medium wp-image-15570 alignleft\" src=\"\/wp-content\/uploads\/2019-08-29-Eine-F\u00fchrung-durch-das-Innovation-Center-05-300x219.jpg\" alt=\"\" srcset=\"https:\/\/klasmann-deilmann.com\/wp-content\/uploads\/2019-08-29-Eine-F\u00fchrung-durch-das-Innovation-Center-05-300x219.jpg 300w, https:\/\/klasmann-deilmann.com\/wp-content\/uploads\/2019-08-29-Eine-F\u00fchrung-durch-das-Innovation-Center-05-768x560.jpg 768w, https:\/\/klasmann-deilmann.com\/wp-content\/uploads\/2019-08-29-Eine-F\u00fchrung-durch-das-Innovation-Center-05-1024x746.jpg 1024w, https:\/\/klasmann-deilmann.com\/wp-content\/uploads\/2019-08-29-Eine-F\u00fchrung-durch-das-Innovation-Center-05-125x91.jpg 125w, https:\/\/klasmann-deilmann.com\/wp-content\/uploads\/2019-08-29-Eine-F\u00fchrung-durch-das-Innovation-Center-05.jpg 2000w\" sizes=\"auto, (max-width: 300px) 100vw, 300px\" \/><strong>Skadi: Vermutlich bleiben aber viele Besucher am Touch-Table stehen \u2026<\/strong><\/p>\n<p><strong>Dirk:<\/strong> Das stimmt allerdings. Wenn es die Zeit erlaubt, gehe ich mit manchen Besuchergruppen am Ende einer Veranstaltung hierher und bitte sie, das Quiz zu spielen. Dann k\u00f6nnen sie testen, was sie schon \u00fcber Klasmann-Deilmann wissen. Das funktioniert \u00fcbrigens auch gut mit Praktikanten, bevor sie uns wieder verlassen \u2026<\/p>\n<p><strong>Skadi: Danke f\u00fcr den Tipp, ich werde mich gut vorbereiten.<\/strong><\/p>\n<p>Unter dem Bildschirm entdecke ich Schubladen mit gro\u00dfen Plakaten, die hervorgezogen werden k\u00f6nnen und unsere Wertsch\u00f6pfungskette mit den wichtigsten Daten und Fakten pr\u00e4sentieren.<\/p>\n<p><img loading=\"lazy\" decoding=\"async\" width=\"300\" height=\"200\" class=\"size-medium wp-image-15562 alignright\" src=\"\/wp-content\/uploads\/2019-08-29-Eine-F\u00fchrung-durch-das-Innovation-Center-06-300x200.jpg\" alt=\"\" srcset=\"https:\/\/klasmann-deilmann.com\/wp-content\/uploads\/2019-08-29-Eine-F\u00fchrung-durch-das-Innovation-Center-06-300x200.jpg 300w, https:\/\/klasmann-deilmann.com\/wp-content\/uploads\/2019-08-29-Eine-F\u00fchrung-durch-das-Innovation-Center-06-768x512.jpg 768w, https:\/\/klasmann-deilmann.com\/wp-content\/uploads\/2019-08-29-Eine-F\u00fchrung-durch-das-Innovation-Center-06-1024x682.jpg 1024w, https:\/\/klasmann-deilmann.com\/wp-content\/uploads\/2019-08-29-Eine-F\u00fchrung-durch-das-Innovation-Center-06-125x83.jpg 125w, https:\/\/klasmann-deilmann.com\/wp-content\/uploads\/2019-08-29-Eine-F\u00fchrung-durch-das-Innovation-Center-06.jpg 2000w\" sizes=\"auto, (max-width: 300px) 100vw, 300px\" \/><img decoding=\"async\" class=\"img_right\" title=\"\" src=\"http:\/\/kpoint\/img_files\/a-bis-z\/.1\/2019-08-29-eine-fuehrung-durch-das-innovation-center-06.jpg\" alt=\"\" \/>Mein Blick f\u00e4llt dann auf die Bibliothek. Hier findet man Sachb\u00fccher \u00fcber Moore, Torfabbau und Renaturierung, \u00fcber den Gartenbau, Substrate und Substratausgangsstoffe, \u00fcber die Geschichte unserer Branche und unseres Unternehmens sowie zahlreiche B\u00fccher zu wirtschaftlichen Themen.<\/p>\n<p><strong>Dirk:<\/strong> Die B\u00fccher der Bibliothek sind nicht nur zum Ansehen gedacht, man darf sie auch ausleihen.<\/p>\n<h3>Der Innenbereich<\/h3>\n<p>Nachdem wir nun den gesamten Bereich der Eingangshalle, der Bibliothek und der Ausstellung erkundet haben, werfen wir einen kurzen Blick in einen der B\u00fcrobereiche.<\/p>\n<p><strong>Skadi: Wie kam es zu dieser Innenausstattung? Die M\u00f6bel in ihren Pastellt\u00f6nen wirken sehr freundlich.<\/strong><\/p>\n<p><strong>Dirk:<\/strong> Die Natur hat die Farbgebung bestimmt. Die Innenarchitekten haben sich an der Palette von Farbt\u00f6nen der Landschaft orientiert: Gr\u00fcn, Orange, Gelb, auch ein wenig Rot, selbst Grau und Wei\u00df z\u00e4hlen zur Farbpalette der Natur und \u2013 ganz klar &#8211; auch wieder das Holz. Ist dir aufgefallen, welche Farbe fehlt?<\/p>\n<p><strong>Skadi: Der blaue Himmel fehlt.<\/strong><\/p>\n<p><img loading=\"lazy\" decoding=\"async\" class=\" wp-image-15578 alignleft\" src=\"\/wp-content\/uploads\/2019-08-29-Eine-F\u00fchrung-durch-das-Innovation-Center-04-300x200.jpg\" alt=\"\" width=\"294\" height=\"196\" srcset=\"https:\/\/klasmann-deilmann.com\/wp-content\/uploads\/2019-08-29-Eine-F\u00fchrung-durch-das-Innovation-Center-04-300x200.jpg 300w, https:\/\/klasmann-deilmann.com\/wp-content\/uploads\/2019-08-29-Eine-F\u00fchrung-durch-das-Innovation-Center-04-768x512.jpg 768w, https:\/\/klasmann-deilmann.com\/wp-content\/uploads\/2019-08-29-Eine-F\u00fchrung-durch-das-Innovation-Center-04-1024x682.jpg 1024w, https:\/\/klasmann-deilmann.com\/wp-content\/uploads\/2019-08-29-Eine-F\u00fchrung-durch-das-Innovation-Center-04-125x83.jpg 125w, https:\/\/klasmann-deilmann.com\/wp-content\/uploads\/2019-08-29-Eine-F\u00fchrung-durch-das-Innovation-Center-04.jpg 2000w\" sizes=\"auto, (max-width: 294px) 100vw, 294px\" \/><strong>Dirk:<\/strong> Und sogar daf\u00fcr gibt es einen Grund: Blau ist im Corporate Design von Klasmann-Deilmann nicht vorgesehen, alle anderen Farben aber sehr wohl. Den meisten G\u00e4sten f\u00e4llt das \u00fcbrigens gar nicht auf.&nbsp; &nbsp;<img decoding=\"async\" class=\"img_left\" title=\"\" src=\"http:\/\/kpoint\/img_files\/a-bis-z\/.1\/2019-08-29-eine-fuehrung-durch-das-innovation-center-04.jpg\" alt=\"\" \/><\/p>\n<p>Dar\u00fcber hinaus gibt es auch eine pr\u00e4gende Form, die sich \u00fcberall wiederfindet.<\/p>\n<p><strong>Skadi: Die langgestreckten Fl\u00e4chen?<\/strong><\/p>\n<p><strong>Dirk:<\/strong> Genau. Die langgezogenen Formen sind eine Hommage an unsere Torfgewinnungsfl\u00e4chen. Man findet sie \u00fcberall im Geb\u00e4ude. Die Au\u00dfenfassade hat sie, es gibt Teppiche, deren Muster aus langen Linien besteht, das feuerbehandelte Holz der Raumtrenner besteht aus derselben Form, die R\u00fcckenlehnen vieler St\u00fchle und der Alkoven sind langgestreckt, selbstverst\u00e4ndlich auch die Jalousien und die B\u00fcrotische.<\/p>\n<h3>Natur als Vorbild<img decoding=\"async\" class=\"img_right\" title=\"\" src=\"http:\/\/kpoint\/img_files\/a-bis-z\/.1\/2019-08-29-eine-fuehrung-durch-das-innovation-center-08.jpg\" alt=\"\" \/><\/h3>\n<p>Wir laufen \u00fcber weiche Teppiche, die eine schalld\u00e4mmende Funktion haben. Auch von der Decke h\u00e4ngen schallschluckende Platten herab. Obwohl hier einige Kolleginnen und Kollegen quasi im selben Raum arbeiten, reden und telefonieren, bleibt es \u00fcberraschend ruhig.<\/p>\n<p>Unser Weg f\u00fchrt durch die Academy, in der ausnahmsweise keine der zahlreichen Veranstaltungen stattfindet. Auch die Meeting Points sind gerade menschenleer. Nur in der Cantina, durch die schon dezent der leckere Duft des bevorstehenden Mittagessens zieht, sitzen einige Kolleginnen und Kollegen beim Kaffee zusammen, auf dem Tisch einige Unterlagen.<\/p>\n<p><img loading=\"lazy\" decoding=\"async\" width=\"300\" height=\"181\" class=\"size-medium wp-image-15602 alignright\" src=\"\/wp-content\/uploads\/2019-08-29-Eine-F\u00fchrung-durch-das-Innovation-Center-08-300x181.jpg\" alt=\"\" srcset=\"https:\/\/klasmann-deilmann.com\/wp-content\/uploads\/2019-08-29-Eine-F\u00fchrung-durch-das-Innovation-Center-08-300x181.jpg 300w, https:\/\/klasmann-deilmann.com\/wp-content\/uploads\/2019-08-29-Eine-F\u00fchrung-durch-das-Innovation-Center-08-768x462.jpg 768w, https:\/\/klasmann-deilmann.com\/wp-content\/uploads\/2019-08-29-Eine-F\u00fchrung-durch-das-Innovation-Center-08-1024x617.jpg 1024w, https:\/\/klasmann-deilmann.com\/wp-content\/uploads\/2019-08-29-Eine-F\u00fchrung-durch-das-Innovation-Center-08-125x75.jpg 125w\" sizes=\"auto, (max-width: 300px) 100vw, 300px\" \/><\/p>\n<p>Mir f\u00e4llt auf, dass alle Gegenst\u00e4nde eckig sind \u2013 abgesehen von der Mauer an der Zentrale und einer Wand im Sitzungsraum Geeste. Diese sind die einzigen abgerundeten Formen im Innovation Center. Ich habe den Eindruck, das Geb\u00e4ude mit den dahinterstehenden Ideen schon deutlich besser zu verstehen.<\/p>\n<p>Dennoch bleibt f\u00fcr mich eine Frage offen \u2026<\/p>\n<p><strong>Skadi: Was macht deiner Meinung nach das Geb\u00e4ude so besonders?<\/strong><\/p>\n<p><strong>Dirk:<\/strong> Wir arbeiten seit mehr als zehn Jahren daran, Klasmann-Deilmann neu zu definieren. Es geht um neue Rohstoffe, mehr Transparenz, neue Ideen, \u00fcbergreifende Kooperationen, offenen Dialog, mehr Innovationen, eine nachhaltige Entwicklung, gezielte Wege in die Zukunft. Vor allem nach au\u00dfen und auf Produktebene haben wir in dieser Zeit sehr viel erreicht. Auch nach innen kommen wir mit gro\u00dfen Schritten voran. Alle diese ambitionierten Vorhaben und Entwicklungen spiegeln sich im Innovation Center wieder. Wir haben nun das Geb\u00e4ude, das zu uns passt.<\/p>\n<p><strong>Damit endet unser Rundgang durch das Innovation Center und ich bedanke mich f\u00fcr die Einblicke in ein eindrucksvolles Geb\u00e4ude.<\/strong><\/p>\n<p>&nbsp;<\/p>\n<style type=\"text\/css\">\n\t\t\t#gallery-1 {\n\t\t\t\tmargin: auto;\n\t\t\t}\n\t\t\t#gallery-1 .gallery-item {\n\t\t\t\tfloat: left;\n\t\t\t\tmargin-top: 10px;\n\t\t\t\ttext-align: center;\n\t\t\t\twidth: 25%;\n\t\t\t}\n\t\t\t#gallery-1 img {\n\t\t\t\tborder: 2px solid #cfcfcf;\n\t\t\t}\n\t\t\t#gallery-1 .gallery-caption {\n\t\t\t\tmargin-left: 0;\n\t\t\t}\n\t\t\t\/* see gallery_shortcode() in wp-includes\/media.php *\/\n\t\t<\/style>\n<div id='gallery-1' class='gallery galleryid-15553 gallery-columns-4 gallery-size-thumbnail'>\n<dl class='gallery-item'>\n<dt class='gallery-icon landscape'>\n\t\t\t\t<a href='https:\/\/klasmann-deilmann.com\/de\/das-gebaeude-erzaehlt-eine-geschichte\/2019-08-29-eine-fuehrung-durch-das-innovation-center-01\/'><img loading=\"lazy\" decoding=\"async\" width=\"150\" height=\"150\" src=\"https:\/\/klasmann-deilmann.com\/wp-content\/uploads\/2019-08-29-Eine-F\u00fchrung-durch-das-Innovation-Center-01-150x150.jpg\" class=\"attachment-thumbnail size-thumbnail\" alt=\"\" \/><\/a>\n\t\t\t<\/dt>\n<\/dl>\n<dl class='gallery-item'>\n<dt class='gallery-icon landscape'>\n\t\t\t\t<a href='https:\/\/klasmann-deilmann.com\/de\/das-gebaeude-erzaehlt-eine-geschichte\/2019-08-29-eine-fuehrung-durch-das-innovation-center-02\/'><img loading=\"lazy\" decoding=\"async\" width=\"150\" height=\"150\" src=\"https:\/\/klasmann-deilmann.com\/wp-content\/uploads\/2019-08-29-Eine-F\u00fchrung-durch-das-Innovation-Center-02-150x150.jpg\" class=\"attachment-thumbnail size-thumbnail\" alt=\"\" \/><\/a>\n\t\t\t<\/dt>\n<\/dl>\n<dl class='gallery-item'>\n<dt class='gallery-icon landscape'>\n\t\t\t\t<a href='https:\/\/klasmann-deilmann.com\/de\/das-gebaeude-erzaehlt-eine-geschichte\/2019-08-29-eine-fuehrung-durch-das-innovation-center-03\/'><img loading=\"lazy\" decoding=\"async\" width=\"150\" height=\"150\" src=\"https:\/\/klasmann-deilmann.com\/wp-content\/uploads\/2019-08-29-Eine-F\u00fchrung-durch-das-Innovation-Center-03-150x150.jpg\" class=\"attachment-thumbnail size-thumbnail\" alt=\"\" \/><\/a>\n\t\t\t<\/dt>\n<\/dl>\n<dl class='gallery-item'>\n<dt class='gallery-icon landscape'>\n\t\t\t\t<a href='https:\/\/klasmann-deilmann.com\/de\/das-gebaeude-erzaehlt-eine-geschichte\/2019-08-29-eine-fuehrung-durch-das-innovation-center-07\/'><img loading=\"lazy\" decoding=\"async\" width=\"150\" height=\"150\" src=\"https:\/\/klasmann-deilmann.com\/wp-content\/uploads\/2019-08-29-Eine-F\u00fchrung-durch-das-Innovation-Center-07-150x150.jpg\" class=\"attachment-thumbnail size-thumbnail\" alt=\"\" \/><\/a>\n\t\t\t<\/dt>\n<\/dl>\n<p><br style=\"clear: both\" \/><\/p>\n<dl class='gallery-item'>\n<dt class='gallery-icon landscape'>\n\t\t\t\t<a href='https:\/\/klasmann-deilmann.com\/de\/das-gebaeude-erzaehlt-eine-geschichte\/2019-08-29-eine-fuehrung-durch-das-innovation-center-05\/'><img loading=\"lazy\" decoding=\"async\" width=\"150\" height=\"150\" src=\"https:\/\/klasmann-deilmann.com\/wp-content\/uploads\/2019-08-29-Eine-F\u00fchrung-durch-das-Innovation-Center-05-150x150.jpg\" class=\"attachment-thumbnail size-thumbnail\" alt=\"\" \/><\/a>\n\t\t\t<\/dt>\n<\/dl>\n<dl class='gallery-item'>\n<dt class='gallery-icon landscape'>\n\t\t\t\t<a href='https:\/\/klasmann-deilmann.com\/de\/das-gebaeude-erzaehlt-eine-geschichte\/2019-08-29-eine-fuehrung-durch-das-innovation-center-06\/'><img loading=\"lazy\" decoding=\"async\" width=\"150\" height=\"150\" src=\"https:\/\/klasmann-deilmann.com\/wp-content\/uploads\/2019-08-29-Eine-F\u00fchrung-durch-das-Innovation-Center-06-150x150.jpg\" class=\"attachment-thumbnail size-thumbnail\" alt=\"\" \/><\/a>\n\t\t\t<\/dt>\n<\/dl>\n<dl class='gallery-item'>\n<dt class='gallery-icon landscape'>\n\t\t\t\t<a href='https:\/\/klasmann-deilmann.com\/de\/das-gebaeude-erzaehlt-eine-geschichte\/2019-08-29-eine-fuehrung-durch-das-innovation-center-04\/'><img loading=\"lazy\" decoding=\"async\" width=\"150\" height=\"150\" src=\"https:\/\/klasmann-deilmann.com\/wp-content\/uploads\/2019-08-29-Eine-F\u00fchrung-durch-das-Innovation-Center-04-150x150.jpg\" class=\"attachment-thumbnail size-thumbnail\" alt=\"\" \/><\/a>\n\t\t\t<\/dt>\n<\/dl>\n<dl class='gallery-item'>\n<dt class='gallery-icon landscape'>\n\t\t\t\t<a href='https:\/\/klasmann-deilmann.com\/de\/das-gebaeude-erzaehlt-eine-geschichte\/2019-08-29-eine-fuehrung-durch-das-innovation-center-08\/'><img loading=\"lazy\" decoding=\"async\" width=\"150\" height=\"150\" src=\"https:\/\/klasmann-deilmann.com\/wp-content\/uploads\/2019-08-29-Eine-F\u00fchrung-durch-das-Innovation-Center-08-150x150.jpg\" class=\"attachment-thumbnail size-thumbnail\" alt=\"\" \/><\/a>\n\t\t\t<\/dt>\n<\/dl>\n<p><br style=\"clear: both\" \/>\n\t\t<\/div>\n","protected":false},"excerpt":{"rendered":"<p>Eine F\u00fchrung durch das Innovation Center Kleine Details sind \u00fcberall versteckt und nicht jeder kennt sie oder nimmt sie auf den ersten Blick wahr. Dirk R\u00f6se (Leiter Corporate Communication) hat mich auf eine Tour durch das Innovation Center mitgenommen, um mir die Geschichte hinter dem Geb\u00e4ude zu erz\u00e4hlen. Unsere F\u00fchrung beginnt drau\u00dfen vor dem Innovation Center Die besondere Form und das eher untypische Aussehen des Geb\u00e4udes fallen sofort auf. Skadi: Wie kam es zu dieser Form des Geb\u00e4udes? Dirk: Das<\/p>\n","protected":false},"author":20,"featured_media":0,"comment_status":"open","ping_status":"closed","sticky":false,"template":"","format":"standard","meta":{"_acf_changed":false,"inline_featured_image":false,"footnotes":""},"categories":[225],"tags":[],"class_list":["post-15553","post","type-post","status-publish","format-standard","hentry","category-unternehmen"],"acf":[],"yoast_head":"<!-- This site is optimized with the Yoast SEO plugin v27.5 - https:\/\/yoast.com\/product\/yoast-seo-wordpress\/ -->\n<title>Das Geb\u00e4ude erz\u00e4hlt eine Geschichte - Klasmann-Deilmann<\/title>\n<meta name=\"robots\" content=\"index, follow, max-snippet:-1, max-image-preview:large, max-video-preview:-1\" \/>\n<link rel=\"canonical\" href=\"https:\/\/klasmann-deilmann.com\/de\/das-gebaeude-erzaehlt-eine-geschichte\/\" \/>\n<meta property=\"og:locale\" content=\"de_DE\" \/>\n<meta property=\"og:type\" content=\"article\" \/>\n<meta property=\"og:title\" content=\"Das Geb\u00e4ude erz\u00e4hlt eine Geschichte - Klasmann-Deilmann\" \/>\n<meta property=\"og:description\" content=\"Eine F\u00fchrung durch das Innovation Center Kleine Details sind \u00fcberall versteckt und nicht jeder kennt sie oder nimmt sie auf den ersten Blick wahr. Dirk R\u00f6se (Leiter Corporate Communication) hat mich auf eine Tour durch das Innovation Center mitgenommen, um mir die Geschichte hinter dem Geb\u00e4ude zu erz\u00e4hlen. Unsere F\u00fchrung beginnt drau\u00dfen vor dem Innovation Center Die besondere Form und das eher untypische Aussehen des Geb\u00e4udes fallen sofort auf. Skadi: Wie kam es zu dieser Form des Geb\u00e4udes? Dirk: Das\" \/>\n<meta property=\"og:url\" content=\"https:\/\/klasmann-deilmann.com\/de\/das-gebaeude-erzaehlt-eine-geschichte\/\" \/>\n<meta property=\"og:site_name\" content=\"Klasmann-Deilmann\" \/>\n<meta property=\"article:published_time\" content=\"2019-09-05T22:01:00+00:00\" \/>\n<meta property=\"og:image\" content=\"https:\/\/klasmann-deilmann.com\/wp-content\/uploads\/2019-08-29-Eine-F\u00fchrung-durch-das-Innovation-Center-01-150x150.jpg\" \/>\n<meta name=\"twitter:card\" content=\"summary_large_image\" \/>\n<meta name=\"twitter:label1\" content=\"Verfasst von\" \/>\n\t<meta name=\"twitter:data1\" content=\"\" \/>\n\t<meta name=\"twitter:label2\" content=\"Gesch\u00e4tzte Lesezeit\" \/>\n\t<meta name=\"twitter:data2\" content=\"8\u00a0Minuten\" \/>\n<script type=\"application\/ld+json\" class=\"yoast-schema-graph\">{\"@context\":\"https:\\\/\\\/schema.org\",\"@graph\":[{\"@type\":\"Article\",\"@id\":\"https:\\\/\\\/klasmann-deilmann.com\\\/de\\\/das-gebaeude-erzaehlt-eine-geschichte\\\/#article\",\"isPartOf\":{\"@id\":\"https:\\\/\\\/klasmann-deilmann.com\\\/de\\\/das-gebaeude-erzaehlt-eine-geschichte\\\/\"},\"author\":{\"name\":\"\",\"@id\":\"\"},\"headline\":\"Das Geb\u00e4ude erz\u00e4hlt eine Geschichte\",\"datePublished\":\"2019-09-05T22:01:00+00:00\",\"mainEntityOfPage\":{\"@id\":\"https:\\\/\\\/klasmann-deilmann.com\\\/de\\\/das-gebaeude-erzaehlt-eine-geschichte\\\/\"},\"wordCount\":1676,\"commentCount\":0,\"image\":{\"@id\":\"https:\\\/\\\/klasmann-deilmann.com\\\/de\\\/das-gebaeude-erzaehlt-eine-geschichte\\\/#primaryimage\"},\"thumbnailUrl\":\"http:\\\/\\\/kpoint\\\/img_files\\\/a-bis-z\\\/.1\\\/2019-08-29-eine-fuehrung-durch-das-innovation-center-02.jpg\",\"articleSection\":[\"Unternehmen\"],\"inLanguage\":\"de\",\"potentialAction\":[{\"@type\":\"CommentAction\",\"name\":\"Comment\",\"target\":[\"https:\\\/\\\/klasmann-deilmann.com\\\/de\\\/das-gebaeude-erzaehlt-eine-geschichte\\\/#respond\"]}]},{\"@type\":\"WebPage\",\"@id\":\"https:\\\/\\\/klasmann-deilmann.com\\\/de\\\/das-gebaeude-erzaehlt-eine-geschichte\\\/\",\"url\":\"https:\\\/\\\/klasmann-deilmann.com\\\/de\\\/das-gebaeude-erzaehlt-eine-geschichte\\\/\",\"name\":\"Das Geb\u00e4ude erz\u00e4hlt eine Geschichte - Klasmann-Deilmann\",\"isPartOf\":{\"@id\":\"https:\\\/\\\/klasmann-deilmann.com\\\/en\\\/#website\"},\"primaryImageOfPage\":{\"@id\":\"https:\\\/\\\/klasmann-deilmann.com\\\/de\\\/das-gebaeude-erzaehlt-eine-geschichte\\\/#primaryimage\"},\"image\":{\"@id\":\"https:\\\/\\\/klasmann-deilmann.com\\\/de\\\/das-gebaeude-erzaehlt-eine-geschichte\\\/#primaryimage\"},\"thumbnailUrl\":\"http:\\\/\\\/kpoint\\\/img_files\\\/a-bis-z\\\/.1\\\/2019-08-29-eine-fuehrung-durch-das-innovation-center-02.jpg\",\"datePublished\":\"2019-09-05T22:01:00+00:00\",\"author\":{\"@id\":\"\"},\"breadcrumb\":{\"@id\":\"https:\\\/\\\/klasmann-deilmann.com\\\/de\\\/das-gebaeude-erzaehlt-eine-geschichte\\\/#breadcrumb\"},\"inLanguage\":\"de\",\"potentialAction\":[{\"@type\":\"ReadAction\",\"target\":[\"https:\\\/\\\/klasmann-deilmann.com\\\/de\\\/das-gebaeude-erzaehlt-eine-geschichte\\\/\"]}]},{\"@type\":\"ImageObject\",\"inLanguage\":\"de\",\"@id\":\"https:\\\/\\\/klasmann-deilmann.com\\\/de\\\/das-gebaeude-erzaehlt-eine-geschichte\\\/#primaryimage\",\"url\":\"http:\\\/\\\/kpoint\\\/img_files\\\/a-bis-z\\\/.1\\\/2019-08-29-eine-fuehrung-durch-das-innovation-center-02.jpg\",\"contentUrl\":\"http:\\\/\\\/kpoint\\\/img_files\\\/a-bis-z\\\/.1\\\/2019-08-29-eine-fuehrung-durch-das-innovation-center-02.jpg\"},{\"@type\":\"BreadcrumbList\",\"@id\":\"https:\\\/\\\/klasmann-deilmann.com\\\/de\\\/das-gebaeude-erzaehlt-eine-geschichte\\\/#breadcrumb\",\"itemListElement\":[{\"@type\":\"ListItem\",\"position\":1,\"name\":\"Home\",\"item\":\"https:\\\/\\\/klasmann-deilmann.com\\\/de\\\/\"},{\"@type\":\"ListItem\",\"position\":2,\"name\":\"Das Geb\u00e4ude erz\u00e4hlt eine Geschichte\"}]},{\"@type\":\"WebSite\",\"@id\":\"https:\\\/\\\/klasmann-deilmann.com\\\/en\\\/#website\",\"url\":\"https:\\\/\\\/klasmann-deilmann.com\\\/en\\\/\",\"name\":\"Klasmann-Deilmann\",\"description\":\"\",\"potentialAction\":[{\"@type\":\"SearchAction\",\"target\":{\"@type\":\"EntryPoint\",\"urlTemplate\":\"https:\\\/\\\/klasmann-deilmann.com\\\/en\\\/?s={search_term_string}\"},\"query-input\":{\"@type\":\"PropertyValueSpecification\",\"valueRequired\":true,\"valueName\":\"search_term_string\"}}],\"inLanguage\":\"de\"},{\"@type\":\"Person\",\"@id\":\"\",\"url\":\"https:\\\/\\\/klasmann-deilmann.com\\\/de\\\/author\\\/\"}]}<\/script>\n<!-- \/ Yoast SEO plugin. -->","yoast_head_json":{"title":"Das Geb\u00e4ude erz\u00e4hlt eine Geschichte - Klasmann-Deilmann","robots":{"index":"index","follow":"follow","max-snippet":"max-snippet:-1","max-image-preview":"max-image-preview:large","max-video-preview":"max-video-preview:-1"},"canonical":"https:\/\/klasmann-deilmann.com\/de\/das-gebaeude-erzaehlt-eine-geschichte\/","og_locale":"de_DE","og_type":"article","og_title":"Das Geb\u00e4ude erz\u00e4hlt eine Geschichte - Klasmann-Deilmann","og_description":"Eine F\u00fchrung durch das Innovation Center Kleine Details sind \u00fcberall versteckt und nicht jeder kennt sie oder nimmt sie auf den ersten Blick wahr. Dirk R\u00f6se (Leiter Corporate Communication) hat mich auf eine Tour durch das Innovation Center mitgenommen, um mir die Geschichte hinter dem Geb\u00e4ude zu erz\u00e4hlen. Unsere F\u00fchrung beginnt drau\u00dfen vor dem Innovation Center Die besondere Form und das eher untypische Aussehen des Geb\u00e4udes fallen sofort auf. Skadi: Wie kam es zu dieser Form des Geb\u00e4udes? Dirk: Das","og_url":"https:\/\/klasmann-deilmann.com\/de\/das-gebaeude-erzaehlt-eine-geschichte\/","og_site_name":"Klasmann-Deilmann","article_published_time":"2019-09-05T22:01:00+00:00","og_image":[{"url":"https:\/\/klasmann-deilmann.com\/wp-content\/uploads\/2019-08-29-Eine-F\u00fchrung-durch-das-Innovation-Center-01-150x150.jpg","type":"","width":"","height":""}],"twitter_card":"summary_large_image","twitter_misc":{"Verfasst von":"","Gesch\u00e4tzte Lesezeit":"8\u00a0Minuten"},"schema":{"@context":"https:\/\/schema.org","@graph":[{"@type":"Article","@id":"https:\/\/klasmann-deilmann.com\/de\/das-gebaeude-erzaehlt-eine-geschichte\/#article","isPartOf":{"@id":"https:\/\/klasmann-deilmann.com\/de\/das-gebaeude-erzaehlt-eine-geschichte\/"},"author":{"name":"","@id":""},"headline":"Das Geb\u00e4ude erz\u00e4hlt eine Geschichte","datePublished":"2019-09-05T22:01:00+00:00","mainEntityOfPage":{"@id":"https:\/\/klasmann-deilmann.com\/de\/das-gebaeude-erzaehlt-eine-geschichte\/"},"wordCount":1676,"commentCount":0,"image":{"@id":"https:\/\/klasmann-deilmann.com\/de\/das-gebaeude-erzaehlt-eine-geschichte\/#primaryimage"},"thumbnailUrl":"http:\/\/kpoint\/img_files\/a-bis-z\/.1\/2019-08-29-eine-fuehrung-durch-das-innovation-center-02.jpg","articleSection":["Unternehmen"],"inLanguage":"de","potentialAction":[{"@type":"CommentAction","name":"Comment","target":["https:\/\/klasmann-deilmann.com\/de\/das-gebaeude-erzaehlt-eine-geschichte\/#respond"]}]},{"@type":"WebPage","@id":"https:\/\/klasmann-deilmann.com\/de\/das-gebaeude-erzaehlt-eine-geschichte\/","url":"https:\/\/klasmann-deilmann.com\/de\/das-gebaeude-erzaehlt-eine-geschichte\/","name":"Das Geb\u00e4ude erz\u00e4hlt eine Geschichte - Klasmann-Deilmann","isPartOf":{"@id":"https:\/\/klasmann-deilmann.com\/en\/#website"},"primaryImageOfPage":{"@id":"https:\/\/klasmann-deilmann.com\/de\/das-gebaeude-erzaehlt-eine-geschichte\/#primaryimage"},"image":{"@id":"https:\/\/klasmann-deilmann.com\/de\/das-gebaeude-erzaehlt-eine-geschichte\/#primaryimage"},"thumbnailUrl":"http:\/\/kpoint\/img_files\/a-bis-z\/.1\/2019-08-29-eine-fuehrung-durch-das-innovation-center-02.jpg","datePublished":"2019-09-05T22:01:00+00:00","author":{"@id":""},"breadcrumb":{"@id":"https:\/\/klasmann-deilmann.com\/de\/das-gebaeude-erzaehlt-eine-geschichte\/#breadcrumb"},"inLanguage":"de","potentialAction":[{"@type":"ReadAction","target":["https:\/\/klasmann-deilmann.com\/de\/das-gebaeude-erzaehlt-eine-geschichte\/"]}]},{"@type":"ImageObject","inLanguage":"de","@id":"https:\/\/klasmann-deilmann.com\/de\/das-gebaeude-erzaehlt-eine-geschichte\/#primaryimage","url":"http:\/\/kpoint\/img_files\/a-bis-z\/.1\/2019-08-29-eine-fuehrung-durch-das-innovation-center-02.jpg","contentUrl":"http:\/\/kpoint\/img_files\/a-bis-z\/.1\/2019-08-29-eine-fuehrung-durch-das-innovation-center-02.jpg"},{"@type":"BreadcrumbList","@id":"https:\/\/klasmann-deilmann.com\/de\/das-gebaeude-erzaehlt-eine-geschichte\/#breadcrumb","itemListElement":[{"@type":"ListItem","position":1,"name":"Home","item":"https:\/\/klasmann-deilmann.com\/de\/"},{"@type":"ListItem","position":2,"name":"Das Geb\u00e4ude erz\u00e4hlt eine Geschichte"}]},{"@type":"WebSite","@id":"https:\/\/klasmann-deilmann.com\/en\/#website","url":"https:\/\/klasmann-deilmann.com\/en\/","name":"Klasmann-Deilmann","description":"","potentialAction":[{"@type":"SearchAction","target":{"@type":"EntryPoint","urlTemplate":"https:\/\/klasmann-deilmann.com\/en\/?s={search_term_string}"},"query-input":{"@type":"PropertyValueSpecification","valueRequired":true,"valueName":"search_term_string"}}],"inLanguage":"de"},{"@type":"Person","@id":"","url":"https:\/\/klasmann-deilmann.com\/de\/author\/"}]}},"_links":{"self":[{"href":"https:\/\/klasmann-deilmann.com\/de\/wp-json\/wp\/v2\/posts\/15553","targetHints":{"allow":["GET"]}}],"collection":[{"href":"https:\/\/klasmann-deilmann.com\/de\/wp-json\/wp\/v2\/posts"}],"about":[{"href":"https:\/\/klasmann-deilmann.com\/de\/wp-json\/wp\/v2\/types\/post"}],"author":[{"embeddable":true,"href":"https:\/\/klasmann-deilmann.com\/de\/wp-json\/wp\/v2\/users\/20"}],"replies":[{"embeddable":true,"href":"https:\/\/klasmann-deilmann.com\/de\/wp-json\/wp\/v2\/comments?post=15553"}],"version-history":[{"count":7,"href":"https:\/\/klasmann-deilmann.com\/de\/wp-json\/wp\/v2\/posts\/15553\/revisions"}],"predecessor-version":[{"id":15625,"href":"https:\/\/klasmann-deilmann.com\/de\/wp-json\/wp\/v2\/posts\/15553\/revisions\/15625"}],"wp:attachment":[{"href":"https:\/\/klasmann-deilmann.com\/de\/wp-json\/wp\/v2\/media?parent=15553"}],"wp:term":[{"taxonomy":"category","embeddable":true,"href":"https:\/\/klasmann-deilmann.com\/de\/wp-json\/wp\/v2\/categories?post=15553"},{"taxonomy":"post_tag","embeddable":true,"href":"https:\/\/klasmann-deilmann.com\/de\/wp-json\/wp\/v2\/tags?post=15553"}],"curies":[{"name":"wp","href":"https:\/\/api.w.org\/{rel}","templated":true}]}}