{"id":15455,"date":"2019-08-27T00:01:31","date_gmt":"2019-08-26T22:01:31","guid":{"rendered":"https:\/\/klasmann-deilmann.com\/?p=15455"},"modified":"2024-10-09T10:44:01","modified_gmt":"2024-10-09T08:44:01","slug":"der-positive-weg-zu-mehr-nachhaltigkeit","status":"publish","type":"post","link":"https:\/\/klasmann-deilmann.com\/de\/der-positive-weg-zu-mehr-nachhaltigkeit\/","title":{"rendered":"Der positive Weg zu mehr Nachhaltigkeit"},"content":{"rendered":"<h2>IAV und IHK mit Industrie-Dialog bei Klasmann-Deilmann<\/h2>\n<p><strong>Ein Konsens wurde nicht erzielt bei der Frage, wer f\u00fcr Nachhaltigkeit verantwortlich ist. Es gab ein Pl\u00e4doyer, das die Regierung in die Pflicht nimmt, ein anderes sah die B\u00fcrgerinnen und B\u00fcrger in der Verantwortung und ein drittes schickte die Industrie an die vorderste Front. Als ein Ergebnis aus dem j\u00fcngsten \u201eIndustrie-Dialog\u201c von IAV und IHK der Region Osnabr\u00fcck-Emsland-Grafschaft Bentheim l\u00e4sst sich aber festhalten, dass im Optimalfall alle Beteiligten ihre eigene Verantwortung erkennen und wahrnehmen.<\/strong><\/p>\n<p>Der \u201eIndustrielle Arbeitgeberverband\u201c (IAV) und die \u201eIndustrie- und Handelskammer\u201c (IHK) der Region Osnabr\u00fcck-Emsland-Grafschaft Bentheim hatten zu ihrem j\u00e4hrlichen gemeinsamen \u201eIndustrie-Dialog\u201c eingeladen. Nachdem es im vergangenen Jahr um \u201eDigitalisierung\u201c gegangen war, stand diesmal \u201eNachhaltigkeit\u201c auf der Agenda. Angesichts des zweiten trockenen Sommers in Folge, angesichts der Bewegung \u201eFridays For Future\u201c und angesichts der steigenden Popularit\u00e4t \u201egr\u00fcner\u201c Themen in Bev\u00f6lkerung und Politik trug die Veranstaltung zu einem der brandaktuellen Debatten bei.<\/p>\n<p>Gastgeber f\u00fcr den Industrie-Dialog war die Klasmann-Deilmann GmbH, die sich eingehend mit einer nachhaltigen Entwicklung befasst und sich auch auf diese Weise an die Spitze der internationalen Substratbranche setzen konnte. Gesch\u00e4ftsf\u00fchrer Moritz B\u00f6cking erinnerte daran, dass \u201ees vor zehn Jahren noch undenkbar gewesen w\u00e4re, ein Unternehmen zu Natur- und Klimaschutz anzuh\u00f6ren, das Torf gewinnt und nutzt.\u201c Vor diesem Hintergrund zeigte er sich besonders erfreut, mit Vertretern aus IAV und IHK \u00fcber dieses essentiell wichtige Thema diskutieren zu k\u00f6nnen.<\/p>\n<p>Begr\u00fc\u00dft wurden die rund sechzig G\u00e4ste durch Matthias Hopster, Vizepr\u00e4sident der regionalen IHK. Durch die Veranstaltung f\u00fchrte der Journalist und Lehrer Dr. Tobias Romberg. Im Publikum sa\u00dfen unter anderem Landrat Reinhard Winter aus dem Emsland, IAV-Gesch\u00e4ftsf\u00fchrerin Sabine St\u00f6hr und der CDU-Bundestagsabgeordnete Albert Stegemann.<\/p>\n<p>Dr. Jan K\u00f6bbing, Nachhaltigkeitsmanager bei Klasmann-Deilmann, f\u00fchrte in das Thema ein und berichtete, mit welchen Fragestellungen sich das Unternehmen auseinandersetzt, um die eigene nachhaltige Entwicklung voranzubringen. Er erl\u00e4uterte die drei S\u00e4ulen \u00d6kologie, \u00d6konomie und Soziales, die erst in ihrer Gesamtheit eine nachhaltige Entwicklung erm\u00f6glichen. Wichtig sei dar\u00fcber hinaus der Dialog mit den Interessensgruppen aus Politik und Wirtschaft, der Belegschaft und den Gesellschaftern sowie im speziellen Fall von Klasmann-Deilmann auch aus dem Umwelt- und Klimaschutz. Nur auf diesem Wege k\u00f6nne die Erwartungshaltung an das Unternehmen konkretisiert werden, nur so k\u00f6nne Klasmann-Deilmann die eigenen \u201ewesentlichen Themen\u201c erkennen und sich ihrer annehmen.<\/p>\n<p>Theresa Eyerund vom Institut der deutschen Wirtschaft e.V. in K\u00f6ln vertiefte den Themenkreis u.&nbsp;a. mit Erkenntnissen aus der Statistik. Sie er\u00f6rterte, dass Umwelt- und Klimaschutz zurzeit eine hohe Priorit\u00e4t genie\u00dfen, weil die Bewegung \u201eFridays For Future\u201c eine ungeahnte Popularit\u00e4t genie\u00dft. Zuletzt waren gr\u00fcne Themen nach der Katastrophe von Fukushima als ebenso wichtig erachtet worden. Sie wies zugleich darauf hin, dass z. B. wirtschaftliche Themen zu Zeiten wirtschaftlicher Krisen an Bedeutung gewinnen und dass Fragen der inneren Sicherheit anl\u00e4sslich von Terrorakten als besonders dringlich erscheinen. Das Empfinden f\u00fcr eine bedeutende Krise folgt demnach auch immer tagesaktuellen Ereignissen. Dennoch k\u00f6nne Nachhaltigkeit auch angesichts solcher relativierender Fakten nicht in den Kreis der vor\u00fcbergehenden Modethemen verbannt werden. Nachhaltigkeit werde sich wahrscheinlich als wichtiges Thema dauerhaft durchsetzen, weil immer mehr Menschen es dauerhaft sehr ernst nehmen. Sobald die \u201ekritische Masse\u201c der ernsthaft Interessierten erreicht sei, w\u00fcrde auch der Rest der Bev\u00f6lkerung einfach mitgezogen.<\/p>\n<p>Auf Basis dieser Erkenntnisse entspann sich bei der anschlie\u00dfenden Podiumsrunde eine lebhafte Diskussion. Er\u00f6rtert wurde die Frage, inwieweit Nachhaltigkeit ein ernstzunehmendes Dauerthema bleiben werde und wer die Verantwortung \u00fcbernehmen sollte, damit sich eine nachhaltige Entwicklung auf m\u00f6glichst breiter Ebene durchsetzt. Moritz B\u00f6cking wies in diesem Zusammenhang darauf hin, dass es die Industrie sei, die in Vorleistung gehe und zahlreiche Konzepte zum Umwelt- und Klimaschutz vorlege. Im Falle von Klasmann-Deilmann sei dies u. a. ein innovatives Verfahren zur Renaturierung ehemaliger Gewinnungsfl\u00e4chen. Es k\u00e4me nun auf die Politik an, diesen Projekten eine Chance zu geben und sie gegebenenfalls zu f\u00f6rdern. Anreize zum Natur- und Klimaschutz zu geben sei in jedem Falle der \u201epositivere Weg\u201c im Vergleich zu Instrumenten wie der CO<sub>2<\/sub>-Steuer.<\/p>\n<p>Den Abschluss der Veranstaltung bildete die feierliche Preisverleihung anl\u00e4sslich eines Foto-Wettbewerbs. IAV-Pr\u00e4sident Olaf Piepenbrock und Matthias Hopster zeichneten dabei einige Jugendliche f\u00fcr besonders gelungene Arbeiten aus. Das Schlusswort hielt Olaf Piepenbrock, der noch einmal unterstrich, dass es die Industrie sei, von der die Innovationen kommen \u2026<\/p>\n<style type=\"text\/css\">\n\t\t\t#gallery-1 {\n\t\t\t\tmargin: auto;\n\t\t\t}\n\t\t\t#gallery-1 .gallery-item {\n\t\t\t\tfloat: left;\n\t\t\t\tmargin-top: 10px;\n\t\t\t\ttext-align: center;\n\t\t\t\twidth: 33%;\n\t\t\t}\n\t\t\t#gallery-1 img {\n\t\t\t\tborder: 2px solid #cfcfcf;\n\t\t\t}\n\t\t\t#gallery-1 .gallery-caption {\n\t\t\t\tmargin-left: 0;\n\t\t\t}\n\t\t\t\/* see gallery_shortcode() in wp-includes\/media.php *\/\n\t\t<\/style>\n<div id='gallery-1' class='gallery galleryid-15455 gallery-columns-3 gallery-size-thumbnail'>\n<dl class='gallery-item'>\n<dt class='gallery-icon landscape'>\n\t\t\t\t<a href='https:\/\/klasmann-deilmann.com\/de\/der-positive-weg-zu-mehr-nachhaltigkeit\/2019-08-27-industriedialog-iav-ihk-gruppenbild\/'><img loading=\"lazy\" decoding=\"async\" width=\"150\" height=\"150\" src=\"https:\/\/klasmann-deilmann.com\/wp-content\/uploads\/2019-08-27-Industriedialog-IAV-IHK-Gruppenbild-150x150.jpg\" class=\"attachment-thumbnail size-thumbnail\" alt=\"\" \/><\/a>\n\t\t\t<\/dt>\n<\/dl>\n<dl class='gallery-item'>\n<dt class='gallery-icon landscape'>\n\t\t\t\t<a href='https:\/\/klasmann-deilmann.com\/de\/der-positive-weg-zu-mehr-nachhaltigkeit\/2019-08-27-industriedialog-iav-ihk-jan-koebbing\/'><img loading=\"lazy\" decoding=\"async\" width=\"150\" height=\"150\" src=\"https:\/\/klasmann-deilmann.com\/wp-content\/uploads\/2019-08-27-Industriedialog-IAV-IHK-Jan-K\u00f6bbing-150x150.jpg\" class=\"attachment-thumbnail size-thumbnail\" alt=\"\" \/><\/a>\n\t\t\t<\/dt>\n<\/dl>\n<dl class='gallery-item'>\n<dt class='gallery-icon landscape'>\n\t\t\t\t<a href='https:\/\/klasmann-deilmann.com\/de\/der-positive-weg-zu-mehr-nachhaltigkeit\/2019-08-27-industriedialog-iav-ihk-olaf-piepenbrock-moritz-boecking-ruediger-koehler\/'><img loading=\"lazy\" decoding=\"async\" width=\"150\" height=\"150\" src=\"https:\/\/klasmann-deilmann.com\/wp-content\/uploads\/2019-08-27-Industriedialog-IAV-IHK-Olaf-Piepenbrock-Moritz-B\u00f6cking-R\u00fcdiger-K\u00f6hler-150x150.jpg\" class=\"attachment-thumbnail size-thumbnail\" alt=\"\" \/><\/a>\n\t\t\t<\/dt>\n<\/dl>\n<p><br style=\"clear: both\" \/><\/p>\n<dl class='gallery-item'>\n<dt class='gallery-icon landscape'>\n\t\t\t\t<a href='https:\/\/klasmann-deilmann.com\/de\/der-positive-weg-zu-mehr-nachhaltigkeit\/2019-08-27-industriedialog-iav-ihk-preisverleihung-foto-wettbewerb\/'><img loading=\"lazy\" decoding=\"async\" width=\"150\" height=\"150\" src=\"https:\/\/klasmann-deilmann.com\/wp-content\/uploads\/2019-08-27-Industriedialog-IAV-IHK-Preisverleihung-Foto-Wettbewerb-150x150.jpg\" class=\"attachment-thumbnail size-thumbnail\" alt=\"\" \/><\/a>\n\t\t\t<\/dt>\n<\/dl>\n<dl class='gallery-item'>\n<dt class='gallery-icon landscape'>\n\t\t\t\t<a href='https:\/\/klasmann-deilmann.com\/de\/der-positive-weg-zu-mehr-nachhaltigkeit\/2019-08-27-industriedialog-iav-ihk-veranstalter-und-gastgeber\/'><img loading=\"lazy\" decoding=\"async\" width=\"150\" height=\"150\" src=\"https:\/\/klasmann-deilmann.com\/wp-content\/uploads\/2019-08-27-Industriedialog-IAV-IHK-Veranstalter-und-Gastgeber-150x150.jpg\" class=\"attachment-thumbnail size-thumbnail\" alt=\"\" \/><\/a>\n\t\t\t<\/dt>\n<\/dl>\n<dl class='gallery-item'>\n<dt class='gallery-icon landscape'>\n\t\t\t\t<a href='https:\/\/klasmann-deilmann.com\/de\/der-positive-weg-zu-mehr-nachhaltigkeit\/2019-08-27-industriedialog-iav-ihk-theresa-eyerund-ruediger-koehler-tobias-romberg-moritz-boecking-jan-koebbing\/'><img loading=\"lazy\" decoding=\"async\" width=\"150\" height=\"150\" src=\"https:\/\/klasmann-deilmann.com\/wp-content\/uploads\/2019-08-27-Industriedialog-IAV-IHK-Theresa-Eyerund-R\u00fcdiger-K\u00f6hler-Tobias-Romberg-Moritz-B\u00f6cking-Jan-K\u00f6bbing-150x150.jpg\" class=\"attachment-thumbnail size-thumbnail\" alt=\"\" \/><\/a>\n\t\t\t<\/dt>\n<\/dl>\n<p><br style=\"clear: both\" \/>\n\t\t<\/div>\n<p>&nbsp;<\/p>\n<p>&nbsp;<\/p>\n","protected":false},"excerpt":{"rendered":"<p>IAV und IHK mit Industrie-Dialog bei Klasmann-Deilmann Ein Konsens wurde nicht erzielt bei der Frage, wer f\u00fcr Nachhaltigkeit verantwortlich ist. Es gab ein Pl\u00e4doyer, das die Regierung in die Pflicht nimmt, ein anderes sah die B\u00fcrgerinnen und B\u00fcrger in der Verantwortung und ein drittes schickte die Industrie an die vorderste Front. Als ein Ergebnis aus dem j\u00fcngsten \u201eIndustrie-Dialog\u201c von IAV und IHK der Region Osnabr\u00fcck-Emsland-Grafschaft Bentheim l\u00e4sst sich aber festhalten, dass im Optimalfall alle Beteiligten ihre eigene Verantwortung erkennen und<\/p>\n","protected":false},"author":8,"featured_media":0,"comment_status":"open","ping_status":"closed","sticky":false,"template":"","format":"standard","meta":{"_acf_changed":false,"inline_featured_image":false,"footnotes":""},"categories":[],"tags":[],"class_list":["post-15455","post","type-post","status-publish","format-standard","hentry"],"acf":[],"yoast_head":"<!-- This site is optimized with the Yoast SEO plugin v27.5 - https:\/\/yoast.com\/product\/yoast-seo-wordpress\/ -->\n<title>Der positive Weg zu mehr Nachhaltigkeit - Klasmann-Deilmann<\/title>\n<meta name=\"robots\" content=\"index, follow, max-snippet:-1, max-image-preview:large, max-video-preview:-1\" \/>\n<link rel=\"canonical\" href=\"https:\/\/klasmann-deilmann.com\/de\/der-positive-weg-zu-mehr-nachhaltigkeit\/\" \/>\n<meta property=\"og:locale\" content=\"de_DE\" \/>\n<meta property=\"og:type\" content=\"article\" \/>\n<meta property=\"og:title\" content=\"Der positive Weg zu mehr Nachhaltigkeit - Klasmann-Deilmann\" \/>\n<meta property=\"og:description\" content=\"IAV und IHK mit Industrie-Dialog bei Klasmann-Deilmann Ein Konsens wurde nicht erzielt bei der Frage, wer f\u00fcr Nachhaltigkeit verantwortlich ist. Es gab ein Pl\u00e4doyer, das die Regierung in die Pflicht nimmt, ein anderes sah die B\u00fcrgerinnen und B\u00fcrger in der Verantwortung und ein drittes schickte die Industrie an die vorderste Front. Als ein Ergebnis aus dem j\u00fcngsten \u201eIndustrie-Dialog\u201c von IAV und IHK der Region Osnabr\u00fcck-Emsland-Grafschaft Bentheim l\u00e4sst sich aber festhalten, dass im Optimalfall alle Beteiligten ihre eigene Verantwortung erkennen und\" \/>\n<meta property=\"og:url\" content=\"https:\/\/klasmann-deilmann.com\/de\/der-positive-weg-zu-mehr-nachhaltigkeit\/\" \/>\n<meta property=\"og:site_name\" content=\"Klasmann-Deilmann\" \/>\n<meta property=\"article:published_time\" content=\"2019-08-26T22:01:31+00:00\" \/>\n<meta property=\"article:modified_time\" content=\"2024-10-09T08:44:01+00:00\" \/>\n<meta property=\"og:image\" content=\"https:\/\/klasmann-deilmann.com\/wp-content\/uploads\/2019-08-27-Industriedialog-IAV-IHK-Gruppenbild-150x150.jpg\" \/>\n<meta name=\"author\" content=\"Dirk R\u00f6se\" \/>\n<meta name=\"twitter:card\" content=\"summary_large_image\" \/>\n<meta name=\"twitter:label1\" content=\"Verfasst von\" \/>\n\t<meta name=\"twitter:data1\" content=\"Dirk R\u00f6se\" \/>\n\t<meta name=\"twitter:label2\" content=\"Gesch\u00e4tzte Lesezeit\" \/>\n\t<meta name=\"twitter:data2\" content=\"4\u00a0Minuten\" \/>\n<script type=\"application\/ld+json\" class=\"yoast-schema-graph\">{\"@context\":\"https:\\\/\\\/schema.org\",\"@graph\":[{\"@type\":\"Article\",\"@id\":\"https:\\\/\\\/klasmann-deilmann.com\\\/de\\\/der-positive-weg-zu-mehr-nachhaltigkeit\\\/#article\",\"isPartOf\":{\"@id\":\"https:\\\/\\\/klasmann-deilmann.com\\\/de\\\/der-positive-weg-zu-mehr-nachhaltigkeit\\\/\"},\"author\":{\"name\":\"Dirk R\u00f6se\",\"@id\":\"https:\\\/\\\/klasmann-deilmann.com\\\/en\\\/#\\\/schema\\\/person\\\/2502425feab4548f9995e2f1fa23fb3d\"},\"headline\":\"Der positive Weg zu mehr Nachhaltigkeit\",\"datePublished\":\"2019-08-26T22:01:31+00:00\",\"dateModified\":\"2024-10-09T08:44:01+00:00\",\"mainEntityOfPage\":{\"@id\":\"https:\\\/\\\/klasmann-deilmann.com\\\/de\\\/der-positive-weg-zu-mehr-nachhaltigkeit\\\/\"},\"wordCount\":754,\"commentCount\":0,\"inLanguage\":\"de\",\"potentialAction\":[{\"@type\":\"CommentAction\",\"name\":\"Comment\",\"target\":[\"https:\\\/\\\/klasmann-deilmann.com\\\/de\\\/der-positive-weg-zu-mehr-nachhaltigkeit\\\/#respond\"]}]},{\"@type\":\"WebPage\",\"@id\":\"https:\\\/\\\/klasmann-deilmann.com\\\/de\\\/der-positive-weg-zu-mehr-nachhaltigkeit\\\/\",\"url\":\"https:\\\/\\\/klasmann-deilmann.com\\\/de\\\/der-positive-weg-zu-mehr-nachhaltigkeit\\\/\",\"name\":\"Der positive Weg zu mehr Nachhaltigkeit - Klasmann-Deilmann\",\"isPartOf\":{\"@id\":\"https:\\\/\\\/klasmann-deilmann.com\\\/en\\\/#website\"},\"datePublished\":\"2019-08-26T22:01:31+00:00\",\"dateModified\":\"2024-10-09T08:44:01+00:00\",\"author\":{\"@id\":\"https:\\\/\\\/klasmann-deilmann.com\\\/en\\\/#\\\/schema\\\/person\\\/2502425feab4548f9995e2f1fa23fb3d\"},\"breadcrumb\":{\"@id\":\"https:\\\/\\\/klasmann-deilmann.com\\\/de\\\/der-positive-weg-zu-mehr-nachhaltigkeit\\\/#breadcrumb\"},\"inLanguage\":\"de\",\"potentialAction\":[{\"@type\":\"ReadAction\",\"target\":[\"https:\\\/\\\/klasmann-deilmann.com\\\/de\\\/der-positive-weg-zu-mehr-nachhaltigkeit\\\/\"]}]},{\"@type\":\"BreadcrumbList\",\"@id\":\"https:\\\/\\\/klasmann-deilmann.com\\\/de\\\/der-positive-weg-zu-mehr-nachhaltigkeit\\\/#breadcrumb\",\"itemListElement\":[{\"@type\":\"ListItem\",\"position\":1,\"name\":\"Home\",\"item\":\"https:\\\/\\\/klasmann-deilmann.com\\\/de\\\/\"},{\"@type\":\"ListItem\",\"position\":2,\"name\":\"Der positive Weg zu mehr Nachhaltigkeit\"}]},{\"@type\":\"WebSite\",\"@id\":\"https:\\\/\\\/klasmann-deilmann.com\\\/en\\\/#website\",\"url\":\"https:\\\/\\\/klasmann-deilmann.com\\\/en\\\/\",\"name\":\"Klasmann-Deilmann\",\"description\":\"\",\"potentialAction\":[{\"@type\":\"SearchAction\",\"target\":{\"@type\":\"EntryPoint\",\"urlTemplate\":\"https:\\\/\\\/klasmann-deilmann.com\\\/en\\\/?s={search_term_string}\"},\"query-input\":{\"@type\":\"PropertyValueSpecification\",\"valueRequired\":true,\"valueName\":\"search_term_string\"}}],\"inLanguage\":\"de\"},{\"@type\":\"Person\",\"@id\":\"https:\\\/\\\/klasmann-deilmann.com\\\/en\\\/#\\\/schema\\\/person\\\/2502425feab4548f9995e2f1fa23fb3d\",\"name\":\"Dirk R\u00f6se\",\"image\":{\"@type\":\"ImageObject\",\"inLanguage\":\"de\",\"@id\":\"https:\\\/\\\/secure.gravatar.com\\\/avatar\\\/850ab4c80e0a5eca25933f2ee062a09ec1d50f1fa10d0057f65f04b9827f102f?s=96&d=mm&r=g\",\"url\":\"https:\\\/\\\/secure.gravatar.com\\\/avatar\\\/850ab4c80e0a5eca25933f2ee062a09ec1d50f1fa10d0057f65f04b9827f102f?s=96&d=mm&r=g\",\"contentUrl\":\"https:\\\/\\\/secure.gravatar.com\\\/avatar\\\/850ab4c80e0a5eca25933f2ee062a09ec1d50f1fa10d0057f65f04b9827f102f?s=96&d=mm&r=g\",\"caption\":\"Dirk R\u00f6se\"},\"sameAs\":[\"http:\\\/\\\/klasmann-deilmann.com\"],\"url\":\"https:\\\/\\\/klasmann-deilmann.com\\\/de\\\/author\\\/dirk-roese\\\/\"}]}<\/script>\n<!-- \/ Yoast SEO plugin. -->","yoast_head_json":{"title":"Der positive Weg zu mehr Nachhaltigkeit - Klasmann-Deilmann","robots":{"index":"index","follow":"follow","max-snippet":"max-snippet:-1","max-image-preview":"max-image-preview:large","max-video-preview":"max-video-preview:-1"},"canonical":"https:\/\/klasmann-deilmann.com\/de\/der-positive-weg-zu-mehr-nachhaltigkeit\/","og_locale":"de_DE","og_type":"article","og_title":"Der positive Weg zu mehr Nachhaltigkeit - Klasmann-Deilmann","og_description":"IAV und IHK mit Industrie-Dialog bei Klasmann-Deilmann Ein Konsens wurde nicht erzielt bei der Frage, wer f\u00fcr Nachhaltigkeit verantwortlich ist. Es gab ein Pl\u00e4doyer, das die Regierung in die Pflicht nimmt, ein anderes sah die B\u00fcrgerinnen und B\u00fcrger in der Verantwortung und ein drittes schickte die Industrie an die vorderste Front. Als ein Ergebnis aus dem j\u00fcngsten \u201eIndustrie-Dialog\u201c von IAV und IHK der Region Osnabr\u00fcck-Emsland-Grafschaft Bentheim l\u00e4sst sich aber festhalten, dass im Optimalfall alle Beteiligten ihre eigene Verantwortung erkennen und","og_url":"https:\/\/klasmann-deilmann.com\/de\/der-positive-weg-zu-mehr-nachhaltigkeit\/","og_site_name":"Klasmann-Deilmann","article_published_time":"2019-08-26T22:01:31+00:00","article_modified_time":"2024-10-09T08:44:01+00:00","og_image":[{"url":"https:\/\/klasmann-deilmann.com\/wp-content\/uploads\/2019-08-27-Industriedialog-IAV-IHK-Gruppenbild-150x150.jpg","type":"","width":"","height":""}],"author":"Dirk R\u00f6se","twitter_card":"summary_large_image","twitter_misc":{"Verfasst von":"Dirk R\u00f6se","Gesch\u00e4tzte Lesezeit":"4\u00a0Minuten"},"schema":{"@context":"https:\/\/schema.org","@graph":[{"@type":"Article","@id":"https:\/\/klasmann-deilmann.com\/de\/der-positive-weg-zu-mehr-nachhaltigkeit\/#article","isPartOf":{"@id":"https:\/\/klasmann-deilmann.com\/de\/der-positive-weg-zu-mehr-nachhaltigkeit\/"},"author":{"name":"Dirk R\u00f6se","@id":"https:\/\/klasmann-deilmann.com\/en\/#\/schema\/person\/2502425feab4548f9995e2f1fa23fb3d"},"headline":"Der positive Weg zu mehr Nachhaltigkeit","datePublished":"2019-08-26T22:01:31+00:00","dateModified":"2024-10-09T08:44:01+00:00","mainEntityOfPage":{"@id":"https:\/\/klasmann-deilmann.com\/de\/der-positive-weg-zu-mehr-nachhaltigkeit\/"},"wordCount":754,"commentCount":0,"inLanguage":"de","potentialAction":[{"@type":"CommentAction","name":"Comment","target":["https:\/\/klasmann-deilmann.com\/de\/der-positive-weg-zu-mehr-nachhaltigkeit\/#respond"]}]},{"@type":"WebPage","@id":"https:\/\/klasmann-deilmann.com\/de\/der-positive-weg-zu-mehr-nachhaltigkeit\/","url":"https:\/\/klasmann-deilmann.com\/de\/der-positive-weg-zu-mehr-nachhaltigkeit\/","name":"Der positive Weg zu mehr Nachhaltigkeit - Klasmann-Deilmann","isPartOf":{"@id":"https:\/\/klasmann-deilmann.com\/en\/#website"},"datePublished":"2019-08-26T22:01:31+00:00","dateModified":"2024-10-09T08:44:01+00:00","author":{"@id":"https:\/\/klasmann-deilmann.com\/en\/#\/schema\/person\/2502425feab4548f9995e2f1fa23fb3d"},"breadcrumb":{"@id":"https:\/\/klasmann-deilmann.com\/de\/der-positive-weg-zu-mehr-nachhaltigkeit\/#breadcrumb"},"inLanguage":"de","potentialAction":[{"@type":"ReadAction","target":["https:\/\/klasmann-deilmann.com\/de\/der-positive-weg-zu-mehr-nachhaltigkeit\/"]}]},{"@type":"BreadcrumbList","@id":"https:\/\/klasmann-deilmann.com\/de\/der-positive-weg-zu-mehr-nachhaltigkeit\/#breadcrumb","itemListElement":[{"@type":"ListItem","position":1,"name":"Home","item":"https:\/\/klasmann-deilmann.com\/de\/"},{"@type":"ListItem","position":2,"name":"Der positive Weg zu mehr Nachhaltigkeit"}]},{"@type":"WebSite","@id":"https:\/\/klasmann-deilmann.com\/en\/#website","url":"https:\/\/klasmann-deilmann.com\/en\/","name":"Klasmann-Deilmann","description":"","potentialAction":[{"@type":"SearchAction","target":{"@type":"EntryPoint","urlTemplate":"https:\/\/klasmann-deilmann.com\/en\/?s={search_term_string}"},"query-input":{"@type":"PropertyValueSpecification","valueRequired":true,"valueName":"search_term_string"}}],"inLanguage":"de"},{"@type":"Person","@id":"https:\/\/klasmann-deilmann.com\/en\/#\/schema\/person\/2502425feab4548f9995e2f1fa23fb3d","name":"Dirk R\u00f6se","image":{"@type":"ImageObject","inLanguage":"de","@id":"https:\/\/secure.gravatar.com\/avatar\/850ab4c80e0a5eca25933f2ee062a09ec1d50f1fa10d0057f65f04b9827f102f?s=96&d=mm&r=g","url":"https:\/\/secure.gravatar.com\/avatar\/850ab4c80e0a5eca25933f2ee062a09ec1d50f1fa10d0057f65f04b9827f102f?s=96&d=mm&r=g","contentUrl":"https:\/\/secure.gravatar.com\/avatar\/850ab4c80e0a5eca25933f2ee062a09ec1d50f1fa10d0057f65f04b9827f102f?s=96&d=mm&r=g","caption":"Dirk R\u00f6se"},"sameAs":["http:\/\/klasmann-deilmann.com"],"url":"https:\/\/klasmann-deilmann.com\/de\/author\/dirk-roese\/"}]}},"_links":{"self":[{"href":"https:\/\/klasmann-deilmann.com\/de\/wp-json\/wp\/v2\/posts\/15455","targetHints":{"allow":["GET"]}}],"collection":[{"href":"https:\/\/klasmann-deilmann.com\/de\/wp-json\/wp\/v2\/posts"}],"about":[{"href":"https:\/\/klasmann-deilmann.com\/de\/wp-json\/wp\/v2\/types\/post"}],"author":[{"embeddable":true,"href":"https:\/\/klasmann-deilmann.com\/de\/wp-json\/wp\/v2\/users\/8"}],"replies":[{"embeddable":true,"href":"https:\/\/klasmann-deilmann.com\/de\/wp-json\/wp\/v2\/comments?post=15455"}],"version-history":[{"count":5,"href":"https:\/\/klasmann-deilmann.com\/de\/wp-json\/wp\/v2\/posts\/15455\/revisions"}],"predecessor-version":[{"id":87181,"href":"https:\/\/klasmann-deilmann.com\/de\/wp-json\/wp\/v2\/posts\/15455\/revisions\/87181"}],"wp:attachment":[{"href":"https:\/\/klasmann-deilmann.com\/de\/wp-json\/wp\/v2\/media?parent=15455"}],"wp:term":[{"taxonomy":"category","embeddable":true,"href":"https:\/\/klasmann-deilmann.com\/de\/wp-json\/wp\/v2\/categories?post=15455"},{"taxonomy":"post_tag","embeddable":true,"href":"https:\/\/klasmann-deilmann.com\/de\/wp-json\/wp\/v2\/tags?post=15455"}],"curies":[{"name":"wp","href":"https:\/\/api.w.org\/{rel}","templated":true}]}}