{"id":107352,"date":"2026-04-28T14:51:59","date_gmt":"2026-04-28T12:51:59","guid":{"rendered":"https:\/\/klasmann-deilmann.com\/?p=107352"},"modified":"2026-04-29T14:00:41","modified_gmt":"2026-04-29T12:00:41","slug":"klasmann-deilmann-wechsel-in-der-geschaeftsfuehrung","status":"publish","type":"post","link":"https:\/\/klasmann-deilmann.com\/de\/klasmann-deilmann-wechsel-in-der-geschaeftsfuehrung\/","title":{"rendered":"Klasmann-Deilmann: Wechsel in der Gesch\u00e4ftsf\u00fchrung"},"content":{"rendered":"<p><strong><img loading=\"lazy\" decoding=\"async\" width=\"1800\" height=\"1013\" class=\"aligncenter size-full wp-image-107353\" src=\"\/wp-content\/uploads\/Blog_Visual_MB_Staffelstab.png\" alt=\"\" srcset=\"https:\/\/klasmann-deilmann.com\/wp-content\/uploads\/Blog_Visual_MB_Staffelstab.png 1800w, https:\/\/klasmann-deilmann.com\/wp-content\/uploads\/Blog_Visual_MB_Staffelstab-300x169.png 300w, https:\/\/klasmann-deilmann.com\/wp-content\/uploads\/Blog_Visual_MB_Staffelstab-1024x576.png 1024w, https:\/\/klasmann-deilmann.com\/wp-content\/uploads\/Blog_Visual_MB_Staffelstab-768x432.png 768w, https:\/\/klasmann-deilmann.com\/wp-content\/uploads\/Blog_Visual_MB_Staffelstab-1536x864.png 1536w\" sizes=\"auto, (max-width: 1800px) 100vw, 1800px\" \/><\/strong><\/p>\n<p><b><span data-contrast=\"none\">Moritz B\u00f6cking verl\u00e4sst das Unternehmen, Jan Astrup zum Gesch\u00e4ftsf\u00fchrer ernannt<\/span><\/b><span data-ccp-props=\"{&quot;201341983&quot;:0,&quot;335559739&quot;:0,&quot;335559740&quot;:276}\">&nbsp;<\/span><\/p>\n<p><b><span data-contrast=\"none\">Nach f\u00fcnfzehn Jahren erfolgreicher Zusammenarbeit haben&nbsp;Gesch\u00e4ftsf\u00fchrer&nbsp;Moritz B\u00f6cking und die Gesellschafter&nbsp;der Klasmann-Deilmann GmbH&nbsp;einvernehmlich entschieden, getrennte Wege&nbsp;zu gehen. Moritz B\u00f6cking gibt den Staffelstab der Gesch\u00e4ftsf\u00fchrung mit Wirkung zum 1.\u202fMai 2026 an Jan Astrup weiter, der bereits 2021\/2022&nbsp;als Chief Operating Officer&nbsp;im&nbsp;Unternehmen t\u00e4tig war. Jan Astrup und Damian Ikemann bilden fortan die Gesch\u00e4ftsf\u00fchrung der Klasmann-Deilmann-Gruppe.<\/span><\/b><span data-ccp-props=\"{&quot;201341983&quot;:0,&quot;335559739&quot;:0,&quot;335559740&quot;:276}\">&nbsp;<\/span><\/p>\n<p><span data-contrast=\"none\">Klasmann-Deilmann dankt&nbsp;Moritz B\u00f6cking f\u00fcr die gemeinsame Arbeit und die erzielten Fortschritte&nbsp;in der Transformation der Klasmann-Deilmann-Gruppe. Moritz B\u00f6cking \u00f6ffnete Klasmann-Deilmann \u00fcber das Gesch\u00e4ft mit Kultursubstraten hinaus f\u00fcr neue Bereiche im Produktionsgartenbau und f\u00f6rderte die Innovationskraft&nbsp;und Digitalisierung im&nbsp;Unternehmen.&nbsp;Dar\u00fcber hinaus z\u00e4hlt der Ausbau&nbsp;von&nbsp;Ressourcen&nbsp;aus&nbsp;nachwachsenden Rohstoffen&nbsp;ebenso zu seinen Verdiensten wie&nbsp;der Erwerb&nbsp;einer Tochtergesellschaft in Australien und Produktionsst\u00e4tten in Frankreich und Kanada, die in Kooperation mit externen Partnern betrieben werden.&nbsp;Wesentlich vorangebracht hat er au\u00dferdem die Positionierung von Klasmann-Deilmann als globaler Vorreiter einer nachhaltigen Entwicklung in der Substratbranche und trug damit entscheidend zum wirtschaftlichen Wachstum von Klasmann-Deilmann bei.<\/span><span data-ccp-props=\"{&quot;201341983&quot;:0,&quot;335559739&quot;:0,&quot;335559740&quot;:276}\">&nbsp;<\/span><\/p>\n<p><span data-contrast=\"none\">Mit Jan Astrup gewinnt Klasmann-Deilmann&nbsp;einen international erfahrenen und im Unternehmen bew\u00e4hrten Manager mit langj\u00e4hrigem Hintergrund in Rohstoffen, Produktion, Prozessoptimierung und&nbsp;Technik.&nbsp;Mit dem neuen Gesch\u00e4ftsf\u00fchrer wird&nbsp;die zunehmende Bedeutung&nbsp;rohstoff- und&nbsp;technikgetriebener&nbsp;Bereiche&nbsp;f\u00fcr die&nbsp;Substratbranche nun&nbsp;in der obersten Managementebene verankert.&nbsp;Jan Astrup wird das&nbsp;Kerngesch\u00e4ft im Produktionsgartenbau st\u00e4rken und&nbsp;dazu beitragen,&nbsp;das Unternehmen&nbsp;zukunftssicher&nbsp;weiterzuentwickeln.<\/span><span data-ccp-props=\"{&quot;201341983&quot;:0,&quot;335559739&quot;:0,&quot;335559740&quot;:276}\">&nbsp;<\/span><\/p>\n<p><span data-ccp-props=\"{&quot;201341983&quot;:0,&quot;335559739&quot;:0,&quot;335559740&quot;:276}\"> <img loading=\"lazy\" decoding=\"async\" width=\"1800\" height=\"1013\" class=\"aligncenter size-full wp-image-107353\" src=\"\/wp-content\/uploads\/Blog_Visual_MB_Staffelstab.png\" alt=\"\" srcset=\"https:\/\/klasmann-deilmann.com\/wp-content\/uploads\/Blog_Visual_MB_Staffelstab.png 1800w, https:\/\/klasmann-deilmann.com\/wp-content\/uploads\/Blog_Visual_MB_Staffelstab-300x169.png 300w, https:\/\/klasmann-deilmann.com\/wp-content\/uploads\/Blog_Visual_MB_Staffelstab-1024x576.png 1024w, https:\/\/klasmann-deilmann.com\/wp-content\/uploads\/Blog_Visual_MB_Staffelstab-768x432.png 768w, https:\/\/klasmann-deilmann.com\/wp-content\/uploads\/Blog_Visual_MB_Staffelstab-1536x864.png 1536w\" sizes=\"auto, (max-width: 1800px) 100vw, 1800px\" \/><\/span><\/p>\n","protected":false},"excerpt":{"rendered":"<p>Moritz B\u00f6cking verl\u00e4sst das Unternehmen, Jan Astrup zum Gesch\u00e4ftsf\u00fchrer ernannt&nbsp; Nach f\u00fcnfzehn Jahren erfolgreicher Zusammenarbeit haben&nbsp;Gesch\u00e4ftsf\u00fchrer&nbsp;Moritz B\u00f6cking und die Gesellschafter&nbsp;der Klasmann-Deilmann GmbH&nbsp;einvernehmlich entschieden, getrennte Wege&nbsp;zu gehen. Moritz B\u00f6cking gibt den Staffelstab der Gesch\u00e4ftsf\u00fchrung mit Wirkung zum 1.\u202fMai 2026 an Jan Astrup weiter, der bereits 2021\/2022&nbsp;als Chief Operating Officer&nbsp;im&nbsp;Unternehmen t\u00e4tig war. Jan Astrup und Damian Ikemann bilden fortan die Gesch\u00e4ftsf\u00fchrung der Klasmann-Deilmann-Gruppe.&nbsp; Klasmann-Deilmann dankt&nbsp;Moritz B\u00f6cking f\u00fcr die gemeinsame Arbeit und die erzielten Fortschritte&nbsp;in der Transformation der Klasmann-Deilmann-Gruppe. Moritz B\u00f6cking \u00f6ffnete Klasmann-Deilmann<\/p>\n","protected":false},"author":8,"featured_media":0,"comment_status":"open","ping_status":"open","sticky":false,"template":"","format":"standard","meta":{"_acf_changed":false,"inline_featured_image":false,"footnotes":""},"categories":[606],"tags":[],"class_list":["post-107352","post","type-post","status-publish","format-standard","hentry","category-unternehmen-2"],"acf":[],"yoast_head":"<!-- This site is optimized with the Yoast SEO plugin v27.5 - https:\/\/yoast.com\/product\/yoast-seo-wordpress\/ -->\n<title>Klasmann-Deilmann: Wechsel in der Gesch\u00e4ftsf\u00fchrung - Klasmann-Deilmann<\/title>\n<meta name=\"description\" content=\"Nach f\u00fcnfzehn Jahren erfolgreicher Zusammenarbeit haben Gesch\u00e4ftsf\u00fchrer Moritz B\u00f6cking und die Gesellschafter der Klasmann-Deilmann GmbH einvernehmlich entschieden, getrennte Wege zu gehen. Moritz B\u00f6cking gibt den Staffelstab der Gesch\u00e4ftsf\u00fchrung mit Wirkung zum 1.\u202fMai 2026 an Jan Astrup weiter.\" \/>\n<meta name=\"robots\" content=\"index, follow, max-snippet:-1, max-image-preview:large, max-video-preview:-1\" \/>\n<link rel=\"canonical\" href=\"https:\/\/klasmann-deilmann.com\/de\/klasmann-deilmann-wechsel-in-der-geschaeftsfuehrung\/\" \/>\n<meta property=\"og:locale\" content=\"de_DE\" \/>\n<meta property=\"og:type\" content=\"article\" \/>\n<meta property=\"og:title\" content=\"Klasmann-Deilmann: Wechsel in der Gesch\u00e4ftsf\u00fchrung - Klasmann-Deilmann\" \/>\n<meta property=\"og:description\" content=\"Nach f\u00fcnfzehn Jahren erfolgreicher Zusammenarbeit haben Gesch\u00e4ftsf\u00fchrer Moritz B\u00f6cking und die Gesellschafter der Klasmann-Deilmann GmbH einvernehmlich entschieden, getrennte Wege zu gehen. Moritz B\u00f6cking gibt den Staffelstab der Gesch\u00e4ftsf\u00fchrung mit Wirkung zum 1.\u202fMai 2026 an Jan Astrup weiter.\" \/>\n<meta property=\"og:url\" content=\"https:\/\/klasmann-deilmann.com\/de\/klasmann-deilmann-wechsel-in-der-geschaeftsfuehrung\/\" \/>\n<meta property=\"og:site_name\" content=\"Klasmann-Deilmann\" \/>\n<meta property=\"article:published_time\" content=\"2026-04-28T12:51:59+00:00\" \/>\n<meta property=\"article:modified_time\" content=\"2026-04-29T12:00:41+00:00\" \/>\n<meta name=\"author\" content=\"Dirk R\u00f6se\" \/>\n<meta name=\"twitter:card\" content=\"summary_large_image\" \/>\n<meta name=\"twitter:label1\" content=\"Verfasst von\" \/>\n\t<meta name=\"twitter:data1\" content=\"Dirk R\u00f6se\" \/>\n\t<meta name=\"twitter:label2\" content=\"Gesch\u00e4tzte Lesezeit\" \/>\n\t<meta name=\"twitter:data2\" content=\"2\u00a0Minuten\" \/>\n<script type=\"application\/ld+json\" class=\"yoast-schema-graph\">{\"@context\":\"https:\\\/\\\/schema.org\",\"@graph\":[{\"@type\":\"Article\",\"@id\":\"https:\\\/\\\/klasmann-deilmann.com\\\/de\\\/klasmann-deilmann-wechsel-in-der-geschaeftsfuehrung\\\/#article\",\"isPartOf\":{\"@id\":\"https:\\\/\\\/klasmann-deilmann.com\\\/de\\\/klasmann-deilmann-wechsel-in-der-geschaeftsfuehrung\\\/\"},\"author\":{\"name\":\"Dirk R\u00f6se\",\"@id\":\"https:\\\/\\\/klasmann-deilmann.com\\\/en\\\/#\\\/schema\\\/person\\\/2502425feab4548f9995e2f1fa23fb3d\"},\"headline\":\"Klasmann-Deilmann: Wechsel in der Gesch\u00e4ftsf\u00fchrung\",\"datePublished\":\"2026-04-28T12:51:59+00:00\",\"dateModified\":\"2026-04-29T12:00:41+00:00\",\"mainEntityOfPage\":{\"@id\":\"https:\\\/\\\/klasmann-deilmann.com\\\/de\\\/klasmann-deilmann-wechsel-in-der-geschaeftsfuehrung\\\/\"},\"wordCount\":307,\"commentCount\":0,\"articleSection\":[\"Unternehmen\"],\"inLanguage\":\"de\",\"potentialAction\":[{\"@type\":\"CommentAction\",\"name\":\"Comment\",\"target\":[\"https:\\\/\\\/klasmann-deilmann.com\\\/de\\\/klasmann-deilmann-wechsel-in-der-geschaeftsfuehrung\\\/#respond\"]}]},{\"@type\":\"WebPage\",\"@id\":\"https:\\\/\\\/klasmann-deilmann.com\\\/de\\\/klasmann-deilmann-wechsel-in-der-geschaeftsfuehrung\\\/\",\"url\":\"https:\\\/\\\/klasmann-deilmann.com\\\/de\\\/klasmann-deilmann-wechsel-in-der-geschaeftsfuehrung\\\/\",\"name\":\"Klasmann-Deilmann: Wechsel in der Gesch\u00e4ftsf\u00fchrung - Klasmann-Deilmann\",\"isPartOf\":{\"@id\":\"https:\\\/\\\/klasmann-deilmann.com\\\/en\\\/#website\"},\"datePublished\":\"2026-04-28T12:51:59+00:00\",\"dateModified\":\"2026-04-29T12:00:41+00:00\",\"author\":{\"@id\":\"https:\\\/\\\/klasmann-deilmann.com\\\/en\\\/#\\\/schema\\\/person\\\/2502425feab4548f9995e2f1fa23fb3d\"},\"description\":\"Nach f\u00fcnfzehn Jahren erfolgreicher Zusammenarbeit haben Gesch\u00e4ftsf\u00fchrer Moritz B\u00f6cking und die Gesellschafter der Klasmann-Deilmann GmbH einvernehmlich entschieden, getrennte Wege zu gehen. Moritz B\u00f6cking gibt den Staffelstab der Gesch\u00e4ftsf\u00fchrung mit Wirkung zum 1.\u202fMai 2026 an Jan Astrup weiter.\",\"breadcrumb\":{\"@id\":\"https:\\\/\\\/klasmann-deilmann.com\\\/de\\\/klasmann-deilmann-wechsel-in-der-geschaeftsfuehrung\\\/#breadcrumb\"},\"inLanguage\":\"de\",\"potentialAction\":[{\"@type\":\"ReadAction\",\"target\":[\"https:\\\/\\\/klasmann-deilmann.com\\\/de\\\/klasmann-deilmann-wechsel-in-der-geschaeftsfuehrung\\\/\"]}]},{\"@type\":\"BreadcrumbList\",\"@id\":\"https:\\\/\\\/klasmann-deilmann.com\\\/de\\\/klasmann-deilmann-wechsel-in-der-geschaeftsfuehrung\\\/#breadcrumb\",\"itemListElement\":[{\"@type\":\"ListItem\",\"position\":1,\"name\":\"Home\",\"item\":\"https:\\\/\\\/klasmann-deilmann.com\\\/de\\\/\"},{\"@type\":\"ListItem\",\"position\":2,\"name\":\"Klasmann-Deilmann: Wechsel in der Gesch\u00e4ftsf\u00fchrung\"}]},{\"@type\":\"WebSite\",\"@id\":\"https:\\\/\\\/klasmann-deilmann.com\\\/en\\\/#website\",\"url\":\"https:\\\/\\\/klasmann-deilmann.com\\\/en\\\/\",\"name\":\"Klasmann-Deilmann\",\"description\":\"\",\"potentialAction\":[{\"@type\":\"SearchAction\",\"target\":{\"@type\":\"EntryPoint\",\"urlTemplate\":\"https:\\\/\\\/klasmann-deilmann.com\\\/en\\\/?s={search_term_string}\"},\"query-input\":{\"@type\":\"PropertyValueSpecification\",\"valueRequired\":true,\"valueName\":\"search_term_string\"}}],\"inLanguage\":\"de\"},{\"@type\":\"Person\",\"@id\":\"https:\\\/\\\/klasmann-deilmann.com\\\/en\\\/#\\\/schema\\\/person\\\/2502425feab4548f9995e2f1fa23fb3d\",\"name\":\"Dirk R\u00f6se\",\"image\":{\"@type\":\"ImageObject\",\"inLanguage\":\"de\",\"@id\":\"https:\\\/\\\/secure.gravatar.com\\\/avatar\\\/850ab4c80e0a5eca25933f2ee062a09ec1d50f1fa10d0057f65f04b9827f102f?s=96&d=mm&r=g\",\"url\":\"https:\\\/\\\/secure.gravatar.com\\\/avatar\\\/850ab4c80e0a5eca25933f2ee062a09ec1d50f1fa10d0057f65f04b9827f102f?s=96&d=mm&r=g\",\"contentUrl\":\"https:\\\/\\\/secure.gravatar.com\\\/avatar\\\/850ab4c80e0a5eca25933f2ee062a09ec1d50f1fa10d0057f65f04b9827f102f?s=96&d=mm&r=g\",\"caption\":\"Dirk R\u00f6se\"},\"sameAs\":[\"http:\\\/\\\/klasmann-deilmann.com\"],\"url\":\"https:\\\/\\\/klasmann-deilmann.com\\\/de\\\/author\\\/dirk-roese\\\/\"}]}<\/script>\n<!-- \/ Yoast SEO plugin. -->","yoast_head_json":{"title":"Klasmann-Deilmann: Wechsel in der Gesch\u00e4ftsf\u00fchrung - Klasmann-Deilmann","description":"Nach f\u00fcnfzehn Jahren erfolgreicher Zusammenarbeit haben Gesch\u00e4ftsf\u00fchrer Moritz B\u00f6cking und die Gesellschafter der Klasmann-Deilmann GmbH einvernehmlich entschieden, getrennte Wege zu gehen. Moritz B\u00f6cking gibt den Staffelstab der Gesch\u00e4ftsf\u00fchrung mit Wirkung zum 1.\u202fMai 2026 an Jan Astrup weiter.","robots":{"index":"index","follow":"follow","max-snippet":"max-snippet:-1","max-image-preview":"max-image-preview:large","max-video-preview":"max-video-preview:-1"},"canonical":"https:\/\/klasmann-deilmann.com\/de\/klasmann-deilmann-wechsel-in-der-geschaeftsfuehrung\/","og_locale":"de_DE","og_type":"article","og_title":"Klasmann-Deilmann: Wechsel in der Gesch\u00e4ftsf\u00fchrung - Klasmann-Deilmann","og_description":"Nach f\u00fcnfzehn Jahren erfolgreicher Zusammenarbeit haben Gesch\u00e4ftsf\u00fchrer Moritz B\u00f6cking und die Gesellschafter der Klasmann-Deilmann GmbH einvernehmlich entschieden, getrennte Wege zu gehen. Moritz B\u00f6cking gibt den Staffelstab der Gesch\u00e4ftsf\u00fchrung mit Wirkung zum 1.\u202fMai 2026 an Jan Astrup weiter.","og_url":"https:\/\/klasmann-deilmann.com\/de\/klasmann-deilmann-wechsel-in-der-geschaeftsfuehrung\/","og_site_name":"Klasmann-Deilmann","article_published_time":"2026-04-28T12:51:59+00:00","article_modified_time":"2026-04-29T12:00:41+00:00","author":"Dirk R\u00f6se","twitter_card":"summary_large_image","twitter_misc":{"Verfasst von":"Dirk R\u00f6se","Gesch\u00e4tzte Lesezeit":"2\u00a0Minuten"},"schema":{"@context":"https:\/\/schema.org","@graph":[{"@type":"Article","@id":"https:\/\/klasmann-deilmann.com\/de\/klasmann-deilmann-wechsel-in-der-geschaeftsfuehrung\/#article","isPartOf":{"@id":"https:\/\/klasmann-deilmann.com\/de\/klasmann-deilmann-wechsel-in-der-geschaeftsfuehrung\/"},"author":{"name":"Dirk R\u00f6se","@id":"https:\/\/klasmann-deilmann.com\/en\/#\/schema\/person\/2502425feab4548f9995e2f1fa23fb3d"},"headline":"Klasmann-Deilmann: Wechsel in der Gesch\u00e4ftsf\u00fchrung","datePublished":"2026-04-28T12:51:59+00:00","dateModified":"2026-04-29T12:00:41+00:00","mainEntityOfPage":{"@id":"https:\/\/klasmann-deilmann.com\/de\/klasmann-deilmann-wechsel-in-der-geschaeftsfuehrung\/"},"wordCount":307,"commentCount":0,"articleSection":["Unternehmen"],"inLanguage":"de","potentialAction":[{"@type":"CommentAction","name":"Comment","target":["https:\/\/klasmann-deilmann.com\/de\/klasmann-deilmann-wechsel-in-der-geschaeftsfuehrung\/#respond"]}]},{"@type":"WebPage","@id":"https:\/\/klasmann-deilmann.com\/de\/klasmann-deilmann-wechsel-in-der-geschaeftsfuehrung\/","url":"https:\/\/klasmann-deilmann.com\/de\/klasmann-deilmann-wechsel-in-der-geschaeftsfuehrung\/","name":"Klasmann-Deilmann: Wechsel in der Gesch\u00e4ftsf\u00fchrung - Klasmann-Deilmann","isPartOf":{"@id":"https:\/\/klasmann-deilmann.com\/en\/#website"},"datePublished":"2026-04-28T12:51:59+00:00","dateModified":"2026-04-29T12:00:41+00:00","author":{"@id":"https:\/\/klasmann-deilmann.com\/en\/#\/schema\/person\/2502425feab4548f9995e2f1fa23fb3d"},"description":"Nach f\u00fcnfzehn Jahren erfolgreicher Zusammenarbeit haben Gesch\u00e4ftsf\u00fchrer Moritz B\u00f6cking und die Gesellschafter der Klasmann-Deilmann GmbH einvernehmlich entschieden, getrennte Wege zu gehen. Moritz B\u00f6cking gibt den Staffelstab der Gesch\u00e4ftsf\u00fchrung mit Wirkung zum 1.\u202fMai 2026 an Jan Astrup weiter.","breadcrumb":{"@id":"https:\/\/klasmann-deilmann.com\/de\/klasmann-deilmann-wechsel-in-der-geschaeftsfuehrung\/#breadcrumb"},"inLanguage":"de","potentialAction":[{"@type":"ReadAction","target":["https:\/\/klasmann-deilmann.com\/de\/klasmann-deilmann-wechsel-in-der-geschaeftsfuehrung\/"]}]},{"@type":"BreadcrumbList","@id":"https:\/\/klasmann-deilmann.com\/de\/klasmann-deilmann-wechsel-in-der-geschaeftsfuehrung\/#breadcrumb","itemListElement":[{"@type":"ListItem","position":1,"name":"Home","item":"https:\/\/klasmann-deilmann.com\/de\/"},{"@type":"ListItem","position":2,"name":"Klasmann-Deilmann: Wechsel in der Gesch\u00e4ftsf\u00fchrung"}]},{"@type":"WebSite","@id":"https:\/\/klasmann-deilmann.com\/en\/#website","url":"https:\/\/klasmann-deilmann.com\/en\/","name":"Klasmann-Deilmann","description":"","potentialAction":[{"@type":"SearchAction","target":{"@type":"EntryPoint","urlTemplate":"https:\/\/klasmann-deilmann.com\/en\/?s={search_term_string}"},"query-input":{"@type":"PropertyValueSpecification","valueRequired":true,"valueName":"search_term_string"}}],"inLanguage":"de"},{"@type":"Person","@id":"https:\/\/klasmann-deilmann.com\/en\/#\/schema\/person\/2502425feab4548f9995e2f1fa23fb3d","name":"Dirk R\u00f6se","image":{"@type":"ImageObject","inLanguage":"de","@id":"https:\/\/secure.gravatar.com\/avatar\/850ab4c80e0a5eca25933f2ee062a09ec1d50f1fa10d0057f65f04b9827f102f?s=96&d=mm&r=g","url":"https:\/\/secure.gravatar.com\/avatar\/850ab4c80e0a5eca25933f2ee062a09ec1d50f1fa10d0057f65f04b9827f102f?s=96&d=mm&r=g","contentUrl":"https:\/\/secure.gravatar.com\/avatar\/850ab4c80e0a5eca25933f2ee062a09ec1d50f1fa10d0057f65f04b9827f102f?s=96&d=mm&r=g","caption":"Dirk R\u00f6se"},"sameAs":["http:\/\/klasmann-deilmann.com"],"url":"https:\/\/klasmann-deilmann.com\/de\/author\/dirk-roese\/"}]}},"_links":{"self":[{"href":"https:\/\/klasmann-deilmann.com\/de\/wp-json\/wp\/v2\/posts\/107352","targetHints":{"allow":["GET"]}}],"collection":[{"href":"https:\/\/klasmann-deilmann.com\/de\/wp-json\/wp\/v2\/posts"}],"about":[{"href":"https:\/\/klasmann-deilmann.com\/de\/wp-json\/wp\/v2\/types\/post"}],"author":[{"embeddable":true,"href":"https:\/\/klasmann-deilmann.com\/de\/wp-json\/wp\/v2\/users\/8"}],"replies":[{"embeddable":true,"href":"https:\/\/klasmann-deilmann.com\/de\/wp-json\/wp\/v2\/comments?post=107352"}],"version-history":[{"count":2,"href":"https:\/\/klasmann-deilmann.com\/de\/wp-json\/wp\/v2\/posts\/107352\/revisions"}],"predecessor-version":[{"id":107367,"href":"https:\/\/klasmann-deilmann.com\/de\/wp-json\/wp\/v2\/posts\/107352\/revisions\/107367"}],"wp:attachment":[{"href":"https:\/\/klasmann-deilmann.com\/de\/wp-json\/wp\/v2\/media?parent=107352"}],"wp:term":[{"taxonomy":"category","embeddable":true,"href":"https:\/\/klasmann-deilmann.com\/de\/wp-json\/wp\/v2\/categories?post=107352"},{"taxonomy":"post_tag","embeddable":true,"href":"https:\/\/klasmann-deilmann.com\/de\/wp-json\/wp\/v2\/tags?post=107352"}],"curies":[{"name":"wp","href":"https:\/\/api.w.org\/{rel}","templated":true}]}}